{"id":3923,"date":"2026-09-03T16:05:09","date_gmt":"2026-09-03T19:05:09","guid":{"rendered":"https:\/\/newblogs.correiobraziliense.com.br\/multieixos\/?p=3923"},"modified":"2026-09-03T16:05:12","modified_gmt":"2026-09-03T19:05:12","slug":"geely-ex5-eletrico-ganhou-novo-acabamento-premium","status":"publish","type":"post","link":"https:\/\/newblogs.correiobraziliense.com.br\/multieixos\/2026\/09\/03\/geely-ex5-eletrico-ganhou-novo-acabamento-premium\/","title":{"rendered":"Geely EX5 el\u00e9trico ganhou novo acabamento premium"},"content":{"rendered":"\n<p>A Geely est\u00e1 ampliando op\u00e7\u00f5es para seus clientes com uma nova variante de cor de interior para o EX5 100% el\u00e9trico. A partir de setembro, a vers\u00e3o Max oferecer\u00e1 o acabamento premium na cor Ivory White &#8211; e sem custo adicional. As reservas j\u00e1 est\u00e3o abertas. Com o EX5, a marca alcan\u00e7ou 2.967 unidades emplacadas desde o seu lan\u00e7amento, em julho do ano passado.\u00a0<\/p>\n\n\n\n<figure class=\"wp-block-image size-full\"><img loading=\"lazy\" decoding=\"async\" width=\"1000\" height=\"667\" src=\"https:\/\/newblogs.correiobraziliense.com.br\/multieixos\/wp-content\/uploads\/sites\/6\/2026\/09\/20260826_@rodolfobuhrer_EX5IntBranco_1-2.jpg\" alt=\"\" class=\"wp-image-3926\" srcset=\"https:\/\/newblogs.correiobraziliense.com.br\/multieixos\/wp-content\/uploads\/sites\/6\/2026\/09\/20260826_@rodolfobuhrer_EX5IntBranco_1-2.jpg 1000w, https:\/\/newblogs.correiobraziliense.com.br\/multieixos\/wp-content\/uploads\/sites\/6\/2026\/09\/20260826_@rodolfobuhrer_EX5IntBranco_1-2-300x200.jpg 300w, https:\/\/newblogs.correiobraziliense.com.br\/multieixos\/wp-content\/uploads\/sites\/6\/2026\/09\/20260826_@rodolfobuhrer_EX5IntBranco_1-2-768x512.jpg 768w\" sizes=\"auto, (max-width: 1000px) 100vw, 1000px\" \/><figcaption class=\"wp-element-caption\">Geely EX5 &#8211; Fotos: @rodolfobuhrer \/ La Imagem<br \/><\/figcaption><\/figure>\n\n\n\n<p>O EX5 oferece bom espa\u00e7o, experi\u00eancia aprimorada de dire\u00e7\u00e3o e&nbsp; maior efici\u00eancia energ\u00e9tica do que seus rivais. O powertrain el\u00e9trico inteligente oferece excelente efici\u00eancia e desempenho, com 218cv e 32,6kgfm, resultando em uma acelera\u00e7\u00e3o de zero a 100 km\/h em at\u00e9 6,9 segundos, na vers\u00e3o Pro. A velocidade m\u00e1xima \u00e9 de 180 km\/h. Com design compacto, com apenas 79,8 kg, o conjunto entrega uma efici\u00eancia energ\u00e9tica de at\u00e9 90%.<\/p>\n\n\n<div class=\"slider-wrapper\"><div class=\"slider\">\n<figure class=\"wp-block-gallery has-nested-images columns-default is-cropped wp-block-gallery-1 is-layout-flex wp-block-gallery-is-layout-flex\">\n<figure class=\"wp-block-image size-large\"><img loading=\"lazy\" decoding=\"async\" width=\"1000\" height=\"652\" data-id=\"3930\" src=\"https:\/\/newblogs.correiobraziliense.com.br\/multieixos\/wp-content\/uploads\/sites\/6\/2026\/09\/20260826_@rodolfobuhrer_EX5IntBranco_1-1.jpg\" alt=\"\" class=\"wp-image-3930\" srcset=\"https:\/\/newblogs.correiobraziliense.com.br\/multieixos\/wp-content\/uploads\/sites\/6\/2026\/09\/20260826_@rodolfobuhrer_EX5IntBranco_1-1.jpg 1000w, https:\/\/newblogs.correiobraziliense.com.br\/multieixos\/wp-content\/uploads\/sites\/6\/2026\/09\/20260826_@rodolfobuhrer_EX5IntBranco_1-1-300x196.jpg 300w, https:\/\/newblogs.correiobraziliense.com.br\/multieixos\/wp-content\/uploads\/sites\/6\/2026\/09\/20260826_@rodolfobuhrer_EX5IntBranco_1-1-768x501.jpg 768w\" sizes=\"auto, (max-width: 1000px) 100vw, 1000px\" \/><\/figure>\n\n\n\n<figure class=\"wp-block-image size-large\"><img loading=\"lazy\" decoding=\"async\" width=\"1000\" height=\"667\" data-id=\"3929\" src=\"https:\/\/newblogs.correiobraziliense.com.br\/multieixos\/wp-content\/uploads\/sites\/6\/2026\/09\/20260826_@rodolfobuhrer_EX5IntBranco_1-2-1.jpg\" alt=\"\" class=\"wp-image-3929\" srcset=\"https:\/\/newblogs.correiobraziliense.com.br\/multieixos\/wp-content\/uploads\/sites\/6\/2026\/09\/20260826_@rodolfobuhrer_EX5IntBranco_1-2-1.jpg 1000w, https:\/\/newblogs.correiobraziliense.com.br\/multieixos\/wp-content\/uploads\/sites\/6\/2026\/09\/20260826_@rodolfobuhrer_EX5IntBranco_1-2-1-300x200.jpg 300w, https:\/\/newblogs.correiobraziliense.com.br\/multieixos\/wp-content\/uploads\/sites\/6\/2026\/09\/20260826_@rodolfobuhrer_EX5IntBranco_1-2-1-768x512.jpg 768w\" sizes=\"auto, (max-width: 1000px) 100vw, 1000px\" \/><\/figure>\n\n\n\n<figure class=\"wp-block-image size-large\"><img loading=\"lazy\" decoding=\"async\" width=\"1000\" height=\"677\" data-id=\"3935\" src=\"https:\/\/newblogs.correiobraziliense.com.br\/multieixos\/wp-content\/uploads\/sites\/6\/2026\/09\/20260826_@rodolfobuhrer_EX5IntBranco_1-3.jpg\" alt=\"\" class=\"wp-image-3935\" srcset=\"https:\/\/newblogs.correiobraziliense.com.br\/multieixos\/wp-content\/uploads\/sites\/6\/2026\/09\/20260826_@rodolfobuhrer_EX5IntBranco_1-3.jpg 1000w, https:\/\/newblogs.correiobraziliense.com.br\/multieixos\/wp-content\/uploads\/sites\/6\/2026\/09\/20260826_@rodolfobuhrer_EX5IntBranco_1-3-300x203.jpg 300w, https:\/\/newblogs.correiobraziliense.com.br\/multieixos\/wp-content\/uploads\/sites\/6\/2026\/09\/20260826_@rodolfobuhrer_EX5IntBranco_1-3-768x520.jpg 768w\" sizes=\"auto, (max-width: 1000px) 100vw, 1000px\" \/><\/figure>\n\n\n\n<figure class=\"wp-block-image size-large\"><img loading=\"lazy\" decoding=\"async\" width=\"1000\" height=\"586\" data-id=\"3934\" src=\"https:\/\/newblogs.correiobraziliense.com.br\/multieixos\/wp-content\/uploads\/sites\/6\/2026\/09\/20260826_@rodolfobuhrer_EX5IntBranco_1-4.jpg\" alt=\"\" class=\"wp-image-3934\" srcset=\"https:\/\/newblogs.correiobraziliense.com.br\/multieixos\/wp-content\/uploads\/sites\/6\/2026\/09\/20260826_@rodolfobuhrer_EX5IntBranco_1-4.jpg 1000w, https:\/\/newblogs.correiobraziliense.com.br\/multieixos\/wp-content\/uploads\/sites\/6\/2026\/09\/20260826_@rodolfobuhrer_EX5IntBranco_1-4-300x176.jpg 300w, https:\/\/newblogs.correiobraziliense.com.br\/multieixos\/wp-content\/uploads\/sites\/6\/2026\/09\/20260826_@rodolfobuhrer_EX5IntBranco_1-4-768x450.jpg 768w\" sizes=\"auto, (max-width: 1000px) 100vw, 1000px\" \/><\/figure>\n\n\n\n<figure class=\"wp-block-image size-large\"><img loading=\"lazy\" decoding=\"async\" width=\"1000\" height=\"677\" data-id=\"3937\" src=\"https:\/\/newblogs.correiobraziliense.com.br\/multieixos\/wp-content\/uploads\/sites\/6\/2026\/09\/20260826_@rodolfobuhrer_EX5IntBranco_1-5.jpg\" alt=\"\" class=\"wp-image-3937\" srcset=\"https:\/\/newblogs.correiobraziliense.com.br\/multieixos\/wp-content\/uploads\/sites\/6\/2026\/09\/20260826_@rodolfobuhrer_EX5IntBranco_1-5.jpg 1000w, https:\/\/newblogs.correiobraziliense.com.br\/multieixos\/wp-content\/uploads\/sites\/6\/2026\/09\/20260826_@rodolfobuhrer_EX5IntBranco_1-5-300x203.jpg 300w, https:\/\/newblogs.correiobraziliense.com.br\/multieixos\/wp-content\/uploads\/sites\/6\/2026\/09\/20260826_@rodolfobuhrer_EX5IntBranco_1-5-768x520.jpg 768w\" sizes=\"auto, (max-width: 1000px) 100vw, 1000px\" \/><\/figure>\n\n\n\n<figure class=\"wp-block-image size-large\"><img loading=\"lazy\" decoding=\"async\" width=\"1000\" height=\"652\" data-id=\"3933\" src=\"https:\/\/newblogs.correiobraziliense.com.br\/multieixos\/wp-content\/uploads\/sites\/6\/2026\/09\/20260826_@rodolfobuhrer_EX5IntBranco_1-6.jpg\" alt=\"\" class=\"wp-image-3933\" srcset=\"https:\/\/newblogs.correiobraziliense.com.br\/multieixos\/wp-content\/uploads\/sites\/6\/2026\/09\/20260826_@rodolfobuhrer_EX5IntBranco_1-6.jpg 1000w, https:\/\/newblogs.correiobraziliense.com.br\/multieixos\/wp-content\/uploads\/sites\/6\/2026\/09\/20260826_@rodolfobuhrer_EX5IntBranco_1-6-300x196.jpg 300w, https:\/\/newblogs.correiobraziliense.com.br\/multieixos\/wp-content\/uploads\/sites\/6\/2026\/09\/20260826_@rodolfobuhrer_EX5IntBranco_1-6-768x501.jpg 768w\" sizes=\"auto, (max-width: 1000px) 100vw, 1000px\" \/><\/figure>\n\n\n\n<figure class=\"wp-block-image size-large\"><img loading=\"lazy\" decoding=\"async\" width=\"1000\" height=\"724\" data-id=\"3936\" src=\"https:\/\/newblogs.correiobraziliense.com.br\/multieixos\/wp-content\/uploads\/sites\/6\/2026\/09\/20260826_@rodolfobuhrer_EX5IntBranco_1-7.jpg\" alt=\"\" class=\"wp-image-3936\" srcset=\"https:\/\/newblogs.correiobraziliense.com.br\/multieixos\/wp-content\/uploads\/sites\/6\/2026\/09\/20260826_@rodolfobuhrer_EX5IntBranco_1-7.jpg 1000w, https:\/\/newblogs.correiobraziliense.com.br\/multieixos\/wp-content\/uploads\/sites\/6\/2026\/09\/20260826_@rodolfobuhrer_EX5IntBranco_1-7-300x217.jpg 300w, https:\/\/newblogs.correiobraziliense.com.br\/multieixos\/wp-content\/uploads\/sites\/6\/2026\/09\/20260826_@rodolfobuhrer_EX5IntBranco_1-7-768x556.jpg 768w\" sizes=\"auto, (max-width: 1000px) 100vw, 1000px\" \/><\/figure>\n\n\n\n<figure class=\"wp-block-image size-large\"><img loading=\"lazy\" decoding=\"async\" width=\"1000\" height=\"667\" data-id=\"3938\" src=\"https:\/\/newblogs.correiobraziliense.com.br\/multieixos\/wp-content\/uploads\/sites\/6\/2026\/09\/20260826_@rodolfobuhrer_EX5IntBranco_1-8-1.jpg\" alt=\"\" class=\"wp-image-3938\" srcset=\"https:\/\/newblogs.correiobraziliense.com.br\/multieixos\/wp-content\/uploads\/sites\/6\/2026\/09\/20260826_@rodolfobuhrer_EX5IntBranco_1-8-1.jpg 1000w, https:\/\/newblogs.correiobraziliense.com.br\/multieixos\/wp-content\/uploads\/sites\/6\/2026\/09\/20260826_@rodolfobuhrer_EX5IntBranco_1-8-1-300x200.jpg 300w, https:\/\/newblogs.correiobraziliense.com.br\/multieixos\/wp-content\/uploads\/sites\/6\/2026\/09\/20260826_@rodolfobuhrer_EX5IntBranco_1-8-1-768x512.jpg 768w\" sizes=\"auto, (max-width: 1000px) 100vw, 1000px\" \/><\/figure>\n\n\n\n<figure class=\"wp-block-image size-large\"><img loading=\"lazy\" decoding=\"async\" width=\"1000\" height=\"676\" data-id=\"3940\" src=\"https:\/\/newblogs.correiobraziliense.com.br\/multieixos\/wp-content\/uploads\/sites\/6\/2026\/09\/20260826_@rodolfobuhrer_EX5IntBranco_1-9.jpg\" alt=\"\" class=\"wp-image-3940\" srcset=\"https:\/\/newblogs.correiobraziliense.com.br\/multieixos\/wp-content\/uploads\/sites\/6\/2026\/09\/20260826_@rodolfobuhrer_EX5IntBranco_1-9.jpg 1000w, https:\/\/newblogs.correiobraziliense.com.br\/multieixos\/wp-content\/uploads\/sites\/6\/2026\/09\/20260826_@rodolfobuhrer_EX5IntBranco_1-9-300x203.jpg 300w, https:\/\/newblogs.correiobraziliense.com.br\/multieixos\/wp-content\/uploads\/sites\/6\/2026\/09\/20260826_@rodolfobuhrer_EX5IntBranco_1-9-768x519.jpg 768w\" sizes=\"auto, (max-width: 1000px) 100vw, 1000px\" \/><\/figure>\n\n\n\n<figure class=\"wp-block-image size-large\"><img loading=\"lazy\" decoding=\"async\" width=\"1000\" height=\"650\" data-id=\"3939\" src=\"https:\/\/newblogs.correiobraziliense.com.br\/multieixos\/wp-content\/uploads\/sites\/6\/2026\/09\/20260826_@rodolfobuhrer_EX5IntBranco_1-10.jpg\" alt=\"\" class=\"wp-image-3939\" srcset=\"https:\/\/newblogs.correiobraziliense.com.br\/multieixos\/wp-content\/uploads\/sites\/6\/2026\/09\/20260826_@rodolfobuhrer_EX5IntBranco_1-10.jpg 1000w, https:\/\/newblogs.correiobraziliense.com.br\/multieixos\/wp-content\/uploads\/sites\/6\/2026\/09\/20260826_@rodolfobuhrer_EX5IntBranco_1-10-300x195.jpg 300w, https:\/\/newblogs.correiobraziliense.com.br\/multieixos\/wp-content\/uploads\/sites\/6\/2026\/09\/20260826_@rodolfobuhrer_EX5IntBranco_1-10-768x499.jpg 768w\" sizes=\"auto, (max-width: 1000px) 100vw, 1000px\" \/><\/figure>\n\n\n\n<figure class=\"wp-block-image size-large\"><img loading=\"lazy\" decoding=\"async\" width=\"1000\" height=\"667\" data-id=\"3931\" src=\"https:\/\/newblogs.correiobraziliense.com.br\/multieixos\/wp-content\/uploads\/sites\/6\/2026\/09\/20260826_@rodolfobuhrer_EX5IntBranco_1-11.jpg\" alt=\"\" class=\"wp-image-3931\" srcset=\"https:\/\/newblogs.correiobraziliense.com.br\/multieixos\/wp-content\/uploads\/sites\/6\/2026\/09\/20260826_@rodolfobuhrer_EX5IntBranco_1-11.jpg 1000w, https:\/\/newblogs.correiobraziliense.com.br\/multieixos\/wp-content\/uploads\/sites\/6\/2026\/09\/20260826_@rodolfobuhrer_EX5IntBranco_1-11-300x200.jpg 300w, https:\/\/newblogs.correiobraziliense.com.br\/multieixos\/wp-content\/uploads\/sites\/6\/2026\/09\/20260826_@rodolfobuhrer_EX5IntBranco_1-11-768x512.jpg 768w\" sizes=\"auto, (max-width: 1000px) 100vw, 1000px\" \/><\/figure>\n\n\n\n<figure class=\"wp-block-image size-large\"><img loading=\"lazy\" decoding=\"async\" width=\"1000\" height=\"667\" data-id=\"3942\" src=\"https:\/\/newblogs.correiobraziliense.com.br\/multieixos\/wp-content\/uploads\/sites\/6\/2026\/09\/20260826_@rodolfobuhrer_EX5IntBranco_1-12.jpg\" alt=\"\" class=\"wp-image-3942\" srcset=\"https:\/\/newblogs.correiobraziliense.com.br\/multieixos\/wp-content\/uploads\/sites\/6\/2026\/09\/20260826_@rodolfobuhrer_EX5IntBranco_1-12.jpg 1000w, https:\/\/newblogs.correiobraziliense.com.br\/multieixos\/wp-content\/uploads\/sites\/6\/2026\/09\/20260826_@rodolfobuhrer_EX5IntBranco_1-12-300x200.jpg 300w, https:\/\/newblogs.correiobraziliense.com.br\/multieixos\/wp-content\/uploads\/sites\/6\/2026\/09\/20260826_@rodolfobuhrer_EX5IntBranco_1-12-768x512.jpg 768w\" sizes=\"auto, (max-width: 1000px) 100vw, 1000px\" \/><\/figure>\n\n\n\n<figure class=\"wp-block-image size-large\"><img loading=\"lazy\" decoding=\"async\" width=\"1000\" height=\"667\" data-id=\"3944\" src=\"https:\/\/newblogs.correiobraziliense.com.br\/multieixos\/wp-content\/uploads\/sites\/6\/2026\/09\/20260826_@rodolfobuhrer_EX5IntBranco_1-13.jpg\" alt=\"\" class=\"wp-image-3944\" srcset=\"https:\/\/newblogs.correiobraziliense.com.br\/multieixos\/wp-content\/uploads\/sites\/6\/2026\/09\/20260826_@rodolfobuhrer_EX5IntBranco_1-13.jpg 1000w, https:\/\/newblogs.correiobraziliense.com.br\/multieixos\/wp-content\/uploads\/sites\/6\/2026\/09\/20260826_@rodolfobuhrer_EX5IntBranco_1-13-300x200.jpg 300w, https:\/\/newblogs.correiobraziliense.com.br\/multieixos\/wp-content\/uploads\/sites\/6\/2026\/09\/20260826_@rodolfobuhrer_EX5IntBranco_1-13-768x512.jpg 768w\" sizes=\"auto, (max-width: 1000px) 100vw, 1000px\" \/><figcaption class=\"wp-element-caption\">Geely EX5 &#8211; Fotos: @rodolfobuhrer \/ La Imagem \/ Geeely\rGuaratuba, 08\/08\/2026.<\/figcaption><\/figure>\n\n\n\n<figure class=\"wp-block-image size-large\"><img loading=\"lazy\" decoding=\"async\" width=\"1000\" height=\"686\" data-id=\"3932\" src=\"https:\/\/newblogs.correiobraziliense.com.br\/multieixos\/wp-content\/uploads\/sites\/6\/2026\/09\/20260826_@rodolfobuhrer_EX5IntBranco_1-14-1.jpg\" alt=\"\" class=\"wp-image-3932\" srcset=\"https:\/\/newblogs.correiobraziliense.com.br\/multieixos\/wp-content\/uploads\/sites\/6\/2026\/09\/20260826_@rodolfobuhrer_EX5IntBranco_1-14-1.jpg 1000w, https:\/\/newblogs.correiobraziliense.com.br\/multieixos\/wp-content\/uploads\/sites\/6\/2026\/09\/20260826_@rodolfobuhrer_EX5IntBranco_1-14-1-300x206.jpg 300w, https:\/\/newblogs.correiobraziliense.com.br\/multieixos\/wp-content\/uploads\/sites\/6\/2026\/09\/20260826_@rodolfobuhrer_EX5IntBranco_1-14-1-768x527.jpg 768w\" sizes=\"auto, (max-width: 1000px) 100vw, 1000px\" \/><\/figure>\n\n\n\n<figure class=\"wp-block-image size-large\"><img loading=\"lazy\" decoding=\"async\" width=\"1000\" height=\"753\" data-id=\"3943\" src=\"https:\/\/newblogs.correiobraziliense.com.br\/multieixos\/wp-content\/uploads\/sites\/6\/2026\/09\/20260826_@rodolfobuhrer_EX5IntBranco_1-15.jpg\" alt=\"\" class=\"wp-image-3943\" srcset=\"https:\/\/newblogs.correiobraziliense.com.br\/multieixos\/wp-content\/uploads\/sites\/6\/2026\/09\/20260826_@rodolfobuhrer_EX5IntBranco_1-15.jpg 1000w, https:\/\/newblogs.correiobraziliense.com.br\/multieixos\/wp-content\/uploads\/sites\/6\/2026\/09\/20260826_@rodolfobuhrer_EX5IntBranco_1-15-300x226.jpg 300w, https:\/\/newblogs.correiobraziliense.com.br\/multieixos\/wp-content\/uploads\/sites\/6\/2026\/09\/20260826_@rodolfobuhrer_EX5IntBranco_1-15-768x578.jpg 768w\" sizes=\"auto, (max-width: 1000px) 100vw, 1000px\" \/><\/figure>\n\n\n\n<figure class=\"wp-block-image size-large\"><img loading=\"lazy\" decoding=\"async\" width=\"1000\" height=\"667\" data-id=\"3948\" src=\"https:\/\/newblogs.correiobraziliense.com.br\/multieixos\/wp-content\/uploads\/sites\/6\/2026\/09\/20260826_@rodolfobuhrer_EX5IntBranco_1-16-1.jpg\" alt=\"\" class=\"wp-image-3948\" srcset=\"https:\/\/newblogs.correiobraziliense.com.br\/multieixos\/wp-content\/uploads\/sites\/6\/2026\/09\/20260826_@rodolfobuhrer_EX5IntBranco_1-16-1.jpg 1000w, https:\/\/newblogs.correiobraziliense.com.br\/multieixos\/wp-content\/uploads\/sites\/6\/2026\/09\/20260826_@rodolfobuhrer_EX5IntBranco_1-16-1-300x200.jpg 300w, https:\/\/newblogs.correiobraziliense.com.br\/multieixos\/wp-content\/uploads\/sites\/6\/2026\/09\/20260826_@rodolfobuhrer_EX5IntBranco_1-16-1-768x512.jpg 768w\" sizes=\"auto, (max-width: 1000px) 100vw, 1000px\" \/><\/figure>\n\n\n\n<figure class=\"wp-block-image size-large\"><img loading=\"lazy\" decoding=\"async\" width=\"1000\" height=\"667\" data-id=\"3949\" src=\"https:\/\/newblogs.correiobraziliense.com.br\/multieixos\/wp-content\/uploads\/sites\/6\/2026\/09\/20260826_@rodolfobuhrer_EX5IntBranco_1-17.jpg\" alt=\"\" class=\"wp-image-3949\" srcset=\"https:\/\/newblogs.correiobraziliense.com.br\/multieixos\/wp-content\/uploads\/sites\/6\/2026\/09\/20260826_@rodolfobuhrer_EX5IntBranco_1-17.jpg 1000w, https:\/\/newblogs.correiobraziliense.com.br\/multieixos\/wp-content\/uploads\/sites\/6\/2026\/09\/20260826_@rodolfobuhrer_EX5IntBranco_1-17-300x200.jpg 300w, https:\/\/newblogs.correiobraziliense.com.br\/multieixos\/wp-content\/uploads\/sites\/6\/2026\/09\/20260826_@rodolfobuhrer_EX5IntBranco_1-17-768x512.jpg 768w\" sizes=\"auto, (max-width: 1000px) 100vw, 1000px\" \/><\/figure>\n\n\n\n<figure class=\"wp-block-image size-large\"><img loading=\"lazy\" decoding=\"async\" width=\"1000\" height=\"667\" data-id=\"3941\" src=\"https:\/\/newblogs.correiobraziliense.com.br\/multieixos\/wp-content\/uploads\/sites\/6\/2026\/09\/20260826_@rodolfobuhrer_EX5IntBranco_1-18.jpg\" alt=\"\" class=\"wp-image-3941\" srcset=\"https:\/\/newblogs.correiobraziliense.com.br\/multieixos\/wp-content\/uploads\/sites\/6\/2026\/09\/20260826_@rodolfobuhrer_EX5IntBranco_1-18.jpg 1000w, https:\/\/newblogs.correiobraziliense.com.br\/multieixos\/wp-content\/uploads\/sites\/6\/2026\/09\/20260826_@rodolfobuhrer_EX5IntBranco_1-18-300x200.jpg 300w, https:\/\/newblogs.correiobraziliense.com.br\/multieixos\/wp-content\/uploads\/sites\/6\/2026\/09\/20260826_@rodolfobuhrer_EX5IntBranco_1-18-768x512.jpg 768w\" sizes=\"auto, (max-width: 1000px) 100vw, 1000px\" \/><\/figure>\n\n\n\n<figure class=\"wp-block-image size-large\"><img loading=\"lazy\" decoding=\"async\" width=\"1000\" height=\"667\" data-id=\"3951\" src=\"https:\/\/newblogs.correiobraziliense.com.br\/multieixos\/wp-content\/uploads\/sites\/6\/2026\/09\/20260826_@rodolfobuhrer_EX5IntBranco_1-19.jpg\" alt=\"\" class=\"wp-image-3951\" srcset=\"https:\/\/newblogs.correiobraziliense.com.br\/multieixos\/wp-content\/uploads\/sites\/6\/2026\/09\/20260826_@rodolfobuhrer_EX5IntBranco_1-19.jpg 1000w, https:\/\/newblogs.correiobraziliense.com.br\/multieixos\/wp-content\/uploads\/sites\/6\/2026\/09\/20260826_@rodolfobuhrer_EX5IntBranco_1-19-300x200.jpg 300w, https:\/\/newblogs.correiobraziliense.com.br\/multieixos\/wp-content\/uploads\/sites\/6\/2026\/09\/20260826_@rodolfobuhrer_EX5IntBranco_1-19-768x512.jpg 768w\" sizes=\"auto, (max-width: 1000px) 100vw, 1000px\" \/><\/figure>\n\n\n\n<figure class=\"wp-block-image size-large\"><img loading=\"lazy\" decoding=\"async\" width=\"999\" height=\"650\" data-id=\"3947\" src=\"https:\/\/newblogs.correiobraziliense.com.br\/multieixos\/wp-content\/uploads\/sites\/6\/2026\/09\/20260826_@rodolfobuhrer_EX5IntBranco_1-20-1.jpg\" alt=\"\" class=\"wp-image-3947\" srcset=\"https:\/\/newblogs.correiobraziliense.com.br\/multieixos\/wp-content\/uploads\/sites\/6\/2026\/09\/20260826_@rodolfobuhrer_EX5IntBranco_1-20-1.jpg 999w, https:\/\/newblogs.correiobraziliense.com.br\/multieixos\/wp-content\/uploads\/sites\/6\/2026\/09\/20260826_@rodolfobuhrer_EX5IntBranco_1-20-1-300x195.jpg 300w, https:\/\/newblogs.correiobraziliense.com.br\/multieixos\/wp-content\/uploads\/sites\/6\/2026\/09\/20260826_@rodolfobuhrer_EX5IntBranco_1-20-1-768x500.jpg 768w\" sizes=\"auto, (max-width: 999px) 100vw, 999px\" \/><\/figure>\n\n\n\n<figure class=\"wp-block-image size-large\"><img loading=\"lazy\" decoding=\"async\" width=\"1000\" height=\"631\" data-id=\"3946\" src=\"https:\/\/newblogs.correiobraziliense.com.br\/multieixos\/wp-content\/uploads\/sites\/6\/2026\/09\/20260826_@rodolfobuhrer_EX5IntBranco_1-21.jpg\" alt=\"\" class=\"wp-image-3946\" srcset=\"https:\/\/newblogs.correiobraziliense.com.br\/multieixos\/wp-content\/uploads\/sites\/6\/2026\/09\/20260826_@rodolfobuhrer_EX5IntBranco_1-21.jpg 1000w, https:\/\/newblogs.correiobraziliense.com.br\/multieixos\/wp-content\/uploads\/sites\/6\/2026\/09\/20260826_@rodolfobuhrer_EX5IntBranco_1-21-300x189.jpg 300w, https:\/\/newblogs.correiobraziliense.com.br\/multieixos\/wp-content\/uploads\/sites\/6\/2026\/09\/20260826_@rodolfobuhrer_EX5IntBranco_1-21-768x485.jpg 768w\" sizes=\"auto, (max-width: 1000px) 100vw, 1000px\" \/><\/figure>\n\n\n\n<figure class=\"wp-block-image size-large\"><img loading=\"lazy\" decoding=\"async\" width=\"1000\" height=\"652\" data-id=\"3950\" src=\"https:\/\/newblogs.correiobraziliense.com.br\/multieixos\/wp-content\/uploads\/sites\/6\/2026\/09\/20260826_@rodolfobuhrer_EX5IntBranco_1-22.jpg\" alt=\"\" class=\"wp-image-3950\" srcset=\"https:\/\/newblogs.correiobraziliense.com.br\/multieixos\/wp-content\/uploads\/sites\/6\/2026\/09\/20260826_@rodolfobuhrer_EX5IntBranco_1-22.jpg 1000w, https:\/\/newblogs.correiobraziliense.com.br\/multieixos\/wp-content\/uploads\/sites\/6\/2026\/09\/20260826_@rodolfobuhrer_EX5IntBranco_1-22-300x196.jpg 300w, https:\/\/newblogs.correiobraziliense.com.br\/multieixos\/wp-content\/uploads\/sites\/6\/2026\/09\/20260826_@rodolfobuhrer_EX5IntBranco_1-22-768x501.jpg 768w\" sizes=\"auto, (max-width: 1000px) 100vw, 1000px\" \/><\/figure>\n\n\n\n<figure class=\"wp-block-image size-large\"><img loading=\"lazy\" decoding=\"async\" width=\"1000\" height=\"677\" data-id=\"3954\" src=\"https:\/\/newblogs.correiobraziliense.com.br\/multieixos\/wp-content\/uploads\/sites\/6\/2026\/09\/20260826_@rodolfobuhrer_EX5IntBranco_1-23.jpg\" alt=\"\" class=\"wp-image-3954\" srcset=\"https:\/\/newblogs.correiobraziliense.com.br\/multieixos\/wp-content\/uploads\/sites\/6\/2026\/09\/20260826_@rodolfobuhrer_EX5IntBranco_1-23.jpg 1000w, https:\/\/newblogs.correiobraziliense.com.br\/multieixos\/wp-content\/uploads\/sites\/6\/2026\/09\/20260826_@rodolfobuhrer_EX5IntBranco_1-23-300x203.jpg 300w, https:\/\/newblogs.correiobraziliense.com.br\/multieixos\/wp-content\/uploads\/sites\/6\/2026\/09\/20260826_@rodolfobuhrer_EX5IntBranco_1-23-768x520.jpg 768w\" sizes=\"auto, (max-width: 1000px) 100vw, 1000px\" \/><\/figure>\n\n\n\n<figure class=\"wp-block-image size-large\"><img loading=\"lazy\" decoding=\"async\" width=\"1000\" height=\"709\" data-id=\"3945\" src=\"https:\/\/newblogs.correiobraziliense.com.br\/multieixos\/wp-content\/uploads\/sites\/6\/2026\/09\/20260826_@rodolfobuhrer_EX5IntBranco_1-24.jpg\" alt=\"\" class=\"wp-image-3945\" srcset=\"https:\/\/newblogs.correiobraziliense.com.br\/multieixos\/wp-content\/uploads\/sites\/6\/2026\/09\/20260826_@rodolfobuhrer_EX5IntBranco_1-24.jpg 1000w, https:\/\/newblogs.correiobraziliense.com.br\/multieixos\/wp-content\/uploads\/sites\/6\/2026\/09\/20260826_@rodolfobuhrer_EX5IntBranco_1-24-300x213.jpg 300w, https:\/\/newblogs.correiobraziliense.com.br\/multieixos\/wp-content\/uploads\/sites\/6\/2026\/09\/20260826_@rodolfobuhrer_EX5IntBranco_1-24-768x545.jpg 768w\" sizes=\"auto, (max-width: 1000px) 100vw, 1000px\" \/><\/figure>\n\n\n\n<figure class=\"wp-block-image size-large\"><img loading=\"lazy\" decoding=\"async\" width=\"999\" height=\"683\" data-id=\"3952\" src=\"https:\/\/newblogs.correiobraziliense.com.br\/multieixos\/wp-content\/uploads\/sites\/6\/2026\/09\/20260826_@rodolfobuhrer_EX5IntBranco_1-25.jpg\" alt=\"\" class=\"wp-image-3952\" srcset=\"https:\/\/newblogs.correiobraziliense.com.br\/multieixos\/wp-content\/uploads\/sites\/6\/2026\/09\/20260826_@rodolfobuhrer_EX5IntBranco_1-25.jpg 999w, https:\/\/newblogs.correiobraziliense.com.br\/multieixos\/wp-content\/uploads\/sites\/6\/2026\/09\/20260826_@rodolfobuhrer_EX5IntBranco_1-25-300x205.jpg 300w, https:\/\/newblogs.correiobraziliense.com.br\/multieixos\/wp-content\/uploads\/sites\/6\/2026\/09\/20260826_@rodolfobuhrer_EX5IntBranco_1-25-768x525.jpg 768w\" sizes=\"auto, (max-width: 999px) 100vw, 999px\" \/><\/figure>\n\n\n\n<figure class=\"wp-block-image size-large\"><img loading=\"lazy\" decoding=\"async\" width=\"1000\" height=\"667\" data-id=\"3953\" src=\"https:\/\/newblogs.correiobraziliense.com.br\/multieixos\/wp-content\/uploads\/sites\/6\/2026\/09\/20260826_@rodolfobuhrer_EX5IntBranco_1-26.jpg\" alt=\"\" class=\"wp-image-3953\" srcset=\"https:\/\/newblogs.correiobraziliense.com.br\/multieixos\/wp-content\/uploads\/sites\/6\/2026\/09\/20260826_@rodolfobuhrer_EX5IntBranco_1-26.jpg 1000w, https:\/\/newblogs.correiobraziliense.com.br\/multieixos\/wp-content\/uploads\/sites\/6\/2026\/09\/20260826_@rodolfobuhrer_EX5IntBranco_1-26-300x200.jpg 300w, https:\/\/newblogs.correiobraziliense.com.br\/multieixos\/wp-content\/uploads\/sites\/6\/2026\/09\/20260826_@rodolfobuhrer_EX5IntBranco_1-26-768x512.jpg 768w\" sizes=\"auto, (max-width: 1000px) 100vw, 1000px\" \/><\/figure>\n<\/figure>\n<\/div>\n\t\t\t<div class=\"slider-nav\">\n\t\t\t\t<button class=\"prev\">\n\t\t\t\t<svg xmlns=\"http:\/\/www.w3.org\/2000\/svg\" width=\"26\" height=\"45\" viewBox=\"0 0 26 45\" fill=\"none\">\n\t\t\t\t<path d=\"M24.9118 0.990519C25.5461 1.62494 25.9023 2.48528 25.9023 3.38235C25.9023 4.27943 25.5461 5.13977 24.9118 5.77419L8.16559 22.5204L24.9118 39.2667C25.5281 39.9047 25.8691 40.7593 25.8614 41.6463C25.8537 42.5334 25.4979 43.3819 24.8706 44.0091C24.2434 44.6364 23.3948 44.9922 22.5078 44.9999C21.6208 45.0076 20.7662 44.6666 20.1282 44.0503L0.990082 24.9123C0.355853 24.2778 -0.000438023 23.4175 -0.000438023 22.5204C-0.000438023 21.6234 0.355853 20.763 0.990082 20.1286L20.1282 0.990519C20.7626 0.35629 21.6229 0 22.52 0C23.4171 0 24.2774 0.35629 24.9118 0.990519Z\" fill=\"white\" fill-opacity=\"0.7\"><\/path>\n\t\t\t\t<\/svg>\n\t\t\t\t<\/button>\n\t\t\t\t<button class=\"next\">\n\t\t\t\t<svg xmlns=\"http:\/\/www.w3.org\/2000\/svg\" width=\"26\" height=\"45\" viewBox=\"0 0 26 45\" fill=\"none\">\n\t\t\t\t<path d=\"M0.99052 0.990519C0.356291 1.62494 0 2.48528 0 3.38235C0 4.27943 0.356291 5.13977 0.99052 5.77419L17.7368 22.5204L0.99052 39.2667C0.374265 39.9047 0.0332682 40.7593 0.0409763 41.6463C0.0486844 42.5334 0.40448 43.3819 1.03173 44.0091C1.65898 44.6364 2.5075 44.9922 3.39453 44.9999C4.28156 45.0076 5.13613 44.6666 5.77419 44.0503L24.9123 24.9123C25.5465 24.2778 25.9028 23.4175 25.9028 22.5204C25.9028 21.6234 25.5465 20.763 24.9123 20.1286L5.77419 0.990519C5.13977 0.35629 4.27943 0 3.38235 0C2.48528 0 1.62494 0.35629 0.99052 0.990519Z\" fill=\"white\" fill-opacity=\"0.7\"><\/path>\n\t\t\t\t<\/svg>\n\t\t\t\t<\/button>\n\t\t\t<\/div>\n\t\t\t<div class=\"slider-dots\"><\/div>\n\t\t\t<\/div>\n\n\n<p>A bateria de L\u00edtio Fosfato Ferro (LFP) tem 60.22 kWh de capacidade. Segundo o programa de certifica\u00e7\u00e3o do Inmetro, a autonomia pode chegar at\u00e9 413 km. S\u00e3o quatro n\u00edveis de regenera\u00e7\u00e3o de energia, cuja efici\u00eancia regenerativa chega a 94,18%. Em corrente cont\u00ednua (DC) e 100 kW, o tempo de recarga de 30 a 80% \u00e9 de apenas 20 minutos. Em corrente alternada (AC) tipo Wallbox de 11 kW, o carregamento de 10 a 100% em apenas 6 horas.<\/p>\n\n\n\n<p>O modelo tamb\u00e9m conta com quadro de instrumentos digital tem 10,2 polegadas e \u00e9 acompanhado da central multim\u00eddia Flyme Auto de 15,4\u201d. A sua tela \u00e9 de ultra alta defini\u00e7\u00e3o e alto brilho, facilitando a visualiza\u00e7\u00e3o sob qualquer condi\u00e7\u00e3o de luminosidade. A vers\u00e3o MAX tamb\u00e9m \u00e9 equipada com um head-up display (HUD) de 13,8\u201d, oferecendo o maior contraste e brilho do mercado. O carregador de smartphone sem fio tem 15 watts de pot\u00eancia e disp\u00f5e de aviso de esquecimento do aparelho.<\/p>\n\n\n\n<figure class=\"wp-block-image size-full\"><img loading=\"lazy\" decoding=\"async\" width=\"999\" height=\"650\" src=\"https:\/\/newblogs.correiobraziliense.com.br\/multieixos\/wp-content\/uploads\/sites\/6\/2026\/09\/20260826_@rodolfobuhrer_EX5IntBranco_1-20.jpg\" alt=\"\" class=\"wp-image-3927\" srcset=\"https:\/\/newblogs.correiobraziliense.com.br\/multieixos\/wp-content\/uploads\/sites\/6\/2026\/09\/20260826_@rodolfobuhrer_EX5IntBranco_1-20.jpg 999w, https:\/\/newblogs.correiobraziliense.com.br\/multieixos\/wp-content\/uploads\/sites\/6\/2026\/09\/20260826_@rodolfobuhrer_EX5IntBranco_1-20-300x195.jpg 300w, https:\/\/newblogs.correiobraziliense.com.br\/multieixos\/wp-content\/uploads\/sites\/6\/2026\/09\/20260826_@rodolfobuhrer_EX5IntBranco_1-20-768x500.jpg 768w\" sizes=\"auto, (max-width: 999px) 100vw, 999px\" \/><figcaption class=\"wp-element-caption\">Geely EX5 &#8211; Fotos: @rodolfobuhrer \/ La Imagem \/ <br \/><\/figcaption><\/figure>\n\n\n\n<p>\u00c9 poss\u00edvel interagir com o carro atrav\u00e9s da assistente de voz inteligente com o comando: \u201cOl\u00e1, Geely!\u201d. A interface compreende at\u00e9 200 comandos e funciona em 10 idiomas, tudo sem a interven\u00e7\u00e3o manual. Atualiza\u00e7\u00f5es podem ser feitas pela nuvem via sistema \u201cOver-The-Air (OTA)\u201d.<\/p>\n\n\n\n<p>No EX5 Max, o grau de imers\u00e3o tecnol\u00f3gica \u00e9 completado pelo sistema de som Flyme Sound, que integra 16 alto-falantes de alta qualidade, sendo eles cinco de m\u00e9dio alcance, quatro tweeters, quatro woofers e dois no encosto de cabe\u00e7a do motorista. Com 1.000 watts de pot\u00eancia, o conjunto tamb\u00e9m possui subwoofer independente.&nbsp;<\/p>\n\n\n\n<figure class=\"wp-block-image size-full\"><img loading=\"lazy\" decoding=\"async\" width=\"1000\" height=\"667\" src=\"https:\/\/newblogs.correiobraziliense.com.br\/multieixos\/wp-content\/uploads\/sites\/6\/2026\/09\/20260826_@rodolfobuhrer_EX5IntBranco_1-8.jpg\" alt=\"\" class=\"wp-image-3928\" srcset=\"https:\/\/newblogs.correiobraziliense.com.br\/multieixos\/wp-content\/uploads\/sites\/6\/2026\/09\/20260826_@rodolfobuhrer_EX5IntBranco_1-8.jpg 1000w, https:\/\/newblogs.correiobraziliense.com.br\/multieixos\/wp-content\/uploads\/sites\/6\/2026\/09\/20260826_@rodolfobuhrer_EX5IntBranco_1-8-300x200.jpg 300w, https:\/\/newblogs.correiobraziliense.com.br\/multieixos\/wp-content\/uploads\/sites\/6\/2026\/09\/20260826_@rodolfobuhrer_EX5IntBranco_1-8-768x512.jpg 768w\" sizes=\"auto, (max-width: 1000px) 100vw, 1000px\" \/><\/figure>\n\n\n\n<p>Dispon\u00edveis tamb\u00e9m na vers\u00e3o topo de linha, os sistemas avan\u00e7ados de aux\u00edlio para o motorista (Adas) incluem frenagem autom\u00e1tica de emerg\u00eancia, com reconhecimento de ve\u00edculos, pedestres ou ciclistas; controle de cruzeiro adaptativo; controle inteligente de cruzeiro; sistema de alerta de colis\u00e3o frontal; alerta de colis\u00e3o traseira; alerta de tr\u00e1fego cruzado traseiro; frenagem de tr\u00e1fego cruzado traseiro; assistente de reconhecimento de placas de tr\u00e2nsito; assistente de perman\u00eancia em faixa; assistente de emerg\u00eancia de perman\u00eancia em faixa; assistente de ponto cego; assistente de mudan\u00e7a de faixa; e aviso de seguran\u00e7a para a abertura das portas.<\/p>\n","protected":false},"excerpt":{"rendered":"<p>Iniciativa s\u00f3 atende a vers\u00e3o Max, que custa R$ 225,8 mil. A Pro, por sua vez, tem pre\u00e7o fixado em R$ 195,8 mil<\/p>\n","protected":false},"author":20,"featured_media":3924,"comment_status":"closed","ping_status":"open","sticky":false,"template":"","format":"standard","meta":{"_acf_changed":false,"inline_featured_image":false,"footnotes":""},"categories":[8,257],"tags":[399,15,401,249,45],"class_list":["post-3923","post","type-post","status-publish","format-standard","has-post-thumbnail","hentry","category-carros","category-eletricos","tag-acabamento","tag-eletricos","tag-empaclamentos","tag-ex5","tag-geely"],"acf":[],"yoast_head":"<!-- This site is optimized with the Yoast SEO plugin v28.1 - https:\/\/yoast.com\/product\/yoast-seo-wordpress\/ -->\n<title>Geely EX5 el\u00e9trico ganhou novo acabamento premium - Multieixos com Renato Ferraz<\/title>\n<meta name=\"robots\" content=\"index, follow, max-snippet:-1, max-image-preview:large, max-video-preview:-1\" \/>\n<link rel=\"canonical\" href=\"https:\/\/newblogs.correiobraziliense.com.br\/multieixos\/2026\/09\/03\/geely-ex5-eletrico-ganhou-novo-acabamento-premium\/\" \/>\n<meta property=\"og:locale\" content=\"pt_BR\" \/>\n<meta property=\"og:type\" content=\"article\" \/>\n<meta property=\"og:title\" content=\"Geely EX5 el\u00e9trico ganhou novo acabamento premium - Multieixos com Renato Ferraz\" \/>\n<meta property=\"og:description\" content=\"Iniciativa s\u00f3 atende a vers\u00e3o Max, que custa R$ 225,8 mil. A Pro, por sua vez, tem pre\u00e7o fixado em R$ 195,8 mil\" \/>\n<meta property=\"og:url\" content=\"https:\/\/newblogs.correiobraziliense.com.br\/multieixos\/2026\/09\/03\/geely-ex5-eletrico-ganhou-novo-acabamento-premium\/\" \/>\n<meta property=\"og:site_name\" content=\"Multieixos com Renato Ferraz\" \/>\n<meta property=\"article:author\" content=\"https:\/\/www.facebook.com\/profile.php?id=100092255591956\" \/>\n<meta property=\"article:published_time\" content=\"2026-09-03T19:05:09+00:00\" \/>\n<meta property=\"article:modified_time\" content=\"2026-09-03T19:05:12+00:00\" \/>\n<meta property=\"og:image\" content=\"https:\/\/newblogs.correiobraziliense.com.br\/multieixos\/wp-content\/uploads\/sites\/6\/2026\/09\/20260826_@rodolfobuhrer_EX5IntBranco_1-16.jpg\" \/>\n\t<meta property=\"og:image:width\" content=\"1000\" \/>\n\t<meta property=\"og:image:height\" content=\"667\" \/>\n\t<meta property=\"og:image:type\" content=\"image\/jpeg\" \/>\n<meta name=\"author\" content=\"Renato Ferraz\" \/>\n<!-- \/ Yoast SEO plugin. -->","yoast_head_json":{"title":"Geely EX5 el\u00e9trico ganhou novo acabamento premium - Multieixos com Renato Ferraz","robots":{"index":"index","follow":"follow","max-snippet":"max-snippet:-1","max-image-preview":"max-image-preview:large","max-video-preview":"max-video-preview:-1"},"canonical":"https:\/\/newblogs.correiobraziliense.com.br\/multieixos\/2026\/09\/03\/geely-ex5-eletrico-ganhou-novo-acabamento-premium\/","og_locale":"pt_BR","og_type":"article","og_title":"Geely EX5 el\u00e9trico ganhou novo acabamento premium - Multieixos com Renato Ferraz","og_description":"Iniciativa s\u00f3 atende a vers\u00e3o Max, que custa R$ 225,8 mil. A Pro, por sua vez, tem pre\u00e7o fixado em R$ 195,8 mil","og_url":"https:\/\/newblogs.correiobraziliense.com.br\/multieixos\/2026\/09\/03\/geely-ex5-eletrico-ganhou-novo-acabamento-premium\/","og_site_name":"Multieixos com Renato Ferraz","article_author":"https:\/\/www.facebook.com\/profile.php?id=100092255591956","article_published_time":"2026-09-03T19:05:09+00:00","article_modified_time":"2026-09-03T19:05:12+00:00","og_image":[{"width":1000,"height":667,"url":"https:\/\/newblogs.correiobraziliense.com.br\/multieixos\/wp-content\/uploads\/sites\/6\/2026\/09\/20260826_@rodolfobuhrer_EX5IntBranco_1-16.jpg","type":"image\/jpeg"}],"author":"Renato Ferraz","schema":{"@context":"https:\/\/schema.org","@graph":[{"@type":"Article","@id":"https:\/\/newblogs.correiobraziliense.com.br\/multieixos\/2026\/09\/03\/geely-ex5-eletrico-ganhou-novo-acabamento-premium\/#article","isPartOf":{"@id":"https:\/\/newblogs.correiobraziliense.com.br\/multieixos\/2026\/09\/03\/geely-ex5-eletrico-ganhou-novo-acabamento-premium\/"},"author":{"name":"Renato Ferraz","@id":"https:\/\/newblogs.correiobraziliense.com.br\/multieixos\/#\/schema\/person\/2fb466788a0749a4cd6fc2c4d89ddb15"},"headline":"Geely EX5 el\u00e9trico ganhou novo acabamento premium","datePublished":"2026-09-03T19:05:09+00:00","dateModified":"2026-09-03T19:05:12+00:00","mainEntityOfPage":{"@id":"https:\/\/newblogs.correiobraziliense.com.br\/multieixos\/2026\/09\/03\/geely-ex5-eletrico-ganhou-novo-acabamento-premium\/"},"wordCount":544,"image":{"@id":"https:\/\/newblogs.correiobraziliense.com.br\/multieixos\/2026\/09\/03\/geely-ex5-eletrico-ganhou-novo-acabamento-premium\/#primaryimage"},"thumbnailUrl":"https:\/\/newblogs.correiobraziliense.com.br\/multieixos\/wp-content\/uploads\/sites\/6\/2026\/09\/20260826_@rodolfobuhrer_EX5IntBranco_1-16.jpg","keywords":["Acabamento","el\u00e9tricos","Empaclamentos","EX5","Geely"],"articleSection":["Carros","El\u00e9tricos"],"inLanguage":"pt-BR"},{"@type":"WebPage","@id":"https:\/\/newblogs.correiobraziliense.com.br\/multieixos\/2026\/09\/03\/geely-ex5-eletrico-ganhou-novo-acabamento-premium\/","url":"https:\/\/newblogs.correiobraziliense.com.br\/multieixos\/2026\/09\/03\/geely-ex5-eletrico-ganhou-novo-acabamento-premium\/","name":"Geely EX5 el\u00e9trico ganhou novo acabamento premium - Multieixos com Renato Ferraz","isPartOf":{"@id":"https:\/\/newblogs.correiobraziliense.com.br\/multieixos\/#website"},"primaryImageOfPage":{"@id":"https:\/\/newblogs.correiobraziliense.com.br\/multieixos\/2026\/09\/03\/geely-ex5-eletrico-ganhou-novo-acabamento-premium\/#primaryimage"},"image":{"@id":"https:\/\/newblogs.correiobraziliense.com.br\/multieixos\/2026\/09\/03\/geely-ex5-eletrico-ganhou-novo-acabamento-premium\/#primaryimage"},"thumbnailUrl":"https:\/\/newblogs.correiobraziliense.com.br\/multieixos\/wp-content\/uploads\/sites\/6\/2026\/09\/20260826_@rodolfobuhrer_EX5IntBranco_1-16.jpg","datePublished":"2026-09-03T19:05:09+00:00","dateModified":"2026-09-03T19:05:12+00:00","author":{"@id":"https:\/\/newblogs.correiobraziliense.com.br\/multieixos\/#\/schema\/person\/2fb466788a0749a4cd6fc2c4d89ddb15"},"breadcrumb":{"@id":"https:\/\/newblogs.correiobraziliense.com.br\/multieixos\/2026\/09\/03\/geely-ex5-eletrico-ganhou-novo-acabamento-premium\/#breadcrumb"},"inLanguage":"pt-BR","potentialAction":[{"@type":"ReadAction","target":["https:\/\/newblogs.correiobraziliense.com.br\/multieixos\/2026\/09\/03\/geely-ex5-eletrico-ganhou-novo-acabamento-premium\/"]}]},{"@type":"ImageObject","inLanguage":"pt-BR","@id":"https:\/\/newblogs.correiobraziliense.com.br\/multieixos\/2026\/09\/03\/geely-ex5-eletrico-ganhou-novo-acabamento-premium\/#primaryimage","url":"https:\/\/newblogs.correiobraziliense.com.br\/multieixos\/wp-content\/uploads\/sites\/6\/2026\/09\/20260826_@rodolfobuhrer_EX5IntBranco_1-16.jpg","contentUrl":"https:\/\/newblogs.correiobraziliense.com.br\/multieixos\/wp-content\/uploads\/sites\/6\/2026\/09\/20260826_@rodolfobuhrer_EX5IntBranco_1-16.jpg","width":1000,"height":667},{"@type":"BreadcrumbList","@id":"https:\/\/newblogs.correiobraziliense.com.br\/multieixos\/2026\/09\/03\/geely-ex5-eletrico-ganhou-novo-acabamento-premium\/#breadcrumb","itemListElement":[{"@type":"ListItem","position":1,"name":"In\u00edcio","item":"https:\/\/newblogs.correiobraziliense.com.br\/multieixos\/"},{"@type":"ListItem","position":2,"name":"Geely EX5 el\u00e9trico ganhou novo acabamento premium"}]},{"@type":"WebSite","@id":"https:\/\/newblogs.correiobraziliense.com.br\/multieixos\/#website","url":"https:\/\/newblogs.correiobraziliense.com.br\/multieixos\/","name":"Multieixos com Renato Ferraz","description":"Aqui, voc\u00ea encontra informa\u00e7\u00f5es atualizadas sobre o mercado automotivo, tend\u00eancias de mobilidade urbana, novas solu\u00e7\u00f5es em sustentabilidade no setor de transportes e as principais mudan\u00e7as na legisla\u00e7\u00e3o de tr\u00e2nsito.","alternateName":"Blog | Multieixos com Renato Ferra","potentialAction":[{"@type":"SearchAction","target":{"@type":"EntryPoint","urlTemplate":"https:\/\/newblogs.correiobraziliense.com.br\/multieixos\/?s={search_term_string}"},"query-input":{"@type":"PropertyValueSpecification","valueRequired":true,"valueName":"search_term_string"}}],"inLanguage":"pt-BR"},{"@type":"Person","@id":"https:\/\/newblogs.correiobraziliense.com.br\/multieixos\/#\/schema\/person\/2fb466788a0749a4cd6fc2c4d89ddb15","name":"Renato Ferraz","image":{"@type":"ImageObject","inLanguage":"pt-BR","@id":"https:\/\/secure.gravatar.com\/avatar\/05490fac3b629881956c1c2d33a9f5fcb406d4619aeb73f2548eb9374d66c612?s=96&d=mm&r=g","url":"https:\/\/secure.gravatar.com\/avatar\/05490fac3b629881956c1c2d33a9f5fcb406d4619aeb73f2548eb9374d66c612?s=96&d=mm&r=g","contentUrl":"https:\/\/secure.gravatar.com\/avatar\/05490fac3b629881956c1c2d33a9f5fcb406d4619aeb73f2548eb9374d66c612?s=96&d=mm&r=g","caption":"Renato Ferraz"},"description":"\u00c9 jornalista profissional h\u00e1 35 anos e escreve sobre carros, tr\u00e2nsito e mobilidade desde 2004, participando de centenas lan\u00e7amentos de produtos e v\u00e1rios sal\u00f5es automobil\u00edsticos globais.","sameAs":["https:\/\/www.facebook.com\/profile.php?id=100092255591956","https:\/\/www.instagram.com\/multieixos_correio\/"],"url":"https:\/\/newblogs.correiobraziliense.com.br\/multieixos\/author\/renatoferraz\/"}]}},"_links":{"self":[{"href":"https:\/\/newblogs.correiobraziliense.com.br\/multieixos\/wp-json\/wp\/v2\/posts\/3923","targetHints":{"allow":["GET"]}}],"collection":[{"href":"https:\/\/newblogs.correiobraziliense.com.br\/multieixos\/wp-json\/wp\/v2\/posts"}],"about":[{"href":"https:\/\/newblogs.correiobraziliense.com.br\/multieixos\/wp-json\/wp\/v2\/types\/post"}],"author":[{"embeddable":true,"href":"https:\/\/newblogs.correiobraziliense.com.br\/multieixos\/wp-json\/wp\/v2\/users\/20"}],"replies":[{"embeddable":true,"href":"https:\/\/newblogs.correiobraziliense.com.br\/multieixos\/wp-json\/wp\/v2\/comments?post=3923"}],"version-history":[{"count":1,"href":"https:\/\/newblogs.correiobraziliense.com.br\/multieixos\/wp-json\/wp\/v2\/posts\/3923\/revisions"}],"predecessor-version":[{"id":3955,"href":"https:\/\/newblogs.correiobraziliense.com.br\/multieixos\/wp-json\/wp\/v2\/posts\/3923\/revisions\/3955"}],"wp:featuredmedia":[{"embeddable":true,"href":"https:\/\/newblogs.correiobraziliense.com.br\/multieixos\/wp-json\/wp\/v2\/media\/3924"}],"wp:attachment":[{"href":"https:\/\/newblogs.correiobraziliense.com.br\/multieixos\/wp-json\/wp\/v2\/media?parent=3923"}],"wp:term":[{"taxonomy":"category","embeddable":true,"href":"https:\/\/newblogs.correiobraziliense.com.br\/multieixos\/wp-json\/wp\/v2\/categories?post=3923"},{"taxonomy":"post_tag","embeddable":true,"href":"https:\/\/newblogs.correiobraziliense.com.br\/multieixos\/wp-json\/wp\/v2\/tags?post=3923"}],"curies":[{"name":"wp","href":"https:\/\/api.w.org\/{rel}","templated":true}]}}