{"id":3918,"date":"2026-09-03T10:48:29","date_gmt":"2026-09-03T13:48:29","guid":{"rendered":"https:\/\/newblogs.correiobraziliense.com.br\/multieixos\/?p=3918"},"modified":"2026-09-03T11:49:47","modified_gmt":"2026-09-03T14:49:47","slug":"teto-para-financiar-carros-sobe-para-r-200-mil","status":"publish","type":"post","link":"https:\/\/newblogs.correiobraziliense.com.br\/multieixos\/2026\/09\/03\/teto-para-financiar-carros-sobe-para-r-200-mil\/","title":{"rendered":"Teto para financiar carros sobe para R$ 200 mil"},"content":{"rendered":"\n<p>Os motoristas cadastrados no programa Move Brasil \u2013 T\u00e1xi e Aplicativos, operado pelo Banco Nacional de Desenvolvimento Econ\u00f4mico e Social (BNDES), podem agora financiar carros de at\u00e9 R$ 200 mil (valor da nota fiscal). A mudan\u00e7a de teto, que at\u00e9 ent\u00e3o era de R$ 150 mil, j\u00e1 est\u00e1 valendo e foi autorizada por <a href=\"https:\/\/www.in.gov.br\/web\/dou\/-\/portaria-interministerial-mdic\/mf-n-188-de-18-de-agosto-de-2026-726439987\">portaria conjunta<\/a> do Minist\u00e9rio do Desenvolvimento, Ind\u00fastria, Com\u00e9rcio e Servi\u00e7os (MDIC) e do Minist\u00e9rio da Fazenda.<\/p>\n\n\n\n<p>As taxas de juros do programa permanecem inalteradas, de at\u00e9 11,5% ao ano para mulheres e at\u00e9 12,6% ao ano para os demais motoristas e cooperativas, j\u00e1 incluindo a remunera\u00e7\u00e3o do BNDES e o spread dos agentes financeiros. Spread \u00e9 a margem de lucro ou o custo cobrado por um intermedi\u00e1rio (como um banco ou corretora) para realizar uma transa\u00e7\u00e3o.<\/p>\n\n\n\n<p>O prazo do financiamento aumentou para 84 meses, incluindo car\u00eancia de at\u00e9 seis meses. A participa\u00e7\u00e3o do BNDES \u00e9 de at\u00e9 100% dos itens financi\u00e1veis, mas a defini\u00e7\u00e3o do percentual financiado cabe \u00e0 institui\u00e7\u00e3o financeira que repassa os recursos ao cliente final.<\/p>\n\n\n\n<p>Dados de emplacamentos de 2025 da Federa\u00e7\u00e3o Nacional da Distribui\u00e7\u00e3o de Ve\u00edculos Automotores (Fenabrave) mostram que a propor\u00e7\u00e3o das vendas de autom\u00f3veis enquadrada exclusivamente no limite de pre\u00e7o passaria de aproximadamente 63% para 88%. A estimativa n\u00e3o representa proje\u00e7\u00e3o de opera\u00e7\u00f5es e n\u00e3o afasta a necessidade de cumprimento dos demais crit\u00e9rios de elegibilidade.<\/p>\n\n\n\n<figure class=\"wp-block-image size-large\"><img loading=\"lazy\" decoding=\"async\" width=\"1024\" height=\"745\" src=\"https:\/\/newblogs.correiobraziliense.com.br\/multieixos\/wp-content\/uploads\/sites\/6\/2026\/09\/Taxistas2-1024x745.jpg\" alt=\"\" class=\"wp-image-3920\" srcset=\"https:\/\/newblogs.correiobraziliense.com.br\/multieixos\/wp-content\/uploads\/sites\/6\/2026\/09\/Taxistas2-1024x745.jpg 1024w, https:\/\/newblogs.correiobraziliense.com.br\/multieixos\/wp-content\/uploads\/sites\/6\/2026\/09\/Taxistas2-300x218.jpg 300w, https:\/\/newblogs.correiobraziliense.com.br\/multieixos\/wp-content\/uploads\/sites\/6\/2026\/09\/Taxistas2-768x559.jpg 768w, https:\/\/newblogs.correiobraziliense.com.br\/multieixos\/wp-content\/uploads\/sites\/6\/2026\/09\/Taxistas2.jpg 1200w\" sizes=\"auto, (max-width: 1024px) 100vw, 1024px\" \/><\/figure>\n\n\n\n<p>Motoristas de aplicativo, taxistas e cooperativas de taxistas que atendam aos requisitos do programa podem solicitar o financiamento. O interessado deve fazer seu cadastro na <a href=\"https:\/\/www.bndes.gov.br\/wps\/portal\/site\/home\/financiamento\/produto\/programa-move-motoristas\/programa-bndes-move-motoristas\">plataforma Move Brasi<\/a>l. Se for habilitado ap\u00f3s a verifica\u00e7\u00e3o dos requisitos, ele dever\u00e1 procurar uma concession\u00e1ria ou uma institui\u00e7\u00e3o financeira credenciada que opere a linha.<\/p>\n\n\n\n<p><strong>H\u00edbridos<\/strong><br \/>A portaria tamb\u00e9m alterou os requisitos de elegibilidade dos ve\u00edculos. \u201cOs crit\u00e9rios de enquadramento dos h\u00edbridos foram revistos, passando a considerar todos os modelos que combinam motor el\u00e9trico e motor a combust\u00e3o interna movido a etanol, gasolina ou ambos\u201d, destacou a diretora de Cr\u00e9dito Digital para MPMEs do BNDES, Maria Fernanda Coelho.<\/p>\n\n\n\n<p>Em levantamento baseado nos dados do Programa Brasileiro de Etiquetagem Veicular de 2026, os modelos h\u00edbridos considerados apresentaram consumo energ\u00e9tico m\u00e9dio aproximadamente 24% inferior ao de vers\u00f5es convencionais equivalentes. A compara\u00e7\u00e3o varia de acordo com o modelo, a motoriza\u00e7\u00e3o e a vers\u00e3o do ve\u00edculo.<\/p>\n\n\n\n<p>O BNDES Move Motoristas \u00e9 uma linha de cr\u00e9dito destinada a motoristas, taxistas e cooperativas de taxistas, para aquisi\u00e7\u00e3o de ve\u00edculos automotores que atendam a crit\u00e9rios de sustentabilidade ambiental, social e econ\u00f4mica.&nbsp;<\/p>\n","protected":false},"excerpt":{"rendered":"<p>Novas regras do BNDES para a compra de ve\u00edculos por taxistas e motoristas de aplicativos tamb\u00e9m estabelecem que prazo de pagamento passa de 72 para 84 meses, com car\u00eancia de at\u00e9 180 dias. Taxa de juros \u00e9 de at\u00e9 11,5% ao ano para mulheres e at\u00e9 12,6% para os demais <\/p>\n","protected":false},"author":20,"featured_media":3919,"comment_status":"closed","ping_status":"open","sticky":true,"template":"","format":"standard","meta":{"_acf_changed":false,"inline_featured_image":false,"footnotes":""},"categories":[8,20,40],"tags":[211,395,27,398,396,397,2],"class_list":["post-3918","post","type-post","status-publish","format-standard","has-post-thumbnail","hentry","category-carros","category-mobilidade-urbana","category-servicos","tag-bndes","tag-fenabrave","tag-hibridos","tag-motorista-de-aplicativos","tag-move-brasil-taxi-e-aplicativos","tag-taxistas","tag-veiculos"],"acf":[],"yoast_head":"<!-- This site is optimized with the Yoast SEO plugin v28.1 - https:\/\/yoast.com\/product\/yoast-seo-wordpress\/ -->\n<title>Teto para financiar carros sobe para R$ 200 mil - Multieixos com Renato Ferraz<\/title>\n<meta name=\"robots\" content=\"index, follow, max-snippet:-1, max-image-preview:large, max-video-preview:-1\" \/>\n<link rel=\"canonical\" href=\"https:\/\/newblogs.correiobraziliense.com.br\/multieixos\/2026\/09\/03\/teto-para-financiar-carros-sobe-para-r-200-mil\/\" \/>\n<meta property=\"og:locale\" content=\"pt_BR\" \/>\n<meta property=\"og:type\" content=\"article\" \/>\n<meta property=\"og:title\" content=\"Teto para financiar carros sobe para R$ 200 mil - Multieixos com Renato Ferraz\" \/>\n<meta property=\"og:description\" content=\"Novas regras do BNDES para a compra de ve\u00edculos por taxistas e motoristas de aplicativos tamb\u00e9m estabelecem que prazo de pagamento passa de 72 para 84 meses, com car\u00eancia de at\u00e9 180 dias. Taxa de juros \u00e9 de at\u00e9 11,5% ao ano para mulheres e at\u00e9 12,6% para os demais\" \/>\n<meta property=\"og:url\" content=\"https:\/\/newblogs.correiobraziliense.com.br\/multieixos\/2026\/09\/03\/teto-para-financiar-carros-sobe-para-r-200-mil\/\" \/>\n<meta property=\"og:site_name\" content=\"Multieixos com Renato Ferraz\" \/>\n<meta property=\"article:author\" content=\"https:\/\/www.facebook.com\/profile.php?id=100092255591956\" \/>\n<meta property=\"article:published_time\" content=\"2026-09-03T13:48:29+00:00\" \/>\n<meta property=\"article:modified_time\" content=\"2026-09-03T14:49:47+00:00\" \/>\n<meta property=\"og:image\" content=\"https:\/\/newblogs.correiobraziliense.com.br\/multieixos\/wp-content\/uploads\/sites\/6\/2026\/09\/Taxistas.jpg\" \/>\n\t<meta property=\"og:image:width\" content=\"1200\" \/>\n\t<meta property=\"og:image:height\" content=\"846\" \/>\n\t<meta property=\"og:image:type\" content=\"image\/jpeg\" \/>\n<meta name=\"author\" content=\"Renato Ferraz\" \/>\n<!-- \/ Yoast SEO plugin. -->","yoast_head_json":{"title":"Teto para financiar carros sobe para R$ 200 mil - Multieixos com Renato Ferraz","robots":{"index":"index","follow":"follow","max-snippet":"max-snippet:-1","max-image-preview":"max-image-preview:large","max-video-preview":"max-video-preview:-1"},"canonical":"https:\/\/newblogs.correiobraziliense.com.br\/multieixos\/2026\/09\/03\/teto-para-financiar-carros-sobe-para-r-200-mil\/","og_locale":"pt_BR","og_type":"article","og_title":"Teto para financiar carros sobe para R$ 200 mil - Multieixos com Renato Ferraz","og_description":"Novas regras do BNDES para a compra de ve\u00edculos por taxistas e motoristas de aplicativos tamb\u00e9m estabelecem que prazo de pagamento passa de 72 para 84 meses, com car\u00eancia de at\u00e9 180 dias. Taxa de juros \u00e9 de at\u00e9 11,5% ao ano para mulheres e at\u00e9 12,6% para os demais","og_url":"https:\/\/newblogs.correiobraziliense.com.br\/multieixos\/2026\/09\/03\/teto-para-financiar-carros-sobe-para-r-200-mil\/","og_site_name":"Multieixos com Renato Ferraz","article_author":"https:\/\/www.facebook.com\/profile.php?id=100092255591956","article_published_time":"2026-09-03T13:48:29+00:00","article_modified_time":"2026-09-03T14:49:47+00:00","og_image":[{"width":1200,"height":846,"url":"https:\/\/newblogs.correiobraziliense.com.br\/multieixos\/wp-content\/uploads\/sites\/6\/2026\/09\/Taxistas.jpg","type":"image\/jpeg"}],"author":"Renato Ferraz","schema":{"@context":"https:\/\/schema.org","@graph":[{"@type":"Article","@id":"https:\/\/newblogs.correiobraziliense.com.br\/multieixos\/2026\/09\/03\/teto-para-financiar-carros-sobe-para-r-200-mil\/#article","isPartOf":{"@id":"https:\/\/newblogs.correiobraziliense.com.br\/multieixos\/2026\/09\/03\/teto-para-financiar-carros-sobe-para-r-200-mil\/"},"author":{"name":"Renato Ferraz","@id":"https:\/\/newblogs.correiobraziliense.com.br\/multieixos\/#\/schema\/person\/2fb466788a0749a4cd6fc2c4d89ddb15"},"headline":"Teto para financiar carros sobe para R$ 200 mil","datePublished":"2026-09-03T13:48:29+00:00","dateModified":"2026-09-03T14:49:47+00:00","mainEntityOfPage":{"@id":"https:\/\/newblogs.correiobraziliense.com.br\/multieixos\/2026\/09\/03\/teto-para-financiar-carros-sobe-para-r-200-mil\/"},"wordCount":449,"image":{"@id":"https:\/\/newblogs.correiobraziliense.com.br\/multieixos\/2026\/09\/03\/teto-para-financiar-carros-sobe-para-r-200-mil\/#primaryimage"},"thumbnailUrl":"https:\/\/newblogs.correiobraziliense.com.br\/multieixos\/wp-content\/uploads\/sites\/6\/2026\/09\/Taxistas.jpg","keywords":["BNDES","Fenabrave","h\u00edbridos","motorista de aplicativos","Move Brasil \u2013 T\u00e1xi e Aplicativos","taxistas","Ve\u00edculos"],"articleSection":["Carros","Mobilidade urbana","Servi\u00e7os"],"inLanguage":"pt-BR"},{"@type":"WebPage","@id":"https:\/\/newblogs.correiobraziliense.com.br\/multieixos\/2026\/09\/03\/teto-para-financiar-carros-sobe-para-r-200-mil\/","url":"https:\/\/newblogs.correiobraziliense.com.br\/multieixos\/2026\/09\/03\/teto-para-financiar-carros-sobe-para-r-200-mil\/","name":"Teto para financiar carros sobe para R$ 200 mil - Multieixos com Renato Ferraz","isPartOf":{"@id":"https:\/\/newblogs.correiobraziliense.com.br\/multieixos\/#website"},"primaryImageOfPage":{"@id":"https:\/\/newblogs.correiobraziliense.com.br\/multieixos\/2026\/09\/03\/teto-para-financiar-carros-sobe-para-r-200-mil\/#primaryimage"},"image":{"@id":"https:\/\/newblogs.correiobraziliense.com.br\/multieixos\/2026\/09\/03\/teto-para-financiar-carros-sobe-para-r-200-mil\/#primaryimage"},"thumbnailUrl":"https:\/\/newblogs.correiobraziliense.com.br\/multieixos\/wp-content\/uploads\/sites\/6\/2026\/09\/Taxistas.jpg","datePublished":"2026-09-03T13:48:29+00:00","dateModified":"2026-09-03T14:49:47+00:00","author":{"@id":"https:\/\/newblogs.correiobraziliense.com.br\/multieixos\/#\/schema\/person\/2fb466788a0749a4cd6fc2c4d89ddb15"},"breadcrumb":{"@id":"https:\/\/newblogs.correiobraziliense.com.br\/multieixos\/2026\/09\/03\/teto-para-financiar-carros-sobe-para-r-200-mil\/#breadcrumb"},"inLanguage":"pt-BR","potentialAction":[{"@type":"ReadAction","target":["https:\/\/newblogs.correiobraziliense.com.br\/multieixos\/2026\/09\/03\/teto-para-financiar-carros-sobe-para-r-200-mil\/"]}]},{"@type":"ImageObject","inLanguage":"pt-BR","@id":"https:\/\/newblogs.correiobraziliense.com.br\/multieixos\/2026\/09\/03\/teto-para-financiar-carros-sobe-para-r-200-mil\/#primaryimage","url":"https:\/\/newblogs.correiobraziliense.com.br\/multieixos\/wp-content\/uploads\/sites\/6\/2026\/09\/Taxistas.jpg","contentUrl":"https:\/\/newblogs.correiobraziliense.com.br\/multieixos\/wp-content\/uploads\/sites\/6\/2026\/09\/Taxistas.jpg","width":1200,"height":846},{"@type":"BreadcrumbList","@id":"https:\/\/newblogs.correiobraziliense.com.br\/multieixos\/2026\/09\/03\/teto-para-financiar-carros-sobe-para-r-200-mil\/#breadcrumb","itemListElement":[{"@type":"ListItem","position":1,"name":"In\u00edcio","item":"https:\/\/newblogs.correiobraziliense.com.br\/multieixos\/"},{"@type":"ListItem","position":2,"name":"Teto para financiar carros sobe para R$ 200 mil"}]},{"@type":"WebSite","@id":"https:\/\/newblogs.correiobraziliense.com.br\/multieixos\/#website","url":"https:\/\/newblogs.correiobraziliense.com.br\/multieixos\/","name":"Multieixos com Renato Ferraz","description":"Aqui, voc\u00ea encontra informa\u00e7\u00f5es atualizadas sobre o mercado automotivo, tend\u00eancias de mobilidade urbana, novas solu\u00e7\u00f5es em sustentabilidade no setor de transportes e as principais mudan\u00e7as na legisla\u00e7\u00e3o de tr\u00e2nsito.","alternateName":"Blog | Multieixos com Renato Ferra","potentialAction":[{"@type":"SearchAction","target":{"@type":"EntryPoint","urlTemplate":"https:\/\/newblogs.correiobraziliense.com.br\/multieixos\/?s={search_term_string}"},"query-input":{"@type":"PropertyValueSpecification","valueRequired":true,"valueName":"search_term_string"}}],"inLanguage":"pt-BR"},{"@type":"Person","@id":"https:\/\/newblogs.correiobraziliense.com.br\/multieixos\/#\/schema\/person\/2fb466788a0749a4cd6fc2c4d89ddb15","name":"Renato Ferraz","image":{"@type":"ImageObject","inLanguage":"pt-BR","@id":"https:\/\/secure.gravatar.com\/avatar\/05490fac3b629881956c1c2d33a9f5fcb406d4619aeb73f2548eb9374d66c612?s=96&d=mm&r=g","url":"https:\/\/secure.gravatar.com\/avatar\/05490fac3b629881956c1c2d33a9f5fcb406d4619aeb73f2548eb9374d66c612?s=96&d=mm&r=g","contentUrl":"https:\/\/secure.gravatar.com\/avatar\/05490fac3b629881956c1c2d33a9f5fcb406d4619aeb73f2548eb9374d66c612?s=96&d=mm&r=g","caption":"Renato Ferraz"},"description":"\u00c9 jornalista profissional h\u00e1 35 anos e escreve sobre carros, tr\u00e2nsito e mobilidade desde 2004, participando de centenas lan\u00e7amentos de produtos e v\u00e1rios sal\u00f5es automobil\u00edsticos globais.","sameAs":["https:\/\/www.facebook.com\/profile.php?id=100092255591956","https:\/\/www.instagram.com\/multieixos_correio\/"],"url":"https:\/\/newblogs.correiobraziliense.com.br\/multieixos\/author\/renatoferraz\/"}]}},"_links":{"self":[{"href":"https:\/\/newblogs.correiobraziliense.com.br\/multieixos\/wp-json\/wp\/v2\/posts\/3918","targetHints":{"allow":["GET"]}}],"collection":[{"href":"https:\/\/newblogs.correiobraziliense.com.br\/multieixos\/wp-json\/wp\/v2\/posts"}],"about":[{"href":"https:\/\/newblogs.correiobraziliense.com.br\/multieixos\/wp-json\/wp\/v2\/types\/post"}],"author":[{"embeddable":true,"href":"https:\/\/newblogs.correiobraziliense.com.br\/multieixos\/wp-json\/wp\/v2\/users\/20"}],"replies":[{"embeddable":true,"href":"https:\/\/newblogs.correiobraziliense.com.br\/multieixos\/wp-json\/wp\/v2\/comments?post=3918"}],"version-history":[{"count":2,"href":"https:\/\/newblogs.correiobraziliense.com.br\/multieixos\/wp-json\/wp\/v2\/posts\/3918\/revisions"}],"predecessor-version":[{"id":3922,"href":"https:\/\/newblogs.correiobraziliense.com.br\/multieixos\/wp-json\/wp\/v2\/posts\/3918\/revisions\/3922"}],"wp:featuredmedia":[{"embeddable":true,"href":"https:\/\/newblogs.correiobraziliense.com.br\/multieixos\/wp-json\/wp\/v2\/media\/3919"}],"wp:attachment":[{"href":"https:\/\/newblogs.correiobraziliense.com.br\/multieixos\/wp-json\/wp\/v2\/media?parent=3918"}],"wp:term":[{"taxonomy":"category","embeddable":true,"href":"https:\/\/newblogs.correiobraziliense.com.br\/multieixos\/wp-json\/wp\/v2\/categories?post=3918"},{"taxonomy":"post_tag","embeddable":true,"href":"https:\/\/newblogs.correiobraziliense.com.br\/multieixos\/wp-json\/wp\/v2\/tags?post=3918"}],"curies":[{"name":"wp","href":"https:\/\/api.w.org\/{rel}","templated":true}]}}