{"id":3810,"date":"2026-09-02T11:27:23","date_gmt":"2026-09-02T14:27:23","guid":{"rendered":"https:\/\/newblogs.correiobraziliense.com.br\/multieixos\/?p=3810"},"modified":"2026-09-02T11:32:30","modified_gmt":"2026-09-02T14:32:30","slug":"pos-venda-de-veiculos-eletricos-o-que-vem-por-ai","status":"publish","type":"post","link":"https:\/\/newblogs.correiobraziliense.com.br\/multieixos\/2026\/09\/02\/pos-venda-de-veiculos-eletricos-o-que-vem-por-ai\/","title":{"rendered":"P\u00f3s-venda de ve\u00edculos el\u00e9tricos: o que vem por a\u00ed"},"content":{"rendered":"\n<p><strong>Por Guilherme Porazza Dias, gerente de Mobilidade na T\u00dcV Rheinland\u00a0<\/strong><\/p>\n\n\n\n<p>O Brasil emplacou mais de 181.542 ve\u00edculos el\u00e9tricos plug-in em 2025, que representa crescimento de 44% em compara\u00e7\u00e3o com o ano anterior, quando foram vendidos 125.624 e a frota de ve\u00edculos plug-in em circula\u00e7\u00e3o j\u00e1 \u00e9 superior \u00e0 410 mil, segundo dados da Associa\u00e7\u00e3o Brasileira do Ve\u00edculo El\u00e9trico (ABVE).&nbsp;&nbsp;<\/p>\n\n\n\n<p>Ainda de acordo com a associa\u00e7\u00e3o, no ano passado os eletrificados representaram 9% nas vendas dos ve\u00edculos leves novos, chegando a 13% em dezembro. Um dos fatores que impulsiona o crescimento \u00e9 a expans\u00e3o dos pontos p\u00fablicos e semip\u00fablicos de recarga, que segundo a ABVE cresceu 167% de fevereiro de 2025 at\u00e9 o mesmo per\u00edodo deste ano. O Brasil j\u00e1 tem mais de 21 mil eletropostos e uma propor\u00e7\u00e3o de cerca de 20 ve\u00edculos para 1 eletroposto.&nbsp;&nbsp;<\/p>\n\n\n\n<p>H\u00e1 uma evolu\u00e7\u00e3o no n\u00famero de eletropostos em todas as regi\u00f5es do pa\u00eds. No Norte o n\u00famero passou de 47 para 82 eletropostos, um crescimento de 74,5%. Nas demais regi\u00f5es, onde j\u00e1 existiam um maior n\u00famero de eletropostos, o crescimento foi de 26,4% no Nordeste, 25,6% no Centro-Oeste, 16,5% no Sul e 14,6% no Sudeste.&nbsp;&nbsp;<\/p>\n\n\n\n<p>Segundo o \u00cdndice de Mobilidade do Consumidor (MCI) da consultoria EY, lan\u00e7ado neste ano, o consumidor brasileiro escolhe um eletrificado devido a evolu\u00e7\u00e3o da tecnologia das baterias, que geram maior autonomia e melhor desempenho em compara\u00e7\u00e3o aos carros a combust\u00e3o, a amplia\u00e7\u00e3o da oferta de modelos, o aumento no custo dos combust\u00edveis tradicionais, preocupa\u00e7\u00f5es ambientais, incentivos financeiros, o custo total de propriedade e a facilidade de manuten\u00e7\u00e3o.&nbsp;&nbsp;<\/p>\n\n\n\n<p><strong>Mercados mais maduros&nbsp;<\/strong><\/p>\n\n\n\n<p>Mas mercados mais avan\u00e7ados como Estados Unidos, Europa e China mostram que o desenvolvimento da eletromobilidade pode ser afetado por redu\u00e7\u00f5es de incentivos e dificuldades na revenda, pois a desvaloriza\u00e7\u00e3o dos ve\u00edculos eletrificados ainda tende a ser maior do que os dos ve\u00edculos a combust\u00e3o.&nbsp;&nbsp;<\/p>\n\n\n\n<p>A maior desvaloriza\u00e7\u00e3o \u00e9 causada por fatores como a r\u00e1pida evolu\u00e7\u00e3o tecnol\u00f3gica, que possibilita o lan\u00e7amento de ve\u00edculos com mais autonomia e promo\u00e7\u00f5es com redu\u00e7\u00e3o nos pre\u00e7os dos ve\u00edculos novos, que afeta o mercado de usados.&nbsp;<\/p>\n\n\n\n<p>No caso brasileiro, devido \u00e0 baixa oferta de ve\u00edculos eletrificados, a desvaloriza\u00e7\u00e3o dos eletrificados usados \u00e9 menor se comparado a outros mercados. Mas o crescimento a longo prazo pode ser impactado pela falta de padroniza\u00e7\u00e3o no treinamento de mec\u00e2nicos, na repara\u00e7\u00e3o de c\u00e9lulas da bateria e metodologias padronizadas para medir a Sa\u00fade da Bateria (SoH). Toda essa cadeia \u00e9 importante para a manuten\u00e7\u00e3o do crescimento das vendas a longo prazo e seguran\u00e7a durante todo o ciclo de vida desses ve\u00edculos.&nbsp;&nbsp;<\/p>\n\n\n\n<p><strong>Forma\u00e7\u00e3o profissional&nbsp;<\/strong><\/p>\n\n\n\n<p>Apesar de alguns componentes serem similares aos ve\u00edculos \u00e0 combust\u00e3o, como o sistema de suspens\u00e3o, a forma\u00e7\u00e3o de profissionais qualificados para a manuten\u00e7\u00e3o preventiva e corretiva de ve\u00edculos eletrificados \u00e9 importante pois os eletrificados exigem dom\u00ednio sobre sistemas de alta tens\u00e3o, eletr\u00f4nica e diagn\u00f3sticos digitais mais complexos.&nbsp;&nbsp;<\/p>\n\n\n\n<figure class=\"wp-block-image size-full\"><img loading=\"lazy\" decoding=\"async\" width=\"869\" height=\"429\" src=\"https:\/\/newblogs.correiobraziliense.com.br\/multieixos\/wp-content\/uploads\/sites\/6\/2026\/09\/Eletricos.jpg\" alt=\"\" class=\"wp-image-3811\" srcset=\"https:\/\/newblogs.correiobraziliense.com.br\/multieixos\/wp-content\/uploads\/sites\/6\/2026\/09\/Eletricos.jpg 869w, https:\/\/newblogs.correiobraziliense.com.br\/multieixos\/wp-content\/uploads\/sites\/6\/2026\/09\/Eletricos-300x148.jpg 300w, https:\/\/newblogs.correiobraziliense.com.br\/multieixos\/wp-content\/uploads\/sites\/6\/2026\/09\/Eletricos-768x379.jpg 768w\" sizes=\"auto, (max-width: 869px) 100vw, 869px\" \/><\/figure>\n\n\n\n<p>A ABNT PR (pr\u00e1tica recomendada) 1025, lan\u00e7ada no fim do ano passado, orienta o mercado no que diz respeito \u00e0 manuten\u00e7\u00e3o de ve\u00edculos eletrificados. Mas, at\u00e9 por ser uma pr\u00e1tica recomendada e n\u00e3o obrigat\u00f3ria, ainda \u00e9 necess\u00e1rio um consenso para uma norma t\u00e9cnica consolidada.&nbsp;&nbsp;<\/p>\n\n\n\n<p>H\u00e1 ainda a necessidade de desenvolver mais centros de treinamento, capazes de preparar profissionais que precisam conhecer o Sistema de Gerenciamento da Bateria (BMS), inversores, sistemas de gest\u00e3o t\u00e9rmica e os protocolos de seguran\u00e7a para manuten\u00e7\u00e3o, incluindo os riscos que envolvem o sistema el\u00e9trico de alta tens\u00e3o.&nbsp;&nbsp;<\/p>\n\n\n\n<p>Os centros de forma\u00e7\u00e3o precisam ensinar como realizar a descarga el\u00e9trica do carro e fazer o desligamento da parte el\u00e9trica para que seja poss\u00edvel trabalhar com seguran\u00e7a nos outros sistemas do ve\u00edculo e no reparo das baterias de alta tens\u00e3o.&nbsp;&nbsp;<\/p>\n\n\n\n<p>Enquanto o setor busca esse equil\u00edbrio, a manuten\u00e7\u00e3o especializada permanece concentrada nas concession\u00e1rias, o que pode limitar o acesso e encarecer a posse dos ve\u00edculos eletrificados &#8211; principalmente no mercado de usados. Os centros de forma\u00e7\u00e3o tamb\u00e9m s\u00e3o importantes na prepara\u00e7\u00e3o dos \u00f3rg\u00e3os de seguran\u00e7a p\u00fablica para atender poss\u00edveis acidentes, por meio de treinamentos focados nos riscos espec\u00edficos dos eletrificados e habilitando profissionais para oferecer uma resposta segura e eficaz em emerg\u00eancias.&nbsp;<\/p>\n\n\n\n<p><strong>Reparos e avalia\u00e7\u00f5es&nbsp;&nbsp;<\/strong><\/p>\n\n\n\n<p>J\u00e1 existem iniciativas de reparo de m\u00f3dulos individuais defeituosos para garantir a sobrevida e o reuso dos componentes das baterias dos ve\u00edculos eletrificados. Nestes reparos, o pack principal \u00e9 aberto para que sejam feitos testes nos m\u00f3dulos individuais e a substitui\u00e7\u00e3o de c\u00e9lulas danificadas. Mas ainda n\u00e3o h\u00e1 uma regulamenta\u00e7\u00e3o obrigat\u00f3ria espec\u00edfica para o recondicionamento das baterias no Brasil.&nbsp;&nbsp;<\/p>\n\n\n\n<p>Como n\u00e3o h\u00e1 uma normativa nacional s\u00e3o usadas diretrizes internacionais incluindo a IEC 62660, que regula os testes de seguran\u00e7a e confiabilidade das c\u00e9lulas de \u00edon de l\u00edtio; a IEC 62133, que estabelece os requisitos de seguran\u00e7a para baterias port\u00e1teis e seladas; e a ISO 26262, que define as a seguran\u00e7a dos sistemas eletr\u00f4nicos do ve\u00edculo para garantir que o sistema de gerenciamento da bateria opere sem risco ap\u00f3s o reparo.&nbsp;&nbsp;<\/p>\n\n\n\n<p>Outra \u00e1rea que tamb\u00e9m est\u00e1 em evolu\u00e7\u00e3o \u00e9 a padroniza\u00e7\u00e3o de m\u00e9todos para medir a sa\u00fade da bateria (SoH), ponto mais importante a ser observado em um ve\u00edculo usado. A sa\u00fade da bateria indica quanto da capacidade original permanece dispon\u00edvel. Essa avalia\u00e7\u00e3o \u00e9 importante, pois dois ve\u00edculos iguais e com a mesma quilometragem podem apresentar diferentes percentuais de capacidade, o que reflete no valor de revenda.&nbsp;&nbsp;<\/p>\n\n\n\n<p>O estado de sa\u00fade da bateria \u00e9 influenciado por fatores como uso excessivo de carregadores ultrarr\u00e1pidos, que geram calor excessivo o que acelera a degrada\u00e7\u00e3o qu\u00edmica das c\u00e9lulas; exposi\u00e7\u00e3o a climas quentes, que exigem mais do sistema de arrefecimento das baterias; padr\u00e3o de carga, pois deixar o ve\u00edculo descarregado por longos per\u00edodos ou fazer o carregamento frequentemente at\u00e9 100% tamb\u00e9m afeta a vida \u00fatil da bateria.&nbsp;<\/p>\n\n\n\n<p>Na pr\u00e1tica um ve\u00edculo que foi submetido diariamente a calor intenso, estacionamento constante sob o sol e carregamentos r\u00e1pidos tende a ter uma bateria mais degradada. Como a bateria representa entre 30% a 50% do valor total de um ve\u00edculo el\u00e9trico, o estado de sa\u00fade do componente \u00e9 um fator financeiro cr\u00edtico.&nbsp;&nbsp;<\/p>\n\n\n\n<figure class=\"wp-block-image size-large\"><img loading=\"lazy\" decoding=\"async\" width=\"1024\" height=\"683\" src=\"https:\/\/newblogs.correiobraziliense.com.br\/multieixos\/wp-content\/uploads\/sites\/6\/2026\/09\/Eletricos3-1024x683.jpg\" alt=\"\" class=\"wp-image-3814\" srcset=\"https:\/\/newblogs.correiobraziliense.com.br\/multieixos\/wp-content\/uploads\/sites\/6\/2026\/09\/Eletricos3-1024x683.jpg 1024w, https:\/\/newblogs.correiobraziliense.com.br\/multieixos\/wp-content\/uploads\/sites\/6\/2026\/09\/Eletricos3-300x200.jpg 300w, https:\/\/newblogs.correiobraziliense.com.br\/multieixos\/wp-content\/uploads\/sites\/6\/2026\/09\/Eletricos3-768x512.jpg 768w, https:\/\/newblogs.correiobraziliense.com.br\/multieixos\/wp-content\/uploads\/sites\/6\/2026\/09\/Eletricos3.jpg 1536w\" sizes=\"auto, (max-width: 1024px) 100vw, 1024px\" \/><\/figure>\n\n\n\n<p>H\u00e1 pouco tempo, a avalia\u00e7\u00e3o do SoH dependia exclusivamente do diagn\u00f3stico fornecido pela pr\u00f3pria montadora por meio do BMS (Battery Management System), informado pelas montadoras. Mas, essas informa\u00e7\u00f5es podem n\u00e3o refletir o estado real de sa\u00fade das baterias, que podem variar conforme as condi\u00e7\u00f5es que esse componente foi submetido.&nbsp;&nbsp;<\/p>\n\n\n\n<p>Portanto, \u00e9 necess\u00e1ria a evolu\u00e7\u00e3o no mercado de certifica\u00e7\u00f5es independentes, com emiss\u00f5es de certificados que possam ser rastreados, que analisem a capacidade residual da bateria, o balanceamento das c\u00e9lulas e seu grau de envelhecimento, por meio de testes realizados durante um processo controlado de carregamento.&nbsp;&nbsp;<\/p>\n\n\n\n<p>Dessa forma, as concession\u00e1rias podem emitir laudos padronizados e o consumidor de ve\u00edculos usados pode ter mais uma ferramenta para comparar ve\u00edculos eletrificados usados, similar ao laudo cautelar j\u00e1 usado e que avalia a estrutura, a originalidade e o hist\u00f3rico de um ve\u00edculo usado.&nbsp;<\/p>\n\n\n\n<p>A eletromobilidade est\u00e1 em expans\u00e3o, mas para garantir seu crescimento e a seguran\u00e7a durante todo o ciclo de vida dos ve\u00edculos eletrificados \u00e9 necess\u00e1rio que toda a cadeia de repara\u00e7\u00e3o e avalia\u00e7\u00e3o acompanhe o crescimento da frota desse tipo de ve\u00edculo no mercado brasileiro.&nbsp;&nbsp;<\/p>\n","protected":false},"excerpt":{"rendered":"<p>Especialista alerta que \u00e9 preciso desenvolver m\u00e3o de obra especializada, padronizar repara\u00e7\u00f5es e medi\u00e7\u00e3o da sa\u00fade da bateria<\/p>\n","protected":false},"author":20,"featured_media":3812,"comment_status":"closed","ping_status":"open","sticky":false,"template":"","format":"standard","meta":{"_acf_changed":false,"inline_featured_image":false,"footnotes":""},"categories":[8,257],"tags":[390,15,27,35,2],"class_list":["post-3810","post","type-post","status-publish","format-standard","has-post-thumbnail","hentry","category-carros","category-eletricos","tag-artigo","tag-eletricos","tag-hibridos","tag-servicos","tag-veiculos"],"acf":[],"yoast_head":"<!-- This site is optimized with the Yoast SEO plugin v28.1 - https:\/\/yoast.com\/product\/yoast-seo-wordpress\/ -->\n<title>P\u00f3s-venda de ve\u00edculos el\u00e9tricos: o que vem por a\u00ed - Multieixos com Renato Ferraz<\/title>\n<meta name=\"robots\" content=\"index, follow, max-snippet:-1, max-image-preview:large, max-video-preview:-1\" \/>\n<link rel=\"canonical\" href=\"https:\/\/newblogs.correiobraziliense.com.br\/multieixos\/2026\/09\/02\/pos-venda-de-veiculos-eletricos-o-que-vem-por-ai\/\" \/>\n<meta property=\"og:locale\" content=\"pt_BR\" \/>\n<meta property=\"og:type\" content=\"article\" \/>\n<meta property=\"og:title\" content=\"P\u00f3s-venda de ve\u00edculos el\u00e9tricos: o que vem por a\u00ed - Multieixos com Renato Ferraz\" \/>\n<meta property=\"og:description\" content=\"Especialista alerta que \u00e9 preciso desenvolver m\u00e3o de obra especializada, padronizar repara\u00e7\u00f5es e medi\u00e7\u00e3o da sa\u00fade da bateria\" \/>\n<meta property=\"og:url\" content=\"https:\/\/newblogs.correiobraziliense.com.br\/multieixos\/2026\/09\/02\/pos-venda-de-veiculos-eletricos-o-que-vem-por-ai\/\" \/>\n<meta property=\"og:site_name\" content=\"Multieixos com Renato Ferraz\" \/>\n<meta property=\"article:author\" content=\"https:\/\/www.facebook.com\/profile.php?id=100092255591956\" \/>\n<meta property=\"article:published_time\" content=\"2026-09-02T14:27:23+00:00\" \/>\n<meta property=\"article:modified_time\" content=\"2026-09-02T14:32:30+00:00\" \/>\n<meta property=\"og:image\" content=\"https:\/\/newblogs.correiobraziliense.com.br\/multieixos\/wp-content\/uploads\/sites\/6\/2026\/09\/Eletricos1.webp\" \/>\n\t<meta property=\"og:image:width\" content=\"1200\" \/>\n\t<meta property=\"og:image:height\" content=\"600\" \/>\n\t<meta property=\"og:image:type\" content=\"image\/webp\" \/>\n<meta name=\"author\" content=\"Renato Ferraz\" \/>\n<!-- \/ Yoast SEO plugin. -->","yoast_head_json":{"title":"P\u00f3s-venda de ve\u00edculos el\u00e9tricos: o que vem por a\u00ed - Multieixos com Renato Ferraz","robots":{"index":"index","follow":"follow","max-snippet":"max-snippet:-1","max-image-preview":"max-image-preview:large","max-video-preview":"max-video-preview:-1"},"canonical":"https:\/\/newblogs.correiobraziliense.com.br\/multieixos\/2026\/09\/02\/pos-venda-de-veiculos-eletricos-o-que-vem-por-ai\/","og_locale":"pt_BR","og_type":"article","og_title":"P\u00f3s-venda de ve\u00edculos el\u00e9tricos: o que vem por a\u00ed - Multieixos com Renato Ferraz","og_description":"Especialista alerta que \u00e9 preciso desenvolver m\u00e3o de obra especializada, padronizar repara\u00e7\u00f5es e medi\u00e7\u00e3o da sa\u00fade da bateria","og_url":"https:\/\/newblogs.correiobraziliense.com.br\/multieixos\/2026\/09\/02\/pos-venda-de-veiculos-eletricos-o-que-vem-por-ai\/","og_site_name":"Multieixos com Renato Ferraz","article_author":"https:\/\/www.facebook.com\/profile.php?id=100092255591956","article_published_time":"2026-09-02T14:27:23+00:00","article_modified_time":"2026-09-02T14:32:30+00:00","og_image":[{"width":1200,"height":600,"url":"https:\/\/newblogs.correiobraziliense.com.br\/multieixos\/wp-content\/uploads\/sites\/6\/2026\/09\/Eletricos1.webp","type":"image\/webp"}],"author":"Renato Ferraz","schema":{"@context":"https:\/\/schema.org","@graph":[{"@type":"Article","@id":"https:\/\/newblogs.correiobraziliense.com.br\/multieixos\/2026\/09\/02\/pos-venda-de-veiculos-eletricos-o-que-vem-por-ai\/#article","isPartOf":{"@id":"https:\/\/newblogs.correiobraziliense.com.br\/multieixos\/2026\/09\/02\/pos-venda-de-veiculos-eletricos-o-que-vem-por-ai\/"},"author":{"name":"Renato Ferraz","@id":"https:\/\/newblogs.correiobraziliense.com.br\/multieixos\/#\/schema\/person\/2fb466788a0749a4cd6fc2c4d89ddb15"},"headline":"P\u00f3s-venda de ve\u00edculos el\u00e9tricos: o que vem por a\u00ed","datePublished":"2026-09-02T14:27:23+00:00","dateModified":"2026-09-02T14:32:30+00:00","mainEntityOfPage":{"@id":"https:\/\/newblogs.correiobraziliense.com.br\/multieixos\/2026\/09\/02\/pos-venda-de-veiculos-eletricos-o-que-vem-por-ai\/"},"wordCount":1360,"image":{"@id":"https:\/\/newblogs.correiobraziliense.com.br\/multieixos\/2026\/09\/02\/pos-venda-de-veiculos-eletricos-o-que-vem-por-ai\/#primaryimage"},"thumbnailUrl":"https:\/\/newblogs.correiobraziliense.com.br\/multieixos\/wp-content\/uploads\/sites\/6\/2026\/09\/Eletricos1.webp","keywords":["Artigo","el\u00e9tricos","h\u00edbridos","servi\u00e7os","Ve\u00edculos"],"articleSection":["Carros","El\u00e9tricos"],"inLanguage":"pt-BR"},{"@type":"WebPage","@id":"https:\/\/newblogs.correiobraziliense.com.br\/multieixos\/2026\/09\/02\/pos-venda-de-veiculos-eletricos-o-que-vem-por-ai\/","url":"https:\/\/newblogs.correiobraziliense.com.br\/multieixos\/2026\/09\/02\/pos-venda-de-veiculos-eletricos-o-que-vem-por-ai\/","name":"P\u00f3s-venda de ve\u00edculos el\u00e9tricos: o que vem por a\u00ed - Multieixos com Renato Ferraz","isPartOf":{"@id":"https:\/\/newblogs.correiobraziliense.com.br\/multieixos\/#website"},"primaryImageOfPage":{"@id":"https:\/\/newblogs.correiobraziliense.com.br\/multieixos\/2026\/09\/02\/pos-venda-de-veiculos-eletricos-o-que-vem-por-ai\/#primaryimage"},"image":{"@id":"https:\/\/newblogs.correiobraziliense.com.br\/multieixos\/2026\/09\/02\/pos-venda-de-veiculos-eletricos-o-que-vem-por-ai\/#primaryimage"},"thumbnailUrl":"https:\/\/newblogs.correiobraziliense.com.br\/multieixos\/wp-content\/uploads\/sites\/6\/2026\/09\/Eletricos1.webp","datePublished":"2026-09-02T14:27:23+00:00","dateModified":"2026-09-02T14:32:30+00:00","author":{"@id":"https:\/\/newblogs.correiobraziliense.com.br\/multieixos\/#\/schema\/person\/2fb466788a0749a4cd6fc2c4d89ddb15"},"breadcrumb":{"@id":"https:\/\/newblogs.correiobraziliense.com.br\/multieixos\/2026\/09\/02\/pos-venda-de-veiculos-eletricos-o-que-vem-por-ai\/#breadcrumb"},"inLanguage":"pt-BR","potentialAction":[{"@type":"ReadAction","target":["https:\/\/newblogs.correiobraziliense.com.br\/multieixos\/2026\/09\/02\/pos-venda-de-veiculos-eletricos-o-que-vem-por-ai\/"]}]},{"@type":"ImageObject","inLanguage":"pt-BR","@id":"https:\/\/newblogs.correiobraziliense.com.br\/multieixos\/2026\/09\/02\/pos-venda-de-veiculos-eletricos-o-que-vem-por-ai\/#primaryimage","url":"https:\/\/newblogs.correiobraziliense.com.br\/multieixos\/wp-content\/uploads\/sites\/6\/2026\/09\/Eletricos1.webp","contentUrl":"https:\/\/newblogs.correiobraziliense.com.br\/multieixos\/wp-content\/uploads\/sites\/6\/2026\/09\/Eletricos1.webp","width":1200,"height":600},{"@type":"BreadcrumbList","@id":"https:\/\/newblogs.correiobraziliense.com.br\/multieixos\/2026\/09\/02\/pos-venda-de-veiculos-eletricos-o-que-vem-por-ai\/#breadcrumb","itemListElement":[{"@type":"ListItem","position":1,"name":"In\u00edcio","item":"https:\/\/newblogs.correiobraziliense.com.br\/multieixos\/"},{"@type":"ListItem","position":2,"name":"P\u00f3s-venda de ve\u00edculos el\u00e9tricos: o que vem por a\u00ed"}]},{"@type":"WebSite","@id":"https:\/\/newblogs.correiobraziliense.com.br\/multieixos\/#website","url":"https:\/\/newblogs.correiobraziliense.com.br\/multieixos\/","name":"Multieixos com Renato Ferraz","description":"Aqui, voc\u00ea encontra informa\u00e7\u00f5es atualizadas sobre o mercado automotivo, tend\u00eancias de mobilidade urbana, novas solu\u00e7\u00f5es em sustentabilidade no setor de transportes e as principais mudan\u00e7as na legisla\u00e7\u00e3o de tr\u00e2nsito.","alternateName":"Blog | Multieixos com Renato Ferra","potentialAction":[{"@type":"SearchAction","target":{"@type":"EntryPoint","urlTemplate":"https:\/\/newblogs.correiobraziliense.com.br\/multieixos\/?s={search_term_string}"},"query-input":{"@type":"PropertyValueSpecification","valueRequired":true,"valueName":"search_term_string"}}],"inLanguage":"pt-BR"},{"@type":"Person","@id":"https:\/\/newblogs.correiobraziliense.com.br\/multieixos\/#\/schema\/person\/2fb466788a0749a4cd6fc2c4d89ddb15","name":"Renato Ferraz","image":{"@type":"ImageObject","inLanguage":"pt-BR","@id":"https:\/\/secure.gravatar.com\/avatar\/05490fac3b629881956c1c2d33a9f5fcb406d4619aeb73f2548eb9374d66c612?s=96&d=mm&r=g","url":"https:\/\/secure.gravatar.com\/avatar\/05490fac3b629881956c1c2d33a9f5fcb406d4619aeb73f2548eb9374d66c612?s=96&d=mm&r=g","contentUrl":"https:\/\/secure.gravatar.com\/avatar\/05490fac3b629881956c1c2d33a9f5fcb406d4619aeb73f2548eb9374d66c612?s=96&d=mm&r=g","caption":"Renato Ferraz"},"description":"\u00c9 jornalista profissional h\u00e1 35 anos e escreve sobre carros, tr\u00e2nsito e mobilidade desde 2004, participando de centenas lan\u00e7amentos de produtos e v\u00e1rios sal\u00f5es automobil\u00edsticos globais.","sameAs":["https:\/\/www.facebook.com\/profile.php?id=100092255591956","https:\/\/www.instagram.com\/multieixos_correio\/"],"url":"https:\/\/newblogs.correiobraziliense.com.br\/multieixos\/author\/renatoferraz\/"}]}},"_links":{"self":[{"href":"https:\/\/newblogs.correiobraziliense.com.br\/multieixos\/wp-json\/wp\/v2\/posts\/3810","targetHints":{"allow":["GET"]}}],"collection":[{"href":"https:\/\/newblogs.correiobraziliense.com.br\/multieixos\/wp-json\/wp\/v2\/posts"}],"about":[{"href":"https:\/\/newblogs.correiobraziliense.com.br\/multieixos\/wp-json\/wp\/v2\/types\/post"}],"author":[{"embeddable":true,"href":"https:\/\/newblogs.correiobraziliense.com.br\/multieixos\/wp-json\/wp\/v2\/users\/20"}],"replies":[{"embeddable":true,"href":"https:\/\/newblogs.correiobraziliense.com.br\/multieixos\/wp-json\/wp\/v2\/comments?post=3810"}],"version-history":[{"count":2,"href":"https:\/\/newblogs.correiobraziliense.com.br\/multieixos\/wp-json\/wp\/v2\/posts\/3810\/revisions"}],"predecessor-version":[{"id":3815,"href":"https:\/\/newblogs.correiobraziliense.com.br\/multieixos\/wp-json\/wp\/v2\/posts\/3810\/revisions\/3815"}],"wp:featuredmedia":[{"embeddable":true,"href":"https:\/\/newblogs.correiobraziliense.com.br\/multieixos\/wp-json\/wp\/v2\/media\/3812"}],"wp:attachment":[{"href":"https:\/\/newblogs.correiobraziliense.com.br\/multieixos\/wp-json\/wp\/v2\/media?parent=3810"}],"wp:term":[{"taxonomy":"category","embeddable":true,"href":"https:\/\/newblogs.correiobraziliense.com.br\/multieixos\/wp-json\/wp\/v2\/categories?post=3810"},{"taxonomy":"post_tag","embeddable":true,"href":"https:\/\/newblogs.correiobraziliense.com.br\/multieixos\/wp-json\/wp\/v2\/tags?post=3810"}],"curies":[{"name":"wp","href":"https:\/\/api.w.org\/{rel}","templated":true}]}}