{"id":3803,"date":"2026-09-02T15:28:00","date_gmt":"2026-09-02T18:28:00","guid":{"rendered":"https:\/\/newblogs.correiobraziliense.com.br\/multieixos\/?p=3803"},"modified":"2026-09-02T18:50:57","modified_gmt":"2026-09-02T21:50:57","slug":"mitsubishi-confirma-quinta-geracao-do-pajero-no-brasil","status":"publish","type":"post","link":"https:\/\/newblogs.correiobraziliense.com.br\/multieixos\/2026\/09\/02\/mitsubishi-confirma-quinta-geracao-do-pajero-no-brasil\/","title":{"rendered":"Mitsubishi confirma quinta gera\u00e7\u00e3o do Pajero no Brasil"},"content":{"rendered":"\n<p>A Mitsubishi Motors acaba de revelar globalmente a mais nova gera\u00e7\u00e3o da linha Pajero. A apresenta\u00e7\u00e3o foi feita em um evento realizado nesta quarta-feira (2) em T\u00f3quio, no Jap\u00e3o, no qual a marca confirmou a venda no mercado brasileiro, mas em uma data ainda n\u00e3o definida. Produzido na f\u00e1brica da Mitsubishi Motors na Tail\u00e2ndia, o modelo ser\u00e1 lan\u00e7ado primeiramente no mercado tailand\u00eas, seguido por Jap\u00e3o e Austr\u00e1lia ainda no in\u00edcio do ano que vem. A partir do segundo trimestre de 2027, a empresa planeja lan\u00e7ar o novo Pajero em aproximadamente 100 pa\u00edses ao redor do mundo, incluindo mercados da Am\u00e9rica Latina e Oriente M\u00e9dio.<\/p>\n\n\n\n<p>Lan\u00e7ado em 1982, o Mitsubishi Pajero foi desenvolvido como um 4&#215;4 cross-country que unia desempenho off-road genu\u00edno e confiabilidade a um conforto equivalente ao de um autom\u00f3vel de passeio. O modelo foi um dos respons\u00e1veis pelo sucesso dos RVs (ve\u00edculos recreativos) no Jap\u00e3o na d\u00e9cada de 1990. A produ\u00e7\u00e3o acumulada, ali\u00e1s, passa de 3,3 milh\u00f5es de unidades ao longo de quatro gera\u00e7\u00f5es, vendidas em mais de 170 pa\u00edses e regi\u00f5es. No Rally Dakar, coleciona 12 vit\u00f3rias, sendo sete delas consecutivas.<\/p>\n\n\n\n<figure class=\"wp-block-image size-full\"><img loading=\"lazy\" decoding=\"async\" width=\"1000\" height=\"667\" src=\"https:\/\/newblogs.correiobraziliense.com.br\/multieixos\/wp-content\/uploads\/sites\/6\/2026\/09\/20260902_1_02.jpg\" alt=\"\" class=\"wp-image-3806\" srcset=\"https:\/\/newblogs.correiobraziliense.com.br\/multieixos\/wp-content\/uploads\/sites\/6\/2026\/09\/20260902_1_02.jpg 1000w, https:\/\/newblogs.correiobraziliense.com.br\/multieixos\/wp-content\/uploads\/sites\/6\/2026\/09\/20260902_1_02-300x200.jpg 300w, https:\/\/newblogs.correiobraziliense.com.br\/multieixos\/wp-content\/uploads\/sites\/6\/2026\/09\/20260902_1_02-768x512.jpg 768w\" sizes=\"auto, (max-width: 1000px) 100vw, 1000px\" \/><\/figure>\n\n\n\n<p>O modelo \u00e9 equipado com o Super-All Wheel Control (S-AWC) da Mitsubishi Motors, que integra o controle de acelera\u00e7\u00e3o, curvas e frenagem para proporcionar um comportamento preciso e intuitivo do ve\u00edculo, al\u00e9m do sistema de tra\u00e7\u00e3o Super Select 4WD-II (SS4-II), que equilibra desempenho off-road com facilidade de uso no dia a dia. &#8220;O novo Pajero liderar\u00e1 todo o portf\u00f3lio da Mitsubishi que ser\u00e1 oferecido aos clientes a partir de agora\u201d, disse Keisuke Kishiura, presidente e diretor de opera\u00e7\u00f5es da empresa.&nbsp;<\/p>\n\n\n\n<p><strong>Ac\u00fastica &#8211;<\/strong> A marca promete melhorias abrangentes de isolamento ac\u00fastico, projetadas para permitir que todos os ocupantes conversem naturalmente, mesmo em velocidades mais altas, como em velocidade de cruzeiro ou em outras condi\u00e7\u00f5es de alto ru\u00eddo. Al\u00e9m do para-brisa, as janelas de todas as portas utilizam vidro com tratamento ac\u00fastico, enquanto medidas extensivas de redu\u00e7\u00e3o de ru\u00eddo s\u00e3o aplicadas em toda a carroceria e outras \u00e1reas do ve\u00edculo.<\/p>\n\n\n\n<figure class=\"wp-block-image size-large\"><img loading=\"lazy\" decoding=\"async\" width=\"1024\" height=\"683\" src=\"https:\/\/newblogs.correiobraziliense.com.br\/multieixos\/wp-content\/uploads\/sites\/6\/2026\/09\/20260902_1_05-1024x683.jpg\" alt=\"\" class=\"wp-image-3807\" srcset=\"https:\/\/newblogs.correiobraziliense.com.br\/multieixos\/wp-content\/uploads\/sites\/6\/2026\/09\/20260902_1_05-1024x683.jpg 1024w, https:\/\/newblogs.correiobraziliense.com.br\/multieixos\/wp-content\/uploads\/sites\/6\/2026\/09\/20260902_1_05-300x200.jpg 300w, https:\/\/newblogs.correiobraziliense.com.br\/multieixos\/wp-content\/uploads\/sites\/6\/2026\/09\/20260902_1_05-768x512.jpg 768w, https:\/\/newblogs.correiobraziliense.com.br\/multieixos\/wp-content\/uploads\/sites\/6\/2026\/09\/20260902_1_05.jpg 1200w\" sizes=\"auto, (max-width: 1024px) 100vw, 1024px\" \/><\/figure>\n\n\n\n<p><strong>Entretenimento &#8211; <\/strong>\u00c9 composto por uma grande tela horizontal monol\u00edtica de 14,3 polegadas, com gr\u00e1ficos simples e intuitivos e 16 temas de fundo que mudam em tempo real conforme o hor\u00e1rio do dia. O layout de tr\u00eas medidores das gera\u00e7\u00f5es anteriores do Pajero foi mantido por meio da tecnologia Multi-Meter. Com ela, informa\u00e7\u00f5es de condu\u00e7\u00e3o, como altitude, dire\u00e7\u00e3o da b\u00fassola, temperatura, \u00e2ngulos de arfagem e rolagem do ve\u00edculo e status do controle AYC, permitem que os motoristas avaliem as condi\u00e7\u00f5es de condu\u00e7\u00e3o rapidamente.<\/p>\n\n\n\n<p><strong>Motor &#8211;<\/strong> Um motor diesel de 2,4 litros, especialmente desenvolvido para o SUV, com turbocompressor de geometria vari\u00e1vel (VGT), entrega um torque de 49kgfm. A nova transmiss\u00e3o \u00e9 autom\u00e1tica de 8 velocidades (8AT) com modo esportivo.<\/p>\n\n\n\n<p><strong>Conforto e seguran\u00e7a &#8211; <\/strong>O novo Pajero \u00e9 equipado com uma s\u00e9rie de sistemas de condu\u00e7\u00e3o. O sistema Super All Wheel Control (S-AWC), tecnologia propriet\u00e1ria da Mitsubishi, gerencia, de forma integrada, a acelera\u00e7\u00e3o, as curvas e a frenagem nas quatro rodas para oferecer total estabilidade, ader\u00eancia e precis\u00e3o ao dirigir. O de tra\u00e7\u00e3o permite que os motoristas selecionem entre quatro modos 4&#215;4 conforme as condi\u00e7\u00f5es de condu\u00e7\u00e3o: 2H (tra\u00e7\u00e3o traseira), 4H (4&#215;4 permanente), 4HLc (diferencial central travado) e 4LLc (diferencial central travado com marchas reduzidas).&nbsp;<\/p>\n\n\n\n<figure class=\"wp-block-image size-full\"><img loading=\"lazy\" decoding=\"async\" width=\"1000\" height=\"667\" src=\"https:\/\/newblogs.correiobraziliense.com.br\/multieixos\/wp-content\/uploads\/sites\/6\/2026\/09\/20260902_1_04.jpg\" alt=\"\" class=\"wp-image-3808\" srcset=\"https:\/\/newblogs.correiobraziliense.com.br\/multieixos\/wp-content\/uploads\/sites\/6\/2026\/09\/20260902_1_04.jpg 1000w, https:\/\/newblogs.correiobraziliense.com.br\/multieixos\/wp-content\/uploads\/sites\/6\/2026\/09\/20260902_1_04-300x200.jpg 300w, https:\/\/newblogs.correiobraziliense.com.br\/multieixos\/wp-content\/uploads\/sites\/6\/2026\/09\/20260902_1_04-768x512.jpg 768w\" sizes=\"auto, (max-width: 1000px) 100vw, 1000px\" \/><\/figure>\n\n\n\n<p><strong>Tra\u00e7\u00e3o &#8211;<\/strong> O SUV tamb\u00e9m conta com sistemas que controlam a distribui\u00e7\u00e3o de torque entre as rodas esquerda e direita por meio dos freios dianteiros; que distribui de forma otimizada a for\u00e7a de tra\u00e7\u00e3o para aumentar a estabilidade em superf\u00edcies escorregadias; e freios antibloqueio, que ajudam a evitar o travamento das rodas e a derrapagem durante a frenagem.<\/p>\n\n\n\n<p><strong>Dimens\u00f5es &#8211;<\/strong> Mede 4.920 mm de comprimento, 1.925 mm de largura e 1.910 mm de altura, com bitolas dianteira e traseira de 1.630 mm e dist\u00e2ncia entre-eixos de 2.870 mm. Combina uma altura livre do solo de 230 mm com \u00e2ngulo de ataque de 30,4 graus, \u00e2ngulo de transposi\u00e7\u00e3o de rampa de 22,6 graus e \u00e2ngulo de sa\u00edda de 25,8 graus.<\/p>\n\n\n\n<figure class=\"wp-block-image size-large\"><img loading=\"lazy\" decoding=\"async\" width=\"1024\" height=\"477\" src=\"https:\/\/newblogs.correiobraziliense.com.br\/multieixos\/wp-content\/uploads\/sites\/6\/2026\/09\/20260902_1_06-1024x477.jpg\" alt=\"\" class=\"wp-image-3804\" srcset=\"https:\/\/newblogs.correiobraziliense.com.br\/multieixos\/wp-content\/uploads\/sites\/6\/2026\/09\/20260902_1_06-1024x477.jpg 1024w, https:\/\/newblogs.correiobraziliense.com.br\/multieixos\/wp-content\/uploads\/sites\/6\/2026\/09\/20260902_1_06-300x140.jpg 300w, https:\/\/newblogs.correiobraziliense.com.br\/multieixos\/wp-content\/uploads\/sites\/6\/2026\/09\/20260902_1_06-768x358.jpg 768w, https:\/\/newblogs.correiobraziliense.com.br\/multieixos\/wp-content\/uploads\/sites\/6\/2026\/09\/20260902_1_06.jpg 1200w\" sizes=\"auto, (max-width: 1024px) 100vw, 1024px\" \/><\/figure>\n\n\n\n<p><strong>Assist\u00eancia ao condutor &#8211;<\/strong> Vem com o sistema de mitiga\u00e7\u00e3o de colis\u00e3o frontal, com detec\u00e7\u00e3o de pedestres, ciclistas e motociclistas e assist\u00eancia em cruzamentos; aviso preditivo de colis\u00e3o frontal; e a assist\u00eancia de emerg\u00eancia para aplica\u00e7\u00e3o incorreta do pedal. Tamb\u00e9m apresenta, pela primeira vez, c\u00e2mera e radar voltados para frente para reconhecer as marca\u00e7\u00f5es da via e os ve\u00edculos ao redor, fornecendo avisos e assist\u00eancia de dire\u00e7\u00e3o quando detecta risco de sa\u00edda de faixa.&nbsp;<\/p>\n\n\n\n<p><strong>Airbags &#8211;<\/strong> S\u00e3o oito ao todo, incluindo o primeiro airbag central SRS da Mitsubishi Motors. Ele ajuda a reduzir o risco de les\u00f5es resultantes do contato entre os ocupantes dos bancos dianteiros, contribuindo para um alto n\u00edvel de prote\u00e7\u00e3o.<\/p>\n\n\n\n<p><strong>Sistema de som &#8211; <\/strong>Desenvolvido em conjunto com a Yamaha Corporation, com foco irrestrito na qualidade sonora, o sistema de \u00e1udio Dynamic Sound Yamaha Ultimate conta com um total de 12 alto-falantes e amplificadores duplos. Ele tamb\u00e9m incorpora tecnologia de compensa\u00e7\u00e3o de ru\u00eddo, que ajusta automaticamente o volume e a equaliza\u00e7\u00e3o do \u00e1udio com base na velocidade do ve\u00edculo para compensar o ru\u00eddo da via.<\/p>\n","protected":false},"excerpt":{"rendered":"<p>O SUV da marca japonesa, lan\u00e7ado em 1982, foi mostrado em T\u00f3quio e chega completamente renovado. A seguran\u00e7a (vir\u00e1 com 8 airbags) e o foco em sistemas de aux\u00edlio \u00e0 condu\u00e7\u00e3o s\u00e3o os destaques <\/p>\n","protected":false},"author":20,"featured_media":3822,"comment_status":"closed","ping_status":"open","sticky":false,"template":"","format":"standard","meta":{"_acf_changed":false,"inline_featured_image":false,"footnotes":""},"categories":[8,259],"tags":[6,14,389,388],"class_list":["post-3803","post","type-post","status-publish","format-standard","has-post-thumbnail","hentry","category-carros","category-off-road","tag-carros","tag-lancamentos","tag-mitsubishi","tag-pajero"],"acf":[],"yoast_head":"<!-- This site is optimized with the Yoast SEO plugin v28.1 - https:\/\/yoast.com\/product\/yoast-seo-wordpress\/ -->\n<title>Mitsubishi confirma quinta gera\u00e7\u00e3o do Pajero no Brasil - Multieixos com Renato Ferraz<\/title>\n<meta name=\"robots\" content=\"index, follow, max-snippet:-1, max-image-preview:large, max-video-preview:-1\" \/>\n<link rel=\"canonical\" href=\"https:\/\/newblogs.correiobraziliense.com.br\/multieixos\/2026\/09\/02\/mitsubishi-confirma-quinta-geracao-do-pajero-no-brasil\/\" \/>\n<meta property=\"og:locale\" content=\"pt_BR\" \/>\n<meta property=\"og:type\" content=\"article\" \/>\n<meta property=\"og:title\" content=\"Mitsubishi confirma quinta gera\u00e7\u00e3o do Pajero no Brasil - Multieixos com Renato Ferraz\" \/>\n<meta property=\"og:description\" content=\"O SUV da marca japonesa, lan\u00e7ado em 1982, foi mostrado em T\u00f3quio e chega completamente renovado. A seguran\u00e7a (vir\u00e1 com 8 airbags) e o foco em sistemas de aux\u00edlio \u00e0 condu\u00e7\u00e3o s\u00e3o os destaques\" \/>\n<meta property=\"og:url\" content=\"https:\/\/newblogs.correiobraziliense.com.br\/multieixos\/2026\/09\/02\/mitsubishi-confirma-quinta-geracao-do-pajero-no-brasil\/\" \/>\n<meta property=\"og:site_name\" content=\"Multieixos com Renato Ferraz\" \/>\n<meta property=\"article:author\" content=\"https:\/\/www.facebook.com\/profile.php?id=100092255591956\" \/>\n<meta property=\"article:published_time\" content=\"2026-09-02T18:28:00+00:00\" \/>\n<meta property=\"article:modified_time\" content=\"2026-09-02T21:50:57+00:00\" \/>\n<meta property=\"og:image\" content=\"https:\/\/newblogs.correiobraziliense.com.br\/multieixos\/wp-content\/uploads\/sites\/6\/2026\/09\/20260902_1_03-1.jpg\" \/>\n\t<meta property=\"og:image:width\" content=\"752\" \/>\n\t<meta property=\"og:image:height\" content=\"451\" \/>\n\t<meta property=\"og:image:type\" content=\"image\/jpeg\" \/>\n<meta name=\"author\" content=\"Renato Ferraz\" \/>\n<!-- \/ Yoast SEO plugin. -->","yoast_head_json":{"title":"Mitsubishi confirma quinta gera\u00e7\u00e3o do Pajero no Brasil - Multieixos com Renato Ferraz","robots":{"index":"index","follow":"follow","max-snippet":"max-snippet:-1","max-image-preview":"max-image-preview:large","max-video-preview":"max-video-preview:-1"},"canonical":"https:\/\/newblogs.correiobraziliense.com.br\/multieixos\/2026\/09\/02\/mitsubishi-confirma-quinta-geracao-do-pajero-no-brasil\/","og_locale":"pt_BR","og_type":"article","og_title":"Mitsubishi confirma quinta gera\u00e7\u00e3o do Pajero no Brasil - Multieixos com Renato Ferraz","og_description":"O SUV da marca japonesa, lan\u00e7ado em 1982, foi mostrado em T\u00f3quio e chega completamente renovado. A seguran\u00e7a (vir\u00e1 com 8 airbags) e o foco em sistemas de aux\u00edlio \u00e0 condu\u00e7\u00e3o s\u00e3o os destaques","og_url":"https:\/\/newblogs.correiobraziliense.com.br\/multieixos\/2026\/09\/02\/mitsubishi-confirma-quinta-geracao-do-pajero-no-brasil\/","og_site_name":"Multieixos com Renato Ferraz","article_author":"https:\/\/www.facebook.com\/profile.php?id=100092255591956","article_published_time":"2026-09-02T18:28:00+00:00","article_modified_time":"2026-09-02T21:50:57+00:00","og_image":[{"width":752,"height":451,"url":"https:\/\/newblogs.correiobraziliense.com.br\/multieixos\/wp-content\/uploads\/sites\/6\/2026\/09\/20260902_1_03-1.jpg","type":"image\/jpeg"}],"author":"Renato Ferraz","schema":{"@context":"https:\/\/schema.org","@graph":[{"@type":"Article","@id":"https:\/\/newblogs.correiobraziliense.com.br\/multieixos\/2026\/09\/02\/mitsubishi-confirma-quinta-geracao-do-pajero-no-brasil\/#article","isPartOf":{"@id":"https:\/\/newblogs.correiobraziliense.com.br\/multieixos\/2026\/09\/02\/mitsubishi-confirma-quinta-geracao-do-pajero-no-brasil\/"},"author":{"name":"Renato Ferraz","@id":"https:\/\/newblogs.correiobraziliense.com.br\/multieixos\/#\/schema\/person\/2fb466788a0749a4cd6fc2c4d89ddb15"},"headline":"Mitsubishi confirma quinta gera\u00e7\u00e3o do Pajero no Brasil","datePublished":"2026-09-02T18:28:00+00:00","dateModified":"2026-09-02T21:50:57+00:00","mainEntityOfPage":{"@id":"https:\/\/newblogs.correiobraziliense.com.br\/multieixos\/2026\/09\/02\/mitsubishi-confirma-quinta-geracao-do-pajero-no-brasil\/"},"wordCount":928,"image":{"@id":"https:\/\/newblogs.correiobraziliense.com.br\/multieixos\/2026\/09\/02\/mitsubishi-confirma-quinta-geracao-do-pajero-no-brasil\/#primaryimage"},"thumbnailUrl":"https:\/\/newblogs.correiobraziliense.com.br\/multieixos\/wp-content\/uploads\/sites\/6\/2026\/09\/20260902_1_03-1.jpg","keywords":["carros","Lan\u00e7amentos","Mitsubishi","Pajero"],"articleSection":["Carros","Off-Road"],"inLanguage":"pt-BR"},{"@type":"WebPage","@id":"https:\/\/newblogs.correiobraziliense.com.br\/multieixos\/2026\/09\/02\/mitsubishi-confirma-quinta-geracao-do-pajero-no-brasil\/","url":"https:\/\/newblogs.correiobraziliense.com.br\/multieixos\/2026\/09\/02\/mitsubishi-confirma-quinta-geracao-do-pajero-no-brasil\/","name":"Mitsubishi confirma quinta gera\u00e7\u00e3o do Pajero no Brasil - Multieixos com Renato Ferraz","isPartOf":{"@id":"https:\/\/newblogs.correiobraziliense.com.br\/multieixos\/#website"},"primaryImageOfPage":{"@id":"https:\/\/newblogs.correiobraziliense.com.br\/multieixos\/2026\/09\/02\/mitsubishi-confirma-quinta-geracao-do-pajero-no-brasil\/#primaryimage"},"image":{"@id":"https:\/\/newblogs.correiobraziliense.com.br\/multieixos\/2026\/09\/02\/mitsubishi-confirma-quinta-geracao-do-pajero-no-brasil\/#primaryimage"},"thumbnailUrl":"https:\/\/newblogs.correiobraziliense.com.br\/multieixos\/wp-content\/uploads\/sites\/6\/2026\/09\/20260902_1_03-1.jpg","datePublished":"2026-09-02T18:28:00+00:00","dateModified":"2026-09-02T21:50:57+00:00","author":{"@id":"https:\/\/newblogs.correiobraziliense.com.br\/multieixos\/#\/schema\/person\/2fb466788a0749a4cd6fc2c4d89ddb15"},"breadcrumb":{"@id":"https:\/\/newblogs.correiobraziliense.com.br\/multieixos\/2026\/09\/02\/mitsubishi-confirma-quinta-geracao-do-pajero-no-brasil\/#breadcrumb"},"inLanguage":"pt-BR","potentialAction":[{"@type":"ReadAction","target":["https:\/\/newblogs.correiobraziliense.com.br\/multieixos\/2026\/09\/02\/mitsubishi-confirma-quinta-geracao-do-pajero-no-brasil\/"]}]},{"@type":"ImageObject","inLanguage":"pt-BR","@id":"https:\/\/newblogs.correiobraziliense.com.br\/multieixos\/2026\/09\/02\/mitsubishi-confirma-quinta-geracao-do-pajero-no-brasil\/#primaryimage","url":"https:\/\/newblogs.correiobraziliense.com.br\/multieixos\/wp-content\/uploads\/sites\/6\/2026\/09\/20260902_1_03-1.jpg","contentUrl":"https:\/\/newblogs.correiobraziliense.com.br\/multieixos\/wp-content\/uploads\/sites\/6\/2026\/09\/20260902_1_03-1.jpg","width":752,"height":451},{"@type":"BreadcrumbList","@id":"https:\/\/newblogs.correiobraziliense.com.br\/multieixos\/2026\/09\/02\/mitsubishi-confirma-quinta-geracao-do-pajero-no-brasil\/#breadcrumb","itemListElement":[{"@type":"ListItem","position":1,"name":"In\u00edcio","item":"https:\/\/newblogs.correiobraziliense.com.br\/multieixos\/"},{"@type":"ListItem","position":2,"name":"Mitsubishi confirma quinta gera\u00e7\u00e3o do Pajero no Brasil"}]},{"@type":"WebSite","@id":"https:\/\/newblogs.correiobraziliense.com.br\/multieixos\/#website","url":"https:\/\/newblogs.correiobraziliense.com.br\/multieixos\/","name":"Multieixos com Renato Ferraz","description":"Aqui, voc\u00ea encontra informa\u00e7\u00f5es atualizadas sobre o mercado automotivo, tend\u00eancias de mobilidade urbana, novas solu\u00e7\u00f5es em sustentabilidade no setor de transportes e as principais mudan\u00e7as na legisla\u00e7\u00e3o de tr\u00e2nsito.","alternateName":"Blog | Multieixos com Renato Ferra","potentialAction":[{"@type":"SearchAction","target":{"@type":"EntryPoint","urlTemplate":"https:\/\/newblogs.correiobraziliense.com.br\/multieixos\/?s={search_term_string}"},"query-input":{"@type":"PropertyValueSpecification","valueRequired":true,"valueName":"search_term_string"}}],"inLanguage":"pt-BR"},{"@type":"Person","@id":"https:\/\/newblogs.correiobraziliense.com.br\/multieixos\/#\/schema\/person\/2fb466788a0749a4cd6fc2c4d89ddb15","name":"Renato Ferraz","image":{"@type":"ImageObject","inLanguage":"pt-BR","@id":"https:\/\/secure.gravatar.com\/avatar\/05490fac3b629881956c1c2d33a9f5fcb406d4619aeb73f2548eb9374d66c612?s=96&d=mm&r=g","url":"https:\/\/secure.gravatar.com\/avatar\/05490fac3b629881956c1c2d33a9f5fcb406d4619aeb73f2548eb9374d66c612?s=96&d=mm&r=g","contentUrl":"https:\/\/secure.gravatar.com\/avatar\/05490fac3b629881956c1c2d33a9f5fcb406d4619aeb73f2548eb9374d66c612?s=96&d=mm&r=g","caption":"Renato Ferraz"},"description":"\u00c9 jornalista profissional h\u00e1 35 anos e escreve sobre carros, tr\u00e2nsito e mobilidade desde 2004, participando de centenas lan\u00e7amentos de produtos e v\u00e1rios sal\u00f5es automobil\u00edsticos globais.","sameAs":["https:\/\/www.facebook.com\/profile.php?id=100092255591956","https:\/\/www.instagram.com\/multieixos_correio\/"],"url":"https:\/\/newblogs.correiobraziliense.com.br\/multieixos\/author\/renatoferraz\/"}]}},"_links":{"self":[{"href":"https:\/\/newblogs.correiobraziliense.com.br\/multieixos\/wp-json\/wp\/v2\/posts\/3803","targetHints":{"allow":["GET"]}}],"collection":[{"href":"https:\/\/newblogs.correiobraziliense.com.br\/multieixos\/wp-json\/wp\/v2\/posts"}],"about":[{"href":"https:\/\/newblogs.correiobraziliense.com.br\/multieixos\/wp-json\/wp\/v2\/types\/post"}],"author":[{"embeddable":true,"href":"https:\/\/newblogs.correiobraziliense.com.br\/multieixos\/wp-json\/wp\/v2\/users\/20"}],"replies":[{"embeddable":true,"href":"https:\/\/newblogs.correiobraziliense.com.br\/multieixos\/wp-json\/wp\/v2\/comments?post=3803"}],"version-history":[{"count":2,"href":"https:\/\/newblogs.correiobraziliense.com.br\/multieixos\/wp-json\/wp\/v2\/posts\/3803\/revisions"}],"predecessor-version":[{"id":3823,"href":"https:\/\/newblogs.correiobraziliense.com.br\/multieixos\/wp-json\/wp\/v2\/posts\/3803\/revisions\/3823"}],"wp:featuredmedia":[{"embeddable":true,"href":"https:\/\/newblogs.correiobraziliense.com.br\/multieixos\/wp-json\/wp\/v2\/media\/3822"}],"wp:attachment":[{"href":"https:\/\/newblogs.correiobraziliense.com.br\/multieixos\/wp-json\/wp\/v2\/media?parent=3803"}],"wp:term":[{"taxonomy":"category","embeddable":true,"href":"https:\/\/newblogs.correiobraziliense.com.br\/multieixos\/wp-json\/wp\/v2\/categories?post=3803"},{"taxonomy":"post_tag","embeddable":true,"href":"https:\/\/newblogs.correiobraziliense.com.br\/multieixos\/wp-json\/wp\/v2\/tags?post=3803"}],"curies":[{"name":"wp","href":"https:\/\/api.w.org\/{rel}","templated":true}]}}