{"id":3795,"date":"2026-09-01T17:02:44","date_gmt":"2026-09-01T20:02:44","guid":{"rendered":"https:\/\/newblogs.correiobraziliense.com.br\/multieixos\/?p=3795"},"modified":"2026-09-01T17:12:07","modified_gmt":"2026-09-01T20:12:07","slug":"denza-b5-mantem-lideranca-do-mercado-premium","status":"publish","type":"post","link":"https:\/\/newblogs.correiobraziliense.com.br\/multieixos\/2026\/09\/01\/denza-b5-mantem-lideranca-do-mercado-premium\/","title":{"rendered":"Denza B5 mant\u00e9m lideran\u00e7a do mercado premium"},"content":{"rendered":"\n<p>Pelo terceiro m\u00eas consecutivo, o Denza B5 &#8211; que custa a partir dos R$ 449 mil &#8211;&nbsp; foi o ve\u00edculo premium mais vendido do Brasil. Com 683 unidades emplacadas no pa\u00eds, o SUV manteve a lideran\u00e7a conquistada em junho e repetida em julho, abrindo uma vantagem de 34% sobre o BMW X1, segundo colocado no m\u00eas, com 509 unidades. No acumulado de 2026, o B5 soma 2.558 emplacamentos e j\u00e1 ocupa a vice-lideran\u00e7a entre os modelos premium mais vendidos por aqui.&nbsp;<\/p>\n\n\n\n<figure class=\"wp-block-image size-full\"><img loading=\"lazy\" decoding=\"async\" width=\"875\" height=\"600\" src=\"https:\/\/newblogs.correiobraziliense.com.br\/multieixos\/wp-content\/uploads\/sites\/6\/2026\/09\/Denza-B5x.jpg\" alt=\"\" class=\"wp-image-3797\" srcset=\"https:\/\/newblogs.correiobraziliense.com.br\/multieixos\/wp-content\/uploads\/sites\/6\/2026\/09\/Denza-B5x.jpg 875w, https:\/\/newblogs.correiobraziliense.com.br\/multieixos\/wp-content\/uploads\/sites\/6\/2026\/09\/Denza-B5x-300x206.jpg 300w, https:\/\/newblogs.correiobraziliense.com.br\/multieixos\/wp-content\/uploads\/sites\/6\/2026\/09\/Denza-B5x-768x527.jpg 768w\" sizes=\"auto, (max-width: 875px) 100vw, 875px\" \/><\/figure>\n\n\n\n<p>Apenas 9 meses ap\u00f3s a entrega da primeira unidade no Brasil, a Denza alcan\u00e7ou 18,7% de market share em agosto e, no acumulado do ano, est\u00e1 a apenas 77 unidades do top 5 entre as marcas premium. \u201cLiderar um m\u00eas \u00e9 importante. Liderar tr\u00eas meses seguidos em um dos segmentos mais tradicionais do mercado brasileiro mostra que alguma coisa mudou\u201d, afirma Alexandre Baldy, vice-presidente s\u00eanior da BYD do Brasil e head de marketing e comercial da BYD Auto. \u201cO consumidor est\u00e1 disposto a olhar al\u00e9m das marcas que conhece h\u00e1 d\u00e9cadas\u201d, refor\u00e7a.&nbsp;<\/p>\n\n\n\n<figure class=\"wp-block-image size-large\"><img loading=\"lazy\" decoding=\"async\" width=\"1024\" height=\"572\" src=\"https:\/\/newblogs.correiobraziliense.com.br\/multieixos\/wp-content\/uploads\/sites\/6\/2026\/09\/Denza-B5-u-1024x572.jpg\" alt=\"\" class=\"wp-image-3801\" srcset=\"https:\/\/newblogs.correiobraziliense.com.br\/multieixos\/wp-content\/uploads\/sites\/6\/2026\/09\/Denza-B5-u-1024x572.jpg 1024w, https:\/\/newblogs.correiobraziliense.com.br\/multieixos\/wp-content\/uploads\/sites\/6\/2026\/09\/Denza-B5-u-300x168.jpg 300w, https:\/\/newblogs.correiobraziliense.com.br\/multieixos\/wp-content\/uploads\/sites\/6\/2026\/09\/Denza-B5-u-768x429.jpg 768w, https:\/\/newblogs.correiobraziliense.com.br\/multieixos\/wp-content\/uploads\/sites\/6\/2026\/09\/Denza-B5-u.jpg 1199w\" sizes=\"auto, (max-width: 1024px) 100vw, 1024px\" \/><\/figure>\n\n\n\n<p><strong>Seis mercados<\/strong><strong><br \/><\/strong>A presen\u00e7a da Denza tamb\u00e9m se destacou em diferentes regi\u00f5es do Brasil. A marca manteve a lideran\u00e7a em Alagoas, Cear\u00e1, Bras\u00edlia, Pernambuco, Par\u00e1 e Maranh\u00e3o, com participa\u00e7\u00f5es expressivas nos seis mercados: 64,1% de market share em Alagoas, 57,9% no Cear\u00e1, 51,1% em Bras\u00edlia e 42,4% em Pernambuco, 38,2% no Par\u00e1 e 34,4% no Maranh\u00e3o.<\/p>\n\n\n\n<figure class=\"wp-block-image size-large\"><img loading=\"lazy\" decoding=\"async\" width=\"1024\" height=\"565\" src=\"https:\/\/newblogs.correiobraziliense.com.br\/multieixos\/wp-content\/uploads\/sites\/6\/2026\/09\/Denza-B5y-1024x565.jpg\" alt=\"\" class=\"wp-image-3798\" srcset=\"https:\/\/newblogs.correiobraziliense.com.br\/multieixos\/wp-content\/uploads\/sites\/6\/2026\/09\/Denza-B5y-1024x565.jpg 1024w, https:\/\/newblogs.correiobraziliense.com.br\/multieixos\/wp-content\/uploads\/sites\/6\/2026\/09\/Denza-B5y-300x166.jpg 300w, https:\/\/newblogs.correiobraziliense.com.br\/multieixos\/wp-content\/uploads\/sites\/6\/2026\/09\/Denza-B5y-768x424.jpg 768w, https:\/\/newblogs.correiobraziliense.com.br\/multieixos\/wp-content\/uploads\/sites\/6\/2026\/09\/Denza-B5y.jpg 1156w\" sizes=\"auto, (max-width: 1024px) 100vw, 1024px\" \/><\/figure>\n\n\n\n<p>Esse desempenho tamb\u00e9m se refletiu em mercados com mais volume e competi\u00e7\u00e3o: em S\u00e3o Paulo, a Denza terminou agosto na vice-lideran\u00e7a, com 185 unidades e 13,2% de market share. A segunda coloca\u00e7\u00e3o tamb\u00e9m foi alcan\u00e7ada no Rio de Janeiro, com 49 emplacamentos e 22,5% de participa\u00e7\u00e3o, e em Santa Catarina, com 54 unidades e 17,5%.<\/p>\n\n\n\n<p>O desempenho tamb\u00e9m faz parte de uma nova etapa de crescimento, com a amplia\u00e7\u00e3o da rede de lojas: em menos de um ano j\u00e1 s\u00e3o 14 pontos de venda no Brasil, divididos entre sete concession\u00e1rias e sete lojas tempor\u00e1rias, em diferentes regi\u00f5es.&nbsp;<\/p>\n\n\n\n<figure class=\"wp-block-image size-full\"><img loading=\"lazy\" decoding=\"async\" width=\"722\" height=\"405\" src=\"https:\/\/newblogs.correiobraziliense.com.br\/multieixos\/wp-content\/uploads\/sites\/6\/2026\/09\/Denza-B5.jpg\" alt=\"\" class=\"wp-image-3799\" srcset=\"https:\/\/newblogs.correiobraziliense.com.br\/multieixos\/wp-content\/uploads\/sites\/6\/2026\/09\/Denza-B5.jpg 722w, https:\/\/newblogs.correiobraziliense.com.br\/multieixos\/wp-content\/uploads\/sites\/6\/2026\/09\/Denza-B5-300x168.jpg 300w\" sizes=\"auto, (max-width: 722px) 100vw, 722px\" \/><\/figure>\n\n\n\n<p>Em agosto, a marca apresentou oficialmente ao mercado brasileiro o Denza Z9 GT e o Denza D9, ampliando uma estrat\u00e9gia que come\u00e7ou com o B5 e que agora passa a contemplar novas categorias do segmento premium.<\/p>\n\n\n\n<p>A chegada dos novos modelos tamb\u00e9m ser\u00e1 acompanhada pela expans\u00e3o da infraestrutura oferecida aos clientes. O Z9 GT ser\u00e1 o primeiro ve\u00edculo no mercado nacional compat\u00edvel com a tecnologia Flash Charging, sistema de carregamento ultrarr\u00e1pido capaz de recarregar grande parte da bateria em poucos minutos. A concession\u00e1ria de Bras\u00edlia ser\u00e1 a primeira a receber a nova tecnologia.<\/p>\n","protected":false},"excerpt":{"rendered":"<p>Pelo terceiro m\u00eas seguido, modelo fica 34% \u00e0 frente do segundo colocado e assume vice-lideran\u00e7a no acumulado do ano. Em Bras\u00edlia e em outros cinco mercados, o SUV lidera<\/p>\n","protected":false},"author":20,"featured_media":3796,"comment_status":"closed","ping_status":"open","sticky":false,"template":"","format":"standard","meta":{"_acf_changed":false,"inline_featured_image":false,"footnotes":""},"categories":[8,84],"tags":[290,26,289,15,27,10],"class_list":["post-3795","post","type-post","status-publish","format-standard","has-post-thumbnail","hentry","category-carros","category-mercado","tag-b5","tag-byd","tag-denza","tag-eletricos","tag-hibridos","tag-precos"],"acf":[],"yoast_head":"<!-- This site is optimized with the Yoast SEO plugin v28.1 - https:\/\/yoast.com\/product\/yoast-seo-wordpress\/ -->\n<title>Denza B5 mant\u00e9m lideran\u00e7a do mercado premium - Multieixos com Renato Ferraz<\/title>\n<meta name=\"robots\" content=\"index, follow, max-snippet:-1, max-image-preview:large, max-video-preview:-1\" \/>\n<link rel=\"canonical\" href=\"https:\/\/newblogs.correiobraziliense.com.br\/multieixos\/2026\/09\/01\/denza-b5-mantem-lideranca-do-mercado-premium\/\" \/>\n<meta property=\"og:locale\" content=\"pt_BR\" \/>\n<meta property=\"og:type\" content=\"article\" \/>\n<meta property=\"og:title\" content=\"Denza B5 mant\u00e9m lideran\u00e7a do mercado premium - Multieixos com Renato Ferraz\" \/>\n<meta property=\"og:description\" content=\"Pelo terceiro m\u00eas seguido, modelo fica 34% \u00e0 frente do segundo colocado e assume vice-lideran\u00e7a no acumulado do ano. Em Bras\u00edlia e em outros cinco mercados, o SUV lidera\" \/>\n<meta property=\"og:url\" content=\"https:\/\/newblogs.correiobraziliense.com.br\/multieixos\/2026\/09\/01\/denza-b5-mantem-lideranca-do-mercado-premium\/\" \/>\n<meta property=\"og:site_name\" content=\"Multieixos com Renato Ferraz\" \/>\n<meta property=\"article:author\" content=\"https:\/\/www.facebook.com\/profile.php?id=100092255591956\" \/>\n<meta property=\"article:published_time\" content=\"2026-09-01T20:02:44+00:00\" \/>\n<meta property=\"article:modified_time\" content=\"2026-09-01T20:12:07+00:00\" \/>\n<meta property=\"og:image\" content=\"https:\/\/newblogs.correiobraziliense.com.br\/multieixos\/wp-content\/uploads\/sites\/6\/2026\/09\/Denza-B5-o.jpg\" \/>\n\t<meta property=\"og:image:width\" content=\"1068\" \/>\n\t<meta property=\"og:image:height\" content=\"628\" \/>\n\t<meta property=\"og:image:type\" content=\"image\/jpeg\" \/>\n<meta name=\"author\" content=\"Renato Ferraz\" \/>\n<!-- \/ Yoast SEO plugin. -->","yoast_head_json":{"title":"Denza B5 mant\u00e9m lideran\u00e7a do mercado premium - Multieixos com Renato Ferraz","robots":{"index":"index","follow":"follow","max-snippet":"max-snippet:-1","max-image-preview":"max-image-preview:large","max-video-preview":"max-video-preview:-1"},"canonical":"https:\/\/newblogs.correiobraziliense.com.br\/multieixos\/2026\/09\/01\/denza-b5-mantem-lideranca-do-mercado-premium\/","og_locale":"pt_BR","og_type":"article","og_title":"Denza B5 mant\u00e9m lideran\u00e7a do mercado premium - Multieixos com Renato Ferraz","og_description":"Pelo terceiro m\u00eas seguido, modelo fica 34% \u00e0 frente do segundo colocado e assume vice-lideran\u00e7a no acumulado do ano. Em Bras\u00edlia e em outros cinco mercados, o SUV lidera","og_url":"https:\/\/newblogs.correiobraziliense.com.br\/multieixos\/2026\/09\/01\/denza-b5-mantem-lideranca-do-mercado-premium\/","og_site_name":"Multieixos com Renato Ferraz","article_author":"https:\/\/www.facebook.com\/profile.php?id=100092255591956","article_published_time":"2026-09-01T20:02:44+00:00","article_modified_time":"2026-09-01T20:12:07+00:00","og_image":[{"width":1068,"height":628,"url":"https:\/\/newblogs.correiobraziliense.com.br\/multieixos\/wp-content\/uploads\/sites\/6\/2026\/09\/Denza-B5-o.jpg","type":"image\/jpeg"}],"author":"Renato Ferraz","schema":{"@context":"https:\/\/schema.org","@graph":[{"@type":"Article","@id":"https:\/\/newblogs.correiobraziliense.com.br\/multieixos\/2026\/09\/01\/denza-b5-mantem-lideranca-do-mercado-premium\/#article","isPartOf":{"@id":"https:\/\/newblogs.correiobraziliense.com.br\/multieixos\/2026\/09\/01\/denza-b5-mantem-lideranca-do-mercado-premium\/"},"author":{"name":"Renato Ferraz","@id":"https:\/\/newblogs.correiobraziliense.com.br\/multieixos\/#\/schema\/person\/2fb466788a0749a4cd6fc2c4d89ddb15"},"headline":"Denza B5 mant\u00e9m lideran\u00e7a do mercado premium","datePublished":"2026-09-01T20:02:44+00:00","dateModified":"2026-09-01T20:12:07+00:00","mainEntityOfPage":{"@id":"https:\/\/newblogs.correiobraziliense.com.br\/multieixos\/2026\/09\/01\/denza-b5-mantem-lideranca-do-mercado-premium\/"},"wordCount":454,"image":{"@id":"https:\/\/newblogs.correiobraziliense.com.br\/multieixos\/2026\/09\/01\/denza-b5-mantem-lideranca-do-mercado-premium\/#primaryimage"},"thumbnailUrl":"https:\/\/newblogs.correiobraziliense.com.br\/multieixos\/wp-content\/uploads\/sites\/6\/2026\/09\/Denza-B5-o.jpg","keywords":["B5","BYD","Denza","el\u00e9tricos","h\u00edbridos","pre\u00e7os"],"articleSection":["Carros","Mercado"],"inLanguage":"pt-BR"},{"@type":"WebPage","@id":"https:\/\/newblogs.correiobraziliense.com.br\/multieixos\/2026\/09\/01\/denza-b5-mantem-lideranca-do-mercado-premium\/","url":"https:\/\/newblogs.correiobraziliense.com.br\/multieixos\/2026\/09\/01\/denza-b5-mantem-lideranca-do-mercado-premium\/","name":"Denza B5 mant\u00e9m lideran\u00e7a do mercado premium - Multieixos com Renato Ferraz","isPartOf":{"@id":"https:\/\/newblogs.correiobraziliense.com.br\/multieixos\/#website"},"primaryImageOfPage":{"@id":"https:\/\/newblogs.correiobraziliense.com.br\/multieixos\/2026\/09\/01\/denza-b5-mantem-lideranca-do-mercado-premium\/#primaryimage"},"image":{"@id":"https:\/\/newblogs.correiobraziliense.com.br\/multieixos\/2026\/09\/01\/denza-b5-mantem-lideranca-do-mercado-premium\/#primaryimage"},"thumbnailUrl":"https:\/\/newblogs.correiobraziliense.com.br\/multieixos\/wp-content\/uploads\/sites\/6\/2026\/09\/Denza-B5-o.jpg","datePublished":"2026-09-01T20:02:44+00:00","dateModified":"2026-09-01T20:12:07+00:00","author":{"@id":"https:\/\/newblogs.correiobraziliense.com.br\/multieixos\/#\/schema\/person\/2fb466788a0749a4cd6fc2c4d89ddb15"},"breadcrumb":{"@id":"https:\/\/newblogs.correiobraziliense.com.br\/multieixos\/2026\/09\/01\/denza-b5-mantem-lideranca-do-mercado-premium\/#breadcrumb"},"inLanguage":"pt-BR","potentialAction":[{"@type":"ReadAction","target":["https:\/\/newblogs.correiobraziliense.com.br\/multieixos\/2026\/09\/01\/denza-b5-mantem-lideranca-do-mercado-premium\/"]}]},{"@type":"ImageObject","inLanguage":"pt-BR","@id":"https:\/\/newblogs.correiobraziliense.com.br\/multieixos\/2026\/09\/01\/denza-b5-mantem-lideranca-do-mercado-premium\/#primaryimage","url":"https:\/\/newblogs.correiobraziliense.com.br\/multieixos\/wp-content\/uploads\/sites\/6\/2026\/09\/Denza-B5-o.jpg","contentUrl":"https:\/\/newblogs.correiobraziliense.com.br\/multieixos\/wp-content\/uploads\/sites\/6\/2026\/09\/Denza-B5-o.jpg","width":1068,"height":628},{"@type":"BreadcrumbList","@id":"https:\/\/newblogs.correiobraziliense.com.br\/multieixos\/2026\/09\/01\/denza-b5-mantem-lideranca-do-mercado-premium\/#breadcrumb","itemListElement":[{"@type":"ListItem","position":1,"name":"In\u00edcio","item":"https:\/\/newblogs.correiobraziliense.com.br\/multieixos\/"},{"@type":"ListItem","position":2,"name":"Denza B5 mant\u00e9m lideran\u00e7a do mercado premium"}]},{"@type":"WebSite","@id":"https:\/\/newblogs.correiobraziliense.com.br\/multieixos\/#website","url":"https:\/\/newblogs.correiobraziliense.com.br\/multieixos\/","name":"Multieixos com Renato Ferraz","description":"Aqui, voc\u00ea encontra informa\u00e7\u00f5es atualizadas sobre o mercado automotivo, tend\u00eancias de mobilidade urbana, novas solu\u00e7\u00f5es em sustentabilidade no setor de transportes e as principais mudan\u00e7as na legisla\u00e7\u00e3o de tr\u00e2nsito.","alternateName":"Blog | Multieixos com Renato Ferra","potentialAction":[{"@type":"SearchAction","target":{"@type":"EntryPoint","urlTemplate":"https:\/\/newblogs.correiobraziliense.com.br\/multieixos\/?s={search_term_string}"},"query-input":{"@type":"PropertyValueSpecification","valueRequired":true,"valueName":"search_term_string"}}],"inLanguage":"pt-BR"},{"@type":"Person","@id":"https:\/\/newblogs.correiobraziliense.com.br\/multieixos\/#\/schema\/person\/2fb466788a0749a4cd6fc2c4d89ddb15","name":"Renato Ferraz","image":{"@type":"ImageObject","inLanguage":"pt-BR","@id":"https:\/\/secure.gravatar.com\/avatar\/05490fac3b629881956c1c2d33a9f5fcb406d4619aeb73f2548eb9374d66c612?s=96&d=mm&r=g","url":"https:\/\/secure.gravatar.com\/avatar\/05490fac3b629881956c1c2d33a9f5fcb406d4619aeb73f2548eb9374d66c612?s=96&d=mm&r=g","contentUrl":"https:\/\/secure.gravatar.com\/avatar\/05490fac3b629881956c1c2d33a9f5fcb406d4619aeb73f2548eb9374d66c612?s=96&d=mm&r=g","caption":"Renato Ferraz"},"description":"\u00c9 jornalista profissional h\u00e1 35 anos e escreve sobre carros, tr\u00e2nsito e mobilidade desde 2004, participando de centenas lan\u00e7amentos de produtos e v\u00e1rios sal\u00f5es automobil\u00edsticos globais.","sameAs":["https:\/\/www.facebook.com\/profile.php?id=100092255591956","https:\/\/www.instagram.com\/multieixos_correio\/"],"url":"https:\/\/newblogs.correiobraziliense.com.br\/multieixos\/author\/renatoferraz\/"}]}},"_links":{"self":[{"href":"https:\/\/newblogs.correiobraziliense.com.br\/multieixos\/wp-json\/wp\/v2\/posts\/3795","targetHints":{"allow":["GET"]}}],"collection":[{"href":"https:\/\/newblogs.correiobraziliense.com.br\/multieixos\/wp-json\/wp\/v2\/posts"}],"about":[{"href":"https:\/\/newblogs.correiobraziliense.com.br\/multieixos\/wp-json\/wp\/v2\/types\/post"}],"author":[{"embeddable":true,"href":"https:\/\/newblogs.correiobraziliense.com.br\/multieixos\/wp-json\/wp\/v2\/users\/20"}],"replies":[{"embeddable":true,"href":"https:\/\/newblogs.correiobraziliense.com.br\/multieixos\/wp-json\/wp\/v2\/comments?post=3795"}],"version-history":[{"count":2,"href":"https:\/\/newblogs.correiobraziliense.com.br\/multieixos\/wp-json\/wp\/v2\/posts\/3795\/revisions"}],"predecessor-version":[{"id":3802,"href":"https:\/\/newblogs.correiobraziliense.com.br\/multieixos\/wp-json\/wp\/v2\/posts\/3795\/revisions\/3802"}],"wp:featuredmedia":[{"embeddable":true,"href":"https:\/\/newblogs.correiobraziliense.com.br\/multieixos\/wp-json\/wp\/v2\/media\/3796"}],"wp:attachment":[{"href":"https:\/\/newblogs.correiobraziliense.com.br\/multieixos\/wp-json\/wp\/v2\/media?parent=3795"}],"wp:term":[{"taxonomy":"category","embeddable":true,"href":"https:\/\/newblogs.correiobraziliense.com.br\/multieixos\/wp-json\/wp\/v2\/categories?post=3795"},{"taxonomy":"post_tag","embeddable":true,"href":"https:\/\/newblogs.correiobraziliense.com.br\/multieixos\/wp-json\/wp\/v2\/tags?post=3795"}],"curies":[{"name":"wp","href":"https:\/\/api.w.org\/{rel}","templated":true}]}}