{"id":3701,"date":"2026-09-01T11:19:50","date_gmt":"2026-09-01T14:19:50","guid":{"rendered":"https:\/\/newblogs.correiobraziliense.com.br\/multieixos\/?p=3701"},"modified":"2026-09-01T11:20:30","modified_gmt":"2026-09-01T14:20:30","slug":"toro-hibrida-leve-de-48-volts-o-que-muda-nela","status":"publish","type":"post","link":"https:\/\/newblogs.correiobraziliense.com.br\/multieixos\/2026\/09\/01\/toro-hibrida-leve-de-48-volts-o-que-muda-nela\/","title":{"rendered":"Toro h\u00edbrida-leve de 48 volts: o que muda nela?"},"content":{"rendered":"\n<p><a href=\"https:\/\/newblogs.correiobraziliense.com.br\/multieixos\/wp-admin\/edit.php\">Todos os posts<\/a><\/p>\n\n\n\n<p>Duas vers\u00f5es da linha 2027 da Fiat Toro ganharam o sistema h\u00edbrido-leve, conhecido como MHEV &#8211; sigla em ingl\u00eas para Mild Hybrid Electric Vehicle: a Ultra e a Volcano. O sistema j\u00e1 se popularizou em outras marcas do grupo Stellantis, como Peugeot, Jeep e Citro\u00ebn. A Toro ficou mais econ\u00f4mica e agrad\u00e1vel de dirigir com a ado\u00e7\u00e3o do sistema h\u00edbrido-leve de 48 volts? Depois de uma semana ao volante da vers\u00e3o Volcano MHEV 2027, em rodovias e no tr\u00e2nsito urbano, a resposta \u00e9 sim \u2014 mas com algumas ressalvas. A <strong>Multieixos <\/strong>explica quais os efeitos da inclus\u00e3o desse motorzinho de 48 volts que funciona como assist\u00eancia el\u00e9trica ao 1.3 turbo flex a combust\u00e3o.&nbsp;<\/p>\n\n\n\n<figure class=\"wp-block-image size-large\"><img loading=\"lazy\" decoding=\"async\" width=\"1024\" height=\"683\" src=\"https:\/\/newblogs.correiobraziliense.com.br\/multieixos\/wp-content\/uploads\/sites\/6\/2026\/09\/fiat-toro-volcano-my27-0017-1024x683.jpg\" alt=\"\" class=\"wp-image-3707\" srcset=\"https:\/\/newblogs.correiobraziliense.com.br\/multieixos\/wp-content\/uploads\/sites\/6\/2026\/09\/fiat-toro-volcano-my27-0017-1024x683.jpg 1024w, https:\/\/newblogs.correiobraziliense.com.br\/multieixos\/wp-content\/uploads\/sites\/6\/2026\/09\/fiat-toro-volcano-my27-0017-300x200.jpg 300w, https:\/\/newblogs.correiobraziliense.com.br\/multieixos\/wp-content\/uploads\/sites\/6\/2026\/09\/fiat-toro-volcano-my27-0017-768x512.jpg 768w, https:\/\/newblogs.correiobraziliense.com.br\/multieixos\/wp-content\/uploads\/sites\/6\/2026\/09\/fiat-toro-volcano-my27-0017-1536x1025.jpg 1536w, https:\/\/newblogs.correiobraziliense.com.br\/multieixos\/wp-content\/uploads\/sites\/6\/2026\/09\/fiat-toro-volcano-my27-0017.jpg 2048w\" sizes=\"auto, (max-width: 1024px) 100vw, 1024px\" \/><\/figure>\n\n\n\n<p>No geral, vale refor\u00e7ar: al\u00e9m do MHEV, a Volcano teve reorganizado o pacote de equipamentos de conforto e conveni\u00eancia (parte como opcionais). Por exemplo: os bancos el\u00e9tricos n\u00e3o s\u00e3o de s\u00e9rie, pois aparecem no Pack Tech Volcano. Assim tamb\u00e9m o s\u00e3o o sensor de estacionamento dianteiro e o detector de ponto cego. E manteve o carregador de celular por indu\u00e7\u00e3o, os bancos em couro, a entrada e a partida por chave etc.&nbsp;<\/p>\n\n\n<div class=\"slider-wrapper\"><div class=\"slider\">\n<figure class=\"wp-block-gallery has-nested-images columns-default is-cropped wp-block-gallery-1 is-layout-flex wp-block-gallery-is-layout-flex\">\n<figure class=\"wp-block-image size-large\"><img loading=\"lazy\" decoding=\"async\" width=\"1024\" height=\"644\" data-id=\"3708\" src=\"https:\/\/newblogs.correiobraziliense.com.br\/multieixos\/wp-content\/uploads\/sites\/6\/2026\/09\/fiat-toro-volcano-my27-0001-1024x644.jpg\" alt=\"\" class=\"wp-image-3708\" srcset=\"https:\/\/newblogs.correiobraziliense.com.br\/multieixos\/wp-content\/uploads\/sites\/6\/2026\/09\/fiat-toro-volcano-my27-0001-1024x644.jpg 1024w, https:\/\/newblogs.correiobraziliense.com.br\/multieixos\/wp-content\/uploads\/sites\/6\/2026\/09\/fiat-toro-volcano-my27-0001-300x189.jpg 300w, https:\/\/newblogs.correiobraziliense.com.br\/multieixos\/wp-content\/uploads\/sites\/6\/2026\/09\/fiat-toro-volcano-my27-0001-768x483.jpg 768w, https:\/\/newblogs.correiobraziliense.com.br\/multieixos\/wp-content\/uploads\/sites\/6\/2026\/09\/fiat-toro-volcano-my27-0001-1536x965.jpg 1536w, https:\/\/newblogs.correiobraziliense.com.br\/multieixos\/wp-content\/uploads\/sites\/6\/2026\/09\/fiat-toro-volcano-my27-0001-2048x1287.jpg 2048w\" sizes=\"auto, (max-width: 1024px) 100vw, 1024px\" \/><\/figure>\n\n\n\n<figure class=\"wp-block-image size-large\"><img loading=\"lazy\" decoding=\"async\" width=\"1024\" height=\"683\" data-id=\"3709\" src=\"https:\/\/newblogs.correiobraziliense.com.br\/multieixos\/wp-content\/uploads\/sites\/6\/2026\/09\/fiat-toro-volcano-my27-0002-1-1024x683.jpg\" alt=\"\" class=\"wp-image-3709\" srcset=\"https:\/\/newblogs.correiobraziliense.com.br\/multieixos\/wp-content\/uploads\/sites\/6\/2026\/09\/fiat-toro-volcano-my27-0002-1-1024x683.jpg 1024w, https:\/\/newblogs.correiobraziliense.com.br\/multieixos\/wp-content\/uploads\/sites\/6\/2026\/09\/fiat-toro-volcano-my27-0002-1-300x200.jpg 300w, https:\/\/newblogs.correiobraziliense.com.br\/multieixos\/wp-content\/uploads\/sites\/6\/2026\/09\/fiat-toro-volcano-my27-0002-1-768x512.jpg 768w, https:\/\/newblogs.correiobraziliense.com.br\/multieixos\/wp-content\/uploads\/sites\/6\/2026\/09\/fiat-toro-volcano-my27-0002-1-1536x1025.jpg 1536w, https:\/\/newblogs.correiobraziliense.com.br\/multieixos\/wp-content\/uploads\/sites\/6\/2026\/09\/fiat-toro-volcano-my27-0002-1.jpg 2048w\" sizes=\"auto, (max-width: 1024px) 100vw, 1024px\" \/><\/figure>\n\n\n\n<figure class=\"wp-block-image size-large\"><img loading=\"lazy\" decoding=\"async\" width=\"1024\" height=\"683\" data-id=\"3710\" src=\"https:\/\/newblogs.correiobraziliense.com.br\/multieixos\/wp-content\/uploads\/sites\/6\/2026\/09\/fiat-toro-volcano-my27-0002-1024x683.jpg\" alt=\"\" class=\"wp-image-3710\" srcset=\"https:\/\/newblogs.correiobraziliense.com.br\/multieixos\/wp-content\/uploads\/sites\/6\/2026\/09\/fiat-toro-volcano-my27-0002-1024x683.jpg 1024w, https:\/\/newblogs.correiobraziliense.com.br\/multieixos\/wp-content\/uploads\/sites\/6\/2026\/09\/fiat-toro-volcano-my27-0002-300x200.jpg 300w, https:\/\/newblogs.correiobraziliense.com.br\/multieixos\/wp-content\/uploads\/sites\/6\/2026\/09\/fiat-toro-volcano-my27-0002-768x512.jpg 768w, https:\/\/newblogs.correiobraziliense.com.br\/multieixos\/wp-content\/uploads\/sites\/6\/2026\/09\/fiat-toro-volcano-my27-0002-1536x1025.jpg 1536w, https:\/\/newblogs.correiobraziliense.com.br\/multieixos\/wp-content\/uploads\/sites\/6\/2026\/09\/fiat-toro-volcano-my27-0002.jpg 2048w\" sizes=\"auto, (max-width: 1024px) 100vw, 1024px\" \/><\/figure>\n\n\n\n<figure class=\"wp-block-image size-large\"><img loading=\"lazy\" decoding=\"async\" width=\"1024\" height=\"683\" data-id=\"3711\" src=\"https:\/\/newblogs.correiobraziliense.com.br\/multieixos\/wp-content\/uploads\/sites\/6\/2026\/09\/fiat-toro-volcano-my27-0003-1024x683.jpg\" alt=\"\" class=\"wp-image-3711\" srcset=\"https:\/\/newblogs.correiobraziliense.com.br\/multieixos\/wp-content\/uploads\/sites\/6\/2026\/09\/fiat-toro-volcano-my27-0003-1024x683.jpg 1024w, https:\/\/newblogs.correiobraziliense.com.br\/multieixos\/wp-content\/uploads\/sites\/6\/2026\/09\/fiat-toro-volcano-my27-0003-300x200.jpg 300w, https:\/\/newblogs.correiobraziliense.com.br\/multieixos\/wp-content\/uploads\/sites\/6\/2026\/09\/fiat-toro-volcano-my27-0003-768x512.jpg 768w, https:\/\/newblogs.correiobraziliense.com.br\/multieixos\/wp-content\/uploads\/sites\/6\/2026\/09\/fiat-toro-volcano-my27-0003-1536x1025.jpg 1536w, https:\/\/newblogs.correiobraziliense.com.br\/multieixos\/wp-content\/uploads\/sites\/6\/2026\/09\/fiat-toro-volcano-my27-0003.jpg 2048w\" sizes=\"auto, (max-width: 1024px) 100vw, 1024px\" \/><\/figure>\n\n\n\n<figure class=\"wp-block-image size-large\"><img loading=\"lazy\" decoding=\"async\" width=\"1024\" height=\"683\" data-id=\"3718\" src=\"https:\/\/newblogs.correiobraziliense.com.br\/multieixos\/wp-content\/uploads\/sites\/6\/2026\/09\/fiat-toro-volcano-my27-0004-1024x683.jpg\" alt=\"\" class=\"wp-image-3718\" srcset=\"https:\/\/newblogs.correiobraziliense.com.br\/multieixos\/wp-content\/uploads\/sites\/6\/2026\/09\/fiat-toro-volcano-my27-0004-1024x683.jpg 1024w, https:\/\/newblogs.correiobraziliense.com.br\/multieixos\/wp-content\/uploads\/sites\/6\/2026\/09\/fiat-toro-volcano-my27-0004-300x200.jpg 300w, https:\/\/newblogs.correiobraziliense.com.br\/multieixos\/wp-content\/uploads\/sites\/6\/2026\/09\/fiat-toro-volcano-my27-0004-768x512.jpg 768w, https:\/\/newblogs.correiobraziliense.com.br\/multieixos\/wp-content\/uploads\/sites\/6\/2026\/09\/fiat-toro-volcano-my27-0004-1536x1025.jpg 1536w, https:\/\/newblogs.correiobraziliense.com.br\/multieixos\/wp-content\/uploads\/sites\/6\/2026\/09\/fiat-toro-volcano-my27-0004.jpg 2048w\" sizes=\"auto, (max-width: 1024px) 100vw, 1024px\" \/><\/figure>\n\n\n\n<figure class=\"wp-block-image size-large\"><img loading=\"lazy\" decoding=\"async\" width=\"1024\" height=\"683\" data-id=\"3715\" src=\"https:\/\/newblogs.correiobraziliense.com.br\/multieixos\/wp-content\/uploads\/sites\/6\/2026\/09\/fiat-toro-volcano-my27-0005-1024x683.jpg\" alt=\"\" class=\"wp-image-3715\" srcset=\"https:\/\/newblogs.correiobraziliense.com.br\/multieixos\/wp-content\/uploads\/sites\/6\/2026\/09\/fiat-toro-volcano-my27-0005-1024x683.jpg 1024w, https:\/\/newblogs.correiobraziliense.com.br\/multieixos\/wp-content\/uploads\/sites\/6\/2026\/09\/fiat-toro-volcano-my27-0005-300x200.jpg 300w, https:\/\/newblogs.correiobraziliense.com.br\/multieixos\/wp-content\/uploads\/sites\/6\/2026\/09\/fiat-toro-volcano-my27-0005-768x512.jpg 768w, https:\/\/newblogs.correiobraziliense.com.br\/multieixos\/wp-content\/uploads\/sites\/6\/2026\/09\/fiat-toro-volcano-my27-0005-1536x1024.jpg 1536w, https:\/\/newblogs.correiobraziliense.com.br\/multieixos\/wp-content\/uploads\/sites\/6\/2026\/09\/fiat-toro-volcano-my27-0005.jpg 1998w\" sizes=\"auto, (max-width: 1024px) 100vw, 1024px\" \/><\/figure>\n\n\n\n<figure class=\"wp-block-image size-large\"><img loading=\"lazy\" decoding=\"async\" width=\"1024\" height=\"683\" data-id=\"3713\" src=\"https:\/\/newblogs.correiobraziliense.com.br\/multieixos\/wp-content\/uploads\/sites\/6\/2026\/09\/fiat-toro-volcano-my27-0006-1024x683.jpg\" alt=\"\" class=\"wp-image-3713\" srcset=\"https:\/\/newblogs.correiobraziliense.com.br\/multieixos\/wp-content\/uploads\/sites\/6\/2026\/09\/fiat-toro-volcano-my27-0006-1024x683.jpg 1024w, https:\/\/newblogs.correiobraziliense.com.br\/multieixos\/wp-content\/uploads\/sites\/6\/2026\/09\/fiat-toro-volcano-my27-0006-300x200.jpg 300w, https:\/\/newblogs.correiobraziliense.com.br\/multieixos\/wp-content\/uploads\/sites\/6\/2026\/09\/fiat-toro-volcano-my27-0006-768x512.jpg 768w, https:\/\/newblogs.correiobraziliense.com.br\/multieixos\/wp-content\/uploads\/sites\/6\/2026\/09\/fiat-toro-volcano-my27-0006-1536x1024.jpg 1536w, https:\/\/newblogs.correiobraziliense.com.br\/multieixos\/wp-content\/uploads\/sites\/6\/2026\/09\/fiat-toro-volcano-my27-0006-2048x1366.jpg 2048w\" sizes=\"auto, (max-width: 1024px) 100vw, 1024px\" \/><\/figure>\n\n\n\n<figure class=\"wp-block-image size-large\"><img loading=\"lazy\" decoding=\"async\" width=\"1024\" height=\"622\" data-id=\"3716\" src=\"https:\/\/newblogs.correiobraziliense.com.br\/multieixos\/wp-content\/uploads\/sites\/6\/2026\/09\/fiat-toro-volcano-my27-0007-1-1024x622.jpg\" alt=\"\" class=\"wp-image-3716\" srcset=\"https:\/\/newblogs.correiobraziliense.com.br\/multieixos\/wp-content\/uploads\/sites\/6\/2026\/09\/fiat-toro-volcano-my27-0007-1-1024x622.jpg 1024w, https:\/\/newblogs.correiobraziliense.com.br\/multieixos\/wp-content\/uploads\/sites\/6\/2026\/09\/fiat-toro-volcano-my27-0007-1-300x182.jpg 300w, https:\/\/newblogs.correiobraziliense.com.br\/multieixos\/wp-content\/uploads\/sites\/6\/2026\/09\/fiat-toro-volcano-my27-0007-1-768x467.jpg 768w, https:\/\/newblogs.correiobraziliense.com.br\/multieixos\/wp-content\/uploads\/sites\/6\/2026\/09\/fiat-toro-volcano-my27-0007-1-1536x934.jpg 1536w, https:\/\/newblogs.correiobraziliense.com.br\/multieixos\/wp-content\/uploads\/sites\/6\/2026\/09\/fiat-toro-volcano-my27-0007-1-2048x1245.jpg 2048w\" sizes=\"auto, (max-width: 1024px) 100vw, 1024px\" \/><\/figure>\n\n\n\n<figure class=\"wp-block-image size-large\"><img loading=\"lazy\" decoding=\"async\" width=\"1024\" height=\"683\" data-id=\"3717\" src=\"https:\/\/newblogs.correiobraziliense.com.br\/multieixos\/wp-content\/uploads\/sites\/6\/2026\/09\/fiat-toro-volcano-my27-0008-1-1024x683.jpg\" alt=\"\" class=\"wp-image-3717\" srcset=\"https:\/\/newblogs.correiobraziliense.com.br\/multieixos\/wp-content\/uploads\/sites\/6\/2026\/09\/fiat-toro-volcano-my27-0008-1-1024x683.jpg 1024w, https:\/\/newblogs.correiobraziliense.com.br\/multieixos\/wp-content\/uploads\/sites\/6\/2026\/09\/fiat-toro-volcano-my27-0008-1-300x200.jpg 300w, https:\/\/newblogs.correiobraziliense.com.br\/multieixos\/wp-content\/uploads\/sites\/6\/2026\/09\/fiat-toro-volcano-my27-0008-1-768x512.jpg 768w, https:\/\/newblogs.correiobraziliense.com.br\/multieixos\/wp-content\/uploads\/sites\/6\/2026\/09\/fiat-toro-volcano-my27-0008-1-1536x1025.jpg 1536w, https:\/\/newblogs.correiobraziliense.com.br\/multieixos\/wp-content\/uploads\/sites\/6\/2026\/09\/fiat-toro-volcano-my27-0008-1-2048x1367.jpg 2048w\" sizes=\"auto, (max-width: 1024px) 100vw, 1024px\" \/><\/figure>\n\n\n\n<figure class=\"wp-block-image size-large\"><img loading=\"lazy\" decoding=\"async\" width=\"1024\" height=\"683\" data-id=\"3714\" src=\"https:\/\/newblogs.correiobraziliense.com.br\/multieixos\/wp-content\/uploads\/sites\/6\/2026\/09\/fiat-toro-volcano-my27-0008-1024x683.jpg\" alt=\"\" class=\"wp-image-3714\" srcset=\"https:\/\/newblogs.correiobraziliense.com.br\/multieixos\/wp-content\/uploads\/sites\/6\/2026\/09\/fiat-toro-volcano-my27-0008-1024x683.jpg 1024w, https:\/\/newblogs.correiobraziliense.com.br\/multieixos\/wp-content\/uploads\/sites\/6\/2026\/09\/fiat-toro-volcano-my27-0008-300x200.jpg 300w, https:\/\/newblogs.correiobraziliense.com.br\/multieixos\/wp-content\/uploads\/sites\/6\/2026\/09\/fiat-toro-volcano-my27-0008-768x512.jpg 768w, https:\/\/newblogs.correiobraziliense.com.br\/multieixos\/wp-content\/uploads\/sites\/6\/2026\/09\/fiat-toro-volcano-my27-0008-1536x1025.jpg 1536w, https:\/\/newblogs.correiobraziliense.com.br\/multieixos\/wp-content\/uploads\/sites\/6\/2026\/09\/fiat-toro-volcano-my27-0008-2048x1367.jpg 2048w\" sizes=\"auto, (max-width: 1024px) 100vw, 1024px\" \/><\/figure>\n\n\n\n<figure class=\"wp-block-image size-large\"><img loading=\"lazy\" decoding=\"async\" width=\"1024\" height=\"683\" data-id=\"3712\" src=\"https:\/\/newblogs.correiobraziliense.com.br\/multieixos\/wp-content\/uploads\/sites\/6\/2026\/09\/fiat-toro-volcano-my27-0009-1024x683.jpg\" alt=\"\" class=\"wp-image-3712\" srcset=\"https:\/\/newblogs.correiobraziliense.com.br\/multieixos\/wp-content\/uploads\/sites\/6\/2026\/09\/fiat-toro-volcano-my27-0009-1024x683.jpg 1024w, https:\/\/newblogs.correiobraziliense.com.br\/multieixos\/wp-content\/uploads\/sites\/6\/2026\/09\/fiat-toro-volcano-my27-0009-300x200.jpg 300w, https:\/\/newblogs.correiobraziliense.com.br\/multieixos\/wp-content\/uploads\/sites\/6\/2026\/09\/fiat-toro-volcano-my27-0009-768x512.jpg 768w, https:\/\/newblogs.correiobraziliense.com.br\/multieixos\/wp-content\/uploads\/sites\/6\/2026\/09\/fiat-toro-volcano-my27-0009-1536x1024.jpg 1536w, https:\/\/newblogs.correiobraziliense.com.br\/multieixos\/wp-content\/uploads\/sites\/6\/2026\/09\/fiat-toro-volcano-my27-0009-2048x1366.jpg 2048w\" sizes=\"auto, (max-width: 1024px) 100vw, 1024px\" \/><\/figure>\n\n\n\n<figure class=\"wp-block-image size-large\"><img loading=\"lazy\" decoding=\"async\" width=\"1024\" height=\"683\" data-id=\"3719\" src=\"https:\/\/newblogs.correiobraziliense.com.br\/multieixos\/wp-content\/uploads\/sites\/6\/2026\/09\/fiat-toro-volcano-my27-0010-1024x683.jpg\" alt=\"\" class=\"wp-image-3719\" srcset=\"https:\/\/newblogs.correiobraziliense.com.br\/multieixos\/wp-content\/uploads\/sites\/6\/2026\/09\/fiat-toro-volcano-my27-0010-1024x683.jpg 1024w, https:\/\/newblogs.correiobraziliense.com.br\/multieixos\/wp-content\/uploads\/sites\/6\/2026\/09\/fiat-toro-volcano-my27-0010-300x200.jpg 300w, https:\/\/newblogs.correiobraziliense.com.br\/multieixos\/wp-content\/uploads\/sites\/6\/2026\/09\/fiat-toro-volcano-my27-0010-768x512.jpg 768w, https:\/\/newblogs.correiobraziliense.com.br\/multieixos\/wp-content\/uploads\/sites\/6\/2026\/09\/fiat-toro-volcano-my27-0010-1536x1025.jpg 1536w, https:\/\/newblogs.correiobraziliense.com.br\/multieixos\/wp-content\/uploads\/sites\/6\/2026\/09\/fiat-toro-volcano-my27-0010-2048x1366.jpg 2048w\" sizes=\"auto, (max-width: 1024px) 100vw, 1024px\" \/><\/figure>\n\n\n\n<figure class=\"wp-block-image size-large\"><img loading=\"lazy\" decoding=\"async\" width=\"1024\" height=\"683\" data-id=\"3721\" src=\"https:\/\/newblogs.correiobraziliense.com.br\/multieixos\/wp-content\/uploads\/sites\/6\/2026\/09\/fiat-toro-volcano-my27-0011-1024x683.jpg\" alt=\"\" class=\"wp-image-3721\" srcset=\"https:\/\/newblogs.correiobraziliense.com.br\/multieixos\/wp-content\/uploads\/sites\/6\/2026\/09\/fiat-toro-volcano-my27-0011-1024x683.jpg 1024w, https:\/\/newblogs.correiobraziliense.com.br\/multieixos\/wp-content\/uploads\/sites\/6\/2026\/09\/fiat-toro-volcano-my27-0011-300x200.jpg 300w, https:\/\/newblogs.correiobraziliense.com.br\/multieixos\/wp-content\/uploads\/sites\/6\/2026\/09\/fiat-toro-volcano-my27-0011-768x512.jpg 768w, https:\/\/newblogs.correiobraziliense.com.br\/multieixos\/wp-content\/uploads\/sites\/6\/2026\/09\/fiat-toro-volcano-my27-0011-1536x1025.jpg 1536w, https:\/\/newblogs.correiobraziliense.com.br\/multieixos\/wp-content\/uploads\/sites\/6\/2026\/09\/fiat-toro-volcano-my27-0011.jpg 2048w\" sizes=\"auto, (max-width: 1024px) 100vw, 1024px\" \/><\/figure>\n\n\n\n<figure class=\"wp-block-image size-large\"><img loading=\"lazy\" decoding=\"async\" width=\"1024\" height=\"683\" data-id=\"3720\" src=\"https:\/\/newblogs.correiobraziliense.com.br\/multieixos\/wp-content\/uploads\/sites\/6\/2026\/09\/fiat-toro-volcano-my27-0012-1024x683.jpg\" alt=\"\" class=\"wp-image-3720\" srcset=\"https:\/\/newblogs.correiobraziliense.com.br\/multieixos\/wp-content\/uploads\/sites\/6\/2026\/09\/fiat-toro-volcano-my27-0012-1024x683.jpg 1024w, https:\/\/newblogs.correiobraziliense.com.br\/multieixos\/wp-content\/uploads\/sites\/6\/2026\/09\/fiat-toro-volcano-my27-0012-300x200.jpg 300w, https:\/\/newblogs.correiobraziliense.com.br\/multieixos\/wp-content\/uploads\/sites\/6\/2026\/09\/fiat-toro-volcano-my27-0012-768x512.jpg 768w, https:\/\/newblogs.correiobraziliense.com.br\/multieixos\/wp-content\/uploads\/sites\/6\/2026\/09\/fiat-toro-volcano-my27-0012-1536x1025.jpg 1536w, https:\/\/newblogs.correiobraziliense.com.br\/multieixos\/wp-content\/uploads\/sites\/6\/2026\/09\/fiat-toro-volcano-my27-0012.jpg 2048w\" sizes=\"auto, (max-width: 1024px) 100vw, 1024px\" \/><\/figure>\n\n\n\n<figure class=\"wp-block-image size-large\"><img loading=\"lazy\" decoding=\"async\" width=\"1024\" height=\"683\" data-id=\"3722\" src=\"https:\/\/newblogs.correiobraziliense.com.br\/multieixos\/wp-content\/uploads\/sites\/6\/2026\/09\/fiat-toro-volcano-my27-0013-1-1024x683.jpg\" alt=\"\" class=\"wp-image-3722\" srcset=\"https:\/\/newblogs.correiobraziliense.com.br\/multieixos\/wp-content\/uploads\/sites\/6\/2026\/09\/fiat-toro-volcano-my27-0013-1-1024x683.jpg 1024w, https:\/\/newblogs.correiobraziliense.com.br\/multieixos\/wp-content\/uploads\/sites\/6\/2026\/09\/fiat-toro-volcano-my27-0013-1-300x200.jpg 300w, https:\/\/newblogs.correiobraziliense.com.br\/multieixos\/wp-content\/uploads\/sites\/6\/2026\/09\/fiat-toro-volcano-my27-0013-1-768x512.jpg 768w, https:\/\/newblogs.correiobraziliense.com.br\/multieixos\/wp-content\/uploads\/sites\/6\/2026\/09\/fiat-toro-volcano-my27-0013-1-1536x1025.jpg 1536w, https:\/\/newblogs.correiobraziliense.com.br\/multieixos\/wp-content\/uploads\/sites\/6\/2026\/09\/fiat-toro-volcano-my27-0013-1.jpg 2048w\" sizes=\"auto, (max-width: 1024px) 100vw, 1024px\" \/><\/figure>\n\n\n\n<figure class=\"wp-block-image size-large\"><img loading=\"lazy\" decoding=\"async\" width=\"1024\" height=\"683\" data-id=\"3727\" src=\"https:\/\/newblogs.correiobraziliense.com.br\/multieixos\/wp-content\/uploads\/sites\/6\/2026\/09\/fiat-toro-volcano-my27-0014-1024x683.jpg\" alt=\"\" class=\"wp-image-3727\" srcset=\"https:\/\/newblogs.correiobraziliense.com.br\/multieixos\/wp-content\/uploads\/sites\/6\/2026\/09\/fiat-toro-volcano-my27-0014-1024x683.jpg 1024w, https:\/\/newblogs.correiobraziliense.com.br\/multieixos\/wp-content\/uploads\/sites\/6\/2026\/09\/fiat-toro-volcano-my27-0014-300x200.jpg 300w, https:\/\/newblogs.correiobraziliense.com.br\/multieixos\/wp-content\/uploads\/sites\/6\/2026\/09\/fiat-toro-volcano-my27-0014-768x512.jpg 768w, https:\/\/newblogs.correiobraziliense.com.br\/multieixos\/wp-content\/uploads\/sites\/6\/2026\/09\/fiat-toro-volcano-my27-0014-1536x1025.jpg 1536w, https:\/\/newblogs.correiobraziliense.com.br\/multieixos\/wp-content\/uploads\/sites\/6\/2026\/09\/fiat-toro-volcano-my27-0014.jpg 2048w\" sizes=\"auto, (max-width: 1024px) 100vw, 1024px\" \/><\/figure>\n\n\n\n<figure class=\"wp-block-image size-large\"><img loading=\"lazy\" decoding=\"async\" width=\"1024\" height=\"683\" data-id=\"3723\" src=\"https:\/\/newblogs.correiobraziliense.com.br\/multieixos\/wp-content\/uploads\/sites\/6\/2026\/09\/fiat-toro-volcano-my27-0015-1024x683.jpg\" alt=\"\" class=\"wp-image-3723\" srcset=\"https:\/\/newblogs.correiobraziliense.com.br\/multieixos\/wp-content\/uploads\/sites\/6\/2026\/09\/fiat-toro-volcano-my27-0015-1024x683.jpg 1024w, https:\/\/newblogs.correiobraziliense.com.br\/multieixos\/wp-content\/uploads\/sites\/6\/2026\/09\/fiat-toro-volcano-my27-0015-300x200.jpg 300w, https:\/\/newblogs.correiobraziliense.com.br\/multieixos\/wp-content\/uploads\/sites\/6\/2026\/09\/fiat-toro-volcano-my27-0015-768x512.jpg 768w, https:\/\/newblogs.correiobraziliense.com.br\/multieixos\/wp-content\/uploads\/sites\/6\/2026\/09\/fiat-toro-volcano-my27-0015-1536x1024.jpg 1536w, https:\/\/newblogs.correiobraziliense.com.br\/multieixos\/wp-content\/uploads\/sites\/6\/2026\/09\/fiat-toro-volcano-my27-0015-2048x1366.jpg 2048w\" sizes=\"auto, (max-width: 1024px) 100vw, 1024px\" \/><\/figure>\n\n\n\n<figure class=\"wp-block-image size-large\"><img loading=\"lazy\" decoding=\"async\" width=\"1024\" height=\"669\" data-id=\"3726\" src=\"https:\/\/newblogs.correiobraziliense.com.br\/multieixos\/wp-content\/uploads\/sites\/6\/2026\/09\/fiat-toro-volcano-my27-0016-1024x669.jpg\" alt=\"\" class=\"wp-image-3726\" srcset=\"https:\/\/newblogs.correiobraziliense.com.br\/multieixos\/wp-content\/uploads\/sites\/6\/2026\/09\/fiat-toro-volcano-my27-0016-1024x669.jpg 1024w, https:\/\/newblogs.correiobraziliense.com.br\/multieixos\/wp-content\/uploads\/sites\/6\/2026\/09\/fiat-toro-volcano-my27-0016-300x196.jpg 300w, https:\/\/newblogs.correiobraziliense.com.br\/multieixos\/wp-content\/uploads\/sites\/6\/2026\/09\/fiat-toro-volcano-my27-0016-768x501.jpg 768w, https:\/\/newblogs.correiobraziliense.com.br\/multieixos\/wp-content\/uploads\/sites\/6\/2026\/09\/fiat-toro-volcano-my27-0016-1536x1003.jpg 1536w, https:\/\/newblogs.correiobraziliense.com.br\/multieixos\/wp-content\/uploads\/sites\/6\/2026\/09\/fiat-toro-volcano-my27-0016.jpg 1913w\" sizes=\"auto, (max-width: 1024px) 100vw, 1024px\" \/><\/figure>\n\n\n\n<figure class=\"wp-block-image size-large\"><img loading=\"lazy\" decoding=\"async\" width=\"1024\" height=\"683\" data-id=\"3725\" src=\"https:\/\/newblogs.correiobraziliense.com.br\/multieixos\/wp-content\/uploads\/sites\/6\/2026\/09\/fiat-toro-volcano-my27-0017-1-1024x683.jpg\" alt=\"\" class=\"wp-image-3725\" srcset=\"https:\/\/newblogs.correiobraziliense.com.br\/multieixos\/wp-content\/uploads\/sites\/6\/2026\/09\/fiat-toro-volcano-my27-0017-1-1024x683.jpg 1024w, https:\/\/newblogs.correiobraziliense.com.br\/multieixos\/wp-content\/uploads\/sites\/6\/2026\/09\/fiat-toro-volcano-my27-0017-1-300x200.jpg 300w, https:\/\/newblogs.correiobraziliense.com.br\/multieixos\/wp-content\/uploads\/sites\/6\/2026\/09\/fiat-toro-volcano-my27-0017-1-768x512.jpg 768w, https:\/\/newblogs.correiobraziliense.com.br\/multieixos\/wp-content\/uploads\/sites\/6\/2026\/09\/fiat-toro-volcano-my27-0017-1-1536x1025.jpg 1536w, https:\/\/newblogs.correiobraziliense.com.br\/multieixos\/wp-content\/uploads\/sites\/6\/2026\/09\/fiat-toro-volcano-my27-0017-1.jpg 2048w\" sizes=\"auto, (max-width: 1024px) 100vw, 1024px\" \/><\/figure>\n\n\n\n<figure class=\"wp-block-image size-large\"><img loading=\"lazy\" decoding=\"async\" width=\"1024\" height=\"683\" data-id=\"3737\" src=\"https:\/\/newblogs.correiobraziliense.com.br\/multieixos\/wp-content\/uploads\/sites\/6\/2026\/09\/fiat-toro-volcano-my27-0019-1-1024x683.jpg\" alt=\"\" class=\"wp-image-3737\" srcset=\"https:\/\/newblogs.correiobraziliense.com.br\/multieixos\/wp-content\/uploads\/sites\/6\/2026\/09\/fiat-toro-volcano-my27-0019-1-1024x683.jpg 1024w, https:\/\/newblogs.correiobraziliense.com.br\/multieixos\/wp-content\/uploads\/sites\/6\/2026\/09\/fiat-toro-volcano-my27-0019-1-300x200.jpg 300w, https:\/\/newblogs.correiobraziliense.com.br\/multieixos\/wp-content\/uploads\/sites\/6\/2026\/09\/fiat-toro-volcano-my27-0019-1-768x512.jpg 768w, https:\/\/newblogs.correiobraziliense.com.br\/multieixos\/wp-content\/uploads\/sites\/6\/2026\/09\/fiat-toro-volcano-my27-0019-1-1536x1025.jpg 1536w, https:\/\/newblogs.correiobraziliense.com.br\/multieixos\/wp-content\/uploads\/sites\/6\/2026\/09\/fiat-toro-volcano-my27-0019-1.jpg 2048w\" sizes=\"auto, (max-width: 1024px) 100vw, 1024px\" \/><\/figure>\n\n\n\n<figure class=\"wp-block-image size-large\"><img loading=\"lazy\" decoding=\"async\" width=\"1024\" height=\"683\" data-id=\"3736\" src=\"https:\/\/newblogs.correiobraziliense.com.br\/multieixos\/wp-content\/uploads\/sites\/6\/2026\/09\/fiat-toro-volcano-my27-0020-1024x683.jpg\" alt=\"\" class=\"wp-image-3736\" srcset=\"https:\/\/newblogs.correiobraziliense.com.br\/multieixos\/wp-content\/uploads\/sites\/6\/2026\/09\/fiat-toro-volcano-my27-0020-1024x683.jpg 1024w, https:\/\/newblogs.correiobraziliense.com.br\/multieixos\/wp-content\/uploads\/sites\/6\/2026\/09\/fiat-toro-volcano-my27-0020-300x200.jpg 300w, https:\/\/newblogs.correiobraziliense.com.br\/multieixos\/wp-content\/uploads\/sites\/6\/2026\/09\/fiat-toro-volcano-my27-0020-768x512.jpg 768w, https:\/\/newblogs.correiobraziliense.com.br\/multieixos\/wp-content\/uploads\/sites\/6\/2026\/09\/fiat-toro-volcano-my27-0020-1536x1025.jpg 1536w, https:\/\/newblogs.correiobraziliense.com.br\/multieixos\/wp-content\/uploads\/sites\/6\/2026\/09\/fiat-toro-volcano-my27-0020.jpg 2048w\" sizes=\"auto, (max-width: 1024px) 100vw, 1024px\" \/><\/figure>\n\n\n\n<figure class=\"wp-block-image size-large\"><img loading=\"lazy\" decoding=\"async\" width=\"1024\" height=\"683\" data-id=\"3738\" src=\"https:\/\/newblogs.correiobraziliense.com.br\/multieixos\/wp-content\/uploads\/sites\/6\/2026\/09\/fiat-toro-volcano-my27-0021-1024x683.jpg\" alt=\"\" class=\"wp-image-3738\" srcset=\"https:\/\/newblogs.correiobraziliense.com.br\/multieixos\/wp-content\/uploads\/sites\/6\/2026\/09\/fiat-toro-volcano-my27-0021-1024x683.jpg 1024w, https:\/\/newblogs.correiobraziliense.com.br\/multieixos\/wp-content\/uploads\/sites\/6\/2026\/09\/fiat-toro-volcano-my27-0021-300x200.jpg 300w, https:\/\/newblogs.correiobraziliense.com.br\/multieixos\/wp-content\/uploads\/sites\/6\/2026\/09\/fiat-toro-volcano-my27-0021-768x512.jpg 768w, https:\/\/newblogs.correiobraziliense.com.br\/multieixos\/wp-content\/uploads\/sites\/6\/2026\/09\/fiat-toro-volcano-my27-0021-1536x1025.jpg 1536w, https:\/\/newblogs.correiobraziliense.com.br\/multieixos\/wp-content\/uploads\/sites\/6\/2026\/09\/fiat-toro-volcano-my27-0021.jpg 2048w\" sizes=\"auto, (max-width: 1024px) 100vw, 1024px\" \/><\/figure>\n\n\n\n<figure class=\"wp-block-image size-large\"><img loading=\"lazy\" decoding=\"async\" width=\"683\" height=\"1024\" data-id=\"3735\" src=\"https:\/\/newblogs.correiobraziliense.com.br\/multieixos\/wp-content\/uploads\/sites\/6\/2026\/09\/fiat-toro-volcano-my27-0022-683x1024.jpg\" alt=\"\" class=\"wp-image-3735\" srcset=\"https:\/\/newblogs.correiobraziliense.com.br\/multieixos\/wp-content\/uploads\/sites\/6\/2026\/09\/fiat-toro-volcano-my27-0022-683x1024.jpg 683w, https:\/\/newblogs.correiobraziliense.com.br\/multieixos\/wp-content\/uploads\/sites\/6\/2026\/09\/fiat-toro-volcano-my27-0022-200x300.jpg 200w, https:\/\/newblogs.correiobraziliense.com.br\/multieixos\/wp-content\/uploads\/sites\/6\/2026\/09\/fiat-toro-volcano-my27-0022-768x1151.jpg 768w, https:\/\/newblogs.correiobraziliense.com.br\/multieixos\/wp-content\/uploads\/sites\/6\/2026\/09\/fiat-toro-volcano-my27-0022-1025x1536.jpg 1025w, https:\/\/newblogs.correiobraziliense.com.br\/multieixos\/wp-content\/uploads\/sites\/6\/2026\/09\/fiat-toro-volcano-my27-0022.jpg 1366w\" sizes=\"auto, (max-width: 683px) 100vw, 683px\" \/><\/figure>\n\n\n\n<figure class=\"wp-block-image size-large\"><img loading=\"lazy\" decoding=\"async\" width=\"1024\" height=\"683\" data-id=\"3730\" src=\"https:\/\/newblogs.correiobraziliense.com.br\/multieixos\/wp-content\/uploads\/sites\/6\/2026\/09\/fiat-toro-volcano-my27-0024-1024x683.jpg\" alt=\"\" class=\"wp-image-3730\" srcset=\"https:\/\/newblogs.correiobraziliense.com.br\/multieixos\/wp-content\/uploads\/sites\/6\/2026\/09\/fiat-toro-volcano-my27-0024-1024x683.jpg 1024w, https:\/\/newblogs.correiobraziliense.com.br\/multieixos\/wp-content\/uploads\/sites\/6\/2026\/09\/fiat-toro-volcano-my27-0024-300x200.jpg 300w, https:\/\/newblogs.correiobraziliense.com.br\/multieixos\/wp-content\/uploads\/sites\/6\/2026\/09\/fiat-toro-volcano-my27-0024-768x512.jpg 768w, https:\/\/newblogs.correiobraziliense.com.br\/multieixos\/wp-content\/uploads\/sites\/6\/2026\/09\/fiat-toro-volcano-my27-0024-1536x1025.jpg 1536w, https:\/\/newblogs.correiobraziliense.com.br\/multieixos\/wp-content\/uploads\/sites\/6\/2026\/09\/fiat-toro-volcano-my27-0024.jpg 2048w\" sizes=\"auto, (max-width: 1024px) 100vw, 1024px\" \/><\/figure>\n\n\n\n<figure class=\"wp-block-image size-large\"><img loading=\"lazy\" decoding=\"async\" width=\"1024\" height=\"765\" data-id=\"3724\" src=\"https:\/\/newblogs.correiobraziliense.com.br\/multieixos\/wp-content\/uploads\/sites\/6\/2026\/09\/fiat-toro-volcano-my27-0025-1024x765.jpg\" alt=\"\" class=\"wp-image-3724\" srcset=\"https:\/\/newblogs.correiobraziliense.com.br\/multieixos\/wp-content\/uploads\/sites\/6\/2026\/09\/fiat-toro-volcano-my27-0025-1024x765.jpg 1024w, https:\/\/newblogs.correiobraziliense.com.br\/multieixos\/wp-content\/uploads\/sites\/6\/2026\/09\/fiat-toro-volcano-my27-0025-300x224.jpg 300w, https:\/\/newblogs.correiobraziliense.com.br\/multieixos\/wp-content\/uploads\/sites\/6\/2026\/09\/fiat-toro-volcano-my27-0025-768x574.jpg 768w, https:\/\/newblogs.correiobraziliense.com.br\/multieixos\/wp-content\/uploads\/sites\/6\/2026\/09\/fiat-toro-volcano-my27-0025.jpg 1044w\" sizes=\"auto, (max-width: 1024px) 100vw, 1024px\" \/><\/figure>\n\n\n\n<figure class=\"wp-block-image size-large\"><img loading=\"lazy\" decoding=\"async\" width=\"1024\" height=\"681\" data-id=\"3731\" src=\"https:\/\/newblogs.correiobraziliense.com.br\/multieixos\/wp-content\/uploads\/sites\/6\/2026\/09\/toro-volcano-mhev-amb-my27-001-1024x681.jpg\" alt=\"\" class=\"wp-image-3731\" srcset=\"https:\/\/newblogs.correiobraziliense.com.br\/multieixos\/wp-content\/uploads\/sites\/6\/2026\/09\/toro-volcano-mhev-amb-my27-001-1024x681.jpg 1024w, https:\/\/newblogs.correiobraziliense.com.br\/multieixos\/wp-content\/uploads\/sites\/6\/2026\/09\/toro-volcano-mhev-amb-my27-001-300x200.jpg 300w, https:\/\/newblogs.correiobraziliense.com.br\/multieixos\/wp-content\/uploads\/sites\/6\/2026\/09\/toro-volcano-mhev-amb-my27-001-768x511.jpg 768w, https:\/\/newblogs.correiobraziliense.com.br\/multieixos\/wp-content\/uploads\/sites\/6\/2026\/09\/toro-volcano-mhev-amb-my27-001.jpg 1264w\" sizes=\"auto, (max-width: 1024px) 100vw, 1024px\" \/><\/figure>\n\n\n\n<figure class=\"wp-block-image size-large\"><img loading=\"lazy\" decoding=\"async\" width=\"1024\" height=\"626\" data-id=\"3732\" src=\"https:\/\/newblogs.correiobraziliense.com.br\/multieixos\/wp-content\/uploads\/sites\/6\/2026\/09\/toro-volcano-mhev-amb-my27-002-1024x626.jpg\" alt=\"\" class=\"wp-image-3732\" srcset=\"https:\/\/newblogs.correiobraziliense.com.br\/multieixos\/wp-content\/uploads\/sites\/6\/2026\/09\/toro-volcano-mhev-amb-my27-002-1024x626.jpg 1024w, https:\/\/newblogs.correiobraziliense.com.br\/multieixos\/wp-content\/uploads\/sites\/6\/2026\/09\/toro-volcano-mhev-amb-my27-002-300x183.jpg 300w, https:\/\/newblogs.correiobraziliense.com.br\/multieixos\/wp-content\/uploads\/sites\/6\/2026\/09\/toro-volcano-mhev-amb-my27-002-768x470.jpg 768w, https:\/\/newblogs.correiobraziliense.com.br\/multieixos\/wp-content\/uploads\/sites\/6\/2026\/09\/toro-volcano-mhev-amb-my27-002.jpg 1308w\" sizes=\"auto, (max-width: 1024px) 100vw, 1024px\" \/><\/figure>\n\n\n\n<figure class=\"wp-block-image size-large\"><img loading=\"lazy\" decoding=\"async\" width=\"1024\" height=\"649\" data-id=\"3733\" src=\"https:\/\/newblogs.correiobraziliense.com.br\/multieixos\/wp-content\/uploads\/sites\/6\/2026\/09\/toro-volcano-mhev-amb-my27-003-1024x649.jpg\" alt=\"\" class=\"wp-image-3733\" srcset=\"https:\/\/newblogs.correiobraziliense.com.br\/multieixos\/wp-content\/uploads\/sites\/6\/2026\/09\/toro-volcano-mhev-amb-my27-003-1024x649.jpg 1024w, https:\/\/newblogs.correiobraziliense.com.br\/multieixos\/wp-content\/uploads\/sites\/6\/2026\/09\/toro-volcano-mhev-amb-my27-003-300x190.jpg 300w, https:\/\/newblogs.correiobraziliense.com.br\/multieixos\/wp-content\/uploads\/sites\/6\/2026\/09\/toro-volcano-mhev-amb-my27-003-768x487.jpg 768w, https:\/\/newblogs.correiobraziliense.com.br\/multieixos\/wp-content\/uploads\/sites\/6\/2026\/09\/toro-volcano-mhev-amb-my27-003.jpg 1288w\" sizes=\"auto, (max-width: 1024px) 100vw, 1024px\" \/><\/figure>\n\n\n\n<figure class=\"wp-block-image size-large\"><img loading=\"lazy\" decoding=\"async\" width=\"1024\" height=\"610\" data-id=\"3734\" src=\"https:\/\/newblogs.correiobraziliense.com.br\/multieixos\/wp-content\/uploads\/sites\/6\/2026\/09\/toro-volcano-mhev-amb-my27-004-1024x610.jpg\" alt=\"\" class=\"wp-image-3734\" srcset=\"https:\/\/newblogs.correiobraziliense.com.br\/multieixos\/wp-content\/uploads\/sites\/6\/2026\/09\/toro-volcano-mhev-amb-my27-004-1024x610.jpg 1024w, https:\/\/newblogs.correiobraziliense.com.br\/multieixos\/wp-content\/uploads\/sites\/6\/2026\/09\/toro-volcano-mhev-amb-my27-004-300x179.jpg 300w, https:\/\/newblogs.correiobraziliense.com.br\/multieixos\/wp-content\/uploads\/sites\/6\/2026\/09\/toro-volcano-mhev-amb-my27-004-768x457.jpg 768w, https:\/\/newblogs.correiobraziliense.com.br\/multieixos\/wp-content\/uploads\/sites\/6\/2026\/09\/toro-volcano-mhev-amb-my27-004.jpg 1344w\" sizes=\"auto, (max-width: 1024px) 100vw, 1024px\" \/><\/figure>\n\n\n\n<figure class=\"wp-block-image size-large\"><img loading=\"lazy\" decoding=\"async\" width=\"1024\" height=\"683\" data-id=\"3729\" src=\"https:\/\/newblogs.correiobraziliense.com.br\/multieixos\/wp-content\/uploads\/sites\/6\/2026\/09\/toro-volcano-mhev-amb-my27-005-1-1024x683.jpg\" alt=\"\" class=\"wp-image-3729\" srcset=\"https:\/\/newblogs.correiobraziliense.com.br\/multieixos\/wp-content\/uploads\/sites\/6\/2026\/09\/toro-volcano-mhev-amb-my27-005-1-1024x683.jpg 1024w, https:\/\/newblogs.correiobraziliense.com.br\/multieixos\/wp-content\/uploads\/sites\/6\/2026\/09\/toro-volcano-mhev-amb-my27-005-1-300x200.jpg 300w, https:\/\/newblogs.correiobraziliense.com.br\/multieixos\/wp-content\/uploads\/sites\/6\/2026\/09\/toro-volcano-mhev-amb-my27-005-1-768x512.jpg 768w, https:\/\/newblogs.correiobraziliense.com.br\/multieixos\/wp-content\/uploads\/sites\/6\/2026\/09\/toro-volcano-mhev-amb-my27-005-1.jpg 1264w\" sizes=\"auto, (max-width: 1024px) 100vw, 1024px\" \/><\/figure>\n<\/figure>\n<\/div>\n\t\t\t<div class=\"slider-nav\">\n\t\t\t\t<button class=\"prev\">\n\t\t\t\t<svg xmlns=\"http:\/\/www.w3.org\/2000\/svg\" width=\"26\" height=\"45\" viewBox=\"0 0 26 45\" fill=\"none\">\n\t\t\t\t<path d=\"M24.9118 0.990519C25.5461 1.62494 25.9023 2.48528 25.9023 3.38235C25.9023 4.27943 25.5461 5.13977 24.9118 5.77419L8.16559 22.5204L24.9118 39.2667C25.5281 39.9047 25.8691 40.7593 25.8614 41.6463C25.8537 42.5334 25.4979 43.3819 24.8706 44.0091C24.2434 44.6364 23.3948 44.9922 22.5078 44.9999C21.6208 45.0076 20.7662 44.6666 20.1282 44.0503L0.990082 24.9123C0.355853 24.2778 -0.000438023 23.4175 -0.000438023 22.5204C-0.000438023 21.6234 0.355853 20.763 0.990082 20.1286L20.1282 0.990519C20.7626 0.35629 21.6229 0 22.52 0C23.4171 0 24.2774 0.35629 24.9118 0.990519Z\" fill=\"white\" fill-opacity=\"0.7\"><\/path>\n\t\t\t\t<\/svg>\n\t\t\t\t<\/button>\n\t\t\t\t<button class=\"next\">\n\t\t\t\t<svg xmlns=\"http:\/\/www.w3.org\/2000\/svg\" width=\"26\" height=\"45\" viewBox=\"0 0 26 45\" fill=\"none\">\n\t\t\t\t<path d=\"M0.99052 0.990519C0.356291 1.62494 0 2.48528 0 3.38235C0 4.27943 0.356291 5.13977 0.99052 5.77419L17.7368 22.5204L0.99052 39.2667C0.374265 39.9047 0.0332682 40.7593 0.0409763 41.6463C0.0486844 42.5334 0.40448 43.3819 1.03173 44.0091C1.65898 44.6364 2.5075 44.9922 3.39453 44.9999C4.28156 45.0076 5.13613 44.6666 5.77419 44.0503L24.9123 24.9123C25.5465 24.2778 25.9028 23.4175 25.9028 22.5204C25.9028 21.6234 25.5465 20.763 24.9123 20.1286L5.77419 0.990519C5.13977 0.35629 4.27943 0 3.38235 0C2.48528 0 1.62494 0.35629 0.99052 0.990519Z\" fill=\"white\" fill-opacity=\"0.7\"><\/path>\n\t\t\t\t<\/svg>\n\t\t\t\t<\/button>\n\t\t\t<\/div>\n\t\t\t<div class=\"slider-dots\"><\/div>\n\t\t\t<\/div>\n\n\n<p>De relevante, vale destacar que ela ganhou c\u00e2mbio e-DCT (<strong>veja logo mais abaixo como ele funciona<\/strong>) e sistemas de aux\u00edlio \u00e0 condu\u00e7\u00e3o, o Adas. Ficou, desta forma, mais completa. Mesmo n\u00e3o sendo um h\u00edbrido pleno (full hybrid, o tradicional, em que o motor el\u00e9trico tem for\u00e7a para tracionar as rodas), a Toro MHEV tamb\u00e9m tem direito \u00e0 isen\u00e7\u00e3o de IPVA, conforme as regras tribut\u00e1rias locais. E em S\u00e3o Paulo h\u00e1 ainda outro benef\u00edcio: os ve\u00edculos h\u00edbridos est\u00e3o liberados do rod\u00edzio municipal. S\u00f3 por esse \u00e2ngulo j\u00e1 leva uma boa vantagem sobre as tradicionais, digamos assim.&nbsp;<\/p>\n\n\n\n<p><strong>e-DCT<\/strong><br \/>A sigla em ingl\u00eas \u00e9 para electrified Dual Clutch Transmission (ou transmiss\u00e3o de dupla embreagem eletrificada). Ela tem 7 marchas e duas embreagens, que permitem pr\u00e9-selecionar a pr\u00f3xima marcha e fazer trocas r\u00e1pidas. Esse pequeno motor auxilia o 1.3 turbo, regenera energia nas desacelera\u00e7\u00f5es, armazenando-a nessa bateria de 48V. Isso permite que o motor el\u00e9trico fa\u00e7a pequenas interven\u00e7\u00f5es &#8211; e sem que o motorista mesmo perceba.\u00a0<\/p>\n\n\n\n<figure class=\"wp-block-image size-large\"><img loading=\"lazy\" decoding=\"async\" width=\"1024\" height=\"683\" src=\"https:\/\/newblogs.correiobraziliense.com.br\/multieixos\/wp-content\/uploads\/sites\/6\/2026\/09\/fiat-toro-volcano-my27-0019-1024x683.jpg\" alt=\"\" class=\"wp-image-3706\" srcset=\"https:\/\/newblogs.correiobraziliense.com.br\/multieixos\/wp-content\/uploads\/sites\/6\/2026\/09\/fiat-toro-volcano-my27-0019-1024x683.jpg 1024w, https:\/\/newblogs.correiobraziliense.com.br\/multieixos\/wp-content\/uploads\/sites\/6\/2026\/09\/fiat-toro-volcano-my27-0019-300x200.jpg 300w, https:\/\/newblogs.correiobraziliense.com.br\/multieixos\/wp-content\/uploads\/sites\/6\/2026\/09\/fiat-toro-volcano-my27-0019-768x512.jpg 768w, https:\/\/newblogs.correiobraziliense.com.br\/multieixos\/wp-content\/uploads\/sites\/6\/2026\/09\/fiat-toro-volcano-my27-0019-1536x1025.jpg 1536w, https:\/\/newblogs.correiobraziliense.com.br\/multieixos\/wp-content\/uploads\/sites\/6\/2026\/09\/fiat-toro-volcano-my27-0019.jpg 2048w\" sizes=\"auto, (max-width: 1024px) 100vw, 1024px\" \/><\/figure>\n\n\n\n<p>Numa arrancada, o el\u00e9trico pode ajudar o 1.3 turbo, reduzindo o esfor\u00e7o do motor a combust\u00e3o. E o motorista percebe o qu\u00ea? Na pr\u00e1tica, ele n\u00e3o sente o motor el\u00e9trico \u201centrar em a\u00e7\u00e3o\u201d. O que percebe s\u00e3o respostas mais r\u00e1pidas nas sa\u00eddas e retomadas em baixa velocidade, al\u00e9m de funcionamento mais suave do conjunto em determinadas situa\u00e7\u00f5es. Nas trocas de marcha, as duas embreagens tornam as mudan\u00e7as mais r\u00e1pidas e suaves; na desacelera\u00e7\u00e3o, o motor el\u00e9trico funciona como gerador e recupera energia para a bateria. \u00c0s vezes, todo esse sistema pode desligar o motor a combust\u00e3o quando n\u00e3o \u00e9 necess\u00e1rio e relig\u00e1-lo rapidamente. Por fim, a Toro n\u00e3o consegue rodar somente com o motor el\u00e9trico, diferentemente de um h\u00edbrido pleno.&nbsp;<\/p>\n\n\n\n<figure class=\"wp-block-image size-large\"><img loading=\"lazy\" decoding=\"async\" width=\"1024\" height=\"622\" src=\"https:\/\/newblogs.correiobraziliense.com.br\/multieixos\/wp-content\/uploads\/sites\/6\/2026\/09\/fiat-toro-volcano-my27-0007-1024x622.jpg\" alt=\"\" class=\"wp-image-3705\" srcset=\"https:\/\/newblogs.correiobraziliense.com.br\/multieixos\/wp-content\/uploads\/sites\/6\/2026\/09\/fiat-toro-volcano-my27-0007-1024x622.jpg 1024w, https:\/\/newblogs.correiobraziliense.com.br\/multieixos\/wp-content\/uploads\/sites\/6\/2026\/09\/fiat-toro-volcano-my27-0007-300x182.jpg 300w, https:\/\/newblogs.correiobraziliense.com.br\/multieixos\/wp-content\/uploads\/sites\/6\/2026\/09\/fiat-toro-volcano-my27-0007-768x467.jpg 768w, https:\/\/newblogs.correiobraziliense.com.br\/multieixos\/wp-content\/uploads\/sites\/6\/2026\/09\/fiat-toro-volcano-my27-0007-1536x934.jpg 1536w, https:\/\/newblogs.correiobraziliense.com.br\/multieixos\/wp-content\/uploads\/sites\/6\/2026\/09\/fiat-toro-volcano-my27-0007-2048x1245.jpg 2048w\" sizes=\"auto, (max-width: 1024px) 100vw, 1024px\" \/><\/figure>\n\n\n\n<p>Recapitulando: o e-DCT tem duas fun\u00e7\u00f5es em um mesmo conjunto: \u00e9 o c\u00e2mbio da picape e, ao mesmo tempo, parte fundamental do sistema h\u00edbrido de 48 V. Enfim, a mudan\u00e7a na Toro 2027 \u00e9 mais significativa: pulou&nbsp; do conjunto 1.3 Turbo + autom\u00e1tico de 6 marchas para 1.3 Turbo + e-DCT de 7 marchas + motor el\u00e9trico de 48 V + bateria de 48 V. Com isso, o esfor\u00e7o do motor a combust\u00e3o foi reduzido e, consequentemente, caem o consumo e as emiss\u00f5es.&nbsp;<\/p>\n\n\n\n<p><strong>E o pre\u00e7o?&nbsp;<\/strong><\/p>\n\n\n\n<p>Na p\u00e1gina <a href=\"https:\/\/toro.fiat.com.br\/monte.html#cor\">da Fiat<\/a>, a Toro Volcano MHEV 2027 \u00e9 oferecida por R$ 197.490, com acr\u00e9scimo de R$ 2.490 pela cor branca perolizada, o que eleva o valor para R$ 199.980. No <a href=\"https:\/\/ofertas.fiat.com.br\/?gclsrc=aw.ds&amp;gad_source=1&amp;gad_campaignid=23361997588&amp;gbraid=0AAAAAD5l6KycAEZ6yd1FqZhkAwBn4e5KJ&amp;gclid=Cj0KCQjw79nUBhCgARIsADSHka3HtCZ_PFReYAK06MVxCNn4rp3k4MxPDewoRgOpKR8YaGY5Ah6SRh8aAuMdEALw_wcB\">site da marca<\/a> espec\u00edfico para promo\u00e7\u00f5es, havia uma oferta por R$ 164.990 &#8211; condicionada \u00e0s condi\u00e7\u00f5es da campanha e da loja.&nbsp;<\/p>\n\n\n\n<p><strong>Adas e luz sequencial<\/strong><br \/>A Volcano agora oferece frenagem aut\u00f4noma de emerg\u00eancia, alerta de mudan\u00e7a de faixa e comuta\u00e7\u00e3o autom\u00e1tica do farol alto. As setas dianteiras tamb\u00e9m passaram a ser sequenciais. Os LEDs acendem progressivamente na dire\u00e7\u00e3o da convers\u00e3o, recurso que acrescenta um toque visual mais sofisticado \u00e0 picape. A vers\u00e3o tamb\u00e9m ganhou de s\u00e9rie o Fiat ConnectMe, sistema de conectividade da marca italiana.<\/p>\n\n\n\n<p>E quanto ao consumo? Aqui, por sinal, est\u00e1 o principal ganho da Toro avaliada. A Fiat anuncia at\u00e9 12% de redu\u00e7\u00e3o no consumo e cerca de 11% menos emiss\u00f5es de CO\u2082 em rela\u00e7\u00e3o \u00e0 vers\u00e3o anterior. Obviamente, o consumo est\u00e1 atrelado ao modo de conduzir &#8211; e at\u00e9 a outros fatores (peso transportado, por exemplo).&nbsp;<\/p>\n\n\n\n<figure class=\"wp-block-image size-large\"><img loading=\"lazy\" decoding=\"async\" width=\"1024\" height=\"683\" src=\"https:\/\/newblogs.correiobraziliense.com.br\/multieixos\/wp-content\/uploads\/sites\/6\/2026\/09\/fiat-toro-volcano-my27-0013-1024x683.jpg\" alt=\"\" class=\"wp-image-3704\" srcset=\"https:\/\/newblogs.correiobraziliense.com.br\/multieixos\/wp-content\/uploads\/sites\/6\/2026\/09\/fiat-toro-volcano-my27-0013-1024x683.jpg 1024w, https:\/\/newblogs.correiobraziliense.com.br\/multieixos\/wp-content\/uploads\/sites\/6\/2026\/09\/fiat-toro-volcano-my27-0013-300x200.jpg 300w, https:\/\/newblogs.correiobraziliense.com.br\/multieixos\/wp-content\/uploads\/sites\/6\/2026\/09\/fiat-toro-volcano-my27-0013-768x512.jpg 768w, https:\/\/newblogs.correiobraziliense.com.br\/multieixos\/wp-content\/uploads\/sites\/6\/2026\/09\/fiat-toro-volcano-my27-0013-1536x1025.jpg 1536w, https:\/\/newblogs.correiobraziliense.com.br\/multieixos\/wp-content\/uploads\/sites\/6\/2026\/09\/fiat-toro-volcano-my27-0013.jpg 2048w\" sizes=\"auto, (max-width: 1024px) 100vw, 1024px\" \/><\/figure>\n\n\n\n<p>Na pr\u00e1tica, durante a semana de avalia\u00e7\u00e3o a Toro fez em torno dos 11km\/l na cidade. O gasto oficial (do Inmetro) aponta para 10,5km\/l. O modelo 2026, sem o MHEV, tem consumo homologado em 9,4 km\/l. O ganho em efici\u00eancia no dia a dia urbano ocorre devido \u00e0 assist\u00eancia el\u00e9trica nas arrancadas e retomadas. No geral, n\u00e3o oferece desempenho absoluto, mas na melhor resposta em baixa velocidade, com o motor el\u00e9trico preenchendo os momentos de menor torque do 1.3 turbo.&nbsp;<\/p>\n\n\n\n<figure class=\"wp-block-image size-large\"><img loading=\"lazy\" decoding=\"async\" width=\"1024\" height=\"681\" src=\"https:\/\/newblogs.correiobraziliense.com.br\/multieixos\/wp-content\/uploads\/sites\/6\/2026\/09\/toro-volcano-mhev-amb-my27-006-1024x681.jpg\" alt=\"\" class=\"wp-image-3703\" srcset=\"https:\/\/newblogs.correiobraziliense.com.br\/multieixos\/wp-content\/uploads\/sites\/6\/2026\/09\/toro-volcano-mhev-amb-my27-006-1024x681.jpg 1024w, https:\/\/newblogs.correiobraziliense.com.br\/multieixos\/wp-content\/uploads\/sites\/6\/2026\/09\/toro-volcano-mhev-amb-my27-006-300x200.jpg 300w, https:\/\/newblogs.correiobraziliense.com.br\/multieixos\/wp-content\/uploads\/sites\/6\/2026\/09\/toro-volcano-mhev-amb-my27-006-768x511.jpg 768w, https:\/\/newblogs.correiobraziliense.com.br\/multieixos\/wp-content\/uploads\/sites\/6\/2026\/09\/toro-volcano-mhev-amb-my27-006.jpg 1111w\" sizes=\"auto, (max-width: 1024px) 100vw, 1024px\" \/><\/figure>\n\n\n\n<p><strong>Do seu jeito<\/strong><br \/>Como o motorista brasileiro \u00e9 f\u00e3 do incrementos acess\u00f3rios e customiza\u00e7\u00e3o, principalmente visual, a Fiat aproveita. A Mopar, empresa do pr\u00f3prio grupo, oferece mais de 90 equipamentos extras para atender diferentes perfis de clientes, do uso urbano ao trabalho pesado, passando tamb\u00e9m pelo lazer e pela aventura. Para a Toro MHEV, s\u00e3o 28 acess\u00f3rios preparados para transformar a picape, ampliando as possibilidades de uso da ca\u00e7amba, capacidade de carga, praticidade no dia a dia e aprimorando ainda mais o visual.\u00a0<\/p>\n","protected":false},"excerpt":{"rendered":"<p>Testamos a vers\u00e3o Volcano 2027 por uma semana e constatamos: o conjunto h\u00edbrido-leve da picape da Fiat melhora as respostas em baixa velocidade e promete reduzir consumo, mas n\u00e3o transforma a picape em um h\u00edbrido capaz de rodar no modo el\u00e9trico<\/p>\n","protected":false},"author":20,"featured_media":3702,"comment_status":"closed","ping_status":"open","sticky":true,"template":"","format":"standard","meta":{"_acf_changed":false,"inline_featured_image":false,"footnotes":""},"categories":[8,291],"tags":[36,43,348,385,27,10,67,44],"class_list":["post-3701","post","type-post","status-publish","format-standard","has-post-thumbnail","hentry","category-carros","category-picapes","tag-avaliacao","tag-fiat","tag-fiat-toro","tag-hibrido-leve","tag-hibridos","tag-precos","tag-stellantis","tag-toro"],"acf":[],"yoast_head":"<!-- This site is optimized with the Yoast SEO plugin v28.1 - https:\/\/yoast.com\/product\/yoast-seo-wordpress\/ -->\n<title>Toro h\u00edbrida-leve de 48 volts: o que muda nela? - Multieixos com Renato Ferraz<\/title>\n<meta name=\"robots\" content=\"index, follow, max-snippet:-1, max-image-preview:large, max-video-preview:-1\" \/>\n<link rel=\"canonical\" href=\"https:\/\/newblogs.correiobraziliense.com.br\/multieixos\/2026\/09\/01\/toro-hibrida-leve-de-48-volts-o-que-muda-nela\/\" \/>\n<meta property=\"og:locale\" content=\"pt_BR\" \/>\n<meta property=\"og:type\" content=\"article\" \/>\n<meta property=\"og:title\" content=\"Toro h\u00edbrida-leve de 48 volts: o que muda nela? - Multieixos com Renato Ferraz\" \/>\n<meta property=\"og:description\" content=\"Testamos a vers\u00e3o Volcano 2027 por uma semana e constatamos: o conjunto h\u00edbrido-leve da picape da Fiat melhora as respostas em baixa velocidade e promete reduzir consumo, mas n\u00e3o transforma a picape em um h\u00edbrido capaz de rodar no modo el\u00e9trico\" \/>\n<meta property=\"og:url\" content=\"https:\/\/newblogs.correiobraziliense.com.br\/multieixos\/2026\/09\/01\/toro-hibrida-leve-de-48-volts-o-que-muda-nela\/\" \/>\n<meta property=\"og:site_name\" content=\"Multieixos com Renato Ferraz\" \/>\n<meta property=\"article:author\" content=\"https:\/\/www.facebook.com\/profile.php?id=100092255591956\" \/>\n<meta property=\"article:published_time\" content=\"2026-09-01T14:19:50+00:00\" \/>\n<meta property=\"article:modified_time\" content=\"2026-09-01T14:20:30+00:00\" \/>\n<meta property=\"og:image\" content=\"https:\/\/newblogs.correiobraziliense.com.br\/multieixos\/wp-content\/uploads\/sites\/6\/2026\/09\/toro-volcano-mhev-amb-my27-005.jpg\" \/>\n\t<meta property=\"og:image:width\" content=\"1264\" \/>\n\t<meta property=\"og:image:height\" content=\"843\" \/>\n\t<meta property=\"og:image:type\" content=\"image\/jpeg\" \/>\n<meta name=\"author\" content=\"Renato Ferraz\" \/>\n<!-- \/ Yoast SEO plugin. -->","yoast_head_json":{"title":"Toro h\u00edbrida-leve de 48 volts: o que muda nela? - Multieixos com Renato Ferraz","robots":{"index":"index","follow":"follow","max-snippet":"max-snippet:-1","max-image-preview":"max-image-preview:large","max-video-preview":"max-video-preview:-1"},"canonical":"https:\/\/newblogs.correiobraziliense.com.br\/multieixos\/2026\/09\/01\/toro-hibrida-leve-de-48-volts-o-que-muda-nela\/","og_locale":"pt_BR","og_type":"article","og_title":"Toro h\u00edbrida-leve de 48 volts: o que muda nela? - Multieixos com Renato Ferraz","og_description":"Testamos a vers\u00e3o Volcano 2027 por uma semana e constatamos: o conjunto h\u00edbrido-leve da picape da Fiat melhora as respostas em baixa velocidade e promete reduzir consumo, mas n\u00e3o transforma a picape em um h\u00edbrido capaz de rodar no modo el\u00e9trico","og_url":"https:\/\/newblogs.correiobraziliense.com.br\/multieixos\/2026\/09\/01\/toro-hibrida-leve-de-48-volts-o-que-muda-nela\/","og_site_name":"Multieixos com Renato Ferraz","article_author":"https:\/\/www.facebook.com\/profile.php?id=100092255591956","article_published_time":"2026-09-01T14:19:50+00:00","article_modified_time":"2026-09-01T14:20:30+00:00","og_image":[{"width":1264,"height":843,"url":"https:\/\/newblogs.correiobraziliense.com.br\/multieixos\/wp-content\/uploads\/sites\/6\/2026\/09\/toro-volcano-mhev-amb-my27-005.jpg","type":"image\/jpeg"}],"author":"Renato Ferraz","schema":{"@context":"https:\/\/schema.org","@graph":[{"@type":"Article","@id":"https:\/\/newblogs.correiobraziliense.com.br\/multieixos\/2026\/09\/01\/toro-hibrida-leve-de-48-volts-o-que-muda-nela\/#article","isPartOf":{"@id":"https:\/\/newblogs.correiobraziliense.com.br\/multieixos\/2026\/09\/01\/toro-hibrida-leve-de-48-volts-o-que-muda-nela\/"},"author":{"name":"Renato Ferraz","@id":"https:\/\/newblogs.correiobraziliense.com.br\/multieixos\/#\/schema\/person\/2fb466788a0749a4cd6fc2c4d89ddb15"},"headline":"Toro h\u00edbrida-leve de 48 volts: o que muda nela?","datePublished":"2026-09-01T14:19:50+00:00","dateModified":"2026-09-01T14:20:30+00:00","mainEntityOfPage":{"@id":"https:\/\/newblogs.correiobraziliense.com.br\/multieixos\/2026\/09\/01\/toro-hibrida-leve-de-48-volts-o-que-muda-nela\/"},"wordCount":984,"image":{"@id":"https:\/\/newblogs.correiobraziliense.com.br\/multieixos\/2026\/09\/01\/toro-hibrida-leve-de-48-volts-o-que-muda-nela\/#primaryimage"},"thumbnailUrl":"https:\/\/newblogs.correiobraziliense.com.br\/multieixos\/wp-content\/uploads\/sites\/6\/2026\/09\/toro-volcano-mhev-amb-my27-005.jpg","keywords":["avalia\u00e7\u00e3o","Fiat","Fiat Toro","h\u00edbrido-leve","h\u00edbridos","pre\u00e7os","Stellantis","Toro"],"articleSection":["Carros","Picapes"],"inLanguage":"pt-BR"},{"@type":"WebPage","@id":"https:\/\/newblogs.correiobraziliense.com.br\/multieixos\/2026\/09\/01\/toro-hibrida-leve-de-48-volts-o-que-muda-nela\/","url":"https:\/\/newblogs.correiobraziliense.com.br\/multieixos\/2026\/09\/01\/toro-hibrida-leve-de-48-volts-o-que-muda-nela\/","name":"Toro h\u00edbrida-leve de 48 volts: o que muda nela? - Multieixos com Renato Ferraz","isPartOf":{"@id":"https:\/\/newblogs.correiobraziliense.com.br\/multieixos\/#website"},"primaryImageOfPage":{"@id":"https:\/\/newblogs.correiobraziliense.com.br\/multieixos\/2026\/09\/01\/toro-hibrida-leve-de-48-volts-o-que-muda-nela\/#primaryimage"},"image":{"@id":"https:\/\/newblogs.correiobraziliense.com.br\/multieixos\/2026\/09\/01\/toro-hibrida-leve-de-48-volts-o-que-muda-nela\/#primaryimage"},"thumbnailUrl":"https:\/\/newblogs.correiobraziliense.com.br\/multieixos\/wp-content\/uploads\/sites\/6\/2026\/09\/toro-volcano-mhev-amb-my27-005.jpg","datePublished":"2026-09-01T14:19:50+00:00","dateModified":"2026-09-01T14:20:30+00:00","author":{"@id":"https:\/\/newblogs.correiobraziliense.com.br\/multieixos\/#\/schema\/person\/2fb466788a0749a4cd6fc2c4d89ddb15"},"breadcrumb":{"@id":"https:\/\/newblogs.correiobraziliense.com.br\/multieixos\/2026\/09\/01\/toro-hibrida-leve-de-48-volts-o-que-muda-nela\/#breadcrumb"},"inLanguage":"pt-BR","potentialAction":[{"@type":"ReadAction","target":["https:\/\/newblogs.correiobraziliense.com.br\/multieixos\/2026\/09\/01\/toro-hibrida-leve-de-48-volts-o-que-muda-nela\/"]}]},{"@type":"ImageObject","inLanguage":"pt-BR","@id":"https:\/\/newblogs.correiobraziliense.com.br\/multieixos\/2026\/09\/01\/toro-hibrida-leve-de-48-volts-o-que-muda-nela\/#primaryimage","url":"https:\/\/newblogs.correiobraziliense.com.br\/multieixos\/wp-content\/uploads\/sites\/6\/2026\/09\/toro-volcano-mhev-amb-my27-005.jpg","contentUrl":"https:\/\/newblogs.correiobraziliense.com.br\/multieixos\/wp-content\/uploads\/sites\/6\/2026\/09\/toro-volcano-mhev-amb-my27-005.jpg","width":1264,"height":843},{"@type":"BreadcrumbList","@id":"https:\/\/newblogs.correiobraziliense.com.br\/multieixos\/2026\/09\/01\/toro-hibrida-leve-de-48-volts-o-que-muda-nela\/#breadcrumb","itemListElement":[{"@type":"ListItem","position":1,"name":"In\u00edcio","item":"https:\/\/newblogs.correiobraziliense.com.br\/multieixos\/"},{"@type":"ListItem","position":2,"name":"Toro h\u00edbrida-leve de 48 volts: o que muda nela?"}]},{"@type":"WebSite","@id":"https:\/\/newblogs.correiobraziliense.com.br\/multieixos\/#website","url":"https:\/\/newblogs.correiobraziliense.com.br\/multieixos\/","name":"Multieixos com Renato Ferraz","description":"Aqui, voc\u00ea encontra informa\u00e7\u00f5es atualizadas sobre o mercado automotivo, tend\u00eancias de mobilidade urbana, novas solu\u00e7\u00f5es em sustentabilidade no setor de transportes e as principais mudan\u00e7as na legisla\u00e7\u00e3o de tr\u00e2nsito.","alternateName":"Blog | Multieixos com Renato Ferra","potentialAction":[{"@type":"SearchAction","target":{"@type":"EntryPoint","urlTemplate":"https:\/\/newblogs.correiobraziliense.com.br\/multieixos\/?s={search_term_string}"},"query-input":{"@type":"PropertyValueSpecification","valueRequired":true,"valueName":"search_term_string"}}],"inLanguage":"pt-BR"},{"@type":"Person","@id":"https:\/\/newblogs.correiobraziliense.com.br\/multieixos\/#\/schema\/person\/2fb466788a0749a4cd6fc2c4d89ddb15","name":"Renato Ferraz","image":{"@type":"ImageObject","inLanguage":"pt-BR","@id":"https:\/\/secure.gravatar.com\/avatar\/05490fac3b629881956c1c2d33a9f5fcb406d4619aeb73f2548eb9374d66c612?s=96&d=mm&r=g","url":"https:\/\/secure.gravatar.com\/avatar\/05490fac3b629881956c1c2d33a9f5fcb406d4619aeb73f2548eb9374d66c612?s=96&d=mm&r=g","contentUrl":"https:\/\/secure.gravatar.com\/avatar\/05490fac3b629881956c1c2d33a9f5fcb406d4619aeb73f2548eb9374d66c612?s=96&d=mm&r=g","caption":"Renato Ferraz"},"description":"\u00c9 jornalista profissional h\u00e1 35 anos e escreve sobre carros, tr\u00e2nsito e mobilidade desde 2004, participando de centenas lan\u00e7amentos de produtos e v\u00e1rios sal\u00f5es automobil\u00edsticos globais.","sameAs":["https:\/\/www.facebook.com\/profile.php?id=100092255591956","https:\/\/www.instagram.com\/multieixos_correio\/"],"url":"https:\/\/newblogs.correiobraziliense.com.br\/multieixos\/author\/renatoferraz\/"}]}},"_links":{"self":[{"href":"https:\/\/newblogs.correiobraziliense.com.br\/multieixos\/wp-json\/wp\/v2\/posts\/3701","targetHints":{"allow":["GET"]}}],"collection":[{"href":"https:\/\/newblogs.correiobraziliense.com.br\/multieixos\/wp-json\/wp\/v2\/posts"}],"about":[{"href":"https:\/\/newblogs.correiobraziliense.com.br\/multieixos\/wp-json\/wp\/v2\/types\/post"}],"author":[{"embeddable":true,"href":"https:\/\/newblogs.correiobraziliense.com.br\/multieixos\/wp-json\/wp\/v2\/users\/20"}],"replies":[{"embeddable":true,"href":"https:\/\/newblogs.correiobraziliense.com.br\/multieixos\/wp-json\/wp\/v2\/comments?post=3701"}],"version-history":[{"count":2,"href":"https:\/\/newblogs.correiobraziliense.com.br\/multieixos\/wp-json\/wp\/v2\/posts\/3701\/revisions"}],"predecessor-version":[{"id":3741,"href":"https:\/\/newblogs.correiobraziliense.com.br\/multieixos\/wp-json\/wp\/v2\/posts\/3701\/revisions\/3741"}],"wp:featuredmedia":[{"embeddable":true,"href":"https:\/\/newblogs.correiobraziliense.com.br\/multieixos\/wp-json\/wp\/v2\/media\/3702"}],"wp:attachment":[{"href":"https:\/\/newblogs.correiobraziliense.com.br\/multieixos\/wp-json\/wp\/v2\/media?parent=3701"}],"wp:term":[{"taxonomy":"category","embeddable":true,"href":"https:\/\/newblogs.correiobraziliense.com.br\/multieixos\/wp-json\/wp\/v2\/categories?post=3701"},{"taxonomy":"post_tag","embeddable":true,"href":"https:\/\/newblogs.correiobraziliense.com.br\/multieixos\/wp-json\/wp\/v2\/tags?post=3701"}],"curies":[{"name":"wp","href":"https:\/\/api.w.org\/{rel}","templated":true}]}}