{"id":3691,"date":"2026-08-31T14:47:28","date_gmt":"2026-08-31T17:47:28","guid":{"rendered":"https:\/\/newblogs.correiobraziliense.com.br\/multieixos\/?p=3691"},"modified":"2026-08-31T15:01:09","modified_gmt":"2026-08-31T18:01:09","slug":"feriado-de-7-de-setembro-na-estrada-ganhar-tempo-para-que","status":"publish","type":"post","link":"https:\/\/newblogs.correiobraziliense.com.br\/multieixos\/2026\/08\/31\/feriado-de-7-de-setembro-na-estrada-ganhar-tempo-para-que\/","title":{"rendered":"Feriado de 7 de Setembro na estrada: \u201cganhar tempo\u201d para que?"},"content":{"rendered":"\n<p>Com a chegada do feriado de 7 de Setembro, vem a\u00ed mais um movimento expressivo nas rodovias brasileiras. E isso, claro, volta a exigir aten\u00e7\u00e3o dos motoristas. Congestionamentos, viagens mais longas e o desejo de chegar rapidamente ao destino podem levar a um comportamento comum: tentar compensar o tempo acelerando. Na pr\u00e1tica, por\u00e9m, os minutos economizados podem n\u00e3o servir para nada diante dos riscos assumidos.&nbsp;<\/p>\n\n\n\n<p>Em uma viagem hipot\u00e9tica de 200 quil\u00f4metros, por exemplo, percorrer todo o trajeto a uma velocidade m\u00e9dia de 100 km\/h levaria duas horas. A 120 km\/h, seriam cerca de 1 hora e 40 minutos &#8211; uma diferen\u00e7a de apenas 20 minutos. Na estrada real, com ped\u00e1gios, tr\u00e2nsito, trechos urbanos e redu\u00e7\u00f5es de velocidade, essa economia tende a ser ainda menor.<\/p>\n\n\n\n<p>\u201cO motorista muitas vezes pensa na velocidade como uma forma de recuperar o tempo perdido, mas uma viagem n\u00e3o acontece em condi\u00e7\u00f5es ideais e constantes. Aumentar a velocidade em determinados trechos dificilmente vai compensar um congestionamento ou uma sa\u00edda atrasada. O mais seguro \u00e9 aceitar que o hor\u00e1rio de chegada pode mudar\u201d, explica Ariane Monaro, diretora da Autonomoz, empresa especializada em mobilidade corporativa e gest\u00e3o de transportes.<\/p>\n\n\n\n<p>Segundo a Organiza\u00e7\u00e3o Mundial da Sa\u00fade, um aumento de 1% na velocidade m\u00e9dia est\u00e1 associado a um crescimento de 4% no risco de acidente fatal e de 3% no risco de acidente grave. A entidade tamb\u00e9m destaca que velocidades maiores aumentam tanto a probabilidade de uma colis\u00e3o quanto a gravidade de suas consequ\u00eancias.&nbsp;<\/p>\n\n\n\n<figure class=\"wp-block-image size-full\"><img loading=\"lazy\" decoding=\"async\" width=\"1024\" height=\"768\" src=\"https:\/\/newblogs.correiobraziliense.com.br\/multieixos\/wp-content\/uploads\/sites\/6\/2026\/08\/traXns.webp\" alt=\"\" class=\"wp-image-3695\" srcset=\"https:\/\/newblogs.correiobraziliense.com.br\/multieixos\/wp-content\/uploads\/sites\/6\/2026\/08\/traXns.webp 1024w, https:\/\/newblogs.correiobraziliense.com.br\/multieixos\/wp-content\/uploads\/sites\/6\/2026\/08\/traXns-300x225.webp 300w, https:\/\/newblogs.correiobraziliense.com.br\/multieixos\/wp-content\/uploads\/sites\/6\/2026\/08\/traXns-768x576.webp 768w, https:\/\/newblogs.correiobraziliense.com.br\/multieixos\/wp-content\/uploads\/sites\/6\/2026\/08\/traXns-800x600.webp 800w\" sizes=\"auto, (max-width: 1024px) 100vw, 1024px\" \/><\/figure>\n\n\n\n<p>Al\u00e9m do excesso de velocidade, a pressa pode desencadear outros comportamentos de risco: ultrapassagens for\u00e7adas, menor dist\u00e2ncia em rela\u00e7\u00e3o ao ve\u00edculo da frente, mudan\u00e7as frequentes de faixa e redu\u00e7\u00e3o ou elimina\u00e7\u00e3o das pausas para descanso. \u201cUma viagem segura come\u00e7a antes de o ve\u00edculo entrar na estrada. Planejar o hor\u00e1rio de sa\u00edda, conhecer o percurso, prever pausas e considerar poss\u00edveis atrasos diminui a press\u00e3o sobre o motorista\u201d, refor\u00e7a Ariane. Para quem pretende viajar no feriado, a diretora da Autonomoz re\u00fane alguns cuidados que podem tornar o deslocamento mais seguro:<\/p>\n\n\n\n<ol class=\"wp-block-list\">\n<li><strong>N\u00e3o transforme o hor\u00e1rio de chegada em uma meta<\/strong><\/li>\n<\/ol>\n\n\n\n<p>Aplicativos de navega\u00e7\u00e3o oferecem previs\u00f5es \u00fateis, mas o hor\u00e1rio estimado n\u00e3o deve funcionar como um cron\u00f4metro. Tr\u00e2nsito, obras, acidentes e condi\u00e7\u00f5es clim\u00e1ticas podem alterar o percurso. Tentar recuperar o atraso aumentando a velocidade cria uma press\u00e3o desnecess\u00e1ria sobre quem dirige.<\/p>\n\n\n\n<ol start=\"2\" class=\"wp-block-list\">\n<li><strong>Planeje a viagem antes de sair<\/strong><\/li>\n<\/ol>\n\n\n\n<p>Consultar previamente o trajeto, as condi\u00e7\u00f5es das rodovias, a previs\u00e3o do tempo e os poss\u00edveis pontos de parada reduz improvisos durante a viagem. Tamb\u00e9m \u00e9 recomend\u00e1vel considerar uma margem adicional de tempo, especialmente nos hor\u00e1rios de maior movimento.<\/p>\n\n\n\n<figure class=\"wp-block-image size-full\"><img loading=\"lazy\" decoding=\"async\" width=\"991\" height=\"693\" src=\"https:\/\/newblogs.correiobraziliense.com.br\/multieixos\/wp-content\/uploads\/sites\/6\/2026\/08\/transit.jpg\" alt=\"\" class=\"wp-image-3697\" srcset=\"https:\/\/newblogs.correiobraziliense.com.br\/multieixos\/wp-content\/uploads\/sites\/6\/2026\/08\/transit.jpg 991w, https:\/\/newblogs.correiobraziliense.com.br\/multieixos\/wp-content\/uploads\/sites\/6\/2026\/08\/transit-300x210.jpg 300w, https:\/\/newblogs.correiobraziliense.com.br\/multieixos\/wp-content\/uploads\/sites\/6\/2026\/08\/transit-768x537.jpg 768w\" sizes=\"auto, (max-width: 991px) 100vw, 991px\" \/><\/figure>\n\n\n\n<ol start=\"3\" class=\"wp-block-list\">\n<li><strong>Mantenha dist\u00e2ncia do ve\u00edculo \u00e0 frente<\/strong><\/li>\n<\/ol>\n\n\n\n<p>No tr\u00e2nsito intenso, aproximar-se excessivamente do carro da frente n\u00e3o faz a viagem avan\u00e7ar mais r\u00e1pido e ainda reduz o espa\u00e7o dispon\u00edvel para reagir a uma frenagem inesperada. Quanto maior a velocidade, maior deve ser a aten\u00e7\u00e3o \u00e0 dist\u00e2ncia de seguran\u00e7a.<\/p>\n\n\n\n<ol start=\"4\" class=\"wp-block-list\">\n<li><strong>N\u00e3o tente compensar congestionamentos acelerando depois<\/strong><\/li>\n<\/ol>\n\n\n\n<p>Depois de passar por um trecho congestionado, \u00e9 comum surgir a sensa\u00e7\u00e3o de que \u00e9 preciso \u201crecuperar\u201d o tempo perdido. Essa tentativa pode levar ao excesso de velocidade e a ultrapassagens desnecess\u00e1rias. O congestionamento j\u00e1 alterou a previs\u00e3o da viagem; acelerar n\u00e3o elimina esse fato.<\/p>\n\n\n\n<ol start=\"5\" class=\"wp-block-list\">\n<li><strong>Fa\u00e7a pausas e reconhe\u00e7a os sinais de cansa\u00e7o<\/strong><\/li>\n<\/ol>\n\n\n\n<p>Em trajetos mais longos, parar para descansar n\u00e3o deve ser visto como perda de tempo. Sonol\u00eancia, dificuldade de concentra\u00e7\u00e3o, bocejos frequentes e sensa\u00e7\u00e3o de \u201cpiloto autom\u00e1tico\u201d s\u00e3o sinais de que seguir dirigindo pode comprometer a seguran\u00e7a. A recomenda\u00e7\u00e3o \u00e9 interromper o trajeto em local seguro e descansar.<\/p>\n\n\n\n<ol start=\"6\" class=\"wp-block-list\">\n<li><strong>Evite distra\u00e7\u00f5es, mesmo em congestionamentos<\/strong><\/li>\n<\/ol>\n\n\n\n<figure class=\"wp-block-image size-large\"><img loading=\"lazy\" decoding=\"async\" width=\"1024\" height=\"697\" src=\"https:\/\/newblogs.correiobraziliense.com.br\/multieixos\/wp-content\/uploads\/sites\/6\/2026\/08\/trans-1024x697.jpg\" alt=\"\" class=\"wp-image-3699\" srcset=\"https:\/\/newblogs.correiobraziliense.com.br\/multieixos\/wp-content\/uploads\/sites\/6\/2026\/08\/trans-1024x697.jpg 1024w, https:\/\/newblogs.correiobraziliense.com.br\/multieixos\/wp-content\/uploads\/sites\/6\/2026\/08\/trans-300x204.jpg 300w, https:\/\/newblogs.correiobraziliense.com.br\/multieixos\/wp-content\/uploads\/sites\/6\/2026\/08\/trans-768x523.jpg 768w, https:\/\/newblogs.correiobraziliense.com.br\/multieixos\/wp-content\/uploads\/sites\/6\/2026\/08\/trans.jpg 1315w\" sizes=\"auto, (max-width: 1024px) 100vw, 1024px\" \/><\/figure>\n\n\n\n<p>Celular, mensagens e ajustes no aplicativo de navega\u00e7\u00e3o desviam a aten\u00e7\u00e3o do tr\u00e2nsito. Sempre que for necess\u00e1rio alterar uma rota ou consultar informa\u00e7\u00f5es que exijam intera\u00e7\u00e3o com o aparelho, o ideal \u00e9 que isso seja feito por um passageiro ou com o ve\u00edculo parado em local seguro.<\/p>\n\n\n\n<ol start=\"7\" class=\"wp-block-list\">\n<li><strong>Use a tecnologia para planejar, n\u00e3o para pressionar<\/strong><\/li>\n<\/ol>\n\n\n\n<p>Aplicativos podem ajudar a identificar congestionamentos, bloqueios e caminhos alternativos, mas a tecnologia deve servir para aumentar a previsibilidade da viagem, e n\u00e3o estimular uma corrida contra o hor\u00e1rio previsto de chegada.<\/p>\n","protected":false},"excerpt":{"rendered":"<p>Qual a utilidade pr\u00e1tica da pressa em suas viagens? Um aumento de 1% na velocidade m\u00e9dia est\u00e1 associado a um crescimento de 4% no risco de acidentes. Confira dicas sobre como se comportar <\/p>\n","protected":false},"author":20,"featured_media":3693,"comment_status":"closed","ping_status":"open","sticky":true,"template":"","format":"standard","meta":{"_acf_changed":false,"inline_featured_image":false,"footnotes":""},"categories":[8,40],"tags":[6,382,383,35,384],"class_list":["post-3691","post","type-post","status-publish","format-standard","has-post-thumbnail","hentry","category-carros","category-servicos","tag-carros","tag-feriado-de-7-de-setembro","tag-rodovias","tag-servicos","tag-viagem"],"acf":[],"yoast_head":"<!-- This site is optimized with the Yoast SEO plugin v28.1 - https:\/\/yoast.com\/product\/yoast-seo-wordpress\/ -->\n<title>Feriado de 7 de Setembro na estrada: \u201cganhar tempo\u201d para que? - Multieixos com Renato Ferraz<\/title>\n<meta name=\"robots\" content=\"index, follow, max-snippet:-1, max-image-preview:large, max-video-preview:-1\" \/>\n<link rel=\"canonical\" href=\"https:\/\/newblogs.correiobraziliense.com.br\/multieixos\/2026\/08\/31\/feriado-de-7-de-setembro-na-estrada-ganhar-tempo-para-que\/\" \/>\n<meta property=\"og:locale\" content=\"pt_BR\" \/>\n<meta property=\"og:type\" content=\"article\" \/>\n<meta property=\"og:title\" content=\"Feriado de 7 de Setembro na estrada: \u201cganhar tempo\u201d para que? - Multieixos com Renato Ferraz\" \/>\n<meta property=\"og:description\" content=\"Qual a utilidade pr\u00e1tica da pressa em suas viagens? Um aumento de 1% na velocidade m\u00e9dia est\u00e1 associado a um crescimento de 4% no risco de acidentes. Confira dicas sobre como se comportar\" \/>\n<meta property=\"og:url\" content=\"https:\/\/newblogs.correiobraziliense.com.br\/multieixos\/2026\/08\/31\/feriado-de-7-de-setembro-na-estrada-ganhar-tempo-para-que\/\" \/>\n<meta property=\"og:site_name\" content=\"Multieixos com Renato Ferraz\" \/>\n<meta property=\"article:author\" content=\"https:\/\/www.facebook.com\/profile.php?id=100092255591956\" \/>\n<meta property=\"article:published_time\" content=\"2026-08-31T17:47:28+00:00\" \/>\n<meta property=\"article:modified_time\" content=\"2026-08-31T18:01:09+00:00\" \/>\n<meta property=\"og:image\" content=\"https:\/\/newblogs.correiobraziliense.com.br\/multieixos\/wp-content\/uploads\/sites\/6\/2026\/08\/img_9979.webp\" \/>\n\t<meta property=\"og:image:width\" content=\"1024\" \/>\n\t<meta property=\"og:image:height\" content=\"768\" \/>\n\t<meta property=\"og:image:type\" content=\"image\/webp\" \/>\n<meta name=\"author\" content=\"Renato Ferraz\" \/>\n<!-- \/ Yoast SEO plugin. -->","yoast_head_json":{"title":"Feriado de 7 de Setembro na estrada: \u201cganhar tempo\u201d para que? - Multieixos com Renato Ferraz","robots":{"index":"index","follow":"follow","max-snippet":"max-snippet:-1","max-image-preview":"max-image-preview:large","max-video-preview":"max-video-preview:-1"},"canonical":"https:\/\/newblogs.correiobraziliense.com.br\/multieixos\/2026\/08\/31\/feriado-de-7-de-setembro-na-estrada-ganhar-tempo-para-que\/","og_locale":"pt_BR","og_type":"article","og_title":"Feriado de 7 de Setembro na estrada: \u201cganhar tempo\u201d para que? - Multieixos com Renato Ferraz","og_description":"Qual a utilidade pr\u00e1tica da pressa em suas viagens? Um aumento de 1% na velocidade m\u00e9dia est\u00e1 associado a um crescimento de 4% no risco de acidentes. Confira dicas sobre como se comportar","og_url":"https:\/\/newblogs.correiobraziliense.com.br\/multieixos\/2026\/08\/31\/feriado-de-7-de-setembro-na-estrada-ganhar-tempo-para-que\/","og_site_name":"Multieixos com Renato Ferraz","article_author":"https:\/\/www.facebook.com\/profile.php?id=100092255591956","article_published_time":"2026-08-31T17:47:28+00:00","article_modified_time":"2026-08-31T18:01:09+00:00","og_image":[{"width":1024,"height":768,"url":"https:\/\/newblogs.correiobraziliense.com.br\/multieixos\/wp-content\/uploads\/sites\/6\/2026\/08\/img_9979.webp","type":"image\/webp"}],"author":"Renato Ferraz","schema":{"@context":"https:\/\/schema.org","@graph":[{"@type":"Article","@id":"https:\/\/newblogs.correiobraziliense.com.br\/multieixos\/2026\/08\/31\/feriado-de-7-de-setembro-na-estrada-ganhar-tempo-para-que\/#article","isPartOf":{"@id":"https:\/\/newblogs.correiobraziliense.com.br\/multieixos\/2026\/08\/31\/feriado-de-7-de-setembro-na-estrada-ganhar-tempo-para-que\/"},"author":{"name":"Renato Ferraz","@id":"https:\/\/newblogs.correiobraziliense.com.br\/multieixos\/#\/schema\/person\/2fb466788a0749a4cd6fc2c4d89ddb15"},"headline":"Feriado de 7 de Setembro na estrada: \u201cganhar tempo\u201d para que?","datePublished":"2026-08-31T17:47:28+00:00","dateModified":"2026-08-31T18:01:09+00:00","mainEntityOfPage":{"@id":"https:\/\/newblogs.correiobraziliense.com.br\/multieixos\/2026\/08\/31\/feriado-de-7-de-setembro-na-estrada-ganhar-tempo-para-que\/"},"wordCount":761,"image":{"@id":"https:\/\/newblogs.correiobraziliense.com.br\/multieixos\/2026\/08\/31\/feriado-de-7-de-setembro-na-estrada-ganhar-tempo-para-que\/#primaryimage"},"thumbnailUrl":"https:\/\/newblogs.correiobraziliense.com.br\/multieixos\/wp-content\/uploads\/sites\/6\/2026\/08\/img_9979.webp","keywords":["carros","Feriado de 7 de setembro","rodovias","servi\u00e7os","viagem"],"articleSection":["Carros","Servi\u00e7os"],"inLanguage":"pt-BR"},{"@type":"WebPage","@id":"https:\/\/newblogs.correiobraziliense.com.br\/multieixos\/2026\/08\/31\/feriado-de-7-de-setembro-na-estrada-ganhar-tempo-para-que\/","url":"https:\/\/newblogs.correiobraziliense.com.br\/multieixos\/2026\/08\/31\/feriado-de-7-de-setembro-na-estrada-ganhar-tempo-para-que\/","name":"Feriado de 7 de Setembro na estrada: \u201cganhar tempo\u201d para que? - Multieixos com Renato Ferraz","isPartOf":{"@id":"https:\/\/newblogs.correiobraziliense.com.br\/multieixos\/#website"},"primaryImageOfPage":{"@id":"https:\/\/newblogs.correiobraziliense.com.br\/multieixos\/2026\/08\/31\/feriado-de-7-de-setembro-na-estrada-ganhar-tempo-para-que\/#primaryimage"},"image":{"@id":"https:\/\/newblogs.correiobraziliense.com.br\/multieixos\/2026\/08\/31\/feriado-de-7-de-setembro-na-estrada-ganhar-tempo-para-que\/#primaryimage"},"thumbnailUrl":"https:\/\/newblogs.correiobraziliense.com.br\/multieixos\/wp-content\/uploads\/sites\/6\/2026\/08\/img_9979.webp","datePublished":"2026-08-31T17:47:28+00:00","dateModified":"2026-08-31T18:01:09+00:00","author":{"@id":"https:\/\/newblogs.correiobraziliense.com.br\/multieixos\/#\/schema\/person\/2fb466788a0749a4cd6fc2c4d89ddb15"},"breadcrumb":{"@id":"https:\/\/newblogs.correiobraziliense.com.br\/multieixos\/2026\/08\/31\/feriado-de-7-de-setembro-na-estrada-ganhar-tempo-para-que\/#breadcrumb"},"inLanguage":"pt-BR","potentialAction":[{"@type":"ReadAction","target":["https:\/\/newblogs.correiobraziliense.com.br\/multieixos\/2026\/08\/31\/feriado-de-7-de-setembro-na-estrada-ganhar-tempo-para-que\/"]}]},{"@type":"ImageObject","inLanguage":"pt-BR","@id":"https:\/\/newblogs.correiobraziliense.com.br\/multieixos\/2026\/08\/31\/feriado-de-7-de-setembro-na-estrada-ganhar-tempo-para-que\/#primaryimage","url":"https:\/\/newblogs.correiobraziliense.com.br\/multieixos\/wp-content\/uploads\/sites\/6\/2026\/08\/img_9979.webp","contentUrl":"https:\/\/newblogs.correiobraziliense.com.br\/multieixos\/wp-content\/uploads\/sites\/6\/2026\/08\/img_9979.webp","width":1024,"height":768},{"@type":"BreadcrumbList","@id":"https:\/\/newblogs.correiobraziliense.com.br\/multieixos\/2026\/08\/31\/feriado-de-7-de-setembro-na-estrada-ganhar-tempo-para-que\/#breadcrumb","itemListElement":[{"@type":"ListItem","position":1,"name":"In\u00edcio","item":"https:\/\/newblogs.correiobraziliense.com.br\/multieixos\/"},{"@type":"ListItem","position":2,"name":"Feriado de 7 de Setembro na estrada: \u201cganhar tempo\u201d para que?"}]},{"@type":"WebSite","@id":"https:\/\/newblogs.correiobraziliense.com.br\/multieixos\/#website","url":"https:\/\/newblogs.correiobraziliense.com.br\/multieixos\/","name":"Multieixos com Renato Ferraz","description":"Aqui, voc\u00ea encontra informa\u00e7\u00f5es atualizadas sobre o mercado automotivo, tend\u00eancias de mobilidade urbana, novas solu\u00e7\u00f5es em sustentabilidade no setor de transportes e as principais mudan\u00e7as na legisla\u00e7\u00e3o de tr\u00e2nsito.","alternateName":"Blog | Multieixos com Renato Ferra","potentialAction":[{"@type":"SearchAction","target":{"@type":"EntryPoint","urlTemplate":"https:\/\/newblogs.correiobraziliense.com.br\/multieixos\/?s={search_term_string}"},"query-input":{"@type":"PropertyValueSpecification","valueRequired":true,"valueName":"search_term_string"}}],"inLanguage":"pt-BR"},{"@type":"Person","@id":"https:\/\/newblogs.correiobraziliense.com.br\/multieixos\/#\/schema\/person\/2fb466788a0749a4cd6fc2c4d89ddb15","name":"Renato Ferraz","image":{"@type":"ImageObject","inLanguage":"pt-BR","@id":"https:\/\/secure.gravatar.com\/avatar\/05490fac3b629881956c1c2d33a9f5fcb406d4619aeb73f2548eb9374d66c612?s=96&d=mm&r=g","url":"https:\/\/secure.gravatar.com\/avatar\/05490fac3b629881956c1c2d33a9f5fcb406d4619aeb73f2548eb9374d66c612?s=96&d=mm&r=g","contentUrl":"https:\/\/secure.gravatar.com\/avatar\/05490fac3b629881956c1c2d33a9f5fcb406d4619aeb73f2548eb9374d66c612?s=96&d=mm&r=g","caption":"Renato Ferraz"},"description":"\u00c9 jornalista profissional h\u00e1 35 anos e escreve sobre carros, tr\u00e2nsito e mobilidade desde 2004, participando de centenas lan\u00e7amentos de produtos e v\u00e1rios sal\u00f5es automobil\u00edsticos globais.","sameAs":["https:\/\/www.facebook.com\/profile.php?id=100092255591956","https:\/\/www.instagram.com\/multieixos_correio\/"],"url":"https:\/\/newblogs.correiobraziliense.com.br\/multieixos\/author\/renatoferraz\/"}]}},"_links":{"self":[{"href":"https:\/\/newblogs.correiobraziliense.com.br\/multieixos\/wp-json\/wp\/v2\/posts\/3691","targetHints":{"allow":["GET"]}}],"collection":[{"href":"https:\/\/newblogs.correiobraziliense.com.br\/multieixos\/wp-json\/wp\/v2\/posts"}],"about":[{"href":"https:\/\/newblogs.correiobraziliense.com.br\/multieixos\/wp-json\/wp\/v2\/types\/post"}],"author":[{"embeddable":true,"href":"https:\/\/newblogs.correiobraziliense.com.br\/multieixos\/wp-json\/wp\/v2\/users\/20"}],"replies":[{"embeddable":true,"href":"https:\/\/newblogs.correiobraziliense.com.br\/multieixos\/wp-json\/wp\/v2\/comments?post=3691"}],"version-history":[{"count":3,"href":"https:\/\/newblogs.correiobraziliense.com.br\/multieixos\/wp-json\/wp\/v2\/posts\/3691\/revisions"}],"predecessor-version":[{"id":3700,"href":"https:\/\/newblogs.correiobraziliense.com.br\/multieixos\/wp-json\/wp\/v2\/posts\/3691\/revisions\/3700"}],"wp:featuredmedia":[{"embeddable":true,"href":"https:\/\/newblogs.correiobraziliense.com.br\/multieixos\/wp-json\/wp\/v2\/media\/3693"}],"wp:attachment":[{"href":"https:\/\/newblogs.correiobraziliense.com.br\/multieixos\/wp-json\/wp\/v2\/media?parent=3691"}],"wp:term":[{"taxonomy":"category","embeddable":true,"href":"https:\/\/newblogs.correiobraziliense.com.br\/multieixos\/wp-json\/wp\/v2\/categories?post=3691"},{"taxonomy":"post_tag","embeddable":true,"href":"https:\/\/newblogs.correiobraziliense.com.br\/multieixos\/wp-json\/wp\/v2\/tags?post=3691"}],"curies":[{"name":"wp","href":"https:\/\/api.w.org\/{rel}","templated":true}]}}