{"id":3650,"date":"2026-08-28T10:13:00","date_gmt":"2026-08-28T13:13:00","guid":{"rendered":"https:\/\/newblogs.correiobraziliense.com.br\/multieixos\/?p=3650"},"modified":"2026-08-27T16:27:54","modified_gmt":"2026-08-27T19:27:54","slug":"es90-novo-seda-volvo-tem-524km-de-autonomia","status":"publish","type":"post","link":"https:\/\/newblogs.correiobraziliense.com.br\/multieixos\/2026\/08\/28\/es90-novo-seda-volvo-tem-524km-de-autonomia\/","title":{"rendered":"ES90: novo sed\u00e3 Volvo tem 524km de autonomia"},"content":{"rendered":"\n<p>O novo Volvo ES90 chega e se coloca em uma categoria \u00e0 parte. N\u00e3o s\u00f3 por poder ser classificado como um sed\u00e3, um fastback, ou at\u00e9 um coup\u00e9, mas por ser o primeiro carro totalmente el\u00e9trico da montadora escandinava a superar os 500 km de autonomia, nos rigorosos testes do Inmetro. O alcance de 524 km \u00e9 poss\u00edvel com uma \u00fanica carga da bateria de 106 kWh. O modelo oferece um conjunto capaz de acelerar de 0 a 100 km\/h em quatro segundos, gerados pelos impressionantes 88.7kgfm de torque e dois motores el\u00e9tricos que combinam uma pot\u00eancia total de 680cv.<\/p>\n\n\n<div class=\"slider-wrapper\"><div class=\"slider\">\n<figure class=\"wp-block-gallery has-nested-images columns-default is-cropped wp-block-gallery-1 is-layout-flex wp-block-gallery-is-layout-flex\">\n<figure class=\"wp-block-image size-large\"><img loading=\"lazy\" decoding=\"async\" width=\"1000\" height=\"750\" data-id=\"3670\" src=\"https:\/\/newblogs.correiobraziliense.com.br\/multieixos\/wp-content\/uploads\/sites\/6\/2026\/08\/VOLVO_ES90_Gustavo_Zylbersztajn__REFUGIO_2974.jpg\" alt=\"\" class=\"wp-image-3670\" srcset=\"https:\/\/newblogs.correiobraziliense.com.br\/multieixos\/wp-content\/uploads\/sites\/6\/2026\/08\/VOLVO_ES90_Gustavo_Zylbersztajn__REFUGIO_2974.jpg 1000w, https:\/\/newblogs.correiobraziliense.com.br\/multieixos\/wp-content\/uploads\/sites\/6\/2026\/08\/VOLVO_ES90_Gustavo_Zylbersztajn__REFUGIO_2974-300x225.jpg 300w, https:\/\/newblogs.correiobraziliense.com.br\/multieixos\/wp-content\/uploads\/sites\/6\/2026\/08\/VOLVO_ES90_Gustavo_Zylbersztajn__REFUGIO_2974-768x576.jpg 768w, https:\/\/newblogs.correiobraziliense.com.br\/multieixos\/wp-content\/uploads\/sites\/6\/2026\/08\/VOLVO_ES90_Gustavo_Zylbersztajn__REFUGIO_2974-800x600.jpg 800w\" sizes=\"auto, (max-width: 1000px) 100vw, 1000px\" \/><\/figure>\n\n\n\n<figure class=\"wp-block-image size-large\"><img loading=\"lazy\" decoding=\"async\" width=\"768\" height=\"1024\" data-id=\"3671\" src=\"https:\/\/newblogs.correiobraziliense.com.br\/multieixos\/wp-content\/uploads\/sites\/6\/2026\/08\/VOLVO_ES90_Gustavo_Zylbersztajn__URBANO_077-768x1024.jpg\" alt=\"\" class=\"wp-image-3671\" srcset=\"https:\/\/newblogs.correiobraziliense.com.br\/multieixos\/wp-content\/uploads\/sites\/6\/2026\/08\/VOLVO_ES90_Gustavo_Zylbersztajn__URBANO_077-768x1024.jpg 768w, https:\/\/newblogs.correiobraziliense.com.br\/multieixos\/wp-content\/uploads\/sites\/6\/2026\/08\/VOLVO_ES90_Gustavo_Zylbersztajn__URBANO_077-225x300.jpg 225w, https:\/\/newblogs.correiobraziliense.com.br\/multieixos\/wp-content\/uploads\/sites\/6\/2026\/08\/VOLVO_ES90_Gustavo_Zylbersztajn__URBANO_077.jpg 1000w\" sizes=\"auto, (max-width: 768px) 100vw, 768px\" \/><\/figure>\n\n\n\n<figure class=\"wp-block-image size-large\"><img loading=\"lazy\" decoding=\"async\" width=\"1000\" height=\"750\" data-id=\"3658\" src=\"https:\/\/newblogs.correiobraziliense.com.br\/multieixos\/wp-content\/uploads\/sites\/6\/2026\/08\/VOLVO_ES90_Gustavo_Zylbersztajn__URBANO_109.jpg\" alt=\"\" class=\"wp-image-3658\" srcset=\"https:\/\/newblogs.correiobraziliense.com.br\/multieixos\/wp-content\/uploads\/sites\/6\/2026\/08\/VOLVO_ES90_Gustavo_Zylbersztajn__URBANO_109.jpg 1000w, https:\/\/newblogs.correiobraziliense.com.br\/multieixos\/wp-content\/uploads\/sites\/6\/2026\/08\/VOLVO_ES90_Gustavo_Zylbersztajn__URBANO_109-300x225.jpg 300w, https:\/\/newblogs.correiobraziliense.com.br\/multieixos\/wp-content\/uploads\/sites\/6\/2026\/08\/VOLVO_ES90_Gustavo_Zylbersztajn__URBANO_109-768x576.jpg 768w, https:\/\/newblogs.correiobraziliense.com.br\/multieixos\/wp-content\/uploads\/sites\/6\/2026\/08\/VOLVO_ES90_Gustavo_Zylbersztajn__URBANO_109-800x600.jpg 800w\" sizes=\"auto, (max-width: 1000px) 100vw, 1000px\" \/><\/figure>\n\n\n\n<figure class=\"wp-block-image size-large\"><img loading=\"lazy\" decoding=\"async\" width=\"1000\" height=\"667\" data-id=\"3659\" src=\"https:\/\/newblogs.correiobraziliense.com.br\/multieixos\/wp-content\/uploads\/sites\/6\/2026\/08\/VOLVO_ES90_Gustavo_Zylbersztajn__URBANO_181.jpg\" alt=\"\" class=\"wp-image-3659\" srcset=\"https:\/\/newblogs.correiobraziliense.com.br\/multieixos\/wp-content\/uploads\/sites\/6\/2026\/08\/VOLVO_ES90_Gustavo_Zylbersztajn__URBANO_181.jpg 1000w, https:\/\/newblogs.correiobraziliense.com.br\/multieixos\/wp-content\/uploads\/sites\/6\/2026\/08\/VOLVO_ES90_Gustavo_Zylbersztajn__URBANO_181-300x200.jpg 300w, https:\/\/newblogs.correiobraziliense.com.br\/multieixos\/wp-content\/uploads\/sites\/6\/2026\/08\/VOLVO_ES90_Gustavo_Zylbersztajn__URBANO_181-768x512.jpg 768w\" sizes=\"auto, (max-width: 1000px) 100vw, 1000px\" \/><\/figure>\n\n\n\n<figure class=\"wp-block-image size-large\"><img loading=\"lazy\" decoding=\"async\" width=\"1000\" height=\"667\" data-id=\"3661\" src=\"https:\/\/newblogs.correiobraziliense.com.br\/multieixos\/wp-content\/uploads\/sites\/6\/2026\/08\/VOLVO_ES90_Gustavo_Zylbersztajn__URBANO_394.jpg\" alt=\"\" class=\"wp-image-3661\" srcset=\"https:\/\/newblogs.correiobraziliense.com.br\/multieixos\/wp-content\/uploads\/sites\/6\/2026\/08\/VOLVO_ES90_Gustavo_Zylbersztajn__URBANO_394.jpg 1000w, https:\/\/newblogs.correiobraziliense.com.br\/multieixos\/wp-content\/uploads\/sites\/6\/2026\/08\/VOLVO_ES90_Gustavo_Zylbersztajn__URBANO_394-300x200.jpg 300w, https:\/\/newblogs.correiobraziliense.com.br\/multieixos\/wp-content\/uploads\/sites\/6\/2026\/08\/VOLVO_ES90_Gustavo_Zylbersztajn__URBANO_394-768x512.jpg 768w\" sizes=\"auto, (max-width: 1000px) 100vw, 1000px\" \/><\/figure>\n\n\n\n<figure class=\"wp-block-image size-large\"><img loading=\"lazy\" decoding=\"async\" width=\"1000\" height=\"667\" data-id=\"3660\" src=\"https:\/\/newblogs.correiobraziliense.com.br\/multieixos\/wp-content\/uploads\/sites\/6\/2026\/08\/VOLVO_ES90_Gustavo_Zylbersztajn__URBANO_402.jpg\" alt=\"\" class=\"wp-image-3660\" srcset=\"https:\/\/newblogs.correiobraziliense.com.br\/multieixos\/wp-content\/uploads\/sites\/6\/2026\/08\/VOLVO_ES90_Gustavo_Zylbersztajn__URBANO_402.jpg 1000w, https:\/\/newblogs.correiobraziliense.com.br\/multieixos\/wp-content\/uploads\/sites\/6\/2026\/08\/VOLVO_ES90_Gustavo_Zylbersztajn__URBANO_402-300x200.jpg 300w, https:\/\/newblogs.correiobraziliense.com.br\/multieixos\/wp-content\/uploads\/sites\/6\/2026\/08\/VOLVO_ES90_Gustavo_Zylbersztajn__URBANO_402-768x512.jpg 768w\" sizes=\"auto, (max-width: 1000px) 100vw, 1000px\" \/><\/figure>\n\n\n\n<figure class=\"wp-block-image size-large\"><img loading=\"lazy\" decoding=\"async\" width=\"1000\" height=\"667\" data-id=\"3662\" src=\"https:\/\/newblogs.correiobraziliense.com.br\/multieixos\/wp-content\/uploads\/sites\/6\/2026\/08\/VOLVO_ES90_Gustavo_Zylbersztajn__URBANO_441.jpg\" alt=\"\" class=\"wp-image-3662\" srcset=\"https:\/\/newblogs.correiobraziliense.com.br\/multieixos\/wp-content\/uploads\/sites\/6\/2026\/08\/VOLVO_ES90_Gustavo_Zylbersztajn__URBANO_441.jpg 1000w, https:\/\/newblogs.correiobraziliense.com.br\/multieixos\/wp-content\/uploads\/sites\/6\/2026\/08\/VOLVO_ES90_Gustavo_Zylbersztajn__URBANO_441-300x200.jpg 300w, https:\/\/newblogs.correiobraziliense.com.br\/multieixos\/wp-content\/uploads\/sites\/6\/2026\/08\/VOLVO_ES90_Gustavo_Zylbersztajn__URBANO_441-768x512.jpg 768w\" sizes=\"auto, (max-width: 1000px) 100vw, 1000px\" \/><\/figure>\n\n\n\n<figure class=\"wp-block-image size-large\"><img loading=\"lazy\" decoding=\"async\" width=\"1000\" height=\"667\" data-id=\"3663\" src=\"https:\/\/newblogs.correiobraziliense.com.br\/multieixos\/wp-content\/uploads\/sites\/6\/2026\/08\/VOLVO_ES90_Gustavo_Zylbersztajn__URBANO_620.jpg\" alt=\"\" class=\"wp-image-3663\" srcset=\"https:\/\/newblogs.correiobraziliense.com.br\/multieixos\/wp-content\/uploads\/sites\/6\/2026\/08\/VOLVO_ES90_Gustavo_Zylbersztajn__URBANO_620.jpg 1000w, https:\/\/newblogs.correiobraziliense.com.br\/multieixos\/wp-content\/uploads\/sites\/6\/2026\/08\/VOLVO_ES90_Gustavo_Zylbersztajn__URBANO_620-300x200.jpg 300w, https:\/\/newblogs.correiobraziliense.com.br\/multieixos\/wp-content\/uploads\/sites\/6\/2026\/08\/VOLVO_ES90_Gustavo_Zylbersztajn__URBANO_620-768x512.jpg 768w\" sizes=\"auto, (max-width: 1000px) 100vw, 1000px\" \/><\/figure>\n\n\n\n<figure class=\"wp-block-image size-large\"><img loading=\"lazy\" decoding=\"async\" width=\"1000\" height=\"667\" data-id=\"3665\" src=\"https:\/\/newblogs.correiobraziliense.com.br\/multieixos\/wp-content\/uploads\/sites\/6\/2026\/08\/VOLVO_ES90_Gustavo_Zylbersztajn__URBANO_723.jpg\" alt=\"\" class=\"wp-image-3665\" srcset=\"https:\/\/newblogs.correiobraziliense.com.br\/multieixos\/wp-content\/uploads\/sites\/6\/2026\/08\/VOLVO_ES90_Gustavo_Zylbersztajn__URBANO_723.jpg 1000w, https:\/\/newblogs.correiobraziliense.com.br\/multieixos\/wp-content\/uploads\/sites\/6\/2026\/08\/VOLVO_ES90_Gustavo_Zylbersztajn__URBANO_723-300x200.jpg 300w, https:\/\/newblogs.correiobraziliense.com.br\/multieixos\/wp-content\/uploads\/sites\/6\/2026\/08\/VOLVO_ES90_Gustavo_Zylbersztajn__URBANO_723-768x512.jpg 768w\" sizes=\"auto, (max-width: 1000px) 100vw, 1000px\" \/><\/figure>\n\n\n\n<figure class=\"wp-block-image size-large\"><img loading=\"lazy\" decoding=\"async\" width=\"683\" height=\"1024\" data-id=\"3675\" src=\"https:\/\/newblogs.correiobraziliense.com.br\/multieixos\/wp-content\/uploads\/sites\/6\/2026\/08\/VOLVO_ES90_Gustavo_Zylbersztajn__URBANO_829-683x1024.jpg\" alt=\"\" class=\"wp-image-3675\" srcset=\"https:\/\/newblogs.correiobraziliense.com.br\/multieixos\/wp-content\/uploads\/sites\/6\/2026\/08\/VOLVO_ES90_Gustavo_Zylbersztajn__URBANO_829-683x1024.jpg 683w, https:\/\/newblogs.correiobraziliense.com.br\/multieixos\/wp-content\/uploads\/sites\/6\/2026\/08\/VOLVO_ES90_Gustavo_Zylbersztajn__URBANO_829-200x300.jpg 200w, https:\/\/newblogs.correiobraziliense.com.br\/multieixos\/wp-content\/uploads\/sites\/6\/2026\/08\/VOLVO_ES90_Gustavo_Zylbersztajn__URBANO_829-768x1152.jpg 768w, https:\/\/newblogs.correiobraziliense.com.br\/multieixos\/wp-content\/uploads\/sites\/6\/2026\/08\/VOLVO_ES90_Gustavo_Zylbersztajn__URBANO_829.jpg 1000w\" sizes=\"auto, (max-width: 683px) 100vw, 683px\" \/><\/figure>\n\n\n\n<figure class=\"wp-block-image size-large\"><img loading=\"lazy\" decoding=\"async\" width=\"1000\" height=\"667\" data-id=\"3666\" src=\"https:\/\/newblogs.correiobraziliense.com.br\/multieixos\/wp-content\/uploads\/sites\/6\/2026\/08\/VOLVO_ES90_Gustavo_Zylbersztajn__URBANO_841.jpg\" alt=\"\" class=\"wp-image-3666\" srcset=\"https:\/\/newblogs.correiobraziliense.com.br\/multieixos\/wp-content\/uploads\/sites\/6\/2026\/08\/VOLVO_ES90_Gustavo_Zylbersztajn__URBANO_841.jpg 1000w, https:\/\/newblogs.correiobraziliense.com.br\/multieixos\/wp-content\/uploads\/sites\/6\/2026\/08\/VOLVO_ES90_Gustavo_Zylbersztajn__URBANO_841-300x200.jpg 300w, https:\/\/newblogs.correiobraziliense.com.br\/multieixos\/wp-content\/uploads\/sites\/6\/2026\/08\/VOLVO_ES90_Gustavo_Zylbersztajn__URBANO_841-768x512.jpg 768w\" sizes=\"auto, (max-width: 1000px) 100vw, 1000px\" \/><\/figure>\n\n\n\n<figure class=\"wp-block-image size-large\"><img loading=\"lazy\" decoding=\"async\" width=\"1000\" height=\"667\" data-id=\"3672\" src=\"https:\/\/newblogs.correiobraziliense.com.br\/multieixos\/wp-content\/uploads\/sites\/6\/2026\/08\/VOLVO_ES90_Gustavo_Zylbersztajn__URBANO_974.jpg\" alt=\"\" class=\"wp-image-3672\" srcset=\"https:\/\/newblogs.correiobraziliense.com.br\/multieixos\/wp-content\/uploads\/sites\/6\/2026\/08\/VOLVO_ES90_Gustavo_Zylbersztajn__URBANO_974.jpg 1000w, https:\/\/newblogs.correiobraziliense.com.br\/multieixos\/wp-content\/uploads\/sites\/6\/2026\/08\/VOLVO_ES90_Gustavo_Zylbersztajn__URBANO_974-300x200.jpg 300w, https:\/\/newblogs.correiobraziliense.com.br\/multieixos\/wp-content\/uploads\/sites\/6\/2026\/08\/VOLVO_ES90_Gustavo_Zylbersztajn__URBANO_974-768x512.jpg 768w\" sizes=\"auto, (max-width: 1000px) 100vw, 1000px\" \/><\/figure>\n\n\n\n<figure class=\"wp-block-image size-large\"><img loading=\"lazy\" decoding=\"async\" width=\"1000\" height=\"667\" data-id=\"3669\" src=\"https:\/\/newblogs.correiobraziliense.com.br\/multieixos\/wp-content\/uploads\/sites\/6\/2026\/08\/VOLVO_ES90_Gustavo_Zylbersztajn__URBANO_1062.jpg\" alt=\"\" class=\"wp-image-3669\" srcset=\"https:\/\/newblogs.correiobraziliense.com.br\/multieixos\/wp-content\/uploads\/sites\/6\/2026\/08\/VOLVO_ES90_Gustavo_Zylbersztajn__URBANO_1062.jpg 1000w, https:\/\/newblogs.correiobraziliense.com.br\/multieixos\/wp-content\/uploads\/sites\/6\/2026\/08\/VOLVO_ES90_Gustavo_Zylbersztajn__URBANO_1062-300x200.jpg 300w, https:\/\/newblogs.correiobraziliense.com.br\/multieixos\/wp-content\/uploads\/sites\/6\/2026\/08\/VOLVO_ES90_Gustavo_Zylbersztajn__URBANO_1062-768x512.jpg 768w\" sizes=\"auto, (max-width: 1000px) 100vw, 1000px\" \/><\/figure>\n\n\n\n<figure class=\"wp-block-image size-large\"><img loading=\"lazy\" decoding=\"async\" width=\"1000\" height=\"667\" data-id=\"3668\" src=\"https:\/\/newblogs.correiobraziliense.com.br\/multieixos\/wp-content\/uploads\/sites\/6\/2026\/08\/VOLVO_ES90_Gustavo_Zylbersztajn__URBANO_1418.jpg\" alt=\"\" class=\"wp-image-3668\" srcset=\"https:\/\/newblogs.correiobraziliense.com.br\/multieixos\/wp-content\/uploads\/sites\/6\/2026\/08\/VOLVO_ES90_Gustavo_Zylbersztajn__URBANO_1418.jpg 1000w, https:\/\/newblogs.correiobraziliense.com.br\/multieixos\/wp-content\/uploads\/sites\/6\/2026\/08\/VOLVO_ES90_Gustavo_Zylbersztajn__URBANO_1418-300x200.jpg 300w, https:\/\/newblogs.correiobraziliense.com.br\/multieixos\/wp-content\/uploads\/sites\/6\/2026\/08\/VOLVO_ES90_Gustavo_Zylbersztajn__URBANO_1418-768x512.jpg 768w\" sizes=\"auto, (max-width: 1000px) 100vw, 1000px\" \/><\/figure>\n\n\n\n<figure class=\"wp-block-image size-large\"><img loading=\"lazy\" decoding=\"async\" width=\"1000\" height=\"667\" data-id=\"3674\" src=\"https:\/\/newblogs.correiobraziliense.com.br\/multieixos\/wp-content\/uploads\/sites\/6\/2026\/08\/VOLVO_ES90_Gustavo_Zylbersztajn__URBANO_1470.jpg\" alt=\"\" class=\"wp-image-3674\" srcset=\"https:\/\/newblogs.correiobraziliense.com.br\/multieixos\/wp-content\/uploads\/sites\/6\/2026\/08\/VOLVO_ES90_Gustavo_Zylbersztajn__URBANO_1470.jpg 1000w, https:\/\/newblogs.correiobraziliense.com.br\/multieixos\/wp-content\/uploads\/sites\/6\/2026\/08\/VOLVO_ES90_Gustavo_Zylbersztajn__URBANO_1470-300x200.jpg 300w, https:\/\/newblogs.correiobraziliense.com.br\/multieixos\/wp-content\/uploads\/sites\/6\/2026\/08\/VOLVO_ES90_Gustavo_Zylbersztajn__URBANO_1470-768x512.jpg 768w\" sizes=\"auto, (max-width: 1000px) 100vw, 1000px\" \/><\/figure>\n\n\n\n<figure class=\"wp-block-image size-large\"><img loading=\"lazy\" decoding=\"async\" width=\"1000\" height=\"667\" data-id=\"3677\" src=\"https:\/\/newblogs.correiobraziliense.com.br\/multieixos\/wp-content\/uploads\/sites\/6\/2026\/08\/VOLVO_ES90_Gustavo_Zylbersztajn__URBANO_1496.jpg\" alt=\"\" class=\"wp-image-3677\" srcset=\"https:\/\/newblogs.correiobraziliense.com.br\/multieixos\/wp-content\/uploads\/sites\/6\/2026\/08\/VOLVO_ES90_Gustavo_Zylbersztajn__URBANO_1496.jpg 1000w, https:\/\/newblogs.correiobraziliense.com.br\/multieixos\/wp-content\/uploads\/sites\/6\/2026\/08\/VOLVO_ES90_Gustavo_Zylbersztajn__URBANO_1496-300x200.jpg 300w, https:\/\/newblogs.correiobraziliense.com.br\/multieixos\/wp-content\/uploads\/sites\/6\/2026\/08\/VOLVO_ES90_Gustavo_Zylbersztajn__URBANO_1496-768x512.jpg 768w\" sizes=\"auto, (max-width: 1000px) 100vw, 1000px\" \/><\/figure>\n\n\n\n<figure class=\"wp-block-image size-large\"><img loading=\"lazy\" decoding=\"async\" width=\"1000\" height=\"667\" data-id=\"3676\" src=\"https:\/\/newblogs.correiobraziliense.com.br\/multieixos\/wp-content\/uploads\/sites\/6\/2026\/08\/VOLVO_ES90_Gustavo_Zylbersztajn__URBANO_1614.jpg\" alt=\"\" class=\"wp-image-3676\" srcset=\"https:\/\/newblogs.correiobraziliense.com.br\/multieixos\/wp-content\/uploads\/sites\/6\/2026\/08\/VOLVO_ES90_Gustavo_Zylbersztajn__URBANO_1614.jpg 1000w, https:\/\/newblogs.correiobraziliense.com.br\/multieixos\/wp-content\/uploads\/sites\/6\/2026\/08\/VOLVO_ES90_Gustavo_Zylbersztajn__URBANO_1614-300x200.jpg 300w, https:\/\/newblogs.correiobraziliense.com.br\/multieixos\/wp-content\/uploads\/sites\/6\/2026\/08\/VOLVO_ES90_Gustavo_Zylbersztajn__URBANO_1614-768x512.jpg 768w\" sizes=\"auto, (max-width: 1000px) 100vw, 1000px\" \/><\/figure>\n\n\n\n<figure class=\"wp-block-image size-large\"><img loading=\"lazy\" decoding=\"async\" width=\"683\" height=\"1024\" data-id=\"3681\" src=\"https:\/\/newblogs.correiobraziliense.com.br\/multieixos\/wp-content\/uploads\/sites\/6\/2026\/08\/VOLVO_ES90_Gustavo_Zylbersztajn_GZY__REFUGIO_2780-683x1024.jpg\" alt=\"\" class=\"wp-image-3681\" srcset=\"https:\/\/newblogs.correiobraziliense.com.br\/multieixos\/wp-content\/uploads\/sites\/6\/2026\/08\/VOLVO_ES90_Gustavo_Zylbersztajn_GZY__REFUGIO_2780-683x1024.jpg 683w, https:\/\/newblogs.correiobraziliense.com.br\/multieixos\/wp-content\/uploads\/sites\/6\/2026\/08\/VOLVO_ES90_Gustavo_Zylbersztajn_GZY__REFUGIO_2780-200x300.jpg 200w, https:\/\/newblogs.correiobraziliense.com.br\/multieixos\/wp-content\/uploads\/sites\/6\/2026\/08\/VOLVO_ES90_Gustavo_Zylbersztajn_GZY__REFUGIO_2780-768x1152.jpg 768w, https:\/\/newblogs.correiobraziliense.com.br\/multieixos\/wp-content\/uploads\/sites\/6\/2026\/08\/VOLVO_ES90_Gustavo_Zylbersztajn_GZY__REFUGIO_2780.jpg 1000w\" sizes=\"auto, (max-width: 683px) 100vw, 683px\" \/><\/figure>\n\n\n\n<figure class=\"wp-block-image size-large\"><img loading=\"lazy\" decoding=\"async\" width=\"768\" height=\"1024\" data-id=\"3673\" src=\"https:\/\/newblogs.correiobraziliense.com.br\/multieixos\/wp-content\/uploads\/sites\/6\/2026\/08\/VOLVO_ES90_Gustavo_Zylbersztajn_STUDIO__73-768x1024.jpg\" alt=\"\" class=\"wp-image-3673\" srcset=\"https:\/\/newblogs.correiobraziliense.com.br\/multieixos\/wp-content\/uploads\/sites\/6\/2026\/08\/VOLVO_ES90_Gustavo_Zylbersztajn_STUDIO__73-768x1024.jpg 768w, https:\/\/newblogs.correiobraziliense.com.br\/multieixos\/wp-content\/uploads\/sites\/6\/2026\/08\/VOLVO_ES90_Gustavo_Zylbersztajn_STUDIO__73-225x300.jpg 225w, https:\/\/newblogs.correiobraziliense.com.br\/multieixos\/wp-content\/uploads\/sites\/6\/2026\/08\/VOLVO_ES90_Gustavo_Zylbersztajn_STUDIO__73.jpg 1000w\" sizes=\"auto, (max-width: 768px) 100vw, 768px\" \/><\/figure>\n\n\n\n<figure class=\"wp-block-image size-large\"><img loading=\"lazy\" decoding=\"async\" width=\"768\" height=\"1024\" data-id=\"3678\" src=\"https:\/\/newblogs.correiobraziliense.com.br\/multieixos\/wp-content\/uploads\/sites\/6\/2026\/08\/VOLVO_ES90_Gustavo_Zylbersztajn_STUDIO__108-768x1024.jpg\" alt=\"\" class=\"wp-image-3678\" srcset=\"https:\/\/newblogs.correiobraziliense.com.br\/multieixos\/wp-content\/uploads\/sites\/6\/2026\/08\/VOLVO_ES90_Gustavo_Zylbersztajn_STUDIO__108-768x1024.jpg 768w, https:\/\/newblogs.correiobraziliense.com.br\/multieixos\/wp-content\/uploads\/sites\/6\/2026\/08\/VOLVO_ES90_Gustavo_Zylbersztajn_STUDIO__108-225x300.jpg 225w, https:\/\/newblogs.correiobraziliense.com.br\/multieixos\/wp-content\/uploads\/sites\/6\/2026\/08\/VOLVO_ES90_Gustavo_Zylbersztajn_STUDIO__108.jpg 1000w\" sizes=\"auto, (max-width: 768px) 100vw, 768px\" \/><\/figure>\n\n\n\n<figure class=\"wp-block-image size-large\"><img loading=\"lazy\" decoding=\"async\" width=\"768\" height=\"1024\" data-id=\"3680\" src=\"https:\/\/newblogs.correiobraziliense.com.br\/multieixos\/wp-content\/uploads\/sites\/6\/2026\/08\/VOLVO_ES90_Gustavo_Zylbersztajn_STUDIO__677-768x1024.jpg\" alt=\"\" class=\"wp-image-3680\" srcset=\"https:\/\/newblogs.correiobraziliense.com.br\/multieixos\/wp-content\/uploads\/sites\/6\/2026\/08\/VOLVO_ES90_Gustavo_Zylbersztajn_STUDIO__677-768x1024.jpg 768w, https:\/\/newblogs.correiobraziliense.com.br\/multieixos\/wp-content\/uploads\/sites\/6\/2026\/08\/VOLVO_ES90_Gustavo_Zylbersztajn_STUDIO__677-225x300.jpg 225w, https:\/\/newblogs.correiobraziliense.com.br\/multieixos\/wp-content\/uploads\/sites\/6\/2026\/08\/VOLVO_ES90_Gustavo_Zylbersztajn_STUDIO__677.jpg 1000w\" sizes=\"auto, (max-width: 768px) 100vw, 768px\" \/><\/figure>\n\n\n\n<figure class=\"wp-block-image size-large\"><img loading=\"lazy\" decoding=\"async\" width=\"1000\" height=\"750\" data-id=\"3679\" src=\"https:\/\/newblogs.correiobraziliense.com.br\/multieixos\/wp-content\/uploads\/sites\/6\/2026\/08\/VOLVO_ES90_Gustavo_Zylbersztajn_STUDIO__808.jpg\" alt=\"\" class=\"wp-image-3679\" srcset=\"https:\/\/newblogs.correiobraziliense.com.br\/multieixos\/wp-content\/uploads\/sites\/6\/2026\/08\/VOLVO_ES90_Gustavo_Zylbersztajn_STUDIO__808.jpg 1000w, https:\/\/newblogs.correiobraziliense.com.br\/multieixos\/wp-content\/uploads\/sites\/6\/2026\/08\/VOLVO_ES90_Gustavo_Zylbersztajn_STUDIO__808-300x225.jpg 300w, https:\/\/newblogs.correiobraziliense.com.br\/multieixos\/wp-content\/uploads\/sites\/6\/2026\/08\/VOLVO_ES90_Gustavo_Zylbersztajn_STUDIO__808-768x576.jpg 768w, https:\/\/newblogs.correiobraziliense.com.br\/multieixos\/wp-content\/uploads\/sites\/6\/2026\/08\/VOLVO_ES90_Gustavo_Zylbersztajn_STUDIO__808-800x600.jpg 800w\" sizes=\"auto, (max-width: 1000px) 100vw, 1000px\" \/><\/figure>\n<\/figure>\n<\/div>\n\t\t\t<div class=\"slider-nav\">\n\t\t\t\t<button class=\"prev\">\n\t\t\t\t<svg xmlns=\"http:\/\/www.w3.org\/2000\/svg\" width=\"26\" height=\"45\" viewBox=\"0 0 26 45\" fill=\"none\">\n\t\t\t\t<path d=\"M24.9118 0.990519C25.5461 1.62494 25.9023 2.48528 25.9023 3.38235C25.9023 4.27943 25.5461 5.13977 24.9118 5.77419L8.16559 22.5204L24.9118 39.2667C25.5281 39.9047 25.8691 40.7593 25.8614 41.6463C25.8537 42.5334 25.4979 43.3819 24.8706 44.0091C24.2434 44.6364 23.3948 44.9922 22.5078 44.9999C21.6208 45.0076 20.7662 44.6666 20.1282 44.0503L0.990082 24.9123C0.355853 24.2778 -0.000438023 23.4175 -0.000438023 22.5204C-0.000438023 21.6234 0.355853 20.763 0.990082 20.1286L20.1282 0.990519C20.7626 0.35629 21.6229 0 22.52 0C23.4171 0 24.2774 0.35629 24.9118 0.990519Z\" fill=\"white\" fill-opacity=\"0.7\"><\/path>\n\t\t\t\t<\/svg>\n\t\t\t\t<\/button>\n\t\t\t\t<button class=\"next\">\n\t\t\t\t<svg xmlns=\"http:\/\/www.w3.org\/2000\/svg\" width=\"26\" height=\"45\" viewBox=\"0 0 26 45\" fill=\"none\">\n\t\t\t\t<path d=\"M0.99052 0.990519C0.356291 1.62494 0 2.48528 0 3.38235C0 4.27943 0.356291 5.13977 0.99052 5.77419L17.7368 22.5204L0.99052 39.2667C0.374265 39.9047 0.0332682 40.7593 0.0409763 41.6463C0.0486844 42.5334 0.40448 43.3819 1.03173 44.0091C1.65898 44.6364 2.5075 44.9922 3.39453 44.9999C4.28156 45.0076 5.13613 44.6666 5.77419 44.0503L24.9123 24.9123C25.5465 24.2778 25.9028 23.4175 25.9028 22.5204C25.9028 21.6234 25.5465 20.763 24.9123 20.1286L5.77419 0.990519C5.13977 0.35629 4.27943 0 3.38235 0C2.48528 0 1.62494 0.35629 0.99052 0.990519Z\" fill=\"white\" fill-opacity=\"0.7\"><\/path>\n\t\t\t\t<\/svg>\n\t\t\t\t<\/button>\n\t\t\t<\/div>\n\t\t\t<div class=\"slider-dots\"><\/div>\n\t\t\t<\/div>\n\n\n<p>O ES90 \u00e9 equipado com computadores centrais de \u00faltima gera\u00e7\u00e3o &#8211; e \u00e9 o primeiro Volvo com tecnologia de 800V, oferecendo maior autonomia e carregamento mais r\u00e1pido do que qualquer outro carro totalmente el\u00e9trico da marca at\u00e9 hoje. E, claro, tem a quest\u00e3o da seguran\u00e7a, uma caracter\u00edstica essencial da marca sueca desde 1927. Como n\u00e3o poderia deixar de ser, foi projetado para ajudar a proteger todos, dentro e ao redor do carro.&nbsp;<\/p>\n\n\n\n<figure class=\"wp-block-image size-full\"><img loading=\"lazy\" decoding=\"async\" width=\"1000\" height=\"667\" src=\"https:\/\/newblogs.correiobraziliense.com.br\/multieixos\/wp-content\/uploads\/sites\/6\/2026\/08\/ES90.jpg\" alt=\"\" class=\"wp-image-3652\" srcset=\"https:\/\/newblogs.correiobraziliense.com.br\/multieixos\/wp-content\/uploads\/sites\/6\/2026\/08\/ES90.jpg 1000w, https:\/\/newblogs.correiobraziliense.com.br\/multieixos\/wp-content\/uploads\/sites\/6\/2026\/08\/ES90-300x200.jpg 300w, https:\/\/newblogs.correiobraziliense.com.br\/multieixos\/wp-content\/uploads\/sites\/6\/2026\/08\/ES90-768x512.jpg 768w\" sizes=\"auto, (max-width: 1000px) 100vw, 1000px\" \/><\/figure>\n\n\n\n<p>Por sinal, desde que foi estabelecido, o padr\u00e3o Volvo de seguran\u00e7a ajuda a desenvolver carros mais seguros para diversos cen\u00e1rios do mundo real, que podem ser muito mais complexos do que as situa\u00e7\u00f5es simuladas em testes padronizados. Equipado com computadores centrais de alta pot\u00eancia, o ES90 d\u00e1 continuidade \u00e0 uma nova era de seguran\u00e7a da marca sueca.<\/p>\n\n\n\n<p>O carro conta com uma c\u00e9lula de seguran\u00e7a robusta, sistemas de reten\u00e7\u00e3o de \u00faltima gera\u00e7\u00e3o e zonas de deforma\u00e7\u00e3o otimizadas. Os sistemas de seguran\u00e7a ativa s\u00e3o alimentados por um conjunto avan\u00e7ado de sensores, incluindo cinco radares, sete c\u00e2meras e doze sensores ultrass\u00f4nicos.<\/p>\n\n\n\n<figure class=\"wp-block-image size-full\"><img loading=\"lazy\" decoding=\"async\" width=\"1000\" height=\"667\" src=\"https:\/\/newblogs.correiobraziliense.com.br\/multieixos\/wp-content\/uploads\/sites\/6\/2026\/08\/es90-k.jpg\" alt=\"\" class=\"wp-image-3653\" srcset=\"https:\/\/newblogs.correiobraziliense.com.br\/multieixos\/wp-content\/uploads\/sites\/6\/2026\/08\/es90-k.jpg 1000w, https:\/\/newblogs.correiobraziliense.com.br\/multieixos\/wp-content\/uploads\/sites\/6\/2026\/08\/es90-k-300x200.jpg 300w, https:\/\/newblogs.correiobraziliense.com.br\/multieixos\/wp-content\/uploads\/sites\/6\/2026\/08\/es90-k-768x512.jpg 768w\" sizes=\"auto, (max-width: 1000px) 100vw, 1000px\" \/><\/figure>\n\n\n\n<p>Esse conjunto de sensores permite uma percep\u00e7\u00e3o que vai al\u00e9m da capacidade humana, ajudando a evitar colis\u00f5es e perigos na via. O ES90 tamb\u00e9m traz de s\u00e9rie o pioneiro sistema de monitoramento do motorista, capaz de detectar quando a aten\u00e7\u00e3o de quem dirige n\u00e3o est\u00e1 mais voltada para a estrada e intervir para oferecer suporte.<\/p>\n\n\n\n<p>A tecnologia Safe Space da Volvo Cars n\u00e3o atua apenas durante a condu\u00e7\u00e3o, mas tamb\u00e9m quando o ve\u00edculo est\u00e1 estacionado. O alerta de abertura de portas do ES90 ajuda a identificar e proteger ciclistas ou pedestres que estejam passando no momento em que as pessoas dentro do carro v\u00e3o abrir as portas. Al\u00e9m disso, ao sair do carro, o sistema de detec\u00e7\u00e3o de ocupantes em toda a cabine ajuda a evitar que voc\u00ea deixe pessoas queridas para tr\u00e1s, capaz at\u00e9 de detectar movimentos em escala submilim\u00e9trica, como a respira\u00e7\u00e3o suave de um beb\u00ea.<\/p>\n\n\n\n<figure class=\"wp-block-image size-full\"><img loading=\"lazy\" decoding=\"async\" width=\"1000\" height=\"750\" src=\"https:\/\/newblogs.correiobraziliense.com.br\/multieixos\/wp-content\/uploads\/sites\/6\/2026\/08\/es90-w.jpg\" alt=\"\" class=\"wp-image-3654\" srcset=\"https:\/\/newblogs.correiobraziliense.com.br\/multieixos\/wp-content\/uploads\/sites\/6\/2026\/08\/es90-w.jpg 1000w, https:\/\/newblogs.correiobraziliense.com.br\/multieixos\/wp-content\/uploads\/sites\/6\/2026\/08\/es90-w-300x225.jpg 300w, https:\/\/newblogs.correiobraziliense.com.br\/multieixos\/wp-content\/uploads\/sites\/6\/2026\/08\/es90-w-768x576.jpg 768w, https:\/\/newblogs.correiobraziliense.com.br\/multieixos\/wp-content\/uploads\/sites\/6\/2026\/08\/es90-w-800x600.jpg 800w\" sizes=\"auto, (max-width: 1000px) 100vw, 1000px\" \/><\/figure>\n\n\n\n<p>O novo modelo j\u00e1 est\u00e1 dispon\u00edvel nas 52 concession\u00e1rias espalhadas por todo o pa\u00eds na vers\u00e3o Ultra Twin Motor Performance com valor de R$ 659.950, completando o portf\u00f3lio atual, que conta com os tamb\u00e9m el\u00e9tricos EX30, EX40, EC40 e EX90, al\u00e9m das op\u00e7\u00f5es de h\u00edbridos plug-in: XC60 e XC90.<\/p>\n\n\n\n<p><strong>Design <\/strong>&nbsp;<\/p>\n\n\n\n<p>O ES90 tem uma altura de rodagem ligeiramente mais alta, em compara\u00e7\u00e3o com a maioria dos sed\u00e3s, para proporcionar ao motorista uma vis\u00e3o mais privilegiada durante a dire\u00e7\u00e3o. A linha fluida do teto equilibra eleg\u00e2ncia e espa\u00e7o interno, al\u00e9m de contribuir para uma excelente aerodin\u00e2mica, otimizando a efici\u00eancia geral, inclusive a autonomia.<\/p>\n\n\n\n<figure class=\"wp-block-image size-full\"><img loading=\"lazy\" decoding=\"async\" width=\"1000\" height=\"667\" src=\"https:\/\/newblogs.correiobraziliense.com.br\/multieixos\/wp-content\/uploads\/sites\/6\/2026\/08\/es90-x.jpg\" alt=\"\" class=\"wp-image-3655\" srcset=\"https:\/\/newblogs.correiobraziliense.com.br\/multieixos\/wp-content\/uploads\/sites\/6\/2026\/08\/es90-x.jpg 1000w, https:\/\/newblogs.correiobraziliense.com.br\/multieixos\/wp-content\/uploads\/sites\/6\/2026\/08\/es90-x-300x200.jpg 300w, https:\/\/newblogs.correiobraziliense.com.br\/multieixos\/wp-content\/uploads\/sites\/6\/2026\/08\/es90-x-768x512.jpg 768w\" sizes=\"auto, (max-width: 1000px) 100vw, 1000px\" \/><\/figure>\n\n\n\n<p>A dianteira traz o design caracter\u00edstico com a assinatura dos far\u00f3is &#8220;Martelo de Thor&#8221;, refor\u00e7ando uma identidade que combina elementos familiares e modernos. A traseira tamb\u00e9m se destaca, com novas lanternas de LED em formato de &#8220;C&#8221; complementadas por luzes de LED no vidro traseiro, criando uma sequ\u00eancia de ilumina\u00e7\u00e3o \u00fanica de boas-vindas e despedidas. J\u00e1 as rodas de 22 polegadas contam com um design aerodin\u00e2mico aberto, desenvolvido para aliar estilo e efici\u00eancia. Ao configurar seu ES90, os clientes podem escolher entre oito cores externas e tr\u00eas op\u00e7\u00f5es de interior.<\/p>\n\n\n\n<p>A tampa do porta-malas facilita o carregamento e o descarregamento de bagagens da fam\u00edlia. O porta-malas oferece 442 litros de capacidade de carga. Ao rebater os tr\u00eas bancos traseiros \u2014 inclusive individualmente \u2014, o espa\u00e7o de carga aumenta para 733 litros. O compartimento dianteiro (frunk), localizado sob o cap\u00f4, conta com capacidade de 22 litros, ideal para guardar o carregador de emerg\u00eancia.<\/p>\n\n\n\n<p><strong>Conforto&nbsp;<\/strong><\/p>\n\n\n\n<p>No interior, o foco est\u00e1 no conforto. Gra\u00e7as \u00e0 dist\u00e2ncia entre-eixos de 3,1 metros, o carro oferece um espa\u00e7o generoso para as pernas dos passageiros nos bancos traseiros, com muito conforto para viagens, tanto para adultos quanto para crian\u00e7as. Seis temas de ilumina\u00e7\u00e3o ambiente interna, voltados para o bem-estar sensorial, e uma variedade de op\u00e7\u00f5es de revestimento permitem personalizar ainda mais o novo lan\u00e7amento da Volvo Cars no Brasil.<\/p>\n\n\n\n<figure class=\"wp-block-image size-full\"><img loading=\"lazy\" decoding=\"async\" width=\"1000\" height=\"667\" src=\"https:\/\/newblogs.correiobraziliense.com.br\/multieixos\/wp-content\/uploads\/sites\/6\/2026\/08\/es90-z.jpg\" alt=\"\" class=\"wp-image-3656\" srcset=\"https:\/\/newblogs.correiobraziliense.com.br\/multieixos\/wp-content\/uploads\/sites\/6\/2026\/08\/es90-z.jpg 1000w, https:\/\/newblogs.correiobraziliense.com.br\/multieixos\/wp-content\/uploads\/sites\/6\/2026\/08\/es90-z-300x200.jpg 300w, https:\/\/newblogs.correiobraziliense.com.br\/multieixos\/wp-content\/uploads\/sites\/6\/2026\/08\/es90-z-768x512.jpg 768w\" sizes=\"auto, (max-width: 1000px) 100vw, 1000px\" \/><\/figure>\n\n\n\n<p>O teto panor\u00e2mico do ES90 oferece prote\u00e7\u00e3o de at\u00e9 99,9% contra raios UV, e, com a tecnologia eletrocr\u00f4mica, o propriet\u00e1rio pode ajustar a transpar\u00eancia do vidro. Assim, se estiver viajando em um dia quente de ver\u00e3o e quiser reduzir a intensidade do sol para aumentar o conforto interno, poder\u00e1 faz\u00ea-lo com o toque de um bot\u00e3o na tela central.<\/p>\n\n\n\n<p>A vers\u00e3o \u00fanica que j\u00e1 est\u00e1 dispon\u00edvel no Brasil, vem com equipamentos Bowers &amp; Wilkins e conta com 25 alto-falantes de alta fidelidade distribu\u00eddos pela cabine, incluindo unidades nos encostos de cabe\u00e7a dos bancos dianteiros e no teto. O sistema tamb\u00e9m apresenta o \u00e1udio espacial realista do Dolby Atmos\u00ae, proporcionando uma experi\u00eancia sonora imersiva. Somado a isso, o sistema Bowers &amp; Wilkins \u00e9 um modo especial que reproduz a sonoridade dos lend\u00e1rios est\u00fadios Abbey Road, em Londres.<\/p>\n\n\n\n<figure class=\"wp-block-image size-large\"><img loading=\"lazy\" decoding=\"async\" width=\"768\" height=\"1024\" src=\"https:\/\/newblogs.correiobraziliense.com.br\/multieixos\/wp-content\/uploads\/sites\/6\/2026\/08\/VOLVO_ES90_Gustavo-Zylbersztajn__URBANO_077-768x1024.jpg\" alt=\"\" class=\"wp-image-3657\" srcset=\"https:\/\/newblogs.correiobraziliense.com.br\/multieixos\/wp-content\/uploads\/sites\/6\/2026\/08\/VOLVO_ES90_Gustavo-Zylbersztajn__URBANO_077-768x1024.jpg 768w, https:\/\/newblogs.correiobraziliense.com.br\/multieixos\/wp-content\/uploads\/sites\/6\/2026\/08\/VOLVO_ES90_Gustavo-Zylbersztajn__URBANO_077-225x300.jpg 225w, https:\/\/newblogs.correiobraziliense.com.br\/multieixos\/wp-content\/uploads\/sites\/6\/2026\/08\/VOLVO_ES90_Gustavo-Zylbersztajn__URBANO_077.jpg 930w\" sizes=\"auto, (max-width: 768px) 100vw, 768px\" \/><\/figure>\n\n\n\n<p>Os equipamentos de infoentretenimento do ES90 contam com a nova gera\u00e7\u00e3o com Google integrado, que inclui servi\u00e7os como Google Maps, Google Assistente e diversos aplicativos na Google Play. O sistema responsivo, fluido e compat\u00edvel com 5G \u00e9 impulsionado pela plataforma Snapdragon\u00ae Cockpit da Qualcomm Technologies e projetado para fornecer todas as informa\u00e7\u00f5es essenciais para a condu\u00e7\u00e3o \u2014 no momento em que voc\u00ea precisa delas \u2014 por meio de um painel de instrumentos de 9 polegadas, posicionado logo acima do volante, e do head-up display.<\/p>\n\n\n\n<p>J\u00e1 a tela central de 14,5 polegadas oferece acesso a navega\u00e7\u00e3o, entretenimento, climatiza\u00e7\u00e3o, telefone e entre outras comodidades, inclusive uma nova visualiza\u00e7\u00e3o em 3D do ES90, com aux\u00edlio de um sistema de c\u00e2meras 360\u00b0, est\u00e1 dispon\u00edvel para auxiliar o motorista a manobrar em vagas apertadas, quando necess\u00e1rio.<\/p>\n","protected":false},"excerpt":{"rendered":"<p>Modelo el\u00e9trico \u00e9 o primeiro da montadora sueca a superar a barreira de 500 km nos testes do Inmetro. Tem dois motores e \u00e9 capaz de acelerar de 0 a 100 km\/h em quatro segundos. Pot\u00eancia combinada chega a 680 cv. Pre\u00e7o? R$ 659.950<\/p>\n","protected":false},"author":20,"featured_media":3651,"comment_status":"closed","ping_status":"open","sticky":false,"template":"","format":"standard","meta":{"_acf_changed":false,"inline_featured_image":false,"footnotes":""},"categories":[8,257],"tags":[6,15,379,14,10,380,378],"class_list":["post-3650","post","type-post","status-publish","format-standard","has-post-thumbnail","hentry","category-carros","category-eletricos","tag-carros","tag-eletricos","tag-es90","tag-lancamentos","tag-precos","tag-seda","tag-volvo"],"acf":[],"yoast_head":"<!-- This site is optimized with the Yoast SEO plugin v28.1 - https:\/\/yoast.com\/product\/yoast-seo-wordpress\/ -->\n<title>ES90: novo sed\u00e3 Volvo tem 524km de autonomia - Multieixos com Renato Ferraz<\/title>\n<meta name=\"robots\" content=\"index, follow, max-snippet:-1, max-image-preview:large, max-video-preview:-1\" \/>\n<link rel=\"canonical\" href=\"https:\/\/newblogs.correiobraziliense.com.br\/multieixos\/2026\/08\/28\/es90-novo-seda-volvo-tem-524km-de-autonomia\/\" \/>\n<meta property=\"og:locale\" content=\"pt_BR\" \/>\n<meta property=\"og:type\" content=\"article\" \/>\n<meta property=\"og:title\" content=\"ES90: novo sed\u00e3 Volvo tem 524km de autonomia - Multieixos com Renato Ferraz\" \/>\n<meta property=\"og:description\" content=\"Modelo el\u00e9trico \u00e9 o primeiro da montadora sueca a superar a barreira de 500 km nos testes do Inmetro. Tem dois motores e \u00e9 capaz de acelerar de 0 a 100 km\/h em quatro segundos. Pot\u00eancia combinada chega a 680 cv. Pre\u00e7o? R$ 659.950\" \/>\n<meta property=\"og:url\" content=\"https:\/\/newblogs.correiobraziliense.com.br\/multieixos\/2026\/08\/28\/es90-novo-seda-volvo-tem-524km-de-autonomia\/\" \/>\n<meta property=\"og:site_name\" content=\"Multieixos com Renato Ferraz\" \/>\n<meta property=\"article:author\" content=\"https:\/\/www.facebook.com\/profile.php?id=100092255591956\" \/>\n<meta property=\"article:published_time\" content=\"2026-08-28T13:13:00+00:00\" \/>\n<meta property=\"og:image\" content=\"https:\/\/newblogs.correiobraziliense.com.br\/multieixos\/wp-content\/uploads\/sites\/6\/2026\/08\/es90-r.jpg\" \/>\n\t<meta property=\"og:image:width\" content=\"1000\" \/>\n\t<meta property=\"og:image:height\" content=\"667\" \/>\n\t<meta property=\"og:image:type\" content=\"image\/jpeg\" \/>\n<meta name=\"author\" content=\"Renato Ferraz\" \/>\n<!-- \/ Yoast SEO plugin. -->","yoast_head_json":{"title":"ES90: novo sed\u00e3 Volvo tem 524km de autonomia - Multieixos com Renato Ferraz","robots":{"index":"index","follow":"follow","max-snippet":"max-snippet:-1","max-image-preview":"max-image-preview:large","max-video-preview":"max-video-preview:-1"},"canonical":"https:\/\/newblogs.correiobraziliense.com.br\/multieixos\/2026\/08\/28\/es90-novo-seda-volvo-tem-524km-de-autonomia\/","og_locale":"pt_BR","og_type":"article","og_title":"ES90: novo sed\u00e3 Volvo tem 524km de autonomia - Multieixos com Renato Ferraz","og_description":"Modelo el\u00e9trico \u00e9 o primeiro da montadora sueca a superar a barreira de 500 km nos testes do Inmetro. Tem dois motores e \u00e9 capaz de acelerar de 0 a 100 km\/h em quatro segundos. Pot\u00eancia combinada chega a 680 cv. Pre\u00e7o? R$ 659.950","og_url":"https:\/\/newblogs.correiobraziliense.com.br\/multieixos\/2026\/08\/28\/es90-novo-seda-volvo-tem-524km-de-autonomia\/","og_site_name":"Multieixos com Renato Ferraz","article_author":"https:\/\/www.facebook.com\/profile.php?id=100092255591956","article_published_time":"2026-08-28T13:13:00+00:00","og_image":[{"width":1000,"height":667,"url":"https:\/\/newblogs.correiobraziliense.com.br\/multieixos\/wp-content\/uploads\/sites\/6\/2026\/08\/es90-r.jpg","type":"image\/jpeg"}],"author":"Renato Ferraz","schema":{"@context":"https:\/\/schema.org","@graph":[{"@type":"Article","@id":"https:\/\/newblogs.correiobraziliense.com.br\/multieixos\/2026\/08\/28\/es90-novo-seda-volvo-tem-524km-de-autonomia\/#article","isPartOf":{"@id":"https:\/\/newblogs.correiobraziliense.com.br\/multieixos\/2026\/08\/28\/es90-novo-seda-volvo-tem-524km-de-autonomia\/"},"author":{"name":"Renato Ferraz","@id":"https:\/\/newblogs.correiobraziliense.com.br\/multieixos\/#\/schema\/person\/2fb466788a0749a4cd6fc2c4d89ddb15"},"headline":"ES90: novo sed\u00e3 Volvo tem 524km de autonomia","datePublished":"2026-08-28T13:13:00+00:00","mainEntityOfPage":{"@id":"https:\/\/newblogs.correiobraziliense.com.br\/multieixos\/2026\/08\/28\/es90-novo-seda-volvo-tem-524km-de-autonomia\/"},"wordCount":1105,"image":{"@id":"https:\/\/newblogs.correiobraziliense.com.br\/multieixos\/2026\/08\/28\/es90-novo-seda-volvo-tem-524km-de-autonomia\/#primaryimage"},"thumbnailUrl":"https:\/\/newblogs.correiobraziliense.com.br\/multieixos\/wp-content\/uploads\/sites\/6\/2026\/08\/es90-r.jpg","keywords":["carros","el\u00e9tricos","ES90","Lan\u00e7amentos","pre\u00e7os","sed\u00e3","Volvo"],"articleSection":["Carros","El\u00e9tricos"],"inLanguage":"pt-BR"},{"@type":"WebPage","@id":"https:\/\/newblogs.correiobraziliense.com.br\/multieixos\/2026\/08\/28\/es90-novo-seda-volvo-tem-524km-de-autonomia\/","url":"https:\/\/newblogs.correiobraziliense.com.br\/multieixos\/2026\/08\/28\/es90-novo-seda-volvo-tem-524km-de-autonomia\/","name":"ES90: novo sed\u00e3 Volvo tem 524km de autonomia - Multieixos com Renato Ferraz","isPartOf":{"@id":"https:\/\/newblogs.correiobraziliense.com.br\/multieixos\/#website"},"primaryImageOfPage":{"@id":"https:\/\/newblogs.correiobraziliense.com.br\/multieixos\/2026\/08\/28\/es90-novo-seda-volvo-tem-524km-de-autonomia\/#primaryimage"},"image":{"@id":"https:\/\/newblogs.correiobraziliense.com.br\/multieixos\/2026\/08\/28\/es90-novo-seda-volvo-tem-524km-de-autonomia\/#primaryimage"},"thumbnailUrl":"https:\/\/newblogs.correiobraziliense.com.br\/multieixos\/wp-content\/uploads\/sites\/6\/2026\/08\/es90-r.jpg","datePublished":"2026-08-28T13:13:00+00:00","author":{"@id":"https:\/\/newblogs.correiobraziliense.com.br\/multieixos\/#\/schema\/person\/2fb466788a0749a4cd6fc2c4d89ddb15"},"breadcrumb":{"@id":"https:\/\/newblogs.correiobraziliense.com.br\/multieixos\/2026\/08\/28\/es90-novo-seda-volvo-tem-524km-de-autonomia\/#breadcrumb"},"inLanguage":"pt-BR","potentialAction":[{"@type":"ReadAction","target":["https:\/\/newblogs.correiobraziliense.com.br\/multieixos\/2026\/08\/28\/es90-novo-seda-volvo-tem-524km-de-autonomia\/"]}]},{"@type":"ImageObject","inLanguage":"pt-BR","@id":"https:\/\/newblogs.correiobraziliense.com.br\/multieixos\/2026\/08\/28\/es90-novo-seda-volvo-tem-524km-de-autonomia\/#primaryimage","url":"https:\/\/newblogs.correiobraziliense.com.br\/multieixos\/wp-content\/uploads\/sites\/6\/2026\/08\/es90-r.jpg","contentUrl":"https:\/\/newblogs.correiobraziliense.com.br\/multieixos\/wp-content\/uploads\/sites\/6\/2026\/08\/es90-r.jpg","width":1000,"height":667},{"@type":"BreadcrumbList","@id":"https:\/\/newblogs.correiobraziliense.com.br\/multieixos\/2026\/08\/28\/es90-novo-seda-volvo-tem-524km-de-autonomia\/#breadcrumb","itemListElement":[{"@type":"ListItem","position":1,"name":"In\u00edcio","item":"https:\/\/newblogs.correiobraziliense.com.br\/multieixos\/"},{"@type":"ListItem","position":2,"name":"ES90: novo sed\u00e3 Volvo tem 524km de autonomia"}]},{"@type":"WebSite","@id":"https:\/\/newblogs.correiobraziliense.com.br\/multieixos\/#website","url":"https:\/\/newblogs.correiobraziliense.com.br\/multieixos\/","name":"Multieixos com Renato Ferraz","description":"Aqui, voc\u00ea encontra informa\u00e7\u00f5es atualizadas sobre o mercado automotivo, tend\u00eancias de mobilidade urbana, novas solu\u00e7\u00f5es em sustentabilidade no setor de transportes e as principais mudan\u00e7as na legisla\u00e7\u00e3o de tr\u00e2nsito.","alternateName":"Blog | Multieixos com Renato Ferra","potentialAction":[{"@type":"SearchAction","target":{"@type":"EntryPoint","urlTemplate":"https:\/\/newblogs.correiobraziliense.com.br\/multieixos\/?s={search_term_string}"},"query-input":{"@type":"PropertyValueSpecification","valueRequired":true,"valueName":"search_term_string"}}],"inLanguage":"pt-BR"},{"@type":"Person","@id":"https:\/\/newblogs.correiobraziliense.com.br\/multieixos\/#\/schema\/person\/2fb466788a0749a4cd6fc2c4d89ddb15","name":"Renato Ferraz","image":{"@type":"ImageObject","inLanguage":"pt-BR","@id":"https:\/\/secure.gravatar.com\/avatar\/05490fac3b629881956c1c2d33a9f5fcb406d4619aeb73f2548eb9374d66c612?s=96&d=mm&r=g","url":"https:\/\/secure.gravatar.com\/avatar\/05490fac3b629881956c1c2d33a9f5fcb406d4619aeb73f2548eb9374d66c612?s=96&d=mm&r=g","contentUrl":"https:\/\/secure.gravatar.com\/avatar\/05490fac3b629881956c1c2d33a9f5fcb406d4619aeb73f2548eb9374d66c612?s=96&d=mm&r=g","caption":"Renato Ferraz"},"description":"\u00c9 jornalista profissional h\u00e1 35 anos e escreve sobre carros, tr\u00e2nsito e mobilidade desde 2004, participando de centenas lan\u00e7amentos de produtos e v\u00e1rios sal\u00f5es automobil\u00edsticos globais.","sameAs":["https:\/\/www.facebook.com\/profile.php?id=100092255591956","https:\/\/www.instagram.com\/multieixos_correio\/"],"url":"https:\/\/newblogs.correiobraziliense.com.br\/multieixos\/author\/renatoferraz\/"}]}},"_links":{"self":[{"href":"https:\/\/newblogs.correiobraziliense.com.br\/multieixos\/wp-json\/wp\/v2\/posts\/3650","targetHints":{"allow":["GET"]}}],"collection":[{"href":"https:\/\/newblogs.correiobraziliense.com.br\/multieixos\/wp-json\/wp\/v2\/posts"}],"about":[{"href":"https:\/\/newblogs.correiobraziliense.com.br\/multieixos\/wp-json\/wp\/v2\/types\/post"}],"author":[{"embeddable":true,"href":"https:\/\/newblogs.correiobraziliense.com.br\/multieixos\/wp-json\/wp\/v2\/users\/20"}],"replies":[{"embeddable":true,"href":"https:\/\/newblogs.correiobraziliense.com.br\/multieixos\/wp-json\/wp\/v2\/comments?post=3650"}],"version-history":[{"count":1,"href":"https:\/\/newblogs.correiobraziliense.com.br\/multieixos\/wp-json\/wp\/v2\/posts\/3650\/revisions"}],"predecessor-version":[{"id":3682,"href":"https:\/\/newblogs.correiobraziliense.com.br\/multieixos\/wp-json\/wp\/v2\/posts\/3650\/revisions\/3682"}],"wp:featuredmedia":[{"embeddable":true,"href":"https:\/\/newblogs.correiobraziliense.com.br\/multieixos\/wp-json\/wp\/v2\/media\/3651"}],"wp:attachment":[{"href":"https:\/\/newblogs.correiobraziliense.com.br\/multieixos\/wp-json\/wp\/v2\/media?parent=3650"}],"wp:term":[{"taxonomy":"category","embeddable":true,"href":"https:\/\/newblogs.correiobraziliense.com.br\/multieixos\/wp-json\/wp\/v2\/categories?post=3650"},{"taxonomy":"post_tag","embeddable":true,"href":"https:\/\/newblogs.correiobraziliense.com.br\/multieixos\/wp-json\/wp\/v2\/tags?post=3650"}],"curies":[{"name":"wp","href":"https:\/\/api.w.org\/{rel}","templated":true}]}}