{"id":3645,"date":"2026-08-27T11:59:27","date_gmt":"2026-08-27T14:59:27","guid":{"rendered":"https:\/\/newblogs.correiobraziliense.com.br\/multieixos\/?p=3645"},"modified":"2026-08-27T12:00:04","modified_gmt":"2026-08-27T15:00:04","slug":"os-detalhes-da-serie-especial-85-anos-da-jeep","status":"publish","type":"post","link":"https:\/\/newblogs.correiobraziliense.com.br\/multieixos\/2026\/08\/27\/os-detalhes-da-serie-especial-85-anos-da-jeep\/","title":{"rendered":"Os detalhes da s\u00e9rie especial 85 Anos da Jeep"},"content":{"rendered":"\n<p>A Jeep aproveitou a presen\u00e7a no Festival Interlagos, que acaba neste domingo (30), em S\u00e3o Paulo, para mostrar a s\u00e9rie especial que celebra o anivers\u00e1rio de 85 anos da marca. Al\u00e9m do novo Avenger, a s\u00e9rie \u00e9 complementada por Renegade, Compass e Commander. O primeiro, por exemplo, chega com teto bicolor preto, rodas Preto Opaco e emblemas comemorativos. modelo E conta ainda com far\u00f3is Matrix, c\u00e2mera 360\u00b0, rodas aro 18\u201d, grade iluminada, sensor de estacionamento frontal e Jeep Adventure Intelligence com assistente de voz ChatGPT embarcado.&nbsp;<\/p>\n\n\n\n<figure class=\"wp-block-image size-large\"><img loading=\"lazy\" decoding=\"async\" width=\"1024\" height=\"572\" src=\"https:\/\/newblogs.correiobraziliense.com.br\/multieixos\/wp-content\/uploads\/sites\/6\/2026\/08\/J85-1024x572.jpg\" alt=\"\" class=\"wp-image-3647\" srcset=\"https:\/\/newblogs.correiobraziliense.com.br\/multieixos\/wp-content\/uploads\/sites\/6\/2026\/08\/J85-1024x572.jpg 1024w, https:\/\/newblogs.correiobraziliense.com.br\/multieixos\/wp-content\/uploads\/sites\/6\/2026\/08\/J85-300x168.jpg 300w, https:\/\/newblogs.correiobraziliense.com.br\/multieixos\/wp-content\/uploads\/sites\/6\/2026\/08\/J85-768x429.jpg 768w, https:\/\/newblogs.correiobraziliense.com.br\/multieixos\/wp-content\/uploads\/sites\/6\/2026\/08\/J85.jpg 1201w\" sizes=\"auto, (max-width: 1024px) 100vw, 1024px\" \/><\/figure>\n\n\n\n<p>No interior, a nova vers\u00e3o do Avenger recebe acabamentos em Mayan Gold, que oferece toque mais sofisticado nas costuras de bancos, etiquetas e demais detalhes do painel. As edi\u00e7\u00f5es de Renegade, Compass e Commander tamb\u00e9m contam com itens exclusivos, como a grade e a placa de prote\u00e7\u00e3o em Preto Onyx, no Compass, e em Dark Chrome, no Commander. Por sua vez, os logos escurecidos em preto brilhante s\u00e3o exclusivos no Commander.&nbsp;<\/p>\n\n\n\n<figure class=\"wp-block-image size-large\"><img loading=\"lazy\" decoding=\"async\" width=\"1024\" height=\"563\" src=\"https:\/\/newblogs.correiobraziliense.com.br\/multieixos\/wp-content\/uploads\/sites\/6\/2026\/08\/J85x-1024x563.jpg\" alt=\"\" class=\"wp-image-3648\" srcset=\"https:\/\/newblogs.correiobraziliense.com.br\/multieixos\/wp-content\/uploads\/sites\/6\/2026\/08\/J85x-1024x563.jpg 1024w, https:\/\/newblogs.correiobraziliense.com.br\/multieixos\/wp-content\/uploads\/sites\/6\/2026\/08\/J85x-300x165.jpg 300w, https:\/\/newblogs.correiobraziliense.com.br\/multieixos\/wp-content\/uploads\/sites\/6\/2026\/08\/J85x-768x423.jpg 768w, https:\/\/newblogs.correiobraziliense.com.br\/multieixos\/wp-content\/uploads\/sites\/6\/2026\/08\/J85x.jpg 1205w\" sizes=\"auto, (max-width: 1024px) 100vw, 1024px\" \/><\/figure>\n\n\n\n<p>Internamente, as vers\u00f5es recebem volante preto, acabamento em preto na manopla de c\u00e2mbio e costuras em Mayan Gold no painel de portas, painel e assentos. Acabamentos em suede tamb\u00e9m ampliam o car\u00e1ter especial da s\u00e9rie, no Commander. A edi\u00e7\u00e3o 85 Anos ter\u00e1 um n\u00famero limitado e exclusivo de at\u00e9 500 unidades, dependendo do modelo. Nos casos do Jeep Avenger, Renegade e Compass, a base \u00e9 a vers\u00e3o Longitude. No caso do Jeep Commander, ser\u00e1 a vers\u00e3o Limited.&nbsp;&nbsp;<\/p>\n\n\n\n<p>Todos os modelos da s\u00e9rie especial estar\u00e3o dispon\u00edveis em setembro, em todas as concession\u00e1rias do Brasil.&nbsp;<\/p>\n","protected":false},"excerpt":{"rendered":"<p>Avenger, Renegade, Compass e Commander ganharam itens exclusivos. O primeiro, rec\u00e9m-lan\u00e7ado, tem com teto bicolor preto, c\u00e2mera 360\u00b0, rodas aro 18\u201d e assistente de voz via ChatGPT<\/p>\n","protected":false},"author":20,"featured_media":3646,"comment_status":"closed","ping_status":"open","sticky":false,"template":"","format":"standard","meta":{"_acf_changed":false,"inline_featured_image":false,"footnotes":""},"categories":[8],"tags":[158,118,377,254,14,376,375,2],"class_list":["post-3645","post","type-post","status-publish","format-standard","has-post-thumbnail","hentry","category-carros","tag-avenger","tag-commander","tag-compass","tag-jeep-85-anos","tag-lancamentos","tag-renegade","tag-serie-esoecial-jeep","tag-veiculos"],"acf":[],"yoast_head":"<!-- This site is optimized with the Yoast SEO plugin v28.1 - https:\/\/yoast.com\/product\/yoast-seo-wordpress\/ -->\n<title>Os detalhes da s\u00e9rie especial 85 Anos da Jeep - Multieixos com Renato Ferraz<\/title>\n<meta name=\"robots\" content=\"index, follow, max-snippet:-1, max-image-preview:large, max-video-preview:-1\" \/>\n<link rel=\"canonical\" href=\"https:\/\/newblogs.correiobraziliense.com.br\/multieixos\/2026\/08\/27\/os-detalhes-da-serie-especial-85-anos-da-jeep\/\" \/>\n<meta property=\"og:locale\" content=\"pt_BR\" \/>\n<meta property=\"og:type\" content=\"article\" \/>\n<meta property=\"og:title\" content=\"Os detalhes da s\u00e9rie especial 85 Anos da Jeep - Multieixos com Renato Ferraz\" \/>\n<meta property=\"og:description\" content=\"Avenger, Renegade, Compass e Commander ganharam itens exclusivos. O primeiro, rec\u00e9m-lan\u00e7ado, tem com teto bicolor preto, c\u00e2mera 360\u00b0, rodas aro 18\u201d e assistente de voz via ChatGPT\" \/>\n<meta property=\"og:url\" content=\"https:\/\/newblogs.correiobraziliense.com.br\/multieixos\/2026\/08\/27\/os-detalhes-da-serie-especial-85-anos-da-jeep\/\" \/>\n<meta property=\"og:site_name\" content=\"Multieixos com Renato Ferraz\" \/>\n<meta property=\"article:author\" content=\"https:\/\/www.facebook.com\/profile.php?id=100092255591956\" \/>\n<meta property=\"article:published_time\" content=\"2026-08-27T14:59:27+00:00\" \/>\n<meta property=\"article:modified_time\" content=\"2026-08-27T15:00:04+00:00\" \/>\n<meta property=\"og:image\" content=\"https:\/\/newblogs.correiobraziliense.com.br\/multieixos\/wp-content\/uploads\/sites\/6\/2026\/08\/unnamed-2-2.jpg\" \/>\n\t<meta property=\"og:image:width\" content=\"800\" \/>\n\t<meta property=\"og:image:height\" content=\"500\" \/>\n\t<meta property=\"og:image:type\" content=\"image\/jpeg\" \/>\n<meta name=\"author\" content=\"Renato Ferraz\" \/>\n<!-- \/ Yoast SEO plugin. -->","yoast_head_json":{"title":"Os detalhes da s\u00e9rie especial 85 Anos da Jeep - Multieixos com Renato Ferraz","robots":{"index":"index","follow":"follow","max-snippet":"max-snippet:-1","max-image-preview":"max-image-preview:large","max-video-preview":"max-video-preview:-1"},"canonical":"https:\/\/newblogs.correiobraziliense.com.br\/multieixos\/2026\/08\/27\/os-detalhes-da-serie-especial-85-anos-da-jeep\/","og_locale":"pt_BR","og_type":"article","og_title":"Os detalhes da s\u00e9rie especial 85 Anos da Jeep - Multieixos com Renato Ferraz","og_description":"Avenger, Renegade, Compass e Commander ganharam itens exclusivos. O primeiro, rec\u00e9m-lan\u00e7ado, tem com teto bicolor preto, c\u00e2mera 360\u00b0, rodas aro 18\u201d e assistente de voz via ChatGPT","og_url":"https:\/\/newblogs.correiobraziliense.com.br\/multieixos\/2026\/08\/27\/os-detalhes-da-serie-especial-85-anos-da-jeep\/","og_site_name":"Multieixos com Renato Ferraz","article_author":"https:\/\/www.facebook.com\/profile.php?id=100092255591956","article_published_time":"2026-08-27T14:59:27+00:00","article_modified_time":"2026-08-27T15:00:04+00:00","og_image":[{"width":800,"height":500,"url":"https:\/\/newblogs.correiobraziliense.com.br\/multieixos\/wp-content\/uploads\/sites\/6\/2026\/08\/unnamed-2-2.jpg","type":"image\/jpeg"}],"author":"Renato Ferraz","schema":{"@context":"https:\/\/schema.org","@graph":[{"@type":"Article","@id":"https:\/\/newblogs.correiobraziliense.com.br\/multieixos\/2026\/08\/27\/os-detalhes-da-serie-especial-85-anos-da-jeep\/#article","isPartOf":{"@id":"https:\/\/newblogs.correiobraziliense.com.br\/multieixos\/2026\/08\/27\/os-detalhes-da-serie-especial-85-anos-da-jeep\/"},"author":{"name":"Renato Ferraz","@id":"https:\/\/newblogs.correiobraziliense.com.br\/multieixos\/#\/schema\/person\/2fb466788a0749a4cd6fc2c4d89ddb15"},"headline":"Os detalhes da s\u00e9rie especial 85 Anos da Jeep","datePublished":"2026-08-27T14:59:27+00:00","dateModified":"2026-08-27T15:00:04+00:00","mainEntityOfPage":{"@id":"https:\/\/newblogs.correiobraziliense.com.br\/multieixos\/2026\/08\/27\/os-detalhes-da-serie-especial-85-anos-da-jeep\/"},"wordCount":282,"image":{"@id":"https:\/\/newblogs.correiobraziliense.com.br\/multieixos\/2026\/08\/27\/os-detalhes-da-serie-especial-85-anos-da-jeep\/#primaryimage"},"thumbnailUrl":"https:\/\/newblogs.correiobraziliense.com.br\/multieixos\/wp-content\/uploads\/sites\/6\/2026\/08\/unnamed-2-2.jpg","keywords":["Avenger","Commander","Compass","Jeep 85 anos","Lan\u00e7amentos","Renegade","S\u00e9rie Esoecial Jeep","Ve\u00edculos"],"articleSection":["Carros"],"inLanguage":"pt-BR"},{"@type":"WebPage","@id":"https:\/\/newblogs.correiobraziliense.com.br\/multieixos\/2026\/08\/27\/os-detalhes-da-serie-especial-85-anos-da-jeep\/","url":"https:\/\/newblogs.correiobraziliense.com.br\/multieixos\/2026\/08\/27\/os-detalhes-da-serie-especial-85-anos-da-jeep\/","name":"Os detalhes da s\u00e9rie especial 85 Anos da Jeep - Multieixos com Renato Ferraz","isPartOf":{"@id":"https:\/\/newblogs.correiobraziliense.com.br\/multieixos\/#website"},"primaryImageOfPage":{"@id":"https:\/\/newblogs.correiobraziliense.com.br\/multieixos\/2026\/08\/27\/os-detalhes-da-serie-especial-85-anos-da-jeep\/#primaryimage"},"image":{"@id":"https:\/\/newblogs.correiobraziliense.com.br\/multieixos\/2026\/08\/27\/os-detalhes-da-serie-especial-85-anos-da-jeep\/#primaryimage"},"thumbnailUrl":"https:\/\/newblogs.correiobraziliense.com.br\/multieixos\/wp-content\/uploads\/sites\/6\/2026\/08\/unnamed-2-2.jpg","datePublished":"2026-08-27T14:59:27+00:00","dateModified":"2026-08-27T15:00:04+00:00","author":{"@id":"https:\/\/newblogs.correiobraziliense.com.br\/multieixos\/#\/schema\/person\/2fb466788a0749a4cd6fc2c4d89ddb15"},"breadcrumb":{"@id":"https:\/\/newblogs.correiobraziliense.com.br\/multieixos\/2026\/08\/27\/os-detalhes-da-serie-especial-85-anos-da-jeep\/#breadcrumb"},"inLanguage":"pt-BR","potentialAction":[{"@type":"ReadAction","target":["https:\/\/newblogs.correiobraziliense.com.br\/multieixos\/2026\/08\/27\/os-detalhes-da-serie-especial-85-anos-da-jeep\/"]}]},{"@type":"ImageObject","inLanguage":"pt-BR","@id":"https:\/\/newblogs.correiobraziliense.com.br\/multieixos\/2026\/08\/27\/os-detalhes-da-serie-especial-85-anos-da-jeep\/#primaryimage","url":"https:\/\/newblogs.correiobraziliense.com.br\/multieixos\/wp-content\/uploads\/sites\/6\/2026\/08\/unnamed-2-2.jpg","contentUrl":"https:\/\/newblogs.correiobraziliense.com.br\/multieixos\/wp-content\/uploads\/sites\/6\/2026\/08\/unnamed-2-2.jpg","width":800,"height":500},{"@type":"BreadcrumbList","@id":"https:\/\/newblogs.correiobraziliense.com.br\/multieixos\/2026\/08\/27\/os-detalhes-da-serie-especial-85-anos-da-jeep\/#breadcrumb","itemListElement":[{"@type":"ListItem","position":1,"name":"In\u00edcio","item":"https:\/\/newblogs.correiobraziliense.com.br\/multieixos\/"},{"@type":"ListItem","position":2,"name":"Os detalhes da s\u00e9rie especial 85 Anos da Jeep"}]},{"@type":"WebSite","@id":"https:\/\/newblogs.correiobraziliense.com.br\/multieixos\/#website","url":"https:\/\/newblogs.correiobraziliense.com.br\/multieixos\/","name":"Multieixos com Renato Ferraz","description":"Aqui, voc\u00ea encontra informa\u00e7\u00f5es atualizadas sobre o mercado automotivo, tend\u00eancias de mobilidade urbana, novas solu\u00e7\u00f5es em sustentabilidade no setor de transportes e as principais mudan\u00e7as na legisla\u00e7\u00e3o de tr\u00e2nsito.","alternateName":"Blog | Multieixos com Renato Ferra","potentialAction":[{"@type":"SearchAction","target":{"@type":"EntryPoint","urlTemplate":"https:\/\/newblogs.correiobraziliense.com.br\/multieixos\/?s={search_term_string}"},"query-input":{"@type":"PropertyValueSpecification","valueRequired":true,"valueName":"search_term_string"}}],"inLanguage":"pt-BR"},{"@type":"Person","@id":"https:\/\/newblogs.correiobraziliense.com.br\/multieixos\/#\/schema\/person\/2fb466788a0749a4cd6fc2c4d89ddb15","name":"Renato Ferraz","image":{"@type":"ImageObject","inLanguage":"pt-BR","@id":"https:\/\/secure.gravatar.com\/avatar\/05490fac3b629881956c1c2d33a9f5fcb406d4619aeb73f2548eb9374d66c612?s=96&d=mm&r=g","url":"https:\/\/secure.gravatar.com\/avatar\/05490fac3b629881956c1c2d33a9f5fcb406d4619aeb73f2548eb9374d66c612?s=96&d=mm&r=g","contentUrl":"https:\/\/secure.gravatar.com\/avatar\/05490fac3b629881956c1c2d33a9f5fcb406d4619aeb73f2548eb9374d66c612?s=96&d=mm&r=g","caption":"Renato Ferraz"},"description":"\u00c9 jornalista profissional h\u00e1 35 anos e escreve sobre carros, tr\u00e2nsito e mobilidade desde 2004, participando de centenas lan\u00e7amentos de produtos e v\u00e1rios sal\u00f5es automobil\u00edsticos globais.","sameAs":["https:\/\/www.facebook.com\/profile.php?id=100092255591956","https:\/\/www.instagram.com\/multieixos_correio\/"],"url":"https:\/\/newblogs.correiobraziliense.com.br\/multieixos\/author\/renatoferraz\/"}]}},"_links":{"self":[{"href":"https:\/\/newblogs.correiobraziliense.com.br\/multieixos\/wp-json\/wp\/v2\/posts\/3645","targetHints":{"allow":["GET"]}}],"collection":[{"href":"https:\/\/newblogs.correiobraziliense.com.br\/multieixos\/wp-json\/wp\/v2\/posts"}],"about":[{"href":"https:\/\/newblogs.correiobraziliense.com.br\/multieixos\/wp-json\/wp\/v2\/types\/post"}],"author":[{"embeddable":true,"href":"https:\/\/newblogs.correiobraziliense.com.br\/multieixos\/wp-json\/wp\/v2\/users\/20"}],"replies":[{"embeddable":true,"href":"https:\/\/newblogs.correiobraziliense.com.br\/multieixos\/wp-json\/wp\/v2\/comments?post=3645"}],"version-history":[{"count":1,"href":"https:\/\/newblogs.correiobraziliense.com.br\/multieixos\/wp-json\/wp\/v2\/posts\/3645\/revisions"}],"predecessor-version":[{"id":3649,"href":"https:\/\/newblogs.correiobraziliense.com.br\/multieixos\/wp-json\/wp\/v2\/posts\/3645\/revisions\/3649"}],"wp:featuredmedia":[{"embeddable":true,"href":"https:\/\/newblogs.correiobraziliense.com.br\/multieixos\/wp-json\/wp\/v2\/media\/3646"}],"wp:attachment":[{"href":"https:\/\/newblogs.correiobraziliense.com.br\/multieixos\/wp-json\/wp\/v2\/media?parent=3645"}],"wp:term":[{"taxonomy":"category","embeddable":true,"href":"https:\/\/newblogs.correiobraziliense.com.br\/multieixos\/wp-json\/wp\/v2\/categories?post=3645"},{"taxonomy":"post_tag","embeddable":true,"href":"https:\/\/newblogs.correiobraziliense.com.br\/multieixos\/wp-json\/wp\/v2\/tags?post=3645"}],"curies":[{"name":"wp","href":"https:\/\/api.w.org\/{rel}","templated":true}]}}