{"id":3617,"date":"2026-08-27T16:44:58","date_gmt":"2026-08-27T19:44:58","guid":{"rendered":"https:\/\/newblogs.correiobraziliense.com.br\/multieixos\/?p=3617"},"modified":"2026-08-26T17:06:36","modified_gmt":"2026-08-26T20:06:36","slug":"novo-suv-compacto-da-jaecco-tem-ate-karaoke","status":"publish","type":"post","link":"https:\/\/newblogs.correiobraziliense.com.br\/multieixos\/2026\/08\/27\/novo-suv-compacto-da-jaecco-tem-ate-karaoke\/","title":{"rendered":"Novo SUV compacto da Jaecco tem at\u00e9 karaok\u00ea"},"content":{"rendered":"\n<p>Mais outra empresa escolheu o Festival Interlagos, que acontece em S\u00e3o Paulo at\u00e9 domingo (20\/8), para mostrar novos produtos. A Omoda &amp; Jaecoo, por exemplo, apresentou oficialmente o Jaecoo 5, que considera ser uma pe\u00e7a-chave da estrat\u00e9gia de expans\u00e3o da companhia no Brasil. Lan\u00e7ado globalmente h\u00e1 pouco mais de um ano, j\u00e1 soma 187.477 unidades vendidas em todo o mundo e vive um momento de destaque no Reino Unido, onde figura, desde julho, entre os dez carros mais vendidos do pa\u00eds. <\/p>\n\n\n\n<figure class=\"wp-block-image size-large\"><img loading=\"lazy\" decoding=\"async\" width=\"1024\" height=\"562\" src=\"https:\/\/newblogs.correiobraziliense.com.br\/multieixos\/wp-content\/uploads\/sites\/6\/2026\/08\/Jaecoo-5-2-1024x562.jpg\" alt=\"\" class=\"wp-image-3619\" srcset=\"https:\/\/newblogs.correiobraziliense.com.br\/multieixos\/wp-content\/uploads\/sites\/6\/2026\/08\/Jaecoo-5-2-1024x562.jpg 1024w, https:\/\/newblogs.correiobraziliense.com.br\/multieixos\/wp-content\/uploads\/sites\/6\/2026\/08\/Jaecoo-5-2-300x165.jpg 300w, https:\/\/newblogs.correiobraziliense.com.br\/multieixos\/wp-content\/uploads\/sites\/6\/2026\/08\/Jaecoo-5-2-768x422.jpg 768w, https:\/\/newblogs.correiobraziliense.com.br\/multieixos\/wp-content\/uploads\/sites\/6\/2026\/08\/Jaecoo-5-2.jpg 1208w\" sizes=\"auto, (max-width: 1024px) 100vw, 1024px\" \/><\/figure>\n\n\n\n<p>Ele, que chega para concorrer com modelos j\u00e1 estabelecidos por aqui, a exemplo do VW T-Cross, Jeep Renegade, Hiunday Creta, Honda HRV e deve custar em torno dos R$ 155 mil. Como tem acontecido com frequ\u00eancia nesta disputa entre chineses e marcas tradicionais, o Jaecoo 5, al\u00e9m de ser h\u00edbrido, \u00e9 maior e com mais recursos tecnol\u00f3gicos.\u00a0<\/p>\n\n\n\n<p>O SUV compacto \u00e9 equipado com uma tecnologia chamada Super Hybrid System (SHS-H). Ele foi desenvolvido pelo grupo Chery e dispensa a necessidade de carregamento externo. O conjunto combina um motor 1.5 (turbo com inje\u00e7\u00e3o direta de combust\u00edvel) a gasolina, com pot\u00eancia de 135cv e torque de 20,4kgfm, a um motor el\u00e9trico de 150 kW (204 cv) e 31,6 kgfm de torque, integrados a uma transmiss\u00e3o h\u00edbrida dedicada DHT. A pot\u00eancia combinada do sistema chega a 224 cv, com 30,1 kgfm de torque combinado. Isso o deixa como o SUV compacto mais potente do pa\u00eds.<\/p>\n\n\n\n<figure class=\"wp-block-image size-large\"><img loading=\"lazy\" decoding=\"async\" width=\"1024\" height=\"566\" src=\"https:\/\/newblogs.correiobraziliense.com.br\/multieixos\/wp-content\/uploads\/sites\/6\/2026\/08\/Jeacoo-5-1024x566.jpg\" alt=\"\" class=\"wp-image-3620\" srcset=\"https:\/\/newblogs.correiobraziliense.com.br\/multieixos\/wp-content\/uploads\/sites\/6\/2026\/08\/Jeacoo-5-1024x566.jpg 1024w, https:\/\/newblogs.correiobraziliense.com.br\/multieixos\/wp-content\/uploads\/sites\/6\/2026\/08\/Jeacoo-5-300x166.jpg 300w, https:\/\/newblogs.correiobraziliense.com.br\/multieixos\/wp-content\/uploads\/sites\/6\/2026\/08\/Jeacoo-5-768x425.jpg 768w, https:\/\/newblogs.correiobraziliense.com.br\/multieixos\/wp-content\/uploads\/sites\/6\/2026\/08\/Jeacoo-5.jpg 1201w\" sizes=\"auto, (max-width: 1024px) 100vw, 1024px\" \/><\/figure>\n\n\n\n<p>A arquitetura permite que o sistema alterne de forma inteligente entre diferentes modos de opera\u00e7\u00e3o, utilizando o motor el\u00e9trico em situa\u00e7\u00f5es nas quais sua efici\u00eancia \u00e9 mais vantajosa e acionando o propulsor a combust\u00e3o de acordo com as condi\u00e7\u00f5es de condu\u00e7\u00e3o. A bateria de 1,83 kWh \u00e9 recarregada durante a condu\u00e7\u00e3o pelo pr\u00f3prio sistema, por meio do motor a combust\u00e3o e da regenera\u00e7\u00e3o de energia nas desacelera\u00e7\u00f5es e frenagens. Dessa forma, o Jaecoo 5 pode proporcionar momentos de condu\u00e7\u00e3o el\u00e9trica sem que o motorista precise conectar o ve\u00edculo a uma tomada. A pr\u00e9-venda do modelo est\u00e1 confirmada para setembro deste ano.<br \/>\u00a0<br \/>O SUV tem 4,38 metros de comprimento, 1,86 metro de largura, 1,65 metro de altura e 2,62 metros de entre-eixos. Foi desenvolvido, segundo a marca, para oferecer equil\u00edbrio entre as dimens\u00f5es compactas, importantes para o uso urbano, e o espa\u00e7o interno esperado de um SUV. O modelo acomoda cinco ocupantes e conta com porta-malas de 410 litros, que pode chegar a 1.214 litros com os bancos traseiros rebatidos. O conjunto \u00e9 complementado por rodas de 18 polegadas e pneus 215\/55 R18.<\/p>\n\n\n\n<p>No interior, a proposta \u00e9 combinar tecnologia e conforto. A vers\u00e3o topo de linha conta com central multim\u00eddia de 13,2 polegadas, sistema de infotainment desenvolvido sobre a plataforma Qualcomm 8155, conectividade com Apple CarPlay e Android Auto sem fio, carregador de smartphone por indu\u00e7\u00e3o e comandos de voz.&nbsp;<\/p>\n\n\n\n<p><strong>Karaok\u00ea<\/strong><br \/>O modelo tamb\u00e9m contar\u00e1 com a op\u00e7\u00e3o de karaok\u00ea, ampliando as possibilidades de entretenimento a bordo e refor\u00e7ando a proposta de conectividade e experi\u00eancia para os ocupantes. Al\u00e9m disso, o ve\u00edculo oferece sistema de som Sony, ar-condicionado dual zone, bancos dianteiros com ajustes el\u00e9tricos e ventila\u00e7\u00e3o, ilumina\u00e7\u00e3o ambiente e teto panor\u00e2mico de 1,45 m\u00b2. A proposta de versatilidade tamb\u00e9m se estende aos animais de estima\u00e7\u00e3o, com caracter\u00edsticas que tornam o Jaecoo 5 um modelo pet-friendly e adequado a diferentes momentos da rotina dos propriet\u00e1rios.<\/p>\n\n\n\n<p><strong>Seguran\u00e7a e Adas<\/strong><br \/>A tecnologia embarcada tamb\u00e9m se estende aos sistemas de seguran\u00e7a e assist\u00eancia ao motorista. A vers\u00e3o de topo de linha conta com 17 sistemas avan\u00e7ados de assist\u00eancia \u00e0 condu\u00e7\u00e3o (Adas), incluindo recursos como controle de cruzeiro adaptativo, frenagem aut\u00f4noma de emerg\u00eancia, alerta de colis\u00e3o frontal, assistente de perman\u00eancia em faixa, assist\u00eancia para mudan\u00e7a de faixa e monitoramento de ponto cego. Tamb\u00e9m est\u00e3o dispon\u00edveis alerta de tr\u00e1fego cruzado traseiro e outras fun\u00e7\u00f5es de aux\u00edlio \u00e0 condu\u00e7\u00e3o. O pacote inclui ainda sete anos de garantia para o ve\u00edculo e oito anos para a bateria.<\/p>\n","protected":false},"excerpt":{"rendered":"<p>Modelo superh\u00edbrido combina motor 1.5 turbo com propulsor el\u00e9trico de 150 kW e tem pot\u00eancia combinada de at\u00e9 224cv. Tem sistema de som Sony, bancos dianteiros com ajustes el\u00e9tricos, ilumina\u00e7\u00e3o ambiente e teto panor\u00e2mico de 1,45 m\u00b2. Chega m\u00eas que vem por, talvez, R$ 150 mil<\/p>\n","protected":false},"author":20,"featured_media":3618,"comment_status":"closed","ping_status":"open","sticky":false,"template":"","format":"standard","meta":{"_acf_changed":false,"inline_featured_image":false,"footnotes":""},"categories":[8,267],"tags":[27,371,14,370,10,2],"class_list":["post-3617","post","type-post","status-publish","format-standard","has-post-thumbnail","hentry","category-carros","category-hibridos","tag-hibridos","tag-jaecoo-5","tag-lancamentos","tag-omoda-jaecoo","tag-precos","tag-veiculos"],"acf":[],"yoast_head":"<!-- This site is optimized with the Yoast SEO plugin v28.1 - https:\/\/yoast.com\/product\/yoast-seo-wordpress\/ -->\n<title>Novo SUV compacto da Jaecco tem at\u00e9 karaok\u00ea - Multieixos com Renato Ferraz<\/title>\n<meta name=\"robots\" content=\"index, follow, max-snippet:-1, max-image-preview:large, max-video-preview:-1\" \/>\n<link rel=\"canonical\" href=\"https:\/\/newblogs.correiobraziliense.com.br\/multieixos\/2026\/08\/27\/novo-suv-compacto-da-jaecco-tem-ate-karaoke\/\" \/>\n<meta property=\"og:locale\" content=\"pt_BR\" \/>\n<meta property=\"og:type\" content=\"article\" \/>\n<meta property=\"og:title\" content=\"Novo SUV compacto da Jaecco tem at\u00e9 karaok\u00ea - Multieixos com Renato Ferraz\" \/>\n<meta property=\"og:description\" content=\"Modelo superh\u00edbrido combina motor 1.5 turbo com propulsor el\u00e9trico de 150 kW e tem pot\u00eancia combinada de at\u00e9 224cv. Tem sistema de som Sony, bancos dianteiros com ajustes el\u00e9tricos, ilumina\u00e7\u00e3o ambiente e teto panor\u00e2mico de 1,45 m\u00b2. Chega m\u00eas que vem por, talvez, R$ 150 mil\" \/>\n<meta property=\"og:url\" content=\"https:\/\/newblogs.correiobraziliense.com.br\/multieixos\/2026\/08\/27\/novo-suv-compacto-da-jaecco-tem-ate-karaoke\/\" \/>\n<meta property=\"og:site_name\" content=\"Multieixos com Renato Ferraz\" \/>\n<meta property=\"article:author\" content=\"https:\/\/www.facebook.com\/profile.php?id=100092255591956\" \/>\n<meta property=\"article:published_time\" content=\"2026-08-27T19:44:58+00:00\" \/>\n<meta property=\"og:image\" content=\"https:\/\/newblogs.correiobraziliense.com.br\/multieixos\/wp-content\/uploads\/sites\/6\/2026\/08\/Jaecoo-5.png\" \/>\n\t<meta property=\"og:image:width\" content=\"677\" \/>\n\t<meta property=\"og:image:height\" content=\"434\" \/>\n\t<meta property=\"og:image:type\" content=\"image\/png\" \/>\n<meta name=\"author\" content=\"Renato Ferraz\" \/>\n<!-- \/ Yoast SEO plugin. -->","yoast_head_json":{"title":"Novo SUV compacto da Jaecco tem at\u00e9 karaok\u00ea - Multieixos com Renato Ferraz","robots":{"index":"index","follow":"follow","max-snippet":"max-snippet:-1","max-image-preview":"max-image-preview:large","max-video-preview":"max-video-preview:-1"},"canonical":"https:\/\/newblogs.correiobraziliense.com.br\/multieixos\/2026\/08\/27\/novo-suv-compacto-da-jaecco-tem-ate-karaoke\/","og_locale":"pt_BR","og_type":"article","og_title":"Novo SUV compacto da Jaecco tem at\u00e9 karaok\u00ea - Multieixos com Renato Ferraz","og_description":"Modelo superh\u00edbrido combina motor 1.5 turbo com propulsor el\u00e9trico de 150 kW e tem pot\u00eancia combinada de at\u00e9 224cv. Tem sistema de som Sony, bancos dianteiros com ajustes el\u00e9tricos, ilumina\u00e7\u00e3o ambiente e teto panor\u00e2mico de 1,45 m\u00b2. Chega m\u00eas que vem por, talvez, R$ 150 mil","og_url":"https:\/\/newblogs.correiobraziliense.com.br\/multieixos\/2026\/08\/27\/novo-suv-compacto-da-jaecco-tem-ate-karaoke\/","og_site_name":"Multieixos com Renato Ferraz","article_author":"https:\/\/www.facebook.com\/profile.php?id=100092255591956","article_published_time":"2026-08-27T19:44:58+00:00","og_image":[{"width":677,"height":434,"url":"https:\/\/newblogs.correiobraziliense.com.br\/multieixos\/wp-content\/uploads\/sites\/6\/2026\/08\/Jaecoo-5.png","type":"image\/png"}],"author":"Renato Ferraz","schema":{"@context":"https:\/\/schema.org","@graph":[{"@type":"Article","@id":"https:\/\/newblogs.correiobraziliense.com.br\/multieixos\/2026\/08\/27\/novo-suv-compacto-da-jaecco-tem-ate-karaoke\/#article","isPartOf":{"@id":"https:\/\/newblogs.correiobraziliense.com.br\/multieixos\/2026\/08\/27\/novo-suv-compacto-da-jaecco-tem-ate-karaoke\/"},"author":{"name":"Renato Ferraz","@id":"https:\/\/newblogs.correiobraziliense.com.br\/multieixos\/#\/schema\/person\/2fb466788a0749a4cd6fc2c4d89ddb15"},"headline":"Novo SUV compacto da Jaecco tem at\u00e9 karaok\u00ea","datePublished":"2026-08-27T19:44:58+00:00","mainEntityOfPage":{"@id":"https:\/\/newblogs.correiobraziliense.com.br\/multieixos\/2026\/08\/27\/novo-suv-compacto-da-jaecco-tem-ate-karaoke\/"},"wordCount":694,"image":{"@id":"https:\/\/newblogs.correiobraziliense.com.br\/multieixos\/2026\/08\/27\/novo-suv-compacto-da-jaecco-tem-ate-karaoke\/#primaryimage"},"thumbnailUrl":"https:\/\/newblogs.correiobraziliense.com.br\/multieixos\/wp-content\/uploads\/sites\/6\/2026\/08\/Jaecoo-5.png","keywords":["h\u00edbridos","Jaecoo 5","Lan\u00e7amentos","Omoda &amp; Jaecoo","pre\u00e7os","Ve\u00edculos"],"articleSection":["Carros","H\u00edbridos"],"inLanguage":"pt-BR"},{"@type":"WebPage","@id":"https:\/\/newblogs.correiobraziliense.com.br\/multieixos\/2026\/08\/27\/novo-suv-compacto-da-jaecco-tem-ate-karaoke\/","url":"https:\/\/newblogs.correiobraziliense.com.br\/multieixos\/2026\/08\/27\/novo-suv-compacto-da-jaecco-tem-ate-karaoke\/","name":"Novo SUV compacto da Jaecco tem at\u00e9 karaok\u00ea - Multieixos com Renato Ferraz","isPartOf":{"@id":"https:\/\/newblogs.correiobraziliense.com.br\/multieixos\/#website"},"primaryImageOfPage":{"@id":"https:\/\/newblogs.correiobraziliense.com.br\/multieixos\/2026\/08\/27\/novo-suv-compacto-da-jaecco-tem-ate-karaoke\/#primaryimage"},"image":{"@id":"https:\/\/newblogs.correiobraziliense.com.br\/multieixos\/2026\/08\/27\/novo-suv-compacto-da-jaecco-tem-ate-karaoke\/#primaryimage"},"thumbnailUrl":"https:\/\/newblogs.correiobraziliense.com.br\/multieixos\/wp-content\/uploads\/sites\/6\/2026\/08\/Jaecoo-5.png","datePublished":"2026-08-27T19:44:58+00:00","author":{"@id":"https:\/\/newblogs.correiobraziliense.com.br\/multieixos\/#\/schema\/person\/2fb466788a0749a4cd6fc2c4d89ddb15"},"breadcrumb":{"@id":"https:\/\/newblogs.correiobraziliense.com.br\/multieixos\/2026\/08\/27\/novo-suv-compacto-da-jaecco-tem-ate-karaoke\/#breadcrumb"},"inLanguage":"pt-BR","potentialAction":[{"@type":"ReadAction","target":["https:\/\/newblogs.correiobraziliense.com.br\/multieixos\/2026\/08\/27\/novo-suv-compacto-da-jaecco-tem-ate-karaoke\/"]}]},{"@type":"ImageObject","inLanguage":"pt-BR","@id":"https:\/\/newblogs.correiobraziliense.com.br\/multieixos\/2026\/08\/27\/novo-suv-compacto-da-jaecco-tem-ate-karaoke\/#primaryimage","url":"https:\/\/newblogs.correiobraziliense.com.br\/multieixos\/wp-content\/uploads\/sites\/6\/2026\/08\/Jaecoo-5.png","contentUrl":"https:\/\/newblogs.correiobraziliense.com.br\/multieixos\/wp-content\/uploads\/sites\/6\/2026\/08\/Jaecoo-5.png","width":677,"height":434},{"@type":"BreadcrumbList","@id":"https:\/\/newblogs.correiobraziliense.com.br\/multieixos\/2026\/08\/27\/novo-suv-compacto-da-jaecco-tem-ate-karaoke\/#breadcrumb","itemListElement":[{"@type":"ListItem","position":1,"name":"In\u00edcio","item":"https:\/\/newblogs.correiobraziliense.com.br\/multieixos\/"},{"@type":"ListItem","position":2,"name":"Novo SUV compacto da Jaecco tem at\u00e9 karaok\u00ea"}]},{"@type":"WebSite","@id":"https:\/\/newblogs.correiobraziliense.com.br\/multieixos\/#website","url":"https:\/\/newblogs.correiobraziliense.com.br\/multieixos\/","name":"Multieixos com Renato Ferraz","description":"Aqui, voc\u00ea encontra informa\u00e7\u00f5es atualizadas sobre o mercado automotivo, tend\u00eancias de mobilidade urbana, novas solu\u00e7\u00f5es em sustentabilidade no setor de transportes e as principais mudan\u00e7as na legisla\u00e7\u00e3o de tr\u00e2nsito.","alternateName":"Blog | Multieixos com Renato Ferra","potentialAction":[{"@type":"SearchAction","target":{"@type":"EntryPoint","urlTemplate":"https:\/\/newblogs.correiobraziliense.com.br\/multieixos\/?s={search_term_string}"},"query-input":{"@type":"PropertyValueSpecification","valueRequired":true,"valueName":"search_term_string"}}],"inLanguage":"pt-BR"},{"@type":"Person","@id":"https:\/\/newblogs.correiobraziliense.com.br\/multieixos\/#\/schema\/person\/2fb466788a0749a4cd6fc2c4d89ddb15","name":"Renato Ferraz","image":{"@type":"ImageObject","inLanguage":"pt-BR","@id":"https:\/\/secure.gravatar.com\/avatar\/05490fac3b629881956c1c2d33a9f5fcb406d4619aeb73f2548eb9374d66c612?s=96&d=mm&r=g","url":"https:\/\/secure.gravatar.com\/avatar\/05490fac3b629881956c1c2d33a9f5fcb406d4619aeb73f2548eb9374d66c612?s=96&d=mm&r=g","contentUrl":"https:\/\/secure.gravatar.com\/avatar\/05490fac3b629881956c1c2d33a9f5fcb406d4619aeb73f2548eb9374d66c612?s=96&d=mm&r=g","caption":"Renato Ferraz"},"description":"\u00c9 jornalista profissional h\u00e1 35 anos e escreve sobre carros, tr\u00e2nsito e mobilidade desde 2004, participando de centenas lan\u00e7amentos de produtos e v\u00e1rios sal\u00f5es automobil\u00edsticos globais.","sameAs":["https:\/\/www.facebook.com\/profile.php?id=100092255591956","https:\/\/www.instagram.com\/multieixos_correio\/"],"url":"https:\/\/newblogs.correiobraziliense.com.br\/multieixos\/author\/renatoferraz\/"}]}},"_links":{"self":[{"href":"https:\/\/newblogs.correiobraziliense.com.br\/multieixos\/wp-json\/wp\/v2\/posts\/3617","targetHints":{"allow":["GET"]}}],"collection":[{"href":"https:\/\/newblogs.correiobraziliense.com.br\/multieixos\/wp-json\/wp\/v2\/posts"}],"about":[{"href":"https:\/\/newblogs.correiobraziliense.com.br\/multieixos\/wp-json\/wp\/v2\/types\/post"}],"author":[{"embeddable":true,"href":"https:\/\/newblogs.correiobraziliense.com.br\/multieixos\/wp-json\/wp\/v2\/users\/20"}],"replies":[{"embeddable":true,"href":"https:\/\/newblogs.correiobraziliense.com.br\/multieixos\/wp-json\/wp\/v2\/comments?post=3617"}],"version-history":[{"count":2,"href":"https:\/\/newblogs.correiobraziliense.com.br\/multieixos\/wp-json\/wp\/v2\/posts\/3617\/revisions"}],"predecessor-version":[{"id":3622,"href":"https:\/\/newblogs.correiobraziliense.com.br\/multieixos\/wp-json\/wp\/v2\/posts\/3617\/revisions\/3622"}],"wp:featuredmedia":[{"embeddable":true,"href":"https:\/\/newblogs.correiobraziliense.com.br\/multieixos\/wp-json\/wp\/v2\/media\/3618"}],"wp:attachment":[{"href":"https:\/\/newblogs.correiobraziliense.com.br\/multieixos\/wp-json\/wp\/v2\/media?parent=3617"}],"wp:term":[{"taxonomy":"category","embeddable":true,"href":"https:\/\/newblogs.correiobraziliense.com.br\/multieixos\/wp-json\/wp\/v2\/categories?post=3617"},{"taxonomy":"post_tag","embeddable":true,"href":"https:\/\/newblogs.correiobraziliense.com.br\/multieixos\/wp-json\/wp\/v2\/tags?post=3617"}],"curies":[{"name":"wp","href":"https:\/\/api.w.org\/{rel}","templated":true}]}}