{"id":3590,"date":"2026-08-26T13:45:47","date_gmt":"2026-08-26T16:45:47","guid":{"rendered":"https:\/\/newblogs.correiobraziliense.com.br\/multieixos\/?p=3590"},"modified":"2026-08-26T13:45:49","modified_gmt":"2026-08-26T16:45:49","slug":"vem-ai-a-nova-f-150-raptor-e-o-novo-mustang-gt","status":"publish","type":"post","link":"https:\/\/newblogs.correiobraziliense.com.br\/multieixos\/2026\/08\/26\/vem-ai-a-nova-f-150-raptor-e-o-novo-mustang-gt\/","title":{"rendered":"V\u00eam a\u00ed a nova F-150 Raptor e o novo Mustang GT"},"content":{"rendered":"\n<p>A Ford apresentou no Festival Interlagos, em S\u00e3o Paulo, dois ve\u00edculos que chegar\u00e3o em breve ao Brasil: a in\u00e9dita F-150 Raptor e o Mustang GT Performance 2026. Os modelos s\u00e3o exibidos em primeira m\u00e3o para o p\u00fablico no evento que vai at\u00e9 30 de agosto. Outra novidade exibida pela Ford no festival \u00e9 o Mustang Dark Horse SC. Revelado pela Ford Racing no come\u00e7o do ano em Detroit, a vers\u00e3o especial do esportivo tem motor V8 Supercharged de 795 cavalos e v\u00e1rias tecnologias compartilhadas com o Mustang GT3 e o Mustang GTD &#8211; como freios Brembo de carbono-cer\u00e2mica e rodas de fibra de carbono, que o aproximam ainda mais de um carro de pista sem perder a homologa\u00e7\u00e3o para as ruas.<\/p>\n\n\n\n<figure class=\"wp-block-image size-large\"><img loading=\"lazy\" decoding=\"async\" width=\"1024\" height=\"684\" src=\"https:\/\/newblogs.correiobraziliense.com.br\/multieixos\/wp-content\/uploads\/sites\/6\/2026\/08\/Ford2-1024x684.jpg\" alt=\"\" class=\"wp-image-3592\" srcset=\"https:\/\/newblogs.correiobraziliense.com.br\/multieixos\/wp-content\/uploads\/sites\/6\/2026\/08\/Ford2-1024x684.jpg 1024w, https:\/\/newblogs.correiobraziliense.com.br\/multieixos\/wp-content\/uploads\/sites\/6\/2026\/08\/Ford2-300x200.jpg 300w, https:\/\/newblogs.correiobraziliense.com.br\/multieixos\/wp-content\/uploads\/sites\/6\/2026\/08\/Ford2-768x513.jpg 768w, https:\/\/newblogs.correiobraziliense.com.br\/multieixos\/wp-content\/uploads\/sites\/6\/2026\/08\/Ford2.jpg 1200w\" sizes=\"auto, (max-width: 1024px) 100vw, 1024px\" \/><\/figure>\n\n\n\n<p>O Mustang GT Performance 2026 chega como nova op\u00e7\u00e3o do esportivo ao lado do Dark Horse. Equipado com motor V8 5.0 Coyote de 492cv, transmiss\u00e3o autom\u00e1tica de 10 marchas e freios Brembo de alta performance na dianteira e na traseira, ele se diferencia no visual pelos elementos escurecidos na carroceria \u2013 incluindo rodas, emblemas, teto, retrovisores e aerof\u00f3lio \u2013, al\u00e9m da nova op\u00e7\u00e3o de cor Cinza Avalanche.<\/p>\n\n\n\n<p>\u201cO Mustang GT Performance de s\u00e9tima gera\u00e7\u00e3o chegou ao Brasil em 2024, com o motor Coyote V8 mais potente j\u00e1 usado em um Mustang GT. O novo GT Performance 2026 leva adiante esse legado, com um desempenho empolgante e visual \u00fanico, como os f\u00e3s do \u00edcone esperam a cada nova edi\u00e7\u00e3o\u201d, diz Marcel Bueno, diretor de Marketing da Ford Am\u00e9rica do Sul. O executivo destacou o foco renovado da Ford nas competi\u00e7\u00f5es, com a volta \u00e0 F\u00f3rmula 1 este ano e \u00e0 categoria de Hypercars em Le Mans em 2027.&nbsp;<\/p>\n\n\n\n<figure class=\"wp-block-image size-large\"><img loading=\"lazy\" decoding=\"async\" width=\"1024\" height=\"682\" src=\"https:\/\/newblogs.correiobraziliense.com.br\/multieixos\/wp-content\/uploads\/sites\/6\/2026\/08\/Ford-Raptor1-1024x682.jpg\" alt=\"\" class=\"wp-image-3593\" srcset=\"https:\/\/newblogs.correiobraziliense.com.br\/multieixos\/wp-content\/uploads\/sites\/6\/2026\/08\/Ford-Raptor1-1024x682.jpg 1024w, https:\/\/newblogs.correiobraziliense.com.br\/multieixos\/wp-content\/uploads\/sites\/6\/2026\/08\/Ford-Raptor1-300x200.jpg 300w, https:\/\/newblogs.correiobraziliense.com.br\/multieixos\/wp-content\/uploads\/sites\/6\/2026\/08\/Ford-Raptor1-768x511.jpg 768w, https:\/\/newblogs.correiobraziliense.com.br\/multieixos\/wp-content\/uploads\/sites\/6\/2026\/08\/Ford-Raptor1.jpg 1200w\" sizes=\"auto, (max-width: 1024px) 100vw, 1024px\" \/><\/figure>\n\n\n\n<p>A F-150 Raptor chega ao Brasil no come\u00e7o de 2027, dando continuidade \u00e0 trajet\u00f3ria de sucesso da picape esportiva com recursos in\u00e9ditos off-road que revolucionou o segmento em todo o mundo. Equipada com motor V6 3.5 EcoBoost Biturbo e suspens\u00e3o com amortecedores FOX Racing, ela amplia ainda mais o legado de hist\u00f3ria e paix\u00e3o das picapes S\u00e9rie F.<\/p>\n\n\n\n<p>A chegada dessas novas vers\u00f5es da F-150 e do Mustang d\u00e1 continuidade \u00e0 renova\u00e7\u00e3o do portf\u00f3lio da marca, que tem sido bem recebida pelo mercado e trazido um desempenho de vendas acima da ind\u00fastria nos \u00faltimos anos. No primeiro semestre de 2026, a Ford cresceu mais de 21%. O principal destaque foi a Ranger, que assumiu a lideran\u00e7a do segmento de picapes m\u00e9dias em julho, com mais de 25% de participa\u00e7\u00e3o. No acumulado do ano ela cresceu quase 7%, bem acima da m\u00e9dia de pouco mais de 1% do segmento.<\/p>\n","protected":false},"excerpt":{"rendered":"<p>Os dois modelos foram exibidos no Festival Interlagos, em S\u00e3o Paulo.  O esportivo chega este ano; a picape no come\u00e7o do ano que vem<\/p>\n","protected":false},"author":20,"featured_media":3591,"comment_status":"closed","ping_status":"open","sticky":false,"template":"","format":"standard","meta":{"_acf_changed":false,"inline_featured_image":false,"footnotes":""},"categories":[259,291],"tags":[363,123,364,355,14,366,28,365],"class_list":["post-3590","post","type-post","status-publish","format-standard","has-post-thumbnail","hentry","category-off-road","category-picapes","tag-4x4","tag-esportivos","tag-f-150","tag-ford","tag-lancamentos","tag-mustang","tag-off-road","tag-raptor"],"acf":[],"yoast_head":"<!-- This site is optimized with the Yoast SEO plugin v28.1 - https:\/\/yoast.com\/product\/yoast-seo-wordpress\/ -->\n<title>V\u00eam a\u00ed a nova F-150 Raptor e o novo Mustang GT - Multieixos com Renato Ferraz<\/title>\n<meta name=\"robots\" content=\"index, follow, max-snippet:-1, max-image-preview:large, max-video-preview:-1\" \/>\n<link rel=\"canonical\" href=\"https:\/\/newblogs.correiobraziliense.com.br\/multieixos\/2026\/08\/26\/vem-ai-a-nova-f-150-raptor-e-o-novo-mustang-gt\/\" \/>\n<meta property=\"og:locale\" content=\"pt_BR\" \/>\n<meta property=\"og:type\" content=\"article\" \/>\n<meta property=\"og:title\" content=\"V\u00eam a\u00ed a nova F-150 Raptor e o novo Mustang GT - Multieixos com Renato Ferraz\" \/>\n<meta property=\"og:description\" content=\"Os dois modelos foram exibidos no Festival Interlagos, em S\u00e3o Paulo. O esportivo chega este ano; a picape no come\u00e7o do ano que vem\" \/>\n<meta property=\"og:url\" content=\"https:\/\/newblogs.correiobraziliense.com.br\/multieixos\/2026\/08\/26\/vem-ai-a-nova-f-150-raptor-e-o-novo-mustang-gt\/\" \/>\n<meta property=\"og:site_name\" content=\"Multieixos com Renato Ferraz\" \/>\n<meta property=\"article:author\" content=\"https:\/\/www.facebook.com\/profile.php?id=100092255591956\" \/>\n<meta property=\"article:published_time\" content=\"2026-08-26T16:45:47+00:00\" \/>\n<meta property=\"article:modified_time\" content=\"2026-08-26T16:45:49+00:00\" \/>\n<meta property=\"og:image\" content=\"https:\/\/newblogs.correiobraziliense.com.br\/multieixos\/wp-content\/uploads\/sites\/6\/2026\/08\/Ford.jpg\" \/>\n\t<meta property=\"og:image:width\" content=\"1200\" \/>\n\t<meta property=\"og:image:height\" content=\"845\" \/>\n\t<meta property=\"og:image:type\" content=\"image\/jpeg\" \/>\n<meta name=\"author\" content=\"Renato Ferraz\" \/>\n<!-- \/ Yoast SEO plugin. -->","yoast_head_json":{"title":"V\u00eam a\u00ed a nova F-150 Raptor e o novo Mustang GT - Multieixos com Renato Ferraz","robots":{"index":"index","follow":"follow","max-snippet":"max-snippet:-1","max-image-preview":"max-image-preview:large","max-video-preview":"max-video-preview:-1"},"canonical":"https:\/\/newblogs.correiobraziliense.com.br\/multieixos\/2026\/08\/26\/vem-ai-a-nova-f-150-raptor-e-o-novo-mustang-gt\/","og_locale":"pt_BR","og_type":"article","og_title":"V\u00eam a\u00ed a nova F-150 Raptor e o novo Mustang GT - Multieixos com Renato Ferraz","og_description":"Os dois modelos foram exibidos no Festival Interlagos, em S\u00e3o Paulo. O esportivo chega este ano; a picape no come\u00e7o do ano que vem","og_url":"https:\/\/newblogs.correiobraziliense.com.br\/multieixos\/2026\/08\/26\/vem-ai-a-nova-f-150-raptor-e-o-novo-mustang-gt\/","og_site_name":"Multieixos com Renato Ferraz","article_author":"https:\/\/www.facebook.com\/profile.php?id=100092255591956","article_published_time":"2026-08-26T16:45:47+00:00","article_modified_time":"2026-08-26T16:45:49+00:00","og_image":[{"width":1200,"height":845,"url":"https:\/\/newblogs.correiobraziliense.com.br\/multieixos\/wp-content\/uploads\/sites\/6\/2026\/08\/Ford.jpg","type":"image\/jpeg"}],"author":"Renato Ferraz","schema":{"@context":"https:\/\/schema.org","@graph":[{"@type":"Article","@id":"https:\/\/newblogs.correiobraziliense.com.br\/multieixos\/2026\/08\/26\/vem-ai-a-nova-f-150-raptor-e-o-novo-mustang-gt\/#article","isPartOf":{"@id":"https:\/\/newblogs.correiobraziliense.com.br\/multieixos\/2026\/08\/26\/vem-ai-a-nova-f-150-raptor-e-o-novo-mustang-gt\/"},"author":{"name":"Renato Ferraz","@id":"https:\/\/newblogs.correiobraziliense.com.br\/multieixos\/#\/schema\/person\/2fb466788a0749a4cd6fc2c4d89ddb15"},"headline":"V\u00eam a\u00ed a nova F-150 Raptor e o novo Mustang GT","datePublished":"2026-08-26T16:45:47+00:00","dateModified":"2026-08-26T16:45:49+00:00","mainEntityOfPage":{"@id":"https:\/\/newblogs.correiobraziliense.com.br\/multieixos\/2026\/08\/26\/vem-ai-a-nova-f-150-raptor-e-o-novo-mustang-gt\/"},"wordCount":455,"image":{"@id":"https:\/\/newblogs.correiobraziliense.com.br\/multieixos\/2026\/08\/26\/vem-ai-a-nova-f-150-raptor-e-o-novo-mustang-gt\/#primaryimage"},"thumbnailUrl":"https:\/\/newblogs.correiobraziliense.com.br\/multieixos\/wp-content\/uploads\/sites\/6\/2026\/08\/Ford.jpg","keywords":["4x4","Esportivos","F-150","Ford","Lan\u00e7amentos","Mustang","off-road","Raptor"],"articleSection":["Off-Road","Picapes"],"inLanguage":"pt-BR"},{"@type":"WebPage","@id":"https:\/\/newblogs.correiobraziliense.com.br\/multieixos\/2026\/08\/26\/vem-ai-a-nova-f-150-raptor-e-o-novo-mustang-gt\/","url":"https:\/\/newblogs.correiobraziliense.com.br\/multieixos\/2026\/08\/26\/vem-ai-a-nova-f-150-raptor-e-o-novo-mustang-gt\/","name":"V\u00eam a\u00ed a nova F-150 Raptor e o novo Mustang GT - Multieixos com Renato Ferraz","isPartOf":{"@id":"https:\/\/newblogs.correiobraziliense.com.br\/multieixos\/#website"},"primaryImageOfPage":{"@id":"https:\/\/newblogs.correiobraziliense.com.br\/multieixos\/2026\/08\/26\/vem-ai-a-nova-f-150-raptor-e-o-novo-mustang-gt\/#primaryimage"},"image":{"@id":"https:\/\/newblogs.correiobraziliense.com.br\/multieixos\/2026\/08\/26\/vem-ai-a-nova-f-150-raptor-e-o-novo-mustang-gt\/#primaryimage"},"thumbnailUrl":"https:\/\/newblogs.correiobraziliense.com.br\/multieixos\/wp-content\/uploads\/sites\/6\/2026\/08\/Ford.jpg","datePublished":"2026-08-26T16:45:47+00:00","dateModified":"2026-08-26T16:45:49+00:00","author":{"@id":"https:\/\/newblogs.correiobraziliense.com.br\/multieixos\/#\/schema\/person\/2fb466788a0749a4cd6fc2c4d89ddb15"},"breadcrumb":{"@id":"https:\/\/newblogs.correiobraziliense.com.br\/multieixos\/2026\/08\/26\/vem-ai-a-nova-f-150-raptor-e-o-novo-mustang-gt\/#breadcrumb"},"inLanguage":"pt-BR","potentialAction":[{"@type":"ReadAction","target":["https:\/\/newblogs.correiobraziliense.com.br\/multieixos\/2026\/08\/26\/vem-ai-a-nova-f-150-raptor-e-o-novo-mustang-gt\/"]}]},{"@type":"ImageObject","inLanguage":"pt-BR","@id":"https:\/\/newblogs.correiobraziliense.com.br\/multieixos\/2026\/08\/26\/vem-ai-a-nova-f-150-raptor-e-o-novo-mustang-gt\/#primaryimage","url":"https:\/\/newblogs.correiobraziliense.com.br\/multieixos\/wp-content\/uploads\/sites\/6\/2026\/08\/Ford.jpg","contentUrl":"https:\/\/newblogs.correiobraziliense.com.br\/multieixos\/wp-content\/uploads\/sites\/6\/2026\/08\/Ford.jpg","width":1200,"height":845},{"@type":"BreadcrumbList","@id":"https:\/\/newblogs.correiobraziliense.com.br\/multieixos\/2026\/08\/26\/vem-ai-a-nova-f-150-raptor-e-o-novo-mustang-gt\/#breadcrumb","itemListElement":[{"@type":"ListItem","position":1,"name":"In\u00edcio","item":"https:\/\/newblogs.correiobraziliense.com.br\/multieixos\/"},{"@type":"ListItem","position":2,"name":"V\u00eam a\u00ed a nova F-150 Raptor e o novo Mustang GT"}]},{"@type":"WebSite","@id":"https:\/\/newblogs.correiobraziliense.com.br\/multieixos\/#website","url":"https:\/\/newblogs.correiobraziliense.com.br\/multieixos\/","name":"Multieixos com Renato Ferraz","description":"Aqui, voc\u00ea encontra informa\u00e7\u00f5es atualizadas sobre o mercado automotivo, tend\u00eancias de mobilidade urbana, novas solu\u00e7\u00f5es em sustentabilidade no setor de transportes e as principais mudan\u00e7as na legisla\u00e7\u00e3o de tr\u00e2nsito.","alternateName":"Blog | Multieixos com Renato Ferra","potentialAction":[{"@type":"SearchAction","target":{"@type":"EntryPoint","urlTemplate":"https:\/\/newblogs.correiobraziliense.com.br\/multieixos\/?s={search_term_string}"},"query-input":{"@type":"PropertyValueSpecification","valueRequired":true,"valueName":"search_term_string"}}],"inLanguage":"pt-BR"},{"@type":"Person","@id":"https:\/\/newblogs.correiobraziliense.com.br\/multieixos\/#\/schema\/person\/2fb466788a0749a4cd6fc2c4d89ddb15","name":"Renato Ferraz","image":{"@type":"ImageObject","inLanguage":"pt-BR","@id":"https:\/\/secure.gravatar.com\/avatar\/05490fac3b629881956c1c2d33a9f5fcb406d4619aeb73f2548eb9374d66c612?s=96&d=mm&r=g","url":"https:\/\/secure.gravatar.com\/avatar\/05490fac3b629881956c1c2d33a9f5fcb406d4619aeb73f2548eb9374d66c612?s=96&d=mm&r=g","contentUrl":"https:\/\/secure.gravatar.com\/avatar\/05490fac3b629881956c1c2d33a9f5fcb406d4619aeb73f2548eb9374d66c612?s=96&d=mm&r=g","caption":"Renato Ferraz"},"description":"\u00c9 jornalista profissional h\u00e1 35 anos e escreve sobre carros, tr\u00e2nsito e mobilidade desde 2004, participando de centenas lan\u00e7amentos de produtos e v\u00e1rios sal\u00f5es automobil\u00edsticos globais.","sameAs":["https:\/\/www.facebook.com\/profile.php?id=100092255591956","https:\/\/www.instagram.com\/multieixos_correio\/"],"url":"https:\/\/newblogs.correiobraziliense.com.br\/multieixos\/author\/renatoferraz\/"}]}},"_links":{"self":[{"href":"https:\/\/newblogs.correiobraziliense.com.br\/multieixos\/wp-json\/wp\/v2\/posts\/3590","targetHints":{"allow":["GET"]}}],"collection":[{"href":"https:\/\/newblogs.correiobraziliense.com.br\/multieixos\/wp-json\/wp\/v2\/posts"}],"about":[{"href":"https:\/\/newblogs.correiobraziliense.com.br\/multieixos\/wp-json\/wp\/v2\/types\/post"}],"author":[{"embeddable":true,"href":"https:\/\/newblogs.correiobraziliense.com.br\/multieixos\/wp-json\/wp\/v2\/users\/20"}],"replies":[{"embeddable":true,"href":"https:\/\/newblogs.correiobraziliense.com.br\/multieixos\/wp-json\/wp\/v2\/comments?post=3590"}],"version-history":[{"count":1,"href":"https:\/\/newblogs.correiobraziliense.com.br\/multieixos\/wp-json\/wp\/v2\/posts\/3590\/revisions"}],"predecessor-version":[{"id":3594,"href":"https:\/\/newblogs.correiobraziliense.com.br\/multieixos\/wp-json\/wp\/v2\/posts\/3590\/revisions\/3594"}],"wp:featuredmedia":[{"embeddable":true,"href":"https:\/\/newblogs.correiobraziliense.com.br\/multieixos\/wp-json\/wp\/v2\/media\/3591"}],"wp:attachment":[{"href":"https:\/\/newblogs.correiobraziliense.com.br\/multieixos\/wp-json\/wp\/v2\/media?parent=3590"}],"wp:term":[{"taxonomy":"category","embeddable":true,"href":"https:\/\/newblogs.correiobraziliense.com.br\/multieixos\/wp-json\/wp\/v2\/categories?post=3590"},{"taxonomy":"post_tag","embeddable":true,"href":"https:\/\/newblogs.correiobraziliense.com.br\/multieixos\/wp-json\/wp\/v2\/tags?post=3590"}],"curies":[{"name":"wp","href":"https:\/\/api.w.org\/{rel}","templated":true}]}}