{"id":3584,"date":"2026-08-25T16:49:39","date_gmt":"2026-08-25T19:49:39","guid":{"rendered":"https:\/\/newblogs.correiobraziliense.com.br\/multieixos\/?p=3584"},"modified":"2026-08-24T16:52:55","modified_gmt":"2026-08-24T19:52:55","slug":"carro-financiado-pode-ser-penhorado-por-outra-divida","status":"publish","type":"post","link":"https:\/\/newblogs.correiobraziliense.com.br\/multieixos\/2026\/08\/25\/carro-financiado-pode-ser-penhorado-por-outra-divida\/","title":{"rendered":"Carro financiado pode ser penhorado por outra d\u00edvida?"},"content":{"rendered":"\n<p>Voc\u00ea sabia que uma moto ou um autom\u00f3vel pode ser penhorado por causa de uma d\u00edvida, mesmo que o ve\u00edculo ainda esteja financiado? Sim, isso \u00e9 poss\u00edvel, mas apenas em algumas situa\u00e7\u00f5es espec\u00edficas. Tudo depender\u00e1 de fatores como o tipo de d\u00e9bito, a fase do processo judicial e a situa\u00e7\u00e3o do pr\u00f3prio financiamento. Entender como funciona esse tr\u00e2mite \u00e9 fundamental para voc\u00ea conhecer seus direitos, evitar decis\u00f5es precipitadas e encontrar as melhores alternativas de negocia\u00e7\u00e3o.<\/p>\n\n\n\n<p>Esse sinal de alerta se torna ainda mais relevante diante da realidade financeira do pa\u00eds. At\u00e9 o \u00faltimo m\u00eas de abril, um total de 83,3 milh\u00f5es de brasileiros conviviam com contas em atraso &#8211; e isso significa que, a cada 10 pessoas, 5 estavam nessa situa\u00e7\u00e3o. A <a href=\"https:\/\/www.serasa.com.br\/imprensa\/5-em-cada-10-brasileiros-adultos-estao-inadimplentes-no-brasil-aponta-serasa\/\">estimativa<\/a>, apresentada no Mapa da Inadimpl\u00eancia e Negocia\u00e7\u00e3o de D\u00edvidas da Serasa, apontou que o valor m\u00e9dio das d\u00edvidas por indiv\u00edduo \u00e9 de R$ 6.814,39, ou mais de quatro vezes o sal\u00e1rio m\u00ednimo, por exemplo.&nbsp;<\/p>\n\n\n\n<p>\u00c9 justamente esse cen\u00e1rio de aperto financeiro que tem aumentado a busca por informa\u00e7\u00f5es sobre os limites e regras dos processos de cobran\u00e7a. Por isso, Claudia Andrade, diretora de Cobran\u00e7a da Recovery, explica tudo que voc\u00ea precisa saber sobre o assunto.<\/p>\n\n\n\n<p><strong>O que significa ter um carro financiado?\u00a0<\/strong><br \/>Quando um ve\u00edculo \u00e9 financiado, ele permanece vinculado ao contrato por meio da aliena\u00e7\u00e3o fiduci\u00e1ria at\u00e9 que todas as parcelas sejam quitadas. Nessa modalidade, a institui\u00e7\u00e3o financeira mant\u00e9m a propriedade jur\u00eddica do ve\u00edculo at\u00e9 que ocorra o pagamento integral da d\u00edvida. Nesse caso, o consumidor tem a posse e utiliza o ve\u00edculo, mas o \u201cdono\u201d do bem segue sendo a entidade credora. Em resumo: o ve\u00edculo funciona como garantia da opera\u00e7\u00e3o de cr\u00e9dito. Em caso de inadimpl\u00eancia, a institui\u00e7\u00e3o credora pode recorrer \u00e0 Justi\u00e7a para tomar posse do bem. E isso n\u00e3o significa que o ve\u00edculo est\u00e1 protegido contra outra d\u00edvida, j\u00e1 que diferentes credores podem localizar bens de devedores em processos judiciais.<\/p>\n\n\n\n<p><strong>Como funciona se um ve\u00edculo \u00e9 penhorado?\u00a0<\/strong><br \/>Para entender de forma simples, imagine que a penhora \u00e9 como um &#8220;bloqueio de seguran\u00e7a&#8221; que a Justi\u00e7a faz no seu carro ou moto, caso voc\u00ea deixe de pagar algum compromisso financeiro.\u00a0 Em suma: se voc\u00ea deve um dinheiro e n\u00e3o paga, a pessoa ou empresa que tem a receber esse valor pode entrar com um processo na Justi\u00e7a. Se o juiz der raz\u00e3o \u00e0 cobran\u00e7a e voc\u00ea continuar sem pagar, o magistrado determina a penhora do ve\u00edculo.\u00a0<\/p>\n\n\n\n<p>A partir do momento em que o ve\u00edculo \u00e9 penhorado, podem acontecer tr\u00eas coisas, sendo a principal que o bem passa a garantir que a d\u00edvida ser\u00e1 paga. Se o d\u00e9bito n\u00e3o for quitado ou um acordo n\u00e3o for feito, o ve\u00edculo poder\u00e1 ser leiloado para usar o dinheiro na quita\u00e7\u00e3o da d\u00edvida. Al\u00e9m disso, voc\u00ea perde a liberdade de venda, pois o ve\u00edculo fica bloqueado no sistema do Detran (mediante uma ferramenta chamada Renajud). Voc\u00ea n\u00e3o pode vend\u00ea-lo, pass\u00e1-lo para o nome de outra pessoa ou d\u00e1-lo como entrada em outro neg\u00f3cio.&nbsp;<\/p>\n\n\n\n<p>Na pr\u00e1tica, voc\u00ea n\u00e3o perde a posse do carro imediatamente. Voc\u00ea pode continuar dirigindo-o, mas fica nomeado pela Justi\u00e7a como o &#8220;fiel deposit\u00e1rio&#8221; (ou seja, o respons\u00e1vel por cuidar e zelar pelo bem at\u00e9 que o processo termine). Em resumo, a penhora n\u00e3o significa que o guincho vai levar o seu carro hoje, mas \u00e9 o \u00faltimo aviso da Justi\u00e7a de que ele ser\u00e1 usado para pagar a sua d\u00edvida caso voc\u00ea n\u00e3o apresente uma defesa ou fa\u00e7a um acordo.<\/p>\n\n\n\n<p><strong>Um ve\u00edculo financiado pode ser penhorado em outra d\u00edvida?&nbsp;<\/strong><\/p>\n\n\n\n<p>Depende. Um ve\u00edculo financiado n\u00e3o deixa de ser indicado para penhora em uma a\u00e7\u00e3o judicial movida por outro credor. Se o consumidor estiver devendo para outra empresa, ela pode buscar meios de ter sua d\u00edvida resolvida e \u00e9 aqui que o bem financiado pode ser usado como forma de pagamento. Mas, como existe uma garantia vinculada ao contrato de financiamento, a situa\u00e7\u00e3o exige an\u00e1lise individual.<\/p>\n\n\n\n<p>Enfim: se boa parte do financiamento ainda est\u00e1 pendente, pode n\u00e3o existir patrim\u00f4nio suficiente no ve\u00edculo para satisfazer a demanda de um outro credor. J\u00e1 quando grande parte do contrato foi paga, a participa\u00e7\u00e3o financeira do propriet\u00e1rio no bem pode ser avaliada durante o processo, cabendo ao Poder Judici\u00e1rio apreciar o caso.<\/p>\n\n\n\n<p>\u201cMuitas pessoas acreditam que um ve\u00edculo financiado nunca pode ser objeto de uma medida judicial relacionada a outra d\u00edvida. A an\u00e1lise \u00e9 mais complexa e depende da situa\u00e7\u00e3o jur\u00eddica do financiamento, da natureza da d\u00edvida e das decis\u00f5es do processo. Por isso, buscar informa\u00e7\u00e3o \u00e9 fundamental\u201d, afirma Claudia Andrade, diretora da Recovery.&nbsp;<\/p>\n\n\n\n<p><strong>O que acontece se o ve\u00edculo j\u00e1 \u00e9 garantia do financiamento?<\/strong><\/p>\n\n\n\n<p>Quando o ve\u00edculo est\u00e1 vinculado a um contrato de aliena\u00e7\u00e3o fiduci\u00e1ria, o credor fiduci\u00e1rio possui prioridade sobre aquela garantia at\u00e9 que a d\u00edvida seja quitada. Ele tem prefer\u00eancia sobre o valor do bem, o que costuma ser considerado em processos judiciais movidos por outros credores.<\/p>\n\n\n\n<p><strong>Como reduzir o risco de ter problemas judiciais?<\/strong><br \/>A principal orienta\u00e7\u00e3o \u00e9 n\u00e3o esperar que a situa\u00e7\u00e3o financeira se agrave. No geral, a dica \u00e9 que o consumidor levante todas as d\u00edvidas existentes em seu nome e verifique quais contratos possuem garantias vinculadas. Depois, priorize a negocia\u00e7\u00e3o antes da judicializa\u00e7\u00e3o e solicite por escrito todas as condi\u00e7\u00f5es de pagamento. Na sequ\u00eancia, acompanhe eventuais comunica\u00e7\u00f5es judiciais e, caso necess\u00e1rio, busque orienta\u00e7\u00e3o especializada.<\/p>\n\n\n\n<p><strong>A negocia\u00e7\u00e3o ainda \u00e9 poss\u00edvel?<\/strong><br \/>Na maioria dos casos, sim. Mesmo quando uma d\u00edvida j\u00e1 foi cedida para uma empresa especializada em recupera\u00e7\u00e3o de cr\u00e9dito, o consumidor pode tentar negociar. A cess\u00e3o de cr\u00e9dito \u00e9 uma opera\u00e7\u00e3o prevista nos Artigos 286 a 298 do <a href=\"https:\/\/www.planalto.gov.br\/ccivil_03\/leis\/2002\/l10406compilada.htm\">C\u00f3digo Civil<\/a>, em que uma empresa especializada passa a administrar e negociar determinado cr\u00e9dito. Mas, isso n\u00e3o altera os direitos do consumidor nem elimina acordos para regularizar a pend\u00eancia. \u201cNegociar a d\u00edvida o quanto antes amplia as possibilidades de acordo e evita que o consumidor enfrente etapas mais complexas do processo de cobran\u00e7a\u201d, refor\u00e7a a executiva.<\/p>\n","protected":false},"excerpt":{"rendered":"<p>Ter autom\u00f3veis ou motos financiados n\u00e3o impede que eles sejam alvos de medidas judiciais. Saiba quando isso pode acontecer &#8211; e, claro, como evitar<\/p>\n","protected":false},"author":20,"featured_media":3585,"comment_status":"closed","ping_status":"open","sticky":false,"template":"","format":"standard","meta":{"_acf_changed":false,"inline_featured_image":false,"footnotes":""},"categories":[8,13,40],"tags":[358,359,361,360],"class_list":["post-3584","post","type-post","status-publish","format-standard","has-post-thumbnail","hentry","category-carros","category-motos","category-servicos","tag-alienacao-fiduciaria","tag-debitos","tag-direito-do-consumidor","tag-financiamento-de-veiculos-e-motos"],"acf":[],"yoast_head":"<!-- This site is optimized with the Yoast SEO plugin v28.1 - https:\/\/yoast.com\/product\/yoast-seo-wordpress\/ -->\n<title>Carro financiado pode ser penhorado por outra d\u00edvida? - Multieixos com Renato Ferraz<\/title>\n<meta name=\"robots\" content=\"index, follow, max-snippet:-1, max-image-preview:large, max-video-preview:-1\" \/>\n<link rel=\"canonical\" href=\"https:\/\/newblogs.correiobraziliense.com.br\/multieixos\/2026\/08\/25\/carro-financiado-pode-ser-penhorado-por-outra-divida\/\" \/>\n<meta property=\"og:locale\" content=\"pt_BR\" \/>\n<meta property=\"og:type\" content=\"article\" \/>\n<meta property=\"og:title\" content=\"Carro financiado pode ser penhorado por outra d\u00edvida? - Multieixos com Renato Ferraz\" \/>\n<meta property=\"og:description\" content=\"Ter autom\u00f3veis ou motos financiados n\u00e3o impede que eles sejam alvos de medidas judiciais. Saiba quando isso pode acontecer - e, claro, como evitar\" \/>\n<meta property=\"og:url\" content=\"https:\/\/newblogs.correiobraziliense.com.br\/multieixos\/2026\/08\/25\/carro-financiado-pode-ser-penhorado-por-outra-divida\/\" \/>\n<meta property=\"og:site_name\" content=\"Multieixos com Renato Ferraz\" \/>\n<meta property=\"article:author\" content=\"https:\/\/www.facebook.com\/profile.php?id=100092255591956\" \/>\n<meta property=\"article:published_time\" content=\"2026-08-25T19:49:39+00:00\" \/>\n<meta property=\"og:image\" content=\"https:\/\/newblogs.correiobraziliense.com.br\/multieixos\/wp-content\/uploads\/sites\/6\/2026\/08\/Carro-penhorado-por-divida-Imagem-IA_ChatGPT.jpg\" \/>\n\t<meta property=\"og:image:width\" content=\"1536\" \/>\n\t<meta property=\"og:image:height\" content=\"1024\" \/>\n\t<meta property=\"og:image:type\" content=\"image\/jpeg\" \/>\n<meta name=\"author\" content=\"Renato Ferraz\" \/>\n<!-- \/ Yoast SEO plugin. -->","yoast_head_json":{"title":"Carro financiado pode ser penhorado por outra d\u00edvida? - Multieixos com Renato Ferraz","robots":{"index":"index","follow":"follow","max-snippet":"max-snippet:-1","max-image-preview":"max-image-preview:large","max-video-preview":"max-video-preview:-1"},"canonical":"https:\/\/newblogs.correiobraziliense.com.br\/multieixos\/2026\/08\/25\/carro-financiado-pode-ser-penhorado-por-outra-divida\/","og_locale":"pt_BR","og_type":"article","og_title":"Carro financiado pode ser penhorado por outra d\u00edvida? - Multieixos com Renato Ferraz","og_description":"Ter autom\u00f3veis ou motos financiados n\u00e3o impede que eles sejam alvos de medidas judiciais. Saiba quando isso pode acontecer - e, claro, como evitar","og_url":"https:\/\/newblogs.correiobraziliense.com.br\/multieixos\/2026\/08\/25\/carro-financiado-pode-ser-penhorado-por-outra-divida\/","og_site_name":"Multieixos com Renato Ferraz","article_author":"https:\/\/www.facebook.com\/profile.php?id=100092255591956","article_published_time":"2026-08-25T19:49:39+00:00","og_image":[{"width":1536,"height":1024,"url":"https:\/\/newblogs.correiobraziliense.com.br\/multieixos\/wp-content\/uploads\/sites\/6\/2026\/08\/Carro-penhorado-por-divida-Imagem-IA_ChatGPT.jpg","type":"image\/jpeg"}],"author":"Renato Ferraz","schema":{"@context":"https:\/\/schema.org","@graph":[{"@type":"Article","@id":"https:\/\/newblogs.correiobraziliense.com.br\/multieixos\/2026\/08\/25\/carro-financiado-pode-ser-penhorado-por-outra-divida\/#article","isPartOf":{"@id":"https:\/\/newblogs.correiobraziliense.com.br\/multieixos\/2026\/08\/25\/carro-financiado-pode-ser-penhorado-por-outra-divida\/"},"author":{"name":"Renato Ferraz","@id":"https:\/\/newblogs.correiobraziliense.com.br\/multieixos\/#\/schema\/person\/2fb466788a0749a4cd6fc2c4d89ddb15"},"headline":"Carro financiado pode ser penhorado por outra d\u00edvida?","datePublished":"2026-08-25T19:49:39+00:00","mainEntityOfPage":{"@id":"https:\/\/newblogs.correiobraziliense.com.br\/multieixos\/2026\/08\/25\/carro-financiado-pode-ser-penhorado-por-outra-divida\/"},"wordCount":1104,"image":{"@id":"https:\/\/newblogs.correiobraziliense.com.br\/multieixos\/2026\/08\/25\/carro-financiado-pode-ser-penhorado-por-outra-divida\/#primaryimage"},"thumbnailUrl":"https:\/\/newblogs.correiobraziliense.com.br\/multieixos\/wp-content\/uploads\/sites\/6\/2026\/08\/Carro-penhorado-por-divida-Imagem-IA_ChatGPT.jpg","keywords":["Aliena\u00e7\u00e3o fiduci\u00e1ria","D\u00e9bitos","direito do consumidor","financiamento de ve\u00edculos e motos"],"articleSection":["Carros","Motos","Servi\u00e7os"],"inLanguage":"pt-BR"},{"@type":"WebPage","@id":"https:\/\/newblogs.correiobraziliense.com.br\/multieixos\/2026\/08\/25\/carro-financiado-pode-ser-penhorado-por-outra-divida\/","url":"https:\/\/newblogs.correiobraziliense.com.br\/multieixos\/2026\/08\/25\/carro-financiado-pode-ser-penhorado-por-outra-divida\/","name":"Carro financiado pode ser penhorado por outra d\u00edvida? - Multieixos com Renato Ferraz","isPartOf":{"@id":"https:\/\/newblogs.correiobraziliense.com.br\/multieixos\/#website"},"primaryImageOfPage":{"@id":"https:\/\/newblogs.correiobraziliense.com.br\/multieixos\/2026\/08\/25\/carro-financiado-pode-ser-penhorado-por-outra-divida\/#primaryimage"},"image":{"@id":"https:\/\/newblogs.correiobraziliense.com.br\/multieixos\/2026\/08\/25\/carro-financiado-pode-ser-penhorado-por-outra-divida\/#primaryimage"},"thumbnailUrl":"https:\/\/newblogs.correiobraziliense.com.br\/multieixos\/wp-content\/uploads\/sites\/6\/2026\/08\/Carro-penhorado-por-divida-Imagem-IA_ChatGPT.jpg","datePublished":"2026-08-25T19:49:39+00:00","author":{"@id":"https:\/\/newblogs.correiobraziliense.com.br\/multieixos\/#\/schema\/person\/2fb466788a0749a4cd6fc2c4d89ddb15"},"breadcrumb":{"@id":"https:\/\/newblogs.correiobraziliense.com.br\/multieixos\/2026\/08\/25\/carro-financiado-pode-ser-penhorado-por-outra-divida\/#breadcrumb"},"inLanguage":"pt-BR","potentialAction":[{"@type":"ReadAction","target":["https:\/\/newblogs.correiobraziliense.com.br\/multieixos\/2026\/08\/25\/carro-financiado-pode-ser-penhorado-por-outra-divida\/"]}]},{"@type":"ImageObject","inLanguage":"pt-BR","@id":"https:\/\/newblogs.correiobraziliense.com.br\/multieixos\/2026\/08\/25\/carro-financiado-pode-ser-penhorado-por-outra-divida\/#primaryimage","url":"https:\/\/newblogs.correiobraziliense.com.br\/multieixos\/wp-content\/uploads\/sites\/6\/2026\/08\/Carro-penhorado-por-divida-Imagem-IA_ChatGPT.jpg","contentUrl":"https:\/\/newblogs.correiobraziliense.com.br\/multieixos\/wp-content\/uploads\/sites\/6\/2026\/08\/Carro-penhorado-por-divida-Imagem-IA_ChatGPT.jpg","width":1536,"height":1024},{"@type":"BreadcrumbList","@id":"https:\/\/newblogs.correiobraziliense.com.br\/multieixos\/2026\/08\/25\/carro-financiado-pode-ser-penhorado-por-outra-divida\/#breadcrumb","itemListElement":[{"@type":"ListItem","position":1,"name":"In\u00edcio","item":"https:\/\/newblogs.correiobraziliense.com.br\/multieixos\/"},{"@type":"ListItem","position":2,"name":"Carro financiado pode ser penhorado por outra d\u00edvida?"}]},{"@type":"WebSite","@id":"https:\/\/newblogs.correiobraziliense.com.br\/multieixos\/#website","url":"https:\/\/newblogs.correiobraziliense.com.br\/multieixos\/","name":"Multieixos com Renato Ferraz","description":"Aqui, voc\u00ea encontra informa\u00e7\u00f5es atualizadas sobre o mercado automotivo, tend\u00eancias de mobilidade urbana, novas solu\u00e7\u00f5es em sustentabilidade no setor de transportes e as principais mudan\u00e7as na legisla\u00e7\u00e3o de tr\u00e2nsito.","alternateName":"Blog | Multieixos com Renato Ferra","potentialAction":[{"@type":"SearchAction","target":{"@type":"EntryPoint","urlTemplate":"https:\/\/newblogs.correiobraziliense.com.br\/multieixos\/?s={search_term_string}"},"query-input":{"@type":"PropertyValueSpecification","valueRequired":true,"valueName":"search_term_string"}}],"inLanguage":"pt-BR"},{"@type":"Person","@id":"https:\/\/newblogs.correiobraziliense.com.br\/multieixos\/#\/schema\/person\/2fb466788a0749a4cd6fc2c4d89ddb15","name":"Renato Ferraz","image":{"@type":"ImageObject","inLanguage":"pt-BR","@id":"https:\/\/secure.gravatar.com\/avatar\/05490fac3b629881956c1c2d33a9f5fcb406d4619aeb73f2548eb9374d66c612?s=96&d=mm&r=g","url":"https:\/\/secure.gravatar.com\/avatar\/05490fac3b629881956c1c2d33a9f5fcb406d4619aeb73f2548eb9374d66c612?s=96&d=mm&r=g","contentUrl":"https:\/\/secure.gravatar.com\/avatar\/05490fac3b629881956c1c2d33a9f5fcb406d4619aeb73f2548eb9374d66c612?s=96&d=mm&r=g","caption":"Renato Ferraz"},"description":"\u00c9 jornalista profissional h\u00e1 35 anos e escreve sobre carros, tr\u00e2nsito e mobilidade desde 2004, participando de centenas lan\u00e7amentos de produtos e v\u00e1rios sal\u00f5es automobil\u00edsticos globais.","sameAs":["https:\/\/www.facebook.com\/profile.php?id=100092255591956","https:\/\/www.instagram.com\/multieixos_correio\/"],"url":"https:\/\/newblogs.correiobraziliense.com.br\/multieixos\/author\/renatoferraz\/"}]}},"_links":{"self":[{"href":"https:\/\/newblogs.correiobraziliense.com.br\/multieixos\/wp-json\/wp\/v2\/posts\/3584","targetHints":{"allow":["GET"]}}],"collection":[{"href":"https:\/\/newblogs.correiobraziliense.com.br\/multieixos\/wp-json\/wp\/v2\/posts"}],"about":[{"href":"https:\/\/newblogs.correiobraziliense.com.br\/multieixos\/wp-json\/wp\/v2\/types\/post"}],"author":[{"embeddable":true,"href":"https:\/\/newblogs.correiobraziliense.com.br\/multieixos\/wp-json\/wp\/v2\/users\/20"}],"replies":[{"embeddable":true,"href":"https:\/\/newblogs.correiobraziliense.com.br\/multieixos\/wp-json\/wp\/v2\/comments?post=3584"}],"version-history":[{"count":1,"href":"https:\/\/newblogs.correiobraziliense.com.br\/multieixos\/wp-json\/wp\/v2\/posts\/3584\/revisions"}],"predecessor-version":[{"id":3586,"href":"https:\/\/newblogs.correiobraziliense.com.br\/multieixos\/wp-json\/wp\/v2\/posts\/3584\/revisions\/3586"}],"wp:featuredmedia":[{"embeddable":true,"href":"https:\/\/newblogs.correiobraziliense.com.br\/multieixos\/wp-json\/wp\/v2\/media\/3585"}],"wp:attachment":[{"href":"https:\/\/newblogs.correiobraziliense.com.br\/multieixos\/wp-json\/wp\/v2\/media?parent=3584"}],"wp:term":[{"taxonomy":"category","embeddable":true,"href":"https:\/\/newblogs.correiobraziliense.com.br\/multieixos\/wp-json\/wp\/v2\/categories?post=3584"},{"taxonomy":"post_tag","embeddable":true,"href":"https:\/\/newblogs.correiobraziliense.com.br\/multieixos\/wp-json\/wp\/v2\/tags?post=3584"}],"curies":[{"name":"wp","href":"https:\/\/api.w.org\/{rel}","templated":true}]}}