{"id":3279,"date":"2026-08-17T14:12:28","date_gmt":"2026-08-17T17:12:28","guid":{"rendered":"https:\/\/newblogs.correiobraziliense.com.br\/multieixos\/?p=3279"},"modified":"2026-08-17T14:12:57","modified_gmt":"2026-08-17T17:12:57","slug":"ex2-o-eletrico-da-geely-mais-carro-por-menos-dinheiro","status":"publish","type":"post","link":"https:\/\/newblogs.correiobraziliense.com.br\/multieixos\/2026\/08\/17\/ex2-o-eletrico-da-geely-mais-carro-por-menos-dinheiro\/","title":{"rendered":"EX2, o el\u00e9trico da Geely: mais carro por menos dinheiro"},"content":{"rendered":"\n<p>O compacto el\u00e9trico EX2 foi o segundo autom\u00f3vel mais vendido no varejo (sem contar locadoras ou empresas) em julho, com 5,7 mil carros. No acumulado de 2026, a Geely vendeu 20,5 mil. Com esse expressivo resultado, a companhia se consolida como a montadora chinesa de crescimento mais r\u00e1pido no setor de ve\u00edculos eletrificados do pa\u00eds. Mas a que se deve o desempenho da Geely, que chegou no Brasil h\u00e1 apenas um ano? A turma do marketing talvez tenha uma explica\u00e7\u00e3o melhor. Mas o fato \u00e9: h\u00e1 dois fatores que, somados e atuando em etapas e propor\u00e7\u00f5es diferentes na psicologia do consumidor, geram o que chamamos de custo-benef\u00edcio. O EX2, por exemplo, cria a percep\u00e7\u00e3o de que o consumidor est\u00e1 levando um carro de categoria superior pelo pre\u00e7o de um compacto. A vers\u00e3o Max, testada por uma semana pela <strong>Multieixos<\/strong>, atende neste caso aos desejos e expectativas do comprador. E esse requisito \u00e9 b\u00e1sico: se um produto n\u00e3o faz o b\u00e1sico muito bem, nada vai salv\u00e1-lo.<\/p>\n\n\n\n<figure class=\"wp-block-image size-large\"><img loading=\"lazy\" decoding=\"async\" width=\"1024\" height=\"471\" src=\"https:\/\/newblogs.correiobraziliense.com.br\/multieixos\/wp-content\/uploads\/sites\/6\/2026\/08\/Geely-EX2-interior-branco-1024x471.jpg\" alt=\"\" class=\"wp-image-3281\" srcset=\"https:\/\/newblogs.correiobraziliense.com.br\/multieixos\/wp-content\/uploads\/sites\/6\/2026\/08\/Geely-EX2-interior-branco-1024x471.jpg 1024w, https:\/\/newblogs.correiobraziliense.com.br\/multieixos\/wp-content\/uploads\/sites\/6\/2026\/08\/Geely-EX2-interior-branco-300x138.jpg 300w, https:\/\/newblogs.correiobraziliense.com.br\/multieixos\/wp-content\/uploads\/sites\/6\/2026\/08\/Geely-EX2-interior-branco-768x353.jpg 768w, https:\/\/newblogs.correiobraziliense.com.br\/multieixos\/wp-content\/uploads\/sites\/6\/2026\/08\/Geely-EX2-interior-branco-1536x706.jpg 1536w, https:\/\/newblogs.correiobraziliense.com.br\/multieixos\/wp-content\/uploads\/sites\/6\/2026\/08\/Geely-EX2-interior-branco.jpg 1701w\" sizes=\"auto, (max-width: 1024px) 100vw, 1024px\" \/><\/figure>\n\n\n\n<p>O EX2 oferece seguran\u00e7a, economia, conforto e, por fim, um design bem interessante, s\u00f3brio (embora haja muita subjetividade nesse quesito). S\u00e3o, enfim, detalhes que o consumidor brasileiro valoriza muito: bom pacote de equipamentos, espa\u00e7o interno e, eureca, pre\u00e7o bem competitivo. E a Geely fez mais: colocou o modelo como um carro com caracter\u00edsticas de uma categoria superior. O pre\u00e7o foi s\u00f3 o chamariz b\u00e1sico. At\u00e9 agora, a marca faz as pessoas gastarem dinheiro acreditando naquilo que tem prometido. Vejamos, por\u00e9m, como ser\u00e1 quando os primeiros clientes voltarem \u00e0s concession\u00e1rias para servi\u00e7os de p\u00f3s-venda.\u00a0<\/p>\n\n\n\n<figure class=\"wp-block-image size-large\"><img loading=\"lazy\" decoding=\"async\" width=\"1024\" height=\"712\" src=\"https:\/\/newblogs.correiobraziliense.com.br\/multieixos\/wp-content\/uploads\/sites\/6\/2026\/08\/Geely-EX2-frenre1-1024x712.jpg\" alt=\"\" class=\"wp-image-3284\" srcset=\"https:\/\/newblogs.correiobraziliense.com.br\/multieixos\/wp-content\/uploads\/sites\/6\/2026\/08\/Geely-EX2-frenre1-1024x712.jpg 1024w, https:\/\/newblogs.correiobraziliense.com.br\/multieixos\/wp-content\/uploads\/sites\/6\/2026\/08\/Geely-EX2-frenre1-300x208.jpg 300w, https:\/\/newblogs.correiobraziliense.com.br\/multieixos\/wp-content\/uploads\/sites\/6\/2026\/08\/Geely-EX2-frenre1-768x534.jpg 768w, https:\/\/newblogs.correiobraziliense.com.br\/multieixos\/wp-content\/uploads\/sites\/6\/2026\/08\/Geely-EX2-frenre1.jpg 1026w\" sizes=\"auto, (max-width: 1024px) 100vw, 1024px\" \/><\/figure>\n\n\n\n<p>O que se espera de um carro de R$ 136,8 mil? Vai da desnecess\u00e1rio pintura biton, com o teto na cor preta, ao freio de estacionamento eletr\u00f4nico (ainda h\u00e1 carro por aqui de R$ 200 mil acima com aquela terr\u00edvel alavanca no meio do sal\u00e3o). Da suspens\u00e3o independente nas 4 rodas aos seis airbags. Do piloto autom\u00e1tico adaptativo, que controla sozinho a velocidade, a acelera\u00e7\u00e3o e os freios do carro, a alerta de mudan\u00e7a de faixa. Da frenagem&nbsp; autom\u00e1tica de emerg\u00eancia a uma c\u00e2mera panor\u00e2mica de 540\u00ba. Do banco do motorista com ajuste el\u00e9trico ao carregador de smartphones por indu\u00e7\u00e3o. Do multim\u00eddia de 14.6&#8243; de qualidade &#8211; de excelente resolu\u00e7\u00e3o e respostas r\u00e1pidas &#8211; a sa\u00eddas de ar para o banco traseiro.&nbsp;<\/p>\n\n\n\n<figure class=\"wp-block-image size-large\"><img loading=\"lazy\" decoding=\"async\" width=\"1024\" height=\"683\" src=\"https:\/\/newblogs.correiobraziliense.com.br\/multieixos\/wp-content\/uploads\/sites\/6\/2026\/08\/20251017_@rodolfobuhrer_GeelyEX-2Chegada_9116-1024x683.jpg\" alt=\"\" class=\"wp-image-3285\" srcset=\"https:\/\/newblogs.correiobraziliense.com.br\/multieixos\/wp-content\/uploads\/sites\/6\/2026\/08\/20251017_@rodolfobuhrer_GeelyEX-2Chegada_9116-1024x683.jpg 1024w, https:\/\/newblogs.correiobraziliense.com.br\/multieixos\/wp-content\/uploads\/sites\/6\/2026\/08\/20251017_@rodolfobuhrer_GeelyEX-2Chegada_9116-300x200.jpg 300w, https:\/\/newblogs.correiobraziliense.com.br\/multieixos\/wp-content\/uploads\/sites\/6\/2026\/08\/20251017_@rodolfobuhrer_GeelyEX-2Chegada_9116-768x512.jpg 768w, https:\/\/newblogs.correiobraziliense.com.br\/multieixos\/wp-content\/uploads\/sites\/6\/2026\/08\/20251017_@rodolfobuhrer_GeelyEX-2Chegada_9116.jpg 1200w\" sizes=\"auto, (max-width: 1024px) 100vw, 1024px\" \/><\/figure>\n\n\n\n<p>Pois \u00e9: mesmo sendo um compacto de entrada da marca, o EX2 tem &#8211; na vers\u00e3o Max, testada &#8211; tudo isso. O consumidor acredita que est\u00e1 \u201clevando mais carro pelo mesmo dinheiro\u201d. Claro que tudo pode ser melhorado. Como (olha o p\u00f3s-venda a\u00ed de novo) rede de concession\u00e1rias ainda embrion\u00e1ria e um receio, j\u00e1 diminuindo, de excessiva desvaloriza\u00e7\u00e3o numa futura revenda. Ou, o que n\u00e3o \u00e9 um problema espec\u00edfico deste modelo, a ainda reduzida estrutura rodovi\u00e1ria para abastecimento de ve\u00edculos el\u00e9tricos. Ou mesmo da capacidade do porta-malas, pequeno (375 litros) para quem trabalha como motorista de aplicativo, por exemplo. Ou a autonomia de rodagem, inferior a de alguns concorrentes. E, afinal, vale refor\u00e7ar: n\u00e3o espere sofistica\u00e7\u00e3o ao entrar na cabine. O acabamento de pl\u00e1stico r\u00edgido est\u00e1 presente em algumas partes. Mas, pelo pre\u00e7o cobrado\u2026.<\/p>\n\n\n\n<figure class=\"wp-block-image size-full\"><img loading=\"lazy\" decoding=\"async\" width=\"684\" height=\"479\" src=\"https:\/\/newblogs.correiobraziliense.com.br\/multieixos\/wp-content\/uploads\/sites\/6\/2026\/08\/Geely-EX2-x.jpg\" alt=\"\" class=\"wp-image-3288\" srcset=\"https:\/\/newblogs.correiobraziliense.com.br\/multieixos\/wp-content\/uploads\/sites\/6\/2026\/08\/Geely-EX2-x.jpg 684w, https:\/\/newblogs.correiobraziliense.com.br\/multieixos\/wp-content\/uploads\/sites\/6\/2026\/08\/Geely-EX2-x-300x210.jpg 300w\" sizes=\"auto, (max-width: 684px) 100vw, 684px\" \/><\/figure>\n\n\n\n<p><strong>Exig\u00eancia<\/strong><strong><br \/><\/strong>O EX2 fornece, no geral, mais coisas legais do que ruins. Essa invas\u00e3o chinesa vai fazer com que as marcas acomodadas, deitadas no ber\u00e7o espl\u00eandido tupiniquim, tenham em breve que obrigatoriamente incluir nos seus modelos seis airbags, banco de motorista com regulagem el\u00e9trica e freio de estacionamento eletr\u00f4nico, por exemplo. Em suma: o que agora \u00e9 surpresa agrad\u00e1vel vai ser uma exig\u00eancia amanh\u00e3, pode apostar.&nbsp;<\/p>\n\n\n\n<p>O hatch j\u00e1 nasceu como el\u00e9trico &#8211; e isso \u00e9 uma grande vantagem. Tem piso plano e, consequentemente, maior espa\u00e7o interno. Como todo el\u00e9trico, tem excelente acelera\u00e7\u00e3o, motivada por causa do torque instant\u00e2neo, da aus\u00eancia de marchas e da simplicidade mec\u00e2nica, enfim. E ele ainda vai absorver para si outra vantagem: a nacionaliza\u00e7\u00e3o, ainda em 2026. Ele ser\u00e1 fabricado no Paran\u00e1, no complexo da Renault em S\u00e3o Jos\u00e9 dos Pinhais, pr\u00f3ximo a Curitiba.&nbsp;<\/p>\n\n\n\n<figure class=\"wp-block-image size-large\"><img loading=\"lazy\" decoding=\"async\" width=\"1024\" height=\"422\" src=\"https:\/\/newblogs.correiobraziliense.com.br\/multieixos\/wp-content\/uploads\/sites\/6\/2026\/08\/Geely-EX2-horizontae-1024x422.jpg\" alt=\"\" class=\"wp-image-3283\" srcset=\"https:\/\/newblogs.correiobraziliense.com.br\/multieixos\/wp-content\/uploads\/sites\/6\/2026\/08\/Geely-EX2-horizontae-1024x422.jpg 1024w, https:\/\/newblogs.correiobraziliense.com.br\/multieixos\/wp-content\/uploads\/sites\/6\/2026\/08\/Geely-EX2-horizontae-300x124.jpg 300w, https:\/\/newblogs.correiobraziliense.com.br\/multieixos\/wp-content\/uploads\/sites\/6\/2026\/08\/Geely-EX2-horizontae-768x317.jpg 768w, https:\/\/newblogs.correiobraziliense.com.br\/multieixos\/wp-content\/uploads\/sites\/6\/2026\/08\/Geely-EX2-horizontae-1536x633.jpg 1536w, https:\/\/newblogs.correiobraziliense.com.br\/multieixos\/wp-content\/uploads\/sites\/6\/2026\/08\/Geely-EX2-horizontae.jpg 1761w\" sizes=\"auto, (max-width: 1024px) 100vw, 1024px\" \/><\/figure>\n\n\n\n<p>Vale lembrar: a chinesa passou a deter 26,4% das opera\u00e7\u00f5es da francesa no Brasil. Ah, a Geely n\u00e3o \u00e9 uma empresa ne\u00f3fita: controla, por exemplo, a Volvo, a Lotus (aquela mesma da F1) e a Polestar. Assim, reduz uma dificuldade relevante para novas marcas, pois se vale do uso da estrutura da Renault (bem estabelecida com rede de concession\u00e1rias, assist\u00eancia t\u00e9cnica e pe\u00e7as).<\/p>\n\n\n\n<figure class=\"wp-block-image size-large\"><img loading=\"lazy\" decoding=\"async\" width=\"1024\" height=\"683\" src=\"https:\/\/newblogs.correiobraziliense.com.br\/multieixos\/wp-content\/uploads\/sites\/6\/2026\/08\/20251106_victoreleuterio_0582-1-1024x683.jpg\" alt=\"\" class=\"wp-image-3290\" srcset=\"https:\/\/newblogs.correiobraziliense.com.br\/multieixos\/wp-content\/uploads\/sites\/6\/2026\/08\/20251106_victoreleuterio_0582-1-1024x683.jpg 1024w, https:\/\/newblogs.correiobraziliense.com.br\/multieixos\/wp-content\/uploads\/sites\/6\/2026\/08\/20251106_victoreleuterio_0582-1-300x200.jpg 300w, https:\/\/newblogs.correiobraziliense.com.br\/multieixos\/wp-content\/uploads\/sites\/6\/2026\/08\/20251106_victoreleuterio_0582-1-768x512.jpg 768w, https:\/\/newblogs.correiobraziliense.com.br\/multieixos\/wp-content\/uploads\/sites\/6\/2026\/08\/20251106_victoreleuterio_0582-1.jpg 1200w\" sizes=\"auto, (max-width: 1024px) 100vw, 1024px\" \/><\/figure>\n\n\n\n<p>Por todas essas caracter\u00edsticas citadas, o EX2 \u00e9 um carro muito \u00e1gil. \u00c9 legal at\u00e9 mesmo para divertimento nas ultrapassagens e retomadas. \u00c9 um carro na m\u00e3o, mesmo com dire\u00e7\u00e3o el\u00e9trica &#8211; e \u00e9 daqueles que voc\u00ea tem controle da situa\u00e7\u00e3o. A suspens\u00e3o parece ter sido feita para as estradas brasileiras, segurando os trancos do p\u00e9ssimo asfalto. Tudo bem equilibrado. Como deve ser um carro, independentemente do pre\u00e7o, da marca, da origem geogr\u00e1fica.<\/p>\n","protected":false},"excerpt":{"rendered":"<p>Modelo tem pre\u00e7o competitivo, pacote de equipamentos caprichado e entrega ao consumidor a sensa\u00e7\u00e3o de estar levando um carro de categoria superior. Em suma: o custo-benef\u00edcio n\u00e3o \u00e9 apenas percep\u00e7\u00e3o \u2014 \u00e9 real<\/p>\n","protected":false},"author":20,"featured_media":3287,"comment_status":"closed","ping_status":"open","sticky":true,"template":"","format":"standard","meta":{"_acf_changed":false,"inline_featured_image":false,"footnotes":""},"categories":[8,257],"tags":[36,6,310,15,308,45],"class_list":["post-3279","post","type-post","status-publish","format-standard","has-post-thumbnail","hentry","category-carros","category-eletricos","tag-avaliacao","tag-carros","tag-custo-beneficio","tag-eletricos","tag-ex2","tag-geely"],"acf":[],"yoast_head":"<!-- This site is optimized with the Yoast SEO plugin v28.1 - https:\/\/yoast.com\/product\/yoast-seo-wordpress\/ -->\n<title>EX2, o el\u00e9trico da Geely: mais carro por menos dinheiro - Multieixos com Renato Ferraz<\/title>\n<meta name=\"robots\" content=\"index, follow, max-snippet:-1, max-image-preview:large, max-video-preview:-1\" \/>\n<link rel=\"canonical\" href=\"https:\/\/newblogs.correiobraziliense.com.br\/multieixos\/2026\/08\/17\/ex2-o-eletrico-da-geely-mais-carro-por-menos-dinheiro\/\" \/>\n<meta property=\"og:locale\" content=\"pt_BR\" \/>\n<meta property=\"og:type\" content=\"article\" \/>\n<meta property=\"og:title\" content=\"EX2, o el\u00e9trico da Geely: mais carro por menos dinheiro - Multieixos com Renato Ferraz\" \/>\n<meta property=\"og:description\" content=\"Modelo tem pre\u00e7o competitivo, pacote de equipamentos caprichado e entrega ao consumidor a sensa\u00e7\u00e3o de estar levando um carro de categoria superior. Em suma: o custo-benef\u00edcio n\u00e3o \u00e9 apenas percep\u00e7\u00e3o \u2014 \u00e9 real\" \/>\n<meta property=\"og:url\" content=\"https:\/\/newblogs.correiobraziliense.com.br\/multieixos\/2026\/08\/17\/ex2-o-eletrico-da-geely-mais-carro-por-menos-dinheiro\/\" \/>\n<meta property=\"og:site_name\" content=\"Multieixos com Renato Ferraz\" \/>\n<meta property=\"article:author\" content=\"https:\/\/www.facebook.com\/profile.php?id=100092255591956\" \/>\n<meta property=\"article:published_time\" content=\"2026-08-17T17:12:28+00:00\" \/>\n<meta property=\"article:modified_time\" content=\"2026-08-17T17:12:57+00:00\" \/>\n<meta property=\"og:image\" content=\"https:\/\/newblogs.correiobraziliense.com.br\/multieixos\/wp-content\/uploads\/sites\/6\/2026\/08\/Geely-geral1.jpg\" \/>\n\t<meta property=\"og:image:width\" content=\"1200\" \/>\n\t<meta property=\"og:image:height\" content=\"800\" \/>\n\t<meta property=\"og:image:type\" content=\"image\/jpeg\" \/>\n<meta name=\"author\" content=\"Renato Ferraz\" \/>\n<!-- \/ Yoast SEO plugin. -->","yoast_head_json":{"title":"EX2, o el\u00e9trico da Geely: mais carro por menos dinheiro - Multieixos com Renato Ferraz","robots":{"index":"index","follow":"follow","max-snippet":"max-snippet:-1","max-image-preview":"max-image-preview:large","max-video-preview":"max-video-preview:-1"},"canonical":"https:\/\/newblogs.correiobraziliense.com.br\/multieixos\/2026\/08\/17\/ex2-o-eletrico-da-geely-mais-carro-por-menos-dinheiro\/","og_locale":"pt_BR","og_type":"article","og_title":"EX2, o el\u00e9trico da Geely: mais carro por menos dinheiro - Multieixos com Renato Ferraz","og_description":"Modelo tem pre\u00e7o competitivo, pacote de equipamentos caprichado e entrega ao consumidor a sensa\u00e7\u00e3o de estar levando um carro de categoria superior. Em suma: o custo-benef\u00edcio n\u00e3o \u00e9 apenas percep\u00e7\u00e3o \u2014 \u00e9 real","og_url":"https:\/\/newblogs.correiobraziliense.com.br\/multieixos\/2026\/08\/17\/ex2-o-eletrico-da-geely-mais-carro-por-menos-dinheiro\/","og_site_name":"Multieixos com Renato Ferraz","article_author":"https:\/\/www.facebook.com\/profile.php?id=100092255591956","article_published_time":"2026-08-17T17:12:28+00:00","article_modified_time":"2026-08-17T17:12:57+00:00","og_image":[{"width":1200,"height":800,"url":"https:\/\/newblogs.correiobraziliense.com.br\/multieixos\/wp-content\/uploads\/sites\/6\/2026\/08\/Geely-geral1.jpg","type":"image\/jpeg"}],"author":"Renato Ferraz","schema":{"@context":"https:\/\/schema.org","@graph":[{"@type":"Article","@id":"https:\/\/newblogs.correiobraziliense.com.br\/multieixos\/2026\/08\/17\/ex2-o-eletrico-da-geely-mais-carro-por-menos-dinheiro\/#article","isPartOf":{"@id":"https:\/\/newblogs.correiobraziliense.com.br\/multieixos\/2026\/08\/17\/ex2-o-eletrico-da-geely-mais-carro-por-menos-dinheiro\/"},"author":{"name":"Renato Ferraz","@id":"https:\/\/newblogs.correiobraziliense.com.br\/multieixos\/#\/schema\/person\/2fb466788a0749a4cd6fc2c4d89ddb15"},"headline":"EX2, o el\u00e9trico da Geely: mais carro por menos dinheiro","datePublished":"2026-08-17T17:12:28+00:00","dateModified":"2026-08-17T17:12:57+00:00","mainEntityOfPage":{"@id":"https:\/\/newblogs.correiobraziliense.com.br\/multieixos\/2026\/08\/17\/ex2-o-eletrico-da-geely-mais-carro-por-menos-dinheiro\/"},"wordCount":877,"image":{"@id":"https:\/\/newblogs.correiobraziliense.com.br\/multieixos\/2026\/08\/17\/ex2-o-eletrico-da-geely-mais-carro-por-menos-dinheiro\/#primaryimage"},"thumbnailUrl":"https:\/\/newblogs.correiobraziliense.com.br\/multieixos\/wp-content\/uploads\/sites\/6\/2026\/08\/Geely-geral1.jpg","keywords":["avalia\u00e7\u00e3o","carros","custo-benef\u00edcio","el\u00e9tricos","EX2","Geely"],"articleSection":["Carros","El\u00e9tricos"],"inLanguage":"pt-BR"},{"@type":"WebPage","@id":"https:\/\/newblogs.correiobraziliense.com.br\/multieixos\/2026\/08\/17\/ex2-o-eletrico-da-geely-mais-carro-por-menos-dinheiro\/","url":"https:\/\/newblogs.correiobraziliense.com.br\/multieixos\/2026\/08\/17\/ex2-o-eletrico-da-geely-mais-carro-por-menos-dinheiro\/","name":"EX2, o el\u00e9trico da Geely: mais carro por menos dinheiro - Multieixos com Renato Ferraz","isPartOf":{"@id":"https:\/\/newblogs.correiobraziliense.com.br\/multieixos\/#website"},"primaryImageOfPage":{"@id":"https:\/\/newblogs.correiobraziliense.com.br\/multieixos\/2026\/08\/17\/ex2-o-eletrico-da-geely-mais-carro-por-menos-dinheiro\/#primaryimage"},"image":{"@id":"https:\/\/newblogs.correiobraziliense.com.br\/multieixos\/2026\/08\/17\/ex2-o-eletrico-da-geely-mais-carro-por-menos-dinheiro\/#primaryimage"},"thumbnailUrl":"https:\/\/newblogs.correiobraziliense.com.br\/multieixos\/wp-content\/uploads\/sites\/6\/2026\/08\/Geely-geral1.jpg","datePublished":"2026-08-17T17:12:28+00:00","dateModified":"2026-08-17T17:12:57+00:00","author":{"@id":"https:\/\/newblogs.correiobraziliense.com.br\/multieixos\/#\/schema\/person\/2fb466788a0749a4cd6fc2c4d89ddb15"},"breadcrumb":{"@id":"https:\/\/newblogs.correiobraziliense.com.br\/multieixos\/2026\/08\/17\/ex2-o-eletrico-da-geely-mais-carro-por-menos-dinheiro\/#breadcrumb"},"inLanguage":"pt-BR","potentialAction":[{"@type":"ReadAction","target":["https:\/\/newblogs.correiobraziliense.com.br\/multieixos\/2026\/08\/17\/ex2-o-eletrico-da-geely-mais-carro-por-menos-dinheiro\/"]}]},{"@type":"ImageObject","inLanguage":"pt-BR","@id":"https:\/\/newblogs.correiobraziliense.com.br\/multieixos\/2026\/08\/17\/ex2-o-eletrico-da-geely-mais-carro-por-menos-dinheiro\/#primaryimage","url":"https:\/\/newblogs.correiobraziliense.com.br\/multieixos\/wp-content\/uploads\/sites\/6\/2026\/08\/Geely-geral1.jpg","contentUrl":"https:\/\/newblogs.correiobraziliense.com.br\/multieixos\/wp-content\/uploads\/sites\/6\/2026\/08\/Geely-geral1.jpg","width":1200,"height":800},{"@type":"BreadcrumbList","@id":"https:\/\/newblogs.correiobraziliense.com.br\/multieixos\/2026\/08\/17\/ex2-o-eletrico-da-geely-mais-carro-por-menos-dinheiro\/#breadcrumb","itemListElement":[{"@type":"ListItem","position":1,"name":"In\u00edcio","item":"https:\/\/newblogs.correiobraziliense.com.br\/multieixos\/"},{"@type":"ListItem","position":2,"name":"EX2, o el\u00e9trico da Geely: mais carro por menos dinheiro"}]},{"@type":"WebSite","@id":"https:\/\/newblogs.correiobraziliense.com.br\/multieixos\/#website","url":"https:\/\/newblogs.correiobraziliense.com.br\/multieixos\/","name":"Multieixos com Renato Ferraz","description":"Aqui, voc\u00ea encontra informa\u00e7\u00f5es atualizadas sobre o mercado automotivo, tend\u00eancias de mobilidade urbana, novas solu\u00e7\u00f5es em sustentabilidade no setor de transportes e as principais mudan\u00e7as na legisla\u00e7\u00e3o de tr\u00e2nsito.","alternateName":"Blog | Multieixos com Renato Ferra","potentialAction":[{"@type":"SearchAction","target":{"@type":"EntryPoint","urlTemplate":"https:\/\/newblogs.correiobraziliense.com.br\/multieixos\/?s={search_term_string}"},"query-input":{"@type":"PropertyValueSpecification","valueRequired":true,"valueName":"search_term_string"}}],"inLanguage":"pt-BR"},{"@type":"Person","@id":"https:\/\/newblogs.correiobraziliense.com.br\/multieixos\/#\/schema\/person\/2fb466788a0749a4cd6fc2c4d89ddb15","name":"Renato Ferraz","image":{"@type":"ImageObject","inLanguage":"pt-BR","@id":"https:\/\/secure.gravatar.com\/avatar\/05490fac3b629881956c1c2d33a9f5fcb406d4619aeb73f2548eb9374d66c612?s=96&d=mm&r=g","url":"https:\/\/secure.gravatar.com\/avatar\/05490fac3b629881956c1c2d33a9f5fcb406d4619aeb73f2548eb9374d66c612?s=96&d=mm&r=g","contentUrl":"https:\/\/secure.gravatar.com\/avatar\/05490fac3b629881956c1c2d33a9f5fcb406d4619aeb73f2548eb9374d66c612?s=96&d=mm&r=g","caption":"Renato Ferraz"},"description":"\u00c9 jornalista profissional h\u00e1 35 anos e escreve sobre carros, tr\u00e2nsito e mobilidade desde 2004, participando de centenas lan\u00e7amentos de produtos e v\u00e1rios sal\u00f5es automobil\u00edsticos globais.","sameAs":["https:\/\/www.facebook.com\/profile.php?id=100092255591956","https:\/\/www.instagram.com\/multieixos_correio\/"],"url":"https:\/\/newblogs.correiobraziliense.com.br\/multieixos\/author\/renatoferraz\/"}]}},"_links":{"self":[{"href":"https:\/\/newblogs.correiobraziliense.com.br\/multieixos\/wp-json\/wp\/v2\/posts\/3279","targetHints":{"allow":["GET"]}}],"collection":[{"href":"https:\/\/newblogs.correiobraziliense.com.br\/multieixos\/wp-json\/wp\/v2\/posts"}],"about":[{"href":"https:\/\/newblogs.correiobraziliense.com.br\/multieixos\/wp-json\/wp\/v2\/types\/post"}],"author":[{"embeddable":true,"href":"https:\/\/newblogs.correiobraziliense.com.br\/multieixos\/wp-json\/wp\/v2\/users\/20"}],"replies":[{"embeddable":true,"href":"https:\/\/newblogs.correiobraziliense.com.br\/multieixos\/wp-json\/wp\/v2\/comments?post=3279"}],"version-history":[{"count":4,"href":"https:\/\/newblogs.correiobraziliense.com.br\/multieixos\/wp-json\/wp\/v2\/posts\/3279\/revisions"}],"predecessor-version":[{"id":3293,"href":"https:\/\/newblogs.correiobraziliense.com.br\/multieixos\/wp-json\/wp\/v2\/posts\/3279\/revisions\/3293"}],"wp:featuredmedia":[{"embeddable":true,"href":"https:\/\/newblogs.correiobraziliense.com.br\/multieixos\/wp-json\/wp\/v2\/media\/3287"}],"wp:attachment":[{"href":"https:\/\/newblogs.correiobraziliense.com.br\/multieixos\/wp-json\/wp\/v2\/media?parent=3279"}],"wp:term":[{"taxonomy":"category","embeddable":true,"href":"https:\/\/newblogs.correiobraziliense.com.br\/multieixos\/wp-json\/wp\/v2\/categories?post=3279"},{"taxonomy":"post_tag","embeddable":true,"href":"https:\/\/newblogs.correiobraziliense.com.br\/multieixos\/wp-json\/wp\/v2\/tags?post=3279"}],"curies":[{"name":"wp","href":"https:\/\/api.w.org\/{rel}","templated":true}]}}