{"id":317,"date":"2025-05-08T12:00:14","date_gmt":"2025-05-08T15:00:14","guid":{"rendered":"https:\/\/newblogs.correiobraziliense.com.br\/multieixos\/?p=317"},"modified":"2025-05-08T12:00:44","modified_gmt":"2025-05-08T15:00:44","slug":"bmw-comeca-a-produzir-a-nova-c-400-x-em-manaus","status":"publish","type":"post","link":"https:\/\/newblogs.correiobraziliense.com.br\/multieixos\/2025\/05\/08\/bmw-comeca-a-produzir-a-nova-c-400-x-em-manaus\/","title":{"rendered":"BMW come\u00e7a a produzir a nova C 400 X em Manaus"},"content":{"rendered":"\n<p>A<strong> <\/strong>f\u00e1brica do BMW Group em Manaus j\u00e1 produz em Manaus (AM) a nova BMW C 400 X. O modelo vem equipado com o avan\u00e7ado sistema BMW Motorrad ABS Pro e controle de tra\u00e7\u00e3o din\u00e2mico, elevando o n\u00edvel de seguran\u00e7a. Outro grande diferencial \u00e9 a tela TFT de 6,5 polegadas, agora item de s\u00e9rie, oferecendo uma interface intuitiva e de alta qualidade para o condutor.<br \/>\u00a0<\/p>\n\n\n\n<p>A BMW C 400 X permanece com o motor monocil\u00edndrico de 34 cv a 7.500 rpm e torque m\u00e1ximo de 35 Nm a 5.750 rpm, garantindo desempenho din\u00e2mico e eficiente. A pot\u00eancia \u00e9 transmitida por meio de uma transmiss\u00e3o CVT e a suspens\u00e3o possui um bra\u00e7o oscilante de alta rigidez torcional, proporcionando maior estabilidade na condu\u00e7\u00e3o.<br \/>\u00a0<\/p>\n\n\n\n<p>A motocicleta refor\u00e7a o compromisso da marca com inova\u00e7\u00e3o. &#8220;A BMW C 400 X n\u00e3o \u00e9 apenas uma scooter, mas uma extens\u00e3o da nossa filosofia, que inclui seguran\u00e7a e conectividade de ponta em um modelo urbano sofisticado\u201d, explica Matheus Pereira, CEO da BMW Motorrad no Brasil. Este j\u00e1 \u00e9 o terceiro modelo que a marca inicia a produ\u00e7\u00e3o neste ano, de um total de seis previstos para 2025.&nbsp;<\/p>\n","protected":false},"excerpt":{"rendered":"<p>Scooter muda visual e sai de f\u00e1brica com sistema ABS Pro, controle de tra\u00e7\u00e3o din\u00e2mico e tela TFT de 6,5 polegadas<\/p>\n","protected":false},"author":20,"featured_media":318,"comment_status":"closed","ping_status":"open","sticky":true,"template":"","format":"standard","meta":{"_acf_changed":false,"inline_featured_image":false,"footnotes":""},"categories":[13],"tags":[14,7],"class_list":["post-317","post","type-post","status-publish","format-standard","has-post-thumbnail","hentry","category-motos","tag-lancamentos","tag-moto"],"acf":[],"yoast_head":"<!-- This site is optimized with the Yoast SEO plugin v27.3 - https:\/\/yoast.com\/product\/yoast-seo-wordpress\/ -->\n<title>BMW come\u00e7a a produzir a nova C 400 X em Manaus - Multieixos com Renato Ferraz<\/title>\n<meta name=\"description\" content=\"Scooter muda visual e sai de f\u00e1brica com sistema ABS Pro, controle de tra\u00e7\u00e3o din\u00e2mico e tela TFT de 6,5 polegadas\" \/>\n<meta name=\"robots\" content=\"index, follow, max-snippet:-1, max-image-preview:large, max-video-preview:-1\" \/>\n<link rel=\"canonical\" href=\"https:\/\/newblogs.correiobraziliense.com.br\/multieixos\/2025\/05\/08\/bmw-comeca-a-produzir-a-nova-c-400-x-em-manaus\/\" \/>\n<meta property=\"og:locale\" content=\"pt_BR\" \/>\n<meta property=\"og:type\" content=\"article\" \/>\n<meta property=\"og:title\" content=\"BMW come\u00e7a a produzir a nova C 400 X em Manaus - Multieixos com Renato Ferraz\" \/>\n<meta property=\"og:description\" content=\"Scooter muda visual e sai de f\u00e1brica com sistema ABS Pro, controle de tra\u00e7\u00e3o din\u00e2mico e tela TFT de 6,5 polegadas\" \/>\n<meta property=\"og:url\" content=\"https:\/\/newblogs.correiobraziliense.com.br\/multieixos\/2025\/05\/08\/bmw-comeca-a-produzir-a-nova-c-400-x-em-manaus\/\" \/>\n<meta property=\"og:site_name\" content=\"Multieixos com Renato Ferraz\" \/>\n<meta property=\"article:published_time\" content=\"2025-05-08T15:00:14+00:00\" \/>\n<meta property=\"article:modified_time\" content=\"2025-05-08T15:00:44+00:00\" \/>\n<meta property=\"og:image\" content=\"http:\/\/newblogs.correiobraziliense.com.br\/multieixos\/wp-content\/uploads\/sites\/6\/2025\/05\/mot.jpg\" \/>\n\t<meta property=\"og:image:width\" content=\"800\" \/>\n\t<meta property=\"og:image:height\" content=\"529\" \/>\n\t<meta property=\"og:image:type\" content=\"image\/jpeg\" \/>\n<meta name=\"author\" content=\"Renato Ferraz\" \/>\n<!-- \/ Yoast SEO plugin. -->","yoast_head_json":{"title":"BMW come\u00e7a a produzir a nova C 400 X em Manaus - Multieixos com Renato Ferraz","description":"Scooter muda visual e sai de f\u00e1brica com sistema ABS Pro, controle de tra\u00e7\u00e3o din\u00e2mico e tela TFT de 6,5 polegadas","robots":{"index":"index","follow":"follow","max-snippet":"max-snippet:-1","max-image-preview":"max-image-preview:large","max-video-preview":"max-video-preview:-1"},"canonical":"https:\/\/newblogs.correiobraziliense.com.br\/multieixos\/2025\/05\/08\/bmw-comeca-a-produzir-a-nova-c-400-x-em-manaus\/","og_locale":"pt_BR","og_type":"article","og_title":"BMW come\u00e7a a produzir a nova C 400 X em Manaus - Multieixos com Renato Ferraz","og_description":"Scooter muda visual e sai de f\u00e1brica com sistema ABS Pro, controle de tra\u00e7\u00e3o din\u00e2mico e tela TFT de 6,5 polegadas","og_url":"https:\/\/newblogs.correiobraziliense.com.br\/multieixos\/2025\/05\/08\/bmw-comeca-a-produzir-a-nova-c-400-x-em-manaus\/","og_site_name":"Multieixos com Renato Ferraz","article_published_time":"2025-05-08T15:00:14+00:00","article_modified_time":"2025-05-08T15:00:44+00:00","og_image":[{"width":800,"height":529,"url":"http:\/\/newblogs.correiobraziliense.com.br\/multieixos\/wp-content\/uploads\/sites\/6\/2025\/05\/mot.jpg","type":"image\/jpeg"}],"author":"Renato Ferraz","schema":{"@context":"https:\/\/schema.org","@graph":[{"@type":"Article","@id":"https:\/\/newblogs.correiobraziliense.com.br\/multieixos\/2025\/05\/08\/bmw-comeca-a-produzir-a-nova-c-400-x-em-manaus\/#article","isPartOf":{"@id":"https:\/\/newblogs.correiobraziliense.com.br\/multieixos\/2025\/05\/08\/bmw-comeca-a-produzir-a-nova-c-400-x-em-manaus\/"},"author":{"name":"Renato Ferraz","@id":"https:\/\/newblogs.correiobraziliense.com.br\/multieixos\/#\/schema\/person\/2fb466788a0749a4cd6fc2c4d89ddb15"},"headline":"BMW come\u00e7a a produzir a nova C 400 X em Manaus","datePublished":"2025-05-08T15:00:14+00:00","dateModified":"2025-05-08T15:00:44+00:00","mainEntityOfPage":{"@id":"https:\/\/newblogs.correiobraziliense.com.br\/multieixos\/2025\/05\/08\/bmw-comeca-a-produzir-a-nova-c-400-x-em-manaus\/"},"wordCount":209,"image":{"@id":"https:\/\/newblogs.correiobraziliense.com.br\/multieixos\/2025\/05\/08\/bmw-comeca-a-produzir-a-nova-c-400-x-em-manaus\/#primaryimage"},"thumbnailUrl":"https:\/\/newblogs.correiobraziliense.com.br\/multieixos\/wp-content\/uploads\/sites\/6\/2025\/05\/mot.jpg","keywords":["Lan\u00e7amentos","moto"],"articleSection":["Motos"],"inLanguage":"pt-BR"},{"@type":"WebPage","@id":"https:\/\/newblogs.correiobraziliense.com.br\/multieixos\/2025\/05\/08\/bmw-comeca-a-produzir-a-nova-c-400-x-em-manaus\/","url":"https:\/\/newblogs.correiobraziliense.com.br\/multieixos\/2025\/05\/08\/bmw-comeca-a-produzir-a-nova-c-400-x-em-manaus\/","name":"BMW come\u00e7a a produzir a nova C 400 X em Manaus - Multieixos com Renato Ferraz","isPartOf":{"@id":"https:\/\/newblogs.correiobraziliense.com.br\/multieixos\/#website"},"primaryImageOfPage":{"@id":"https:\/\/newblogs.correiobraziliense.com.br\/multieixos\/2025\/05\/08\/bmw-comeca-a-produzir-a-nova-c-400-x-em-manaus\/#primaryimage"},"image":{"@id":"https:\/\/newblogs.correiobraziliense.com.br\/multieixos\/2025\/05\/08\/bmw-comeca-a-produzir-a-nova-c-400-x-em-manaus\/#primaryimage"},"thumbnailUrl":"https:\/\/newblogs.correiobraziliense.com.br\/multieixos\/wp-content\/uploads\/sites\/6\/2025\/05\/mot.jpg","datePublished":"2025-05-08T15:00:14+00:00","dateModified":"2025-05-08T15:00:44+00:00","author":{"@id":"https:\/\/newblogs.correiobraziliense.com.br\/multieixos\/#\/schema\/person\/2fb466788a0749a4cd6fc2c4d89ddb15"},"description":"Scooter muda visual e sai de f\u00e1brica com sistema ABS Pro, controle de tra\u00e7\u00e3o din\u00e2mico e tela TFT de 6,5 polegadas","breadcrumb":{"@id":"https:\/\/newblogs.correiobraziliense.com.br\/multieixos\/2025\/05\/08\/bmw-comeca-a-produzir-a-nova-c-400-x-em-manaus\/#breadcrumb"},"inLanguage":"pt-BR","potentialAction":[{"@type":"ReadAction","target":["https:\/\/newblogs.correiobraziliense.com.br\/multieixos\/2025\/05\/08\/bmw-comeca-a-produzir-a-nova-c-400-x-em-manaus\/"]}]},{"@type":"ImageObject","inLanguage":"pt-BR","@id":"https:\/\/newblogs.correiobraziliense.com.br\/multieixos\/2025\/05\/08\/bmw-comeca-a-produzir-a-nova-c-400-x-em-manaus\/#primaryimage","url":"https:\/\/newblogs.correiobraziliense.com.br\/multieixos\/wp-content\/uploads\/sites\/6\/2025\/05\/mot.jpg","contentUrl":"https:\/\/newblogs.correiobraziliense.com.br\/multieixos\/wp-content\/uploads\/sites\/6\/2025\/05\/mot.jpg","width":800,"height":529},{"@type":"BreadcrumbList","@id":"https:\/\/newblogs.correiobraziliense.com.br\/multieixos\/2025\/05\/08\/bmw-comeca-a-produzir-a-nova-c-400-x-em-manaus\/#breadcrumb","itemListElement":[{"@type":"ListItem","position":1,"name":"In\u00edcio","item":"https:\/\/newblogs.correiobraziliense.com.br\/multieixos\/"},{"@type":"ListItem","position":2,"name":"BMW come\u00e7a a produzir a nova C 400 X em Manaus"}]},{"@type":"WebSite","@id":"https:\/\/newblogs.correiobraziliense.com.br\/multieixos\/#website","url":"https:\/\/newblogs.correiobraziliense.com.br\/multieixos\/","name":"Multieixos com Renato Ferraz","description":"Aqui, voc\u00ea encontra informa\u00e7\u00f5es atualizadas sobre o mercado automotivo, tend\u00eancias de mobilidade urbana, novas solu\u00e7\u00f5es em sustentabilidade no setor de transportes e as principais mudan\u00e7as na legisla\u00e7\u00e3o de tr\u00e2nsito.","alternateName":"Blog | Multieixos com Renato Ferra","potentialAction":[{"@type":"SearchAction","target":{"@type":"EntryPoint","urlTemplate":"https:\/\/newblogs.correiobraziliense.com.br\/multieixos\/?s={search_term_string}"},"query-input":{"@type":"PropertyValueSpecification","valueRequired":true,"valueName":"search_term_string"}}],"inLanguage":"pt-BR"},{"@type":"Person","@id":"https:\/\/newblogs.correiobraziliense.com.br\/multieixos\/#\/schema\/person\/2fb466788a0749a4cd6fc2c4d89ddb15","name":"Renato Ferraz","image":{"@type":"ImageObject","inLanguage":"pt-BR","@id":"https:\/\/secure.gravatar.com\/avatar\/05490fac3b629881956c1c2d33a9f5fcb406d4619aeb73f2548eb9374d66c612?s=96&d=mm&r=g","url":"https:\/\/secure.gravatar.com\/avatar\/05490fac3b629881956c1c2d33a9f5fcb406d4619aeb73f2548eb9374d66c612?s=96&d=mm&r=g","contentUrl":"https:\/\/secure.gravatar.com\/avatar\/05490fac3b629881956c1c2d33a9f5fcb406d4619aeb73f2548eb9374d66c612?s=96&d=mm&r=g","caption":"Renato Ferraz"},"description":"\u00c9 jornalista profissional h\u00e1 35 anos e escreve sobre carros, tr\u00e2nsito e mobilidade desde 2004, participando de centenas lan\u00e7amentos de produtos e v\u00e1rios sal\u00f5es automobil\u00edsticos globais.","url":"https:\/\/newblogs.correiobraziliense.com.br\/multieixos\/author\/renatoferraz\/"}]}},"_links":{"self":[{"href":"https:\/\/newblogs.correiobraziliense.com.br\/multieixos\/wp-json\/wp\/v2\/posts\/317","targetHints":{"allow":["GET"]}}],"collection":[{"href":"https:\/\/newblogs.correiobraziliense.com.br\/multieixos\/wp-json\/wp\/v2\/posts"}],"about":[{"href":"https:\/\/newblogs.correiobraziliense.com.br\/multieixos\/wp-json\/wp\/v2\/types\/post"}],"author":[{"embeddable":true,"href":"https:\/\/newblogs.correiobraziliense.com.br\/multieixos\/wp-json\/wp\/v2\/users\/20"}],"replies":[{"embeddable":true,"href":"https:\/\/newblogs.correiobraziliense.com.br\/multieixos\/wp-json\/wp\/v2\/comments?post=317"}],"version-history":[{"count":1,"href":"https:\/\/newblogs.correiobraziliense.com.br\/multieixos\/wp-json\/wp\/v2\/posts\/317\/revisions"}],"predecessor-version":[{"id":319,"href":"https:\/\/newblogs.correiobraziliense.com.br\/multieixos\/wp-json\/wp\/v2\/posts\/317\/revisions\/319"}],"wp:featuredmedia":[{"embeddable":true,"href":"https:\/\/newblogs.correiobraziliense.com.br\/multieixos\/wp-json\/wp\/v2\/media\/318"}],"wp:attachment":[{"href":"https:\/\/newblogs.correiobraziliense.com.br\/multieixos\/wp-json\/wp\/v2\/media?parent=317"}],"wp:term":[{"taxonomy":"category","embeddable":true,"href":"https:\/\/newblogs.correiobraziliense.com.br\/multieixos\/wp-json\/wp\/v2\/categories?post=317"},{"taxonomy":"post_tag","embeddable":true,"href":"https:\/\/newblogs.correiobraziliense.com.br\/multieixos\/wp-json\/wp\/v2\/tags?post=317"}],"curies":[{"name":"wp","href":"https:\/\/api.w.org\/{rel}","templated":true}]}}