{"id":301,"date":"2025-04-29T10:59:39","date_gmt":"2025-04-29T13:59:39","guid":{"rendered":"https:\/\/newblogs.correiobraziliense.com.br\/multieixos\/?p=301"},"modified":"2025-04-29T10:59:40","modified_gmt":"2025-04-29T13:59:40","slug":"gwm-apresenta-linha-2026-do-ora-03-veja-precos-e-o-que-muda","status":"publish","type":"post","link":"https:\/\/newblogs.correiobraziliense.com.br\/multieixos\/2025\/04\/29\/gwm-apresenta-linha-2026-do-ora-03-veja-precos-e-o-que-muda\/","title":{"rendered":"GWM apresenta linha 2026 do Ora 03: veja pre\u00e7os e o que muda"},"content":{"rendered":"\n<p>A linha 2026 do GWM Ora 03 j\u00e1 est\u00e1 dispon\u00edvel para o consumidor brasileiro. Ele ganha reestiliza\u00e7\u00e3o visual, mudan\u00e7as de nomenclatura e lista de equipamentos atualizados. A partir de agora, os modelos passam a se chamar Ora 03 Skin BEV48 e Ora 03 GT BEV63, diferenciando as vers\u00f5es: BEV significa Battery Electric Vehicle e os n\u00fameros representam a capacidade das baterias, de 48 kWh e 63 kWh, respectivamente.\u00a0<\/p>\n\n\n\n<figure class=\"wp-block-image size-large\"><img loading=\"lazy\" decoding=\"async\" width=\"1024\" height=\"683\" src=\"https:\/\/newblogs.correiobraziliense.com.br\/multieixos\/wp-content\/uploads\/sites\/6\/2025\/04\/ORA-GT-CINZA-TRASEIRA-1-1024x683.jpg\" alt=\"\" class=\"wp-image-303\" srcset=\"https:\/\/newblogs.correiobraziliense.com.br\/multieixos\/wp-content\/uploads\/sites\/6\/2025\/04\/ORA-GT-CINZA-TRASEIRA-1-1024x683.jpg 1024w, https:\/\/newblogs.correiobraziliense.com.br\/multieixos\/wp-content\/uploads\/sites\/6\/2025\/04\/ORA-GT-CINZA-TRASEIRA-1-300x200.jpg 300w, https:\/\/newblogs.correiobraziliense.com.br\/multieixos\/wp-content\/uploads\/sites\/6\/2025\/04\/ORA-GT-CINZA-TRASEIRA-1-768x512.jpg 768w, https:\/\/newblogs.correiobraziliense.com.br\/multieixos\/wp-content\/uploads\/sites\/6\/2025\/04\/ORA-GT-CINZA-TRASEIRA-1.jpg 1240w\" sizes=\"auto, (max-width: 1024px) 100vw, 1024px\" \/><\/figure>\n\n\n\n<p>Os dois ve\u00edculos recebem tamb\u00e9m o novo logotipo GWM centralizado em destaque na tampa do porta-malas, seguindo o padr\u00e3o visual da linha Haval H6. O emblema Ora 03 permanece, por\u00e9m com tamanho reduzido, conferindo um visual mais limpo e moderno.<\/p>\n\n\n\n<p>Entre os destaques de equipamentos, o Ora 03 Skin BEV48 passa a contar agora com teto solar de s\u00e9rie. J\u00e1 o GWM Ora 03 GT BEV63 ganha a exclusiva cor Cinza Zenith fosca, a mesma apresentada na s\u00e9rie especial GT Approve, ampliando as possibilidades de personaliza\u00e7\u00e3o.<\/p>\n\n\n\n<figure class=\"wp-block-image size-large\"><img loading=\"lazy\" decoding=\"async\" width=\"1024\" height=\"683\" src=\"https:\/\/newblogs.correiobraziliense.com.br\/multieixos\/wp-content\/uploads\/sites\/6\/2025\/04\/ORA-SKIN-VERMELHO-TRASEIRA-1024x683.jpg\" alt=\"\" class=\"wp-image-304\" srcset=\"https:\/\/newblogs.correiobraziliense.com.br\/multieixos\/wp-content\/uploads\/sites\/6\/2025\/04\/ORA-SKIN-VERMELHO-TRASEIRA-1024x683.jpg 1024w, https:\/\/newblogs.correiobraziliense.com.br\/multieixos\/wp-content\/uploads\/sites\/6\/2025\/04\/ORA-SKIN-VERMELHO-TRASEIRA-300x200.jpg 300w, https:\/\/newblogs.correiobraziliense.com.br\/multieixos\/wp-content\/uploads\/sites\/6\/2025\/04\/ORA-SKIN-VERMELHO-TRASEIRA-768x512.jpg 768w, https:\/\/newblogs.correiobraziliense.com.br\/multieixos\/wp-content\/uploads\/sites\/6\/2025\/04\/ORA-SKIN-VERMELHO-TRASEIRA.jpg 1240w\" sizes=\"auto, (max-width: 1024px) 100vw, 1024px\" \/><\/figure>\n\n\n\n<p>A linha 2026 mant\u00e9m a atualiza\u00e7\u00e3o que foi feita no in\u00edcio deste ano: a oferta de estepe, que oferece mais praticidade e seguran\u00e7a ao motorista. Al\u00e9m disso, o modelo tamb\u00e9m havia ganhado em fevereiro a conectividade com o aplicativo My GWM, que permite o monitoramento e o controle remoto de diversas fun\u00e7\u00f5es do ve\u00edculo, trazendo mais comodidade e tecnologia aos propriet\u00e1rios.<\/p>\n\n\n\n<p>Na linha 2026, o Ora 03 Skin BEV48 passa a custar R$ 169 mil; o GT BEV63, R$ 199 mil.&nbsp;<\/p>\n","protected":false},"excerpt":{"rendered":"<p>Modelo el\u00e9trico ganha nova identidade visual e itens de tecnologia in\u00e9ditos. Pre\u00e7os variam de R$ 169 mil a R$ 199 mil<\/p>\n","protected":false},"author":20,"featured_media":302,"comment_status":"closed","ping_status":"open","sticky":false,"template":"","format":"standard","meta":{"_acf_changed":false,"inline_featured_image":false,"footnotes":""},"categories":[8],"tags":[6,14,10],"class_list":["post-301","post","type-post","status-publish","format-standard","has-post-thumbnail","hentry","category-carros","tag-carros","tag-lancamentos","tag-precos"],"acf":[],"yoast_head":"<!-- This site is optimized with the Yoast SEO plugin v27.3 - https:\/\/yoast.com\/product\/yoast-seo-wordpress\/ -->\n<title>GWM apresenta linha 2026 do Ora 03: veja pre\u00e7os e o que muda - Multieixos com Renato Ferraz<\/title>\n<meta name=\"description\" content=\"Modelo el\u00e9trico ganha nova identidade visual e itens de tecnologia in\u00e9ditos. Pre\u00e7os variam de R$ 169 mil a R$ 199 mil\" \/>\n<meta name=\"robots\" content=\"index, follow, max-snippet:-1, max-image-preview:large, max-video-preview:-1\" \/>\n<link rel=\"canonical\" href=\"https:\/\/newblogs.correiobraziliense.com.br\/multieixos\/2025\/04\/29\/gwm-apresenta-linha-2026-do-ora-03-veja-precos-e-o-que-muda\/\" \/>\n<meta property=\"og:locale\" content=\"pt_BR\" \/>\n<meta property=\"og:type\" content=\"article\" \/>\n<meta property=\"og:title\" content=\"GWM apresenta linha 2026 do Ora 03: veja pre\u00e7os e o que muda - Multieixos com Renato Ferraz\" \/>\n<meta property=\"og:description\" content=\"Modelo el\u00e9trico ganha nova identidade visual e itens de tecnologia in\u00e9ditos. Pre\u00e7os variam de R$ 169 mil a R$ 199 mil\" \/>\n<meta property=\"og:url\" content=\"https:\/\/newblogs.correiobraziliense.com.br\/multieixos\/2025\/04\/29\/gwm-apresenta-linha-2026-do-ora-03-veja-precos-e-o-que-muda\/\" \/>\n<meta property=\"og:site_name\" content=\"Multieixos com Renato Ferraz\" \/>\n<meta property=\"article:published_time\" content=\"2025-04-29T13:59:39+00:00\" \/>\n<meta property=\"article:modified_time\" content=\"2025-04-29T13:59:40+00:00\" \/>\n<meta property=\"og:image\" content=\"http:\/\/newblogs.correiobraziliense.com.br\/multieixos\/wp-content\/uploads\/sites\/6\/2025\/04\/ORA-SKIN-VERMELHO-1.jpg\" \/>\n\t<meta property=\"og:image:width\" content=\"1240\" \/>\n\t<meta property=\"og:image:height\" content=\"827\" \/>\n\t<meta property=\"og:image:type\" content=\"image\/jpeg\" \/>\n<meta name=\"author\" content=\"Renato Ferraz\" \/>\n<!-- \/ Yoast SEO plugin. -->","yoast_head_json":{"title":"GWM apresenta linha 2026 do Ora 03: veja pre\u00e7os e o que muda - Multieixos com Renato Ferraz","description":"Modelo el\u00e9trico ganha nova identidade visual e itens de tecnologia in\u00e9ditos. Pre\u00e7os variam de R$ 169 mil a R$ 199 mil","robots":{"index":"index","follow":"follow","max-snippet":"max-snippet:-1","max-image-preview":"max-image-preview:large","max-video-preview":"max-video-preview:-1"},"canonical":"https:\/\/newblogs.correiobraziliense.com.br\/multieixos\/2025\/04\/29\/gwm-apresenta-linha-2026-do-ora-03-veja-precos-e-o-que-muda\/","og_locale":"pt_BR","og_type":"article","og_title":"GWM apresenta linha 2026 do Ora 03: veja pre\u00e7os e o que muda - Multieixos com Renato Ferraz","og_description":"Modelo el\u00e9trico ganha nova identidade visual e itens de tecnologia in\u00e9ditos. Pre\u00e7os variam de R$ 169 mil a R$ 199 mil","og_url":"https:\/\/newblogs.correiobraziliense.com.br\/multieixos\/2025\/04\/29\/gwm-apresenta-linha-2026-do-ora-03-veja-precos-e-o-que-muda\/","og_site_name":"Multieixos com Renato Ferraz","article_published_time":"2025-04-29T13:59:39+00:00","article_modified_time":"2025-04-29T13:59:40+00:00","og_image":[{"width":1240,"height":827,"url":"http:\/\/newblogs.correiobraziliense.com.br\/multieixos\/wp-content\/uploads\/sites\/6\/2025\/04\/ORA-SKIN-VERMELHO-1.jpg","type":"image\/jpeg"}],"author":"Renato Ferraz","schema":{"@context":"https:\/\/schema.org","@graph":[{"@type":"Article","@id":"https:\/\/newblogs.correiobraziliense.com.br\/multieixos\/2025\/04\/29\/gwm-apresenta-linha-2026-do-ora-03-veja-precos-e-o-que-muda\/#article","isPartOf":{"@id":"https:\/\/newblogs.correiobraziliense.com.br\/multieixos\/2025\/04\/29\/gwm-apresenta-linha-2026-do-ora-03-veja-precos-e-o-que-muda\/"},"author":{"name":"Renato Ferraz","@id":"https:\/\/newblogs.correiobraziliense.com.br\/multieixos\/#\/schema\/person\/2fb466788a0749a4cd6fc2c4d89ddb15"},"headline":"GWM apresenta linha 2026 do Ora 03: veja pre\u00e7os e o que muda","datePublished":"2025-04-29T13:59:39+00:00","dateModified":"2025-04-29T13:59:40+00:00","mainEntityOfPage":{"@id":"https:\/\/newblogs.correiobraziliense.com.br\/multieixos\/2025\/04\/29\/gwm-apresenta-linha-2026-do-ora-03-veja-precos-e-o-que-muda\/"},"wordCount":255,"image":{"@id":"https:\/\/newblogs.correiobraziliense.com.br\/multieixos\/2025\/04\/29\/gwm-apresenta-linha-2026-do-ora-03-veja-precos-e-o-que-muda\/#primaryimage"},"thumbnailUrl":"https:\/\/newblogs.correiobraziliense.com.br\/multieixos\/wp-content\/uploads\/sites\/6\/2025\/04\/ORA-SKIN-VERMELHO-1.jpg","keywords":["carros","Lan\u00e7amentos","pre\u00e7os"],"articleSection":["Carros"],"inLanguage":"pt-BR"},{"@type":"WebPage","@id":"https:\/\/newblogs.correiobraziliense.com.br\/multieixos\/2025\/04\/29\/gwm-apresenta-linha-2026-do-ora-03-veja-precos-e-o-que-muda\/","url":"https:\/\/newblogs.correiobraziliense.com.br\/multieixos\/2025\/04\/29\/gwm-apresenta-linha-2026-do-ora-03-veja-precos-e-o-que-muda\/","name":"GWM apresenta linha 2026 do Ora 03: veja pre\u00e7os e o que muda - Multieixos com Renato Ferraz","isPartOf":{"@id":"https:\/\/newblogs.correiobraziliense.com.br\/multieixos\/#website"},"primaryImageOfPage":{"@id":"https:\/\/newblogs.correiobraziliense.com.br\/multieixos\/2025\/04\/29\/gwm-apresenta-linha-2026-do-ora-03-veja-precos-e-o-que-muda\/#primaryimage"},"image":{"@id":"https:\/\/newblogs.correiobraziliense.com.br\/multieixos\/2025\/04\/29\/gwm-apresenta-linha-2026-do-ora-03-veja-precos-e-o-que-muda\/#primaryimage"},"thumbnailUrl":"https:\/\/newblogs.correiobraziliense.com.br\/multieixos\/wp-content\/uploads\/sites\/6\/2025\/04\/ORA-SKIN-VERMELHO-1.jpg","datePublished":"2025-04-29T13:59:39+00:00","dateModified":"2025-04-29T13:59:40+00:00","author":{"@id":"https:\/\/newblogs.correiobraziliense.com.br\/multieixos\/#\/schema\/person\/2fb466788a0749a4cd6fc2c4d89ddb15"},"description":"Modelo el\u00e9trico ganha nova identidade visual e itens de tecnologia in\u00e9ditos. Pre\u00e7os variam de R$ 169 mil a R$ 199 mil","breadcrumb":{"@id":"https:\/\/newblogs.correiobraziliense.com.br\/multieixos\/2025\/04\/29\/gwm-apresenta-linha-2026-do-ora-03-veja-precos-e-o-que-muda\/#breadcrumb"},"inLanguage":"pt-BR","potentialAction":[{"@type":"ReadAction","target":["https:\/\/newblogs.correiobraziliense.com.br\/multieixos\/2025\/04\/29\/gwm-apresenta-linha-2026-do-ora-03-veja-precos-e-o-que-muda\/"]}]},{"@type":"ImageObject","inLanguage":"pt-BR","@id":"https:\/\/newblogs.correiobraziliense.com.br\/multieixos\/2025\/04\/29\/gwm-apresenta-linha-2026-do-ora-03-veja-precos-e-o-que-muda\/#primaryimage","url":"https:\/\/newblogs.correiobraziliense.com.br\/multieixos\/wp-content\/uploads\/sites\/6\/2025\/04\/ORA-SKIN-VERMELHO-1.jpg","contentUrl":"https:\/\/newblogs.correiobraziliense.com.br\/multieixos\/wp-content\/uploads\/sites\/6\/2025\/04\/ORA-SKIN-VERMELHO-1.jpg","width":1240,"height":827},{"@type":"BreadcrumbList","@id":"https:\/\/newblogs.correiobraziliense.com.br\/multieixos\/2025\/04\/29\/gwm-apresenta-linha-2026-do-ora-03-veja-precos-e-o-que-muda\/#breadcrumb","itemListElement":[{"@type":"ListItem","position":1,"name":"In\u00edcio","item":"https:\/\/newblogs.correiobraziliense.com.br\/multieixos\/"},{"@type":"ListItem","position":2,"name":"GWM apresenta linha 2026 do Ora 03: veja pre\u00e7os e o que muda"}]},{"@type":"WebSite","@id":"https:\/\/newblogs.correiobraziliense.com.br\/multieixos\/#website","url":"https:\/\/newblogs.correiobraziliense.com.br\/multieixos\/","name":"Multieixos com Renato Ferraz","description":"Aqui, voc\u00ea encontra informa\u00e7\u00f5es atualizadas sobre o mercado automotivo, tend\u00eancias de mobilidade urbana, novas solu\u00e7\u00f5es em sustentabilidade no setor de transportes e as principais mudan\u00e7as na legisla\u00e7\u00e3o de tr\u00e2nsito.","alternateName":"Blog | Multieixos com Renato Ferra","potentialAction":[{"@type":"SearchAction","target":{"@type":"EntryPoint","urlTemplate":"https:\/\/newblogs.correiobraziliense.com.br\/multieixos\/?s={search_term_string}"},"query-input":{"@type":"PropertyValueSpecification","valueRequired":true,"valueName":"search_term_string"}}],"inLanguage":"pt-BR"},{"@type":"Person","@id":"https:\/\/newblogs.correiobraziliense.com.br\/multieixos\/#\/schema\/person\/2fb466788a0749a4cd6fc2c4d89ddb15","name":"Renato Ferraz","image":{"@type":"ImageObject","inLanguage":"pt-BR","@id":"https:\/\/secure.gravatar.com\/avatar\/05490fac3b629881956c1c2d33a9f5fcb406d4619aeb73f2548eb9374d66c612?s=96&d=mm&r=g","url":"https:\/\/secure.gravatar.com\/avatar\/05490fac3b629881956c1c2d33a9f5fcb406d4619aeb73f2548eb9374d66c612?s=96&d=mm&r=g","contentUrl":"https:\/\/secure.gravatar.com\/avatar\/05490fac3b629881956c1c2d33a9f5fcb406d4619aeb73f2548eb9374d66c612?s=96&d=mm&r=g","caption":"Renato Ferraz"},"description":"\u00c9 jornalista profissional h\u00e1 35 anos e escreve sobre carros, tr\u00e2nsito e mobilidade desde 2004, participando de centenas lan\u00e7amentos de produtos e v\u00e1rios sal\u00f5es automobil\u00edsticos globais.","url":"https:\/\/newblogs.correiobraziliense.com.br\/multieixos\/author\/renatoferraz\/"}]}},"_links":{"self":[{"href":"https:\/\/newblogs.correiobraziliense.com.br\/multieixos\/wp-json\/wp\/v2\/posts\/301","targetHints":{"allow":["GET"]}}],"collection":[{"href":"https:\/\/newblogs.correiobraziliense.com.br\/multieixos\/wp-json\/wp\/v2\/posts"}],"about":[{"href":"https:\/\/newblogs.correiobraziliense.com.br\/multieixos\/wp-json\/wp\/v2\/types\/post"}],"author":[{"embeddable":true,"href":"https:\/\/newblogs.correiobraziliense.com.br\/multieixos\/wp-json\/wp\/v2\/users\/20"}],"replies":[{"embeddable":true,"href":"https:\/\/newblogs.correiobraziliense.com.br\/multieixos\/wp-json\/wp\/v2\/comments?post=301"}],"version-history":[{"count":1,"href":"https:\/\/newblogs.correiobraziliense.com.br\/multieixos\/wp-json\/wp\/v2\/posts\/301\/revisions"}],"predecessor-version":[{"id":305,"href":"https:\/\/newblogs.correiobraziliense.com.br\/multieixos\/wp-json\/wp\/v2\/posts\/301\/revisions\/305"}],"wp:featuredmedia":[{"embeddable":true,"href":"https:\/\/newblogs.correiobraziliense.com.br\/multieixos\/wp-json\/wp\/v2\/media\/302"}],"wp:attachment":[{"href":"https:\/\/newblogs.correiobraziliense.com.br\/multieixos\/wp-json\/wp\/v2\/media?parent=301"}],"wp:term":[{"taxonomy":"category","embeddable":true,"href":"https:\/\/newblogs.correiobraziliense.com.br\/multieixos\/wp-json\/wp\/v2\/categories?post=301"},{"taxonomy":"post_tag","embeddable":true,"href":"https:\/\/newblogs.correiobraziliense.com.br\/multieixos\/wp-json\/wp\/v2\/tags?post=301"}],"curies":[{"name":"wp","href":"https:\/\/api.w.org\/{rel}","templated":true}]}}