{"id":169,"date":"2025-03-30T11:11:39","date_gmt":"2025-03-30T14:11:39","guid":{"rendered":"https:\/\/newblogs.correiobraziliense.com.br\/multieixos\/?p=169"},"modified":"2025-03-30T11:11:40","modified_gmt":"2025-03-30T14:11:40","slug":"fiat-pulse-t200-hybrid-vale-a-pena-pagar-um-pouquinho-a-mais","status":"publish","type":"post","link":"https:\/\/newblogs.correiobraziliense.com.br\/multieixos\/2025\/03\/30\/fiat-pulse-t200-hybrid-vale-a-pena-pagar-um-pouquinho-a-mais\/","title":{"rendered":"Fiat Pulse T200 Hybrid: vale a pena pagar um pouquinho a mais?"},"content":{"rendered":"\n<p>O <strong>Multieixos<\/strong> ficou uma semana com o Fiat Pulse h\u00edbrido, vers\u00e3o Impetus, topo de linha, para testes. A tradicional, exclusivamente a combust\u00e3o, custa R$ 138.990, conforme consta no site da montadora italiana, na aba <a href=\"https:\/\/pulse.fiat.com.br\/monte.html#versao\">Monte o seu<\/a>. A testada, h\u00edbrida leve, com o mesmo pacote de equipamentos, principalmente de seguran\u00e7a, R$ 144.990. A diferen\u00e7a bruta, excetuando-se aqui as inevit\u00e1veis negocia\u00e7\u00f5es entre consumidor e concession\u00e1ria, \u00e9 de R$ 6 mil. Vale a pena, ent\u00e3o, pagar esse valor a mais?&nbsp;<\/p>\n\n\n\n<p>Para ajudar a responder, vamos elencar aqui alguns detalhes e diferen\u00e7as entre ambas. O Pulse T200 Hybrid vem com o j\u00e1 conhecido e eficiente motor 1.0 de tr\u00eas cilindros de 130 cavalos e torque de 20,4kfgm. Ao contr\u00e1rio do convencional, traz tamb\u00e9m um pequeno (por isso chamado de leve) motor h\u00edbrido de 12 volts. Acrescenta ao conjunto todo apenas 4cv de pot\u00eancia e 1 kgfm de torque e nem mesmo consegue movimentar sozinho o ve\u00edculo.\u00a0<\/p>\n\n\n\n<figure class=\"wp-block-image size-large\"><img loading=\"lazy\" decoding=\"async\" width=\"1024\" height=\"683\" src=\"https:\/\/newblogs.correiobraziliense.com.br\/multieixos\/wp-content\/uploads\/sites\/6\/2025\/03\/Fiat_Hybrid_002-1024x683.jpg\" alt=\"\" class=\"wp-image-171\" srcset=\"https:\/\/newblogs.correiobraziliense.com.br\/multieixos\/wp-content\/uploads\/sites\/6\/2025\/03\/Fiat_Hybrid_002-1024x683.jpg 1024w, https:\/\/newblogs.correiobraziliense.com.br\/multieixos\/wp-content\/uploads\/sites\/6\/2025\/03\/Fiat_Hybrid_002-300x200.jpg 300w, https:\/\/newblogs.correiobraziliense.com.br\/multieixos\/wp-content\/uploads\/sites\/6\/2025\/03\/Fiat_Hybrid_002-768x512.jpg 768w, https:\/\/newblogs.correiobraziliense.com.br\/multieixos\/wp-content\/uploads\/sites\/6\/2025\/03\/Fiat_Hybrid_002.jpg 1240w\" sizes=\"auto, (max-width: 1024px) 100vw, 1024px\" \/><\/figure>\n\n\n\n<p>Mas o 12 volts ajuda em alguns momentos, quando o motor a combust\u00e3o supera os 3.500rpm, por exemplo. Esse mecanismo (cuja bateria fica embaixo do banco do motorista) substitui o alternador convencional e o motor de arranque. Por meio de uma central eletr\u00f4nica espec\u00edfica, ele, enfim, auxilia o conjunto.<\/p>\n\n\n\n<p>Ent\u00e3o, para o dia a dia das cidades, no chamado ciclo de consumo urbano, vale ter essa vers\u00e3o, sim. O motorzinho absorve energia nas frenagens e desacelera\u00e7\u00f5es e a gasta nas arrancadas r\u00e1pidas em sem\u00e1foros, por exemplo. E ainda h\u00e1 a ado\u00e7\u00e3o do start&amp;stop, que desliga automaticamente o motor a combust\u00e3o em paradas e o religa instantaneamente assim que o motorista pressiona o acelerador.<\/p>\n\n\n\n<figure class=\"wp-block-image size-large\"><img loading=\"lazy\" decoding=\"async\" width=\"1024\" height=\"638\" src=\"https:\/\/newblogs.correiobraziliense.com.br\/multieixos\/wp-content\/uploads\/sites\/6\/2025\/03\/Fiat-Pulse_Impetus_Hybrid_2025-9-1024x638.jpg\" alt=\"\" class=\"wp-image-172\" srcset=\"https:\/\/newblogs.correiobraziliense.com.br\/multieixos\/wp-content\/uploads\/sites\/6\/2025\/03\/Fiat-Pulse_Impetus_Hybrid_2025-9-1024x638.jpg 1024w, https:\/\/newblogs.correiobraziliense.com.br\/multieixos\/wp-content\/uploads\/sites\/6\/2025\/03\/Fiat-Pulse_Impetus_Hybrid_2025-9-300x187.jpg 300w, https:\/\/newblogs.correiobraziliense.com.br\/multieixos\/wp-content\/uploads\/sites\/6\/2025\/03\/Fiat-Pulse_Impetus_Hybrid_2025-9-768x478.jpg 768w, https:\/\/newblogs.correiobraziliense.com.br\/multieixos\/wp-content\/uploads\/sites\/6\/2025\/03\/Fiat-Pulse_Impetus_Hybrid_2025-9-1536x956.jpg 1536w, https:\/\/newblogs.correiobraziliense.com.br\/multieixos\/wp-content\/uploads\/sites\/6\/2025\/03\/Fiat-Pulse_Impetus_Hybrid_2025-9-2048x1275.jpg 2048w\" sizes=\"auto, (max-width: 1024px) 100vw, 1024px\" \/><\/figure>\n\n\n\n<p>Com isso, a m\u00e9dia de consumo &#8211; e sempre dependendo do comportamento do motorista &#8211; chega a at\u00e9 um pouco mais 14 km\/l. Louva-se, aqui, a consci\u00eancia verde, digamos assim. O Inmetro garante que \u00e9 12% mais econ\u00f4mico.&nbsp;<\/p>\n\n\n\n<p>Esse tipo de h\u00edbrido \u00e9 chamado oficialmente de MHEV (da sigla em ingl\u00eas Mild Hybrid Electric Vehicle). Por n\u00e3o ser t\u00e3o cara (bastam um pequeno motor e uma mini bateria de 11 amperes), a tecnologia tem se tornado mais acess\u00edvel. E, sim, mesmo em pequenas quantidades os h\u00edbridos-leves reduzem os n\u00edveis de emiss\u00f5es. Importante: o motor \u00e9 flex, mais limpo ambientalmente que os convencionais.<\/p>\n\n\n\n<figure class=\"wp-block-image size-large\"><img loading=\"lazy\" decoding=\"async\" width=\"1024\" height=\"683\" src=\"https:\/\/newblogs.correiobraziliense.com.br\/multieixos\/wp-content\/uploads\/sites\/6\/2025\/03\/Fiat-Pulse_Impetus_Hybrid_2025-38-1024x683.jpg\" alt=\"\" class=\"wp-image-173\" srcset=\"https:\/\/newblogs.correiobraziliense.com.br\/multieixos\/wp-content\/uploads\/sites\/6\/2025\/03\/Fiat-Pulse_Impetus_Hybrid_2025-38-1024x683.jpg 1024w, https:\/\/newblogs.correiobraziliense.com.br\/multieixos\/wp-content\/uploads\/sites\/6\/2025\/03\/Fiat-Pulse_Impetus_Hybrid_2025-38-300x200.jpg 300w, https:\/\/newblogs.correiobraziliense.com.br\/multieixos\/wp-content\/uploads\/sites\/6\/2025\/03\/Fiat-Pulse_Impetus_Hybrid_2025-38-768x512.jpg 768w, https:\/\/newblogs.correiobraziliense.com.br\/multieixos\/wp-content\/uploads\/sites\/6\/2025\/03\/Fiat-Pulse_Impetus_Hybrid_2025-38-1536x1024.jpg 1536w, https:\/\/newblogs.correiobraziliense.com.br\/multieixos\/wp-content\/uploads\/sites\/6\/2025\/03\/Fiat-Pulse_Impetus_Hybrid_2025-38-2048x1366.jpg 2048w\" sizes=\"auto, (max-width: 1024px) 100vw, 1024px\" \/><\/figure>\n\n\n\n<p>N\u00e3o h\u00e1 mais diferen\u00e7as entre as duas vers\u00f5es (s\u00f3 uma cor exclusiva para o h\u00edbrido) e a condu\u00e7\u00e3o continua sendo agrad\u00e1vel em ambas. O motor casa bem com o c\u00e2mbio CVT, a dire\u00e7\u00e3o \u00e9 leve, o acabamento \u00e9 s\u00f3brio para o padr\u00e3o de pre\u00e7o Fiat e por a\u00ed vai. O painel de instrumentos, no caso do MHEV, mostra o n\u00edvel de carga e regenera\u00e7\u00e3o das baterias. E com informa\u00e7\u00f5es em tempo real.&nbsp;<\/p>\n\n\n\n<p>No Distrito Federal, o consumidor que optar pelo h\u00edbrido leva uma vantagem. Vale lembrar que a Associa\u00e7\u00e3o Brasileira do Ve\u00edculo El\u00e9trico (ABVE) n\u00e3o considera os h\u00edbridos leves como eletrificados; classifica-os como &#8220;micro h\u00edbridos&#8221;.<\/p>\n\n\n\n<p>Mas o Detran-DF n\u00e3o faz essa distin\u00e7\u00e3o e, assim, a vers\u00e3o fica isenta do pagamento da taxa do IPVA &#8211; que \u00e9 de 3,5% do valor para carros de passeios. Isso, por si, j\u00e1 garante uma economia de R$ 5 mil na compra de um 0km.&nbsp;<\/p>\n\n\n\n<p>E para ve\u00edculos seminovos e usados a isen\u00e7\u00e3o se estende at\u00e9 que a legisla\u00e7\u00e3o local se mantenha em vigor. Ent\u00e3o, \u00e9 importante refor\u00e7ar: tamb\u00e9m por isso, vale ter a vers\u00e3o h\u00edbrida.&nbsp;<\/p>\n\n\n","protected":false},"excerpt":{"rendered":"<p>Vers\u00e3o com motor extra de 12 volts \u00e9 mais cara, mas consome menos e tem isen\u00e7\u00e3o, no DF, do pagamento do IPVA<\/p>\n","protected":false},"author":20,"featured_media":170,"comment_status":"closed","ping_status":"open","sticky":true,"template":"","format":"standard","meta":{"_acf_changed":false,"inline_featured_image":false,"footnotes":""},"categories":[8],"tags":[14,10,2],"class_list":["post-169","post","type-post","status-publish","format-standard","has-post-thumbnail","hentry","category-carros","tag-lancamentos","tag-precos","tag-veiculos"],"acf":[],"yoast_head":"<!-- This site is optimized with the Yoast SEO plugin v27.3 - https:\/\/yoast.com\/product\/yoast-seo-wordpress\/ -->\n<title>Fiat Pulse T200 Hybrid: vale a pena pagar um pouquinho a mais? - Multieixos com Renato Ferraz<\/title>\n<meta name=\"description\" content=\"Vers\u00e3o com motor extra de 12 volts \u00e9 mais cara, mas consome menos e tem isen\u00e7\u00e3o, no DF, do pagamento do IPVA\" \/>\n<meta name=\"robots\" content=\"index, follow, max-snippet:-1, max-image-preview:large, max-video-preview:-1\" \/>\n<link rel=\"canonical\" href=\"https:\/\/newblogs.correiobraziliense.com.br\/multieixos\/2025\/03\/30\/fiat-pulse-t200-hybrid-vale-a-pena-pagar-um-pouquinho-a-mais\/\" \/>\n<meta property=\"og:locale\" content=\"pt_BR\" \/>\n<meta property=\"og:type\" content=\"article\" \/>\n<meta property=\"og:title\" content=\"Fiat Pulse T200 Hybrid: vale a pena pagar um pouquinho a mais? - Multieixos com Renato Ferraz\" \/>\n<meta property=\"og:description\" content=\"Vers\u00e3o com motor extra de 12 volts \u00e9 mais cara, mas consome menos e tem isen\u00e7\u00e3o, no DF, do pagamento do IPVA\" \/>\n<meta property=\"og:url\" content=\"https:\/\/newblogs.correiobraziliense.com.br\/multieixos\/2025\/03\/30\/fiat-pulse-t200-hybrid-vale-a-pena-pagar-um-pouquinho-a-mais\/\" \/>\n<meta property=\"og:site_name\" content=\"Multieixos com Renato Ferraz\" \/>\n<meta property=\"article:published_time\" content=\"2025-03-30T14:11:39+00:00\" \/>\n<meta property=\"article:modified_time\" content=\"2025-03-30T14:11:40+00:00\" \/>\n<meta property=\"og:image\" content=\"http:\/\/newblogs.correiobraziliense.com.br\/multieixos\/wp-content\/uploads\/sites\/6\/2025\/03\/02_PulseHybrid.jpg\" \/>\n\t<meta property=\"og:image:width\" content=\"1240\" \/>\n\t<meta property=\"og:image:height\" content=\"827\" \/>\n\t<meta property=\"og:image:type\" content=\"image\/jpeg\" \/>\n<meta name=\"author\" content=\"Renato Ferraz\" \/>\n<!-- \/ Yoast SEO plugin. -->","yoast_head_json":{"title":"Fiat Pulse T200 Hybrid: vale a pena pagar um pouquinho a mais? - Multieixos com Renato Ferraz","description":"Vers\u00e3o com motor extra de 12 volts \u00e9 mais cara, mas consome menos e tem isen\u00e7\u00e3o, no DF, do pagamento do IPVA","robots":{"index":"index","follow":"follow","max-snippet":"max-snippet:-1","max-image-preview":"max-image-preview:large","max-video-preview":"max-video-preview:-1"},"canonical":"https:\/\/newblogs.correiobraziliense.com.br\/multieixos\/2025\/03\/30\/fiat-pulse-t200-hybrid-vale-a-pena-pagar-um-pouquinho-a-mais\/","og_locale":"pt_BR","og_type":"article","og_title":"Fiat Pulse T200 Hybrid: vale a pena pagar um pouquinho a mais? - Multieixos com Renato Ferraz","og_description":"Vers\u00e3o com motor extra de 12 volts \u00e9 mais cara, mas consome menos e tem isen\u00e7\u00e3o, no DF, do pagamento do IPVA","og_url":"https:\/\/newblogs.correiobraziliense.com.br\/multieixos\/2025\/03\/30\/fiat-pulse-t200-hybrid-vale-a-pena-pagar-um-pouquinho-a-mais\/","og_site_name":"Multieixos com Renato Ferraz","article_published_time":"2025-03-30T14:11:39+00:00","article_modified_time":"2025-03-30T14:11:40+00:00","og_image":[{"width":1240,"height":827,"url":"http:\/\/newblogs.correiobraziliense.com.br\/multieixos\/wp-content\/uploads\/sites\/6\/2025\/03\/02_PulseHybrid.jpg","type":"image\/jpeg"}],"author":"Renato Ferraz","schema":{"@context":"https:\/\/schema.org","@graph":[{"@type":"Article","@id":"https:\/\/newblogs.correiobraziliense.com.br\/multieixos\/2025\/03\/30\/fiat-pulse-t200-hybrid-vale-a-pena-pagar-um-pouquinho-a-mais\/#article","isPartOf":{"@id":"https:\/\/newblogs.correiobraziliense.com.br\/multieixos\/2025\/03\/30\/fiat-pulse-t200-hybrid-vale-a-pena-pagar-um-pouquinho-a-mais\/"},"author":{"name":"Renato Ferraz","@id":"https:\/\/newblogs.correiobraziliense.com.br\/multieixos\/#\/schema\/person\/2fb466788a0749a4cd6fc2c4d89ddb15"},"headline":"Fiat Pulse T200 Hybrid: vale a pena pagar um pouquinho a mais?","datePublished":"2025-03-30T14:11:39+00:00","dateModified":"2025-03-30T14:11:40+00:00","mainEntityOfPage":{"@id":"https:\/\/newblogs.correiobraziliense.com.br\/multieixos\/2025\/03\/30\/fiat-pulse-t200-hybrid-vale-a-pena-pagar-um-pouquinho-a-mais\/"},"wordCount":619,"image":{"@id":"https:\/\/newblogs.correiobraziliense.com.br\/multieixos\/2025\/03\/30\/fiat-pulse-t200-hybrid-vale-a-pena-pagar-um-pouquinho-a-mais\/#primaryimage"},"thumbnailUrl":"https:\/\/newblogs.correiobraziliense.com.br\/multieixos\/wp-content\/uploads\/sites\/6\/2025\/03\/02_PulseHybrid.jpg","keywords":["Lan\u00e7amentos","pre\u00e7os","Ve\u00edculos"],"articleSection":["Carros"],"inLanguage":"pt-BR"},{"@type":"WebPage","@id":"https:\/\/newblogs.correiobraziliense.com.br\/multieixos\/2025\/03\/30\/fiat-pulse-t200-hybrid-vale-a-pena-pagar-um-pouquinho-a-mais\/","url":"https:\/\/newblogs.correiobraziliense.com.br\/multieixos\/2025\/03\/30\/fiat-pulse-t200-hybrid-vale-a-pena-pagar-um-pouquinho-a-mais\/","name":"Fiat Pulse T200 Hybrid: vale a pena pagar um pouquinho a mais? - Multieixos com Renato Ferraz","isPartOf":{"@id":"https:\/\/newblogs.correiobraziliense.com.br\/multieixos\/#website"},"primaryImageOfPage":{"@id":"https:\/\/newblogs.correiobraziliense.com.br\/multieixos\/2025\/03\/30\/fiat-pulse-t200-hybrid-vale-a-pena-pagar-um-pouquinho-a-mais\/#primaryimage"},"image":{"@id":"https:\/\/newblogs.correiobraziliense.com.br\/multieixos\/2025\/03\/30\/fiat-pulse-t200-hybrid-vale-a-pena-pagar-um-pouquinho-a-mais\/#primaryimage"},"thumbnailUrl":"https:\/\/newblogs.correiobraziliense.com.br\/multieixos\/wp-content\/uploads\/sites\/6\/2025\/03\/02_PulseHybrid.jpg","datePublished":"2025-03-30T14:11:39+00:00","dateModified":"2025-03-30T14:11:40+00:00","author":{"@id":"https:\/\/newblogs.correiobraziliense.com.br\/multieixos\/#\/schema\/person\/2fb466788a0749a4cd6fc2c4d89ddb15"},"description":"Vers\u00e3o com motor extra de 12 volts \u00e9 mais cara, mas consome menos e tem isen\u00e7\u00e3o, no DF, do pagamento do IPVA","breadcrumb":{"@id":"https:\/\/newblogs.correiobraziliense.com.br\/multieixos\/2025\/03\/30\/fiat-pulse-t200-hybrid-vale-a-pena-pagar-um-pouquinho-a-mais\/#breadcrumb"},"inLanguage":"pt-BR","potentialAction":[{"@type":"ReadAction","target":["https:\/\/newblogs.correiobraziliense.com.br\/multieixos\/2025\/03\/30\/fiat-pulse-t200-hybrid-vale-a-pena-pagar-um-pouquinho-a-mais\/"]}]},{"@type":"ImageObject","inLanguage":"pt-BR","@id":"https:\/\/newblogs.correiobraziliense.com.br\/multieixos\/2025\/03\/30\/fiat-pulse-t200-hybrid-vale-a-pena-pagar-um-pouquinho-a-mais\/#primaryimage","url":"https:\/\/newblogs.correiobraziliense.com.br\/multieixos\/wp-content\/uploads\/sites\/6\/2025\/03\/02_PulseHybrid.jpg","contentUrl":"https:\/\/newblogs.correiobraziliense.com.br\/multieixos\/wp-content\/uploads\/sites\/6\/2025\/03\/02_PulseHybrid.jpg","width":1240,"height":827},{"@type":"BreadcrumbList","@id":"https:\/\/newblogs.correiobraziliense.com.br\/multieixos\/2025\/03\/30\/fiat-pulse-t200-hybrid-vale-a-pena-pagar-um-pouquinho-a-mais\/#breadcrumb","itemListElement":[{"@type":"ListItem","position":1,"name":"In\u00edcio","item":"https:\/\/newblogs.correiobraziliense.com.br\/multieixos\/"},{"@type":"ListItem","position":2,"name":"Fiat Pulse T200 Hybrid: vale a pena pagar um pouquinho a mais?"}]},{"@type":"WebSite","@id":"https:\/\/newblogs.correiobraziliense.com.br\/multieixos\/#website","url":"https:\/\/newblogs.correiobraziliense.com.br\/multieixos\/","name":"Multieixos com Renato Ferraz","description":"Aqui, voc\u00ea encontra informa\u00e7\u00f5es atualizadas sobre o mercado automotivo, tend\u00eancias de mobilidade urbana, novas solu\u00e7\u00f5es em sustentabilidade no setor de transportes e as principais mudan\u00e7as na legisla\u00e7\u00e3o de tr\u00e2nsito.","alternateName":"Blog | Multieixos com Renato Ferra","potentialAction":[{"@type":"SearchAction","target":{"@type":"EntryPoint","urlTemplate":"https:\/\/newblogs.correiobraziliense.com.br\/multieixos\/?s={search_term_string}"},"query-input":{"@type":"PropertyValueSpecification","valueRequired":true,"valueName":"search_term_string"}}],"inLanguage":"pt-BR"},{"@type":"Person","@id":"https:\/\/newblogs.correiobraziliense.com.br\/multieixos\/#\/schema\/person\/2fb466788a0749a4cd6fc2c4d89ddb15","name":"Renato Ferraz","image":{"@type":"ImageObject","inLanguage":"pt-BR","@id":"https:\/\/secure.gravatar.com\/avatar\/05490fac3b629881956c1c2d33a9f5fcb406d4619aeb73f2548eb9374d66c612?s=96&d=mm&r=g","url":"https:\/\/secure.gravatar.com\/avatar\/05490fac3b629881956c1c2d33a9f5fcb406d4619aeb73f2548eb9374d66c612?s=96&d=mm&r=g","contentUrl":"https:\/\/secure.gravatar.com\/avatar\/05490fac3b629881956c1c2d33a9f5fcb406d4619aeb73f2548eb9374d66c612?s=96&d=mm&r=g","caption":"Renato Ferraz"},"description":"\u00c9 jornalista profissional h\u00e1 35 anos e escreve sobre carros, tr\u00e2nsito e mobilidade desde 2004, participando de centenas lan\u00e7amentos de produtos e v\u00e1rios sal\u00f5es automobil\u00edsticos globais.","url":"https:\/\/newblogs.correiobraziliense.com.br\/multieixos\/author\/renatoferraz\/"}]}},"_links":{"self":[{"href":"https:\/\/newblogs.correiobraziliense.com.br\/multieixos\/wp-json\/wp\/v2\/posts\/169","targetHints":{"allow":["GET"]}}],"collection":[{"href":"https:\/\/newblogs.correiobraziliense.com.br\/multieixos\/wp-json\/wp\/v2\/posts"}],"about":[{"href":"https:\/\/newblogs.correiobraziliense.com.br\/multieixos\/wp-json\/wp\/v2\/types\/post"}],"author":[{"embeddable":true,"href":"https:\/\/newblogs.correiobraziliense.com.br\/multieixos\/wp-json\/wp\/v2\/users\/20"}],"replies":[{"embeddable":true,"href":"https:\/\/newblogs.correiobraziliense.com.br\/multieixos\/wp-json\/wp\/v2\/comments?post=169"}],"version-history":[{"count":1,"href":"https:\/\/newblogs.correiobraziliense.com.br\/multieixos\/wp-json\/wp\/v2\/posts\/169\/revisions"}],"predecessor-version":[{"id":174,"href":"https:\/\/newblogs.correiobraziliense.com.br\/multieixos\/wp-json\/wp\/v2\/posts\/169\/revisions\/174"}],"wp:featuredmedia":[{"embeddable":true,"href":"https:\/\/newblogs.correiobraziliense.com.br\/multieixos\/wp-json\/wp\/v2\/media\/170"}],"wp:attachment":[{"href":"https:\/\/newblogs.correiobraziliense.com.br\/multieixos\/wp-json\/wp\/v2\/media?parent=169"}],"wp:term":[{"taxonomy":"category","embeddable":true,"href":"https:\/\/newblogs.correiobraziliense.com.br\/multieixos\/wp-json\/wp\/v2\/categories?post=169"},{"taxonomy":"post_tag","embeddable":true,"href":"https:\/\/newblogs.correiobraziliense.com.br\/multieixos\/wp-json\/wp\/v2\/tags?post=169"}],"curies":[{"name":"wp","href":"https:\/\/api.w.org\/{rel}","templated":true}]}}