{"id":1487,"date":"2026-04-30T15:49:26","date_gmt":"2026-04-30T18:49:26","guid":{"rendered":"https:\/\/newblogs.correiobraziliense.com.br\/multieixos\/?p=1487"},"modified":"2026-04-30T17:33:15","modified_gmt":"2026-04-30T20:33:15","slug":"nova-pop-110i-linha-2027-veja-o-que-mudou","status":"publish","type":"post","link":"https:\/\/newblogs.correiobraziliense.com.br\/multieixos\/2026\/04\/30\/nova-pop-110i-linha-2027-veja-o-que-mudou\/","title":{"rendered":"Nova Pop 110i, linha 2027: veja o que mudou"},"content":{"rendered":"\n<p>A Honda Pop j\u00e1 \u00e9 vendida no Brasil h\u00e1 quase 20 anos. Neste per\u00edodo, chegou a 2,2 milh\u00f5es de unidades produzidas. Apenas a CG, do final de 1976, e a Biz, de 1998, podem ostentar n\u00fameros maiores. Ent\u00e3o, para manter esse sucesso intacto e atender a uma demanda crescente, o modelo chega \u00e0 sua sexta gera\u00e7\u00e3o (j\u00e1 como linha 2027) com algumas melhorias. Mas, antes de elencar os itens de evolu\u00e7\u00e3o da Pop110i ES 2027, \u00e9 adequado relembrar a relevante linhagem que a coloca como direta descendente da mais importante Honda da hist\u00f3ria, a Super Cub. Lan\u00e7ada em 1958, a Super Cub \u00e9 o ve\u00edculo motorizado mais produzido do planeta. A Pop reproduz o conceito de simplicidade construtiva, manuten\u00e7\u00e3o m\u00ednima, confiabilidade e enorme economia da best-seller Honda de todos os tempos.<\/p>\n\n\n\n<figure class=\"wp-block-image size-large\"><img loading=\"lazy\" decoding=\"async\" width=\"1024\" height=\"683\" src=\"https:\/\/newblogs.correiobraziliense.com.br\/multieixos\/wp-content\/uploads\/sites\/6\/2026\/04\/Honda-Pop110i-ES-2027_-MOV_7-1024x683.jpg\" alt=\"\" class=\"wp-image-1491\" srcset=\"https:\/\/newblogs.correiobraziliense.com.br\/multieixos\/wp-content\/uploads\/sites\/6\/2026\/04\/Honda-Pop110i-ES-2027_-MOV_7-1024x683.jpg 1024w, https:\/\/newblogs.correiobraziliense.com.br\/multieixos\/wp-content\/uploads\/sites\/6\/2026\/04\/Honda-Pop110i-ES-2027_-MOV_7-300x200.jpg 300w, https:\/\/newblogs.correiobraziliense.com.br\/multieixos\/wp-content\/uploads\/sites\/6\/2026\/04\/Honda-Pop110i-ES-2027_-MOV_7-768x512.jpg 768w, https:\/\/newblogs.correiobraziliense.com.br\/multieixos\/wp-content\/uploads\/sites\/6\/2026\/04\/Honda-Pop110i-ES-2027_-MOV_7.jpg 1200w\" sizes=\"auto, (max-width: 1024px) 100vw, 1024px\" \/><\/figure>\n\n\n\n<p>A Pop, lan\u00e7ada h\u00e1 dois anos atr\u00e1s, estabeleceu a base para o subsequente aperfei\u00e7oamento apresentado. A receptividade dos usu\u00e1rios ao sistema de transmiss\u00e3o semiautom\u00e1tico de quatro marchas e tamb\u00e9m \u00e0 partida el\u00e9trica, assim como ao incremento da pot\u00eancia e torque m\u00e1ximos aplicados \u00e0 Pop110i ES 2025, resultou em uma melhora importante na facilidade de pilotagem. Este \u00e9 o aspecto que foi evolu\u00eddo nesta vers\u00e3o 2027, que traz elementos que tornar\u00e3o o uso do modelo ainda mais f\u00e1cil, pr\u00e1tico e simples, tendo em vista que grande parcela dos clientes \u2013 mais de 75% de acordo com pesquisas realizadas junto aos concession\u00e1rios Honda \u2013 estreiam no mundo das duas rodas motorizadas exatamente com uma Pop, e mais de 20% deles, de acordo com a mesma pesquisa, tinha na bicicleta o seu meio de transporte preferencial.<\/p>\n\n\n\n<figure class=\"wp-block-image size-large\"><img loading=\"lazy\" decoding=\"async\" width=\"1024\" height=\"683\" src=\"https:\/\/newblogs.correiobraziliense.com.br\/multieixos\/wp-content\/uploads\/sites\/6\/2026\/04\/Honda-Pop110i-ES-2027_-MOV_15-45-1-1024x683.jpg\" alt=\"\" class=\"wp-image-1492\" srcset=\"https:\/\/newblogs.correiobraziliense.com.br\/multieixos\/wp-content\/uploads\/sites\/6\/2026\/04\/Honda-Pop110i-ES-2027_-MOV_15-45-1-1024x683.jpg 1024w, https:\/\/newblogs.correiobraziliense.com.br\/multieixos\/wp-content\/uploads\/sites\/6\/2026\/04\/Honda-Pop110i-ES-2027_-MOV_15-45-1-300x200.jpg 300w, https:\/\/newblogs.correiobraziliense.com.br\/multieixos\/wp-content\/uploads\/sites\/6\/2026\/04\/Honda-Pop110i-ES-2027_-MOV_15-45-1-768x512.jpg 768w, https:\/\/newblogs.correiobraziliense.com.br\/multieixos\/wp-content\/uploads\/sites\/6\/2026\/04\/Honda-Pop110i-ES-2027_-MOV_15-45-1.jpg 1200w\" sizes=\"auto, (max-width: 1024px) 100vw, 1024px\" \/><\/figure>\n\n\n\n<p>A elimina\u00e7\u00e3o do pedal de freio \u00e9 uma das principais caracter\u00edsticas da Pop110i ES 2027. O comando foi substitu\u00eddo pela alavanca operada pela m\u00e3o esquerda. Deste modo, a atua\u00e7\u00e3o no sistema de freios agora ficou mais intuitiva para a maioria dos novos usu\u00e1rios da Pop &#8211; que agora se valem da mesma l\u00f3gica de frenagem aplicada \u00e0s bicicletas, na qual se usam apenas as m\u00e3os, por\u00e9m seguindo o esquema de scooters como a Honda Elite: alavanca direita que comanda exclusivamente o freio dianteiro e a esquerda que atua no freio dianteiro e traseiro dentro do conhecido sistema CBS \u2013 Combined Brake System.<\/p>\n\n\n\n<p>Outra importante inova\u00e7\u00e3o da Pop 110i ES 2027 \u00e9 a ado\u00e7\u00e3o de rodas de liga-leve equipadas com pneus sem c\u00e2mara, o que contribui para uma maior seguran\u00e7a e facilidade de repara\u00e7\u00e3o em caso de perda de press\u00e3o ocasionada por furo. As novas rodas trazem uma majora\u00e7\u00e3o no di\u00e2metro dos tambores de freio, que dos anteriores \u00d8110mm agora passam a ter \u00d8130 mm, o que efetivamente contribui para maior efic\u00e1cia do sistema e consequente diminui\u00e7\u00e3o de espa\u00e7o de frenagem.<\/p>\n\n\n\n<figure class=\"wp-block-image size-large\"><img loading=\"lazy\" decoding=\"async\" width=\"1024\" height=\"683\" src=\"https:\/\/newblogs.correiobraziliense.com.br\/multieixos\/wp-content\/uploads\/sites\/6\/2026\/04\/Honda-Pop110i-ES-2027_-MOV_21-1-1024x683.jpg\" alt=\"\" class=\"wp-image-1493\" srcset=\"https:\/\/newblogs.correiobraziliense.com.br\/multieixos\/wp-content\/uploads\/sites\/6\/2026\/04\/Honda-Pop110i-ES-2027_-MOV_21-1-1024x683.jpg 1024w, https:\/\/newblogs.correiobraziliense.com.br\/multieixos\/wp-content\/uploads\/sites\/6\/2026\/04\/Honda-Pop110i-ES-2027_-MOV_21-1-300x200.jpg 300w, https:\/\/newblogs.correiobraziliense.com.br\/multieixos\/wp-content\/uploads\/sites\/6\/2026\/04\/Honda-Pop110i-ES-2027_-MOV_21-1-768x512.jpg 768w, https:\/\/newblogs.correiobraziliense.com.br\/multieixos\/wp-content\/uploads\/sites\/6\/2026\/04\/Honda-Pop110i-ES-2027_-MOV_21-1.jpg 1200w\" sizes=\"auto, (max-width: 1024px) 100vw, 1024px\" \/><\/figure>\n\n\n\n<p>E quanto \u00e0 evolu\u00e7\u00e3o est\u00e9tica? Permanece a caracter\u00edstica, mas o novo design permite uma instant\u00e2nea identifica\u00e7\u00e3o desta 6\u00aa gera\u00e7\u00e3o, refor\u00e7ando a imagem de robustez sem altera\u00e7\u00e3o da apar\u00eancia \u00e1gil e leve, elementos de atratividade importantes para motociclistas estreantes e\/ou inexperientes. A praticidade permanece como ponto forte da vers\u00e3o 2027. O conjunto de carenagens \u00e9 totalmente novo, mas a atualiza\u00e7\u00e3o n\u00e3o alterou a apar\u00eancia essencial do modelo, que valoriza superf\u00edcies m\u00ednimas e pouco sujeitas a quebra em caso de pequenas quedas, como podem atestar o posicionamento dos pisca-piscas, aderentes \u00e0 carenagem, protegidos de eventuais danos.<\/p>\n\n\n\n<figure class=\"wp-block-image size-large\"><img loading=\"lazy\" decoding=\"async\" width=\"1024\" height=\"683\" src=\"https:\/\/newblogs.correiobraziliense.com.br\/multieixos\/wp-content\/uploads\/sites\/6\/2026\/04\/Honda-Pop110i-ES-2027_BRANCA_DET_01-1024x683.jpg\" alt=\"\" class=\"wp-image-1494\" srcset=\"https:\/\/newblogs.correiobraziliense.com.br\/multieixos\/wp-content\/uploads\/sites\/6\/2026\/04\/Honda-Pop110i-ES-2027_BRANCA_DET_01-1024x683.jpg 1024w, https:\/\/newblogs.correiobraziliense.com.br\/multieixos\/wp-content\/uploads\/sites\/6\/2026\/04\/Honda-Pop110i-ES-2027_BRANCA_DET_01-300x200.jpg 300w, https:\/\/newblogs.correiobraziliense.com.br\/multieixos\/wp-content\/uploads\/sites\/6\/2026\/04\/Honda-Pop110i-ES-2027_BRANCA_DET_01-768x512.jpg 768w, https:\/\/newblogs.correiobraziliense.com.br\/multieixos\/wp-content\/uploads\/sites\/6\/2026\/04\/Honda-Pop110i-ES-2027_BRANCA_DET_01.jpg 1200w\" sizes=\"auto, (max-width: 1024px) 100vw, 1024px\" \/><\/figure>\n\n\n\n<p>A chegada da partida el\u00e9trica na gera\u00e7\u00e3o anterior foi um fator de praticidade, que ganhou relev\u00e2ncia ao considerarmos que o modelo \u00e9, para muitos, o primeiro ve\u00edculo a motor. Poder contar com um simples bot\u00e3o para acionar o motor no lugar do pedal de partida, que naturalmente exige n\u00e3o apenas for\u00e7a f\u00edsica como pr\u00e1tica para ser efetivo, aproximou a Pop de usu\u00e1rios inexperientes e do p\u00fablico feminino.<\/p>\n\n\n\n<p>Tamb\u00e9m o sistema de c\u00e2mbio semi autom\u00e1tico rotativo foi fator de democratiza\u00e7\u00e3o do modelo, descomplicando a pilotagem por dispensar a opera\u00e7\u00e3o manual da embreagem. Outro item facilitador \u00e9 a conforma\u00e7\u00e3o da alavanca de c\u00e2mbio, que permite o uso da ponta do p\u00e9 e do calcanhar, facilitando a opera\u00e7\u00e3o por cal\u00e7ados com salto.<\/p>\n\n\n\n<figure class=\"wp-block-image size-large\"><img loading=\"lazy\" decoding=\"async\" width=\"1024\" height=\"683\" src=\"https:\/\/newblogs.correiobraziliense.com.br\/multieixos\/wp-content\/uploads\/sites\/6\/2026\/04\/Honda-Pop110i-ES-2027_-MOV_29-1024x683.jpg\" alt=\"\" class=\"wp-image-1495\" srcset=\"https:\/\/newblogs.correiobraziliense.com.br\/multieixos\/wp-content\/uploads\/sites\/6\/2026\/04\/Honda-Pop110i-ES-2027_-MOV_29-1024x683.jpg 1024w, https:\/\/newblogs.correiobraziliense.com.br\/multieixos\/wp-content\/uploads\/sites\/6\/2026\/04\/Honda-Pop110i-ES-2027_-MOV_29-300x200.jpg 300w, https:\/\/newblogs.correiobraziliense.com.br\/multieixos\/wp-content\/uploads\/sites\/6\/2026\/04\/Honda-Pop110i-ES-2027_-MOV_29-768x512.jpg 768w, https:\/\/newblogs.correiobraziliense.com.br\/multieixos\/wp-content\/uploads\/sites\/6\/2026\/04\/Honda-Pop110i-ES-2027_-MOV_29.jpg 1200w\" sizes=\"auto, (max-width: 1024px) 100vw, 1024px\" \/><\/figure>\n\n\n\n<p>O modelo permite a possibilidade de, como acess\u00f3rio, incluir uma porta USB-C de 3A\/15W, cuja pot\u00eancia \u00e9 adequada para a recarga de smartphones mesmo durante a utiliza\u00e7\u00e3o de aplicativos, e n\u00e3o apenas a simples manuten\u00e7\u00e3o da energia. Outro item importante para os profissionais do guid\u00e3o s\u00e3o as rodas de liga-leve dotadas de pneus sem c\u00e2mara &#8211; tecnologia que retarda a perda de press\u00e3o em caso de furo assim como permite uma repara\u00e7\u00e3o que, na maioria dos casos, dispensa a retirada do pneu do aro, reduzindo o tempo do conserto em compara\u00e7\u00e3o com pneus dotados de c\u00e2mara de ar.<\/p>\n\n\n\n<p>O motor da Pop110i ES 2027 permanece inalterado. Trata-se de um monocil\u00edndrico arrefecido a ar, com di\u00e2metro e curso do pist\u00e3o de 47,000 x 63,121 mm e duas v\u00e1lvulas no cabe\u00e7ote (OHC). Tecnicamente, tais medidas determinam um motor \u201csubquadrado\u201d, jarg\u00e3o que evidencia a inten\u00e7\u00e3o dos projetistas de privilegiar o torque, melhor aproveitamento do combust\u00edvel e proporcionar um funcionamento mais suave, caracter\u00edsticas adequadas a um ve\u00edculo de uso urbano, cujo uso principal se d\u00e1 em pequenos trajetos realizados em baixa velocidade.<\/p>\n\n\n<div class=\"slider-wrapper\"><div class=\"slider\">\n<figure class=\"wp-block-gallery has-nested-images columns-default is-cropped wp-block-gallery-1 is-layout-flex wp-block-gallery-is-layout-flex\">\n<figure class=\"wp-block-image size-large\"><img loading=\"lazy\" decoding=\"async\" width=\"1024\" height=\"683\" data-id=\"1496\" src=\"https:\/\/newblogs.correiobraziliense.com.br\/multieixos\/wp-content\/uploads\/sites\/6\/2026\/04\/Honda-Pop110i-ES-2027_BRANCA_DET_02-1024x683.jpg\" alt=\"\" class=\"wp-image-1496\" srcset=\"https:\/\/newblogs.correiobraziliense.com.br\/multieixos\/wp-content\/uploads\/sites\/6\/2026\/04\/Honda-Pop110i-ES-2027_BRANCA_DET_02-1024x683.jpg 1024w, https:\/\/newblogs.correiobraziliense.com.br\/multieixos\/wp-content\/uploads\/sites\/6\/2026\/04\/Honda-Pop110i-ES-2027_BRANCA_DET_02-300x200.jpg 300w, https:\/\/newblogs.correiobraziliense.com.br\/multieixos\/wp-content\/uploads\/sites\/6\/2026\/04\/Honda-Pop110i-ES-2027_BRANCA_DET_02-768x512.jpg 768w, https:\/\/newblogs.correiobraziliense.com.br\/multieixos\/wp-content\/uploads\/sites\/6\/2026\/04\/Honda-Pop110i-ES-2027_BRANCA_DET_02.jpg 1200w\" sizes=\"auto, (max-width: 1024px) 100vw, 1024px\" \/><\/figure>\n\n\n\n<figure class=\"wp-block-image size-large\"><img loading=\"lazy\" decoding=\"async\" width=\"1024\" height=\"683\" data-id=\"1497\" src=\"https:\/\/newblogs.correiobraziliense.com.br\/multieixos\/wp-content\/uploads\/sites\/6\/2026\/04\/Honda-Pop110i-ES-2027_-MOV_43-1024x683.jpg\" alt=\"\" class=\"wp-image-1497\" srcset=\"https:\/\/newblogs.correiobraziliense.com.br\/multieixos\/wp-content\/uploads\/sites\/6\/2026\/04\/Honda-Pop110i-ES-2027_-MOV_43-1024x683.jpg 1024w, https:\/\/newblogs.correiobraziliense.com.br\/multieixos\/wp-content\/uploads\/sites\/6\/2026\/04\/Honda-Pop110i-ES-2027_-MOV_43-300x200.jpg 300w, https:\/\/newblogs.correiobraziliense.com.br\/multieixos\/wp-content\/uploads\/sites\/6\/2026\/04\/Honda-Pop110i-ES-2027_-MOV_43-768x512.jpg 768w, https:\/\/newblogs.correiobraziliense.com.br\/multieixos\/wp-content\/uploads\/sites\/6\/2026\/04\/Honda-Pop110i-ES-2027_-MOV_43.jpg 1200w\" sizes=\"auto, (max-width: 1024px) 100vw, 1024px\" \/><\/figure>\n\n\n\n<figure class=\"wp-block-image size-large\"><img loading=\"lazy\" decoding=\"async\" width=\"1024\" height=\"683\" data-id=\"1498\" src=\"https:\/\/newblogs.correiobraziliense.com.br\/multieixos\/wp-content\/uploads\/sites\/6\/2026\/04\/Honda-Pop110i-ES-2027_-MOV_44-1024x683.jpg\" alt=\"\" class=\"wp-image-1498\" srcset=\"https:\/\/newblogs.correiobraziliense.com.br\/multieixos\/wp-content\/uploads\/sites\/6\/2026\/04\/Honda-Pop110i-ES-2027_-MOV_44-1024x683.jpg 1024w, https:\/\/newblogs.correiobraziliense.com.br\/multieixos\/wp-content\/uploads\/sites\/6\/2026\/04\/Honda-Pop110i-ES-2027_-MOV_44-300x200.jpg 300w, https:\/\/newblogs.correiobraziliense.com.br\/multieixos\/wp-content\/uploads\/sites\/6\/2026\/04\/Honda-Pop110i-ES-2027_-MOV_44-768x512.jpg 768w, https:\/\/newblogs.correiobraziliense.com.br\/multieixos\/wp-content\/uploads\/sites\/6\/2026\/04\/Honda-Pop110i-ES-2027_-MOV_44.jpg 1200w\" sizes=\"auto, (max-width: 1024px) 100vw, 1024px\" \/><\/figure>\n\n\n\n<figure class=\"wp-block-image size-large\"><img loading=\"lazy\" decoding=\"async\" width=\"1024\" height=\"683\" data-id=\"1500\" src=\"https:\/\/newblogs.correiobraziliense.com.br\/multieixos\/wp-content\/uploads\/sites\/6\/2026\/04\/Honda-Pop110i-ES-2027_BRANCA_DET_06-1024x683.jpg\" alt=\"\" class=\"wp-image-1500\" srcset=\"https:\/\/newblogs.correiobraziliense.com.br\/multieixos\/wp-content\/uploads\/sites\/6\/2026\/04\/Honda-Pop110i-ES-2027_BRANCA_DET_06-1024x683.jpg 1024w, https:\/\/newblogs.correiobraziliense.com.br\/multieixos\/wp-content\/uploads\/sites\/6\/2026\/04\/Honda-Pop110i-ES-2027_BRANCA_DET_06-300x200.jpg 300w, https:\/\/newblogs.correiobraziliense.com.br\/multieixos\/wp-content\/uploads\/sites\/6\/2026\/04\/Honda-Pop110i-ES-2027_BRANCA_DET_06-768x512.jpg 768w, https:\/\/newblogs.correiobraziliense.com.br\/multieixos\/wp-content\/uploads\/sites\/6\/2026\/04\/Honda-Pop110i-ES-2027_BRANCA_DET_06.jpg 1200w\" sizes=\"auto, (max-width: 1024px) 100vw, 1024px\" \/><\/figure>\n\n\n\n<figure class=\"wp-block-image size-large\"><img loading=\"lazy\" decoding=\"async\" width=\"1024\" height=\"683\" data-id=\"1499\" src=\"https:\/\/newblogs.correiobraziliense.com.br\/multieixos\/wp-content\/uploads\/sites\/6\/2026\/04\/Honda-Pop110i-ES-2027_BRANCA_DET_01-1-1024x683.jpg\" alt=\"\" class=\"wp-image-1499\" srcset=\"https:\/\/newblogs.correiobraziliense.com.br\/multieixos\/wp-content\/uploads\/sites\/6\/2026\/04\/Honda-Pop110i-ES-2027_BRANCA_DET_01-1-1024x683.jpg 1024w, https:\/\/newblogs.correiobraziliense.com.br\/multieixos\/wp-content\/uploads\/sites\/6\/2026\/04\/Honda-Pop110i-ES-2027_BRANCA_DET_01-1-300x200.jpg 300w, https:\/\/newblogs.correiobraziliense.com.br\/multieixos\/wp-content\/uploads\/sites\/6\/2026\/04\/Honda-Pop110i-ES-2027_BRANCA_DET_01-1-768x512.jpg 768w, https:\/\/newblogs.correiobraziliense.com.br\/multieixos\/wp-content\/uploads\/sites\/6\/2026\/04\/Honda-Pop110i-ES-2027_BRANCA_DET_01-1.jpg 1200w\" sizes=\"auto, (max-width: 1024px) 100vw, 1024px\" \/><\/figure>\n\n\n\n<figure class=\"wp-block-image size-large\"><img loading=\"lazy\" decoding=\"async\" width=\"1024\" height=\"683\" data-id=\"1501\" src=\"https:\/\/newblogs.correiobraziliense.com.br\/multieixos\/wp-content\/uploads\/sites\/6\/2026\/04\/Honda-Pop110i-ES-2027_-MOV_56-1024x683.jpg\" alt=\"\" class=\"wp-image-1501\" srcset=\"https:\/\/newblogs.correiobraziliense.com.br\/multieixos\/wp-content\/uploads\/sites\/6\/2026\/04\/Honda-Pop110i-ES-2027_-MOV_56-1024x683.jpg 1024w, https:\/\/newblogs.correiobraziliense.com.br\/multieixos\/wp-content\/uploads\/sites\/6\/2026\/04\/Honda-Pop110i-ES-2027_-MOV_56-300x200.jpg 300w, https:\/\/newblogs.correiobraziliense.com.br\/multieixos\/wp-content\/uploads\/sites\/6\/2026\/04\/Honda-Pop110i-ES-2027_-MOV_56-768x512.jpg 768w, https:\/\/newblogs.correiobraziliense.com.br\/multieixos\/wp-content\/uploads\/sites\/6\/2026\/04\/Honda-Pop110i-ES-2027_-MOV_56.jpg 1200w\" sizes=\"auto, (max-width: 1024px) 100vw, 1024px\" \/><\/figure>\n\n\n\n<figure class=\"wp-block-image size-large\"><img loading=\"lazy\" decoding=\"async\" width=\"1024\" height=\"683\" data-id=\"1502\" src=\"https:\/\/newblogs.correiobraziliense.com.br\/multieixos\/wp-content\/uploads\/sites\/6\/2026\/04\/Honda-Pop110i-ES-2027_-MOV_48-1024x683.jpg\" alt=\"\" class=\"wp-image-1502\" srcset=\"https:\/\/newblogs.correiobraziliense.com.br\/multieixos\/wp-content\/uploads\/sites\/6\/2026\/04\/Honda-Pop110i-ES-2027_-MOV_48-1024x683.jpg 1024w, https:\/\/newblogs.correiobraziliense.com.br\/multieixos\/wp-content\/uploads\/sites\/6\/2026\/04\/Honda-Pop110i-ES-2027_-MOV_48-300x200.jpg 300w, https:\/\/newblogs.correiobraziliense.com.br\/multieixos\/wp-content\/uploads\/sites\/6\/2026\/04\/Honda-Pop110i-ES-2027_-MOV_48-768x512.jpg 768w, https:\/\/newblogs.correiobraziliense.com.br\/multieixos\/wp-content\/uploads\/sites\/6\/2026\/04\/Honda-Pop110i-ES-2027_-MOV_48.jpg 1200w\" sizes=\"auto, (max-width: 1024px) 100vw, 1024px\" \/><\/figure>\n\n\n\n<figure class=\"wp-block-image size-large\"><img loading=\"lazy\" decoding=\"async\" width=\"1024\" height=\"683\" data-id=\"1503\" src=\"https:\/\/newblogs.correiobraziliense.com.br\/multieixos\/wp-content\/uploads\/sites\/6\/2026\/04\/Honda-Pop110i-ES-2027_-MOV_106-1024x683.jpg\" alt=\"\" class=\"wp-image-1503\" srcset=\"https:\/\/newblogs.correiobraziliense.com.br\/multieixos\/wp-content\/uploads\/sites\/6\/2026\/04\/Honda-Pop110i-ES-2027_-MOV_106-1024x683.jpg 1024w, https:\/\/newblogs.correiobraziliense.com.br\/multieixos\/wp-content\/uploads\/sites\/6\/2026\/04\/Honda-Pop110i-ES-2027_-MOV_106-300x200.jpg 300w, https:\/\/newblogs.correiobraziliense.com.br\/multieixos\/wp-content\/uploads\/sites\/6\/2026\/04\/Honda-Pop110i-ES-2027_-MOV_106-768x512.jpg 768w, https:\/\/newblogs.correiobraziliense.com.br\/multieixos\/wp-content\/uploads\/sites\/6\/2026\/04\/Honda-Pop110i-ES-2027_-MOV_106.jpg 1200w\" sizes=\"auto, (max-width: 1024px) 100vw, 1024px\" \/><\/figure>\n\n\n\n<figure class=\"wp-block-image size-large\"><img loading=\"lazy\" decoding=\"async\" width=\"1024\" height=\"683\" data-id=\"1504\" src=\"https:\/\/newblogs.correiobraziliense.com.br\/multieixos\/wp-content\/uploads\/sites\/6\/2026\/04\/Honda-Pop110i-ES-2027_BRANCA_DET_17-1024x683.jpg\" alt=\"\" class=\"wp-image-1504\" srcset=\"https:\/\/newblogs.correiobraziliense.com.br\/multieixos\/wp-content\/uploads\/sites\/6\/2026\/04\/Honda-Pop110i-ES-2027_BRANCA_DET_17-1024x683.jpg 1024w, https:\/\/newblogs.correiobraziliense.com.br\/multieixos\/wp-content\/uploads\/sites\/6\/2026\/04\/Honda-Pop110i-ES-2027_BRANCA_DET_17-300x200.jpg 300w, https:\/\/newblogs.correiobraziliense.com.br\/multieixos\/wp-content\/uploads\/sites\/6\/2026\/04\/Honda-Pop110i-ES-2027_BRANCA_DET_17-768x512.jpg 768w, https:\/\/newblogs.correiobraziliense.com.br\/multieixos\/wp-content\/uploads\/sites\/6\/2026\/04\/Honda-Pop110i-ES-2027_BRANCA_DET_17.jpg 1200w\" sizes=\"auto, (max-width: 1024px) 100vw, 1024px\" \/><\/figure>\n\n\n\n<figure class=\"wp-block-image size-large\"><img loading=\"lazy\" decoding=\"async\" width=\"1024\" height=\"683\" data-id=\"1505\" src=\"https:\/\/newblogs.correiobraziliense.com.br\/multieixos\/wp-content\/uploads\/sites\/6\/2026\/04\/Honda-Pop110i-ES-2027_-MOV_36-1024x683.jpg\" alt=\"\" class=\"wp-image-1505\" srcset=\"https:\/\/newblogs.correiobraziliense.com.br\/multieixos\/wp-content\/uploads\/sites\/6\/2026\/04\/Honda-Pop110i-ES-2027_-MOV_36-1024x683.jpg 1024w, https:\/\/newblogs.correiobraziliense.com.br\/multieixos\/wp-content\/uploads\/sites\/6\/2026\/04\/Honda-Pop110i-ES-2027_-MOV_36-300x200.jpg 300w, https:\/\/newblogs.correiobraziliense.com.br\/multieixos\/wp-content\/uploads\/sites\/6\/2026\/04\/Honda-Pop110i-ES-2027_-MOV_36-768x512.jpg 768w, https:\/\/newblogs.correiobraziliense.com.br\/multieixos\/wp-content\/uploads\/sites\/6\/2026\/04\/Honda-Pop110i-ES-2027_-MOV_36.jpg 1200w\" sizes=\"auto, (max-width: 1024px) 100vw, 1024px\" \/><\/figure>\n\n\n\n<figure class=\"wp-block-image size-large\"><img loading=\"lazy\" decoding=\"async\" width=\"1024\" height=\"683\" data-id=\"1506\" src=\"https:\/\/newblogs.correiobraziliense.com.br\/multieixos\/wp-content\/uploads\/sites\/6\/2026\/04\/Honda-Pop110i-ES-2027_BRANCA_DET_14-1024x683.jpg\" alt=\"\" class=\"wp-image-1506\" srcset=\"https:\/\/newblogs.correiobraziliense.com.br\/multieixos\/wp-content\/uploads\/sites\/6\/2026\/04\/Honda-Pop110i-ES-2027_BRANCA_DET_14-1024x683.jpg 1024w, https:\/\/newblogs.correiobraziliense.com.br\/multieixos\/wp-content\/uploads\/sites\/6\/2026\/04\/Honda-Pop110i-ES-2027_BRANCA_DET_14-300x200.jpg 300w, https:\/\/newblogs.correiobraziliense.com.br\/multieixos\/wp-content\/uploads\/sites\/6\/2026\/04\/Honda-Pop110i-ES-2027_BRANCA_DET_14-768x512.jpg 768w, https:\/\/newblogs.correiobraziliense.com.br\/multieixos\/wp-content\/uploads\/sites\/6\/2026\/04\/Honda-Pop110i-ES-2027_BRANCA_DET_14.jpg 1200w\" sizes=\"auto, (max-width: 1024px) 100vw, 1024px\" \/><\/figure>\n\n\n\n<figure class=\"wp-block-image size-large\"><img loading=\"lazy\" decoding=\"async\" width=\"1024\" height=\"683\" data-id=\"1507\" src=\"https:\/\/newblogs.correiobraziliense.com.br\/multieixos\/wp-content\/uploads\/sites\/6\/2026\/04\/Honda-Pop110i-ES-2027_BRANCA_DET_03-1024x683.jpg\" alt=\"\" class=\"wp-image-1507\" srcset=\"https:\/\/newblogs.correiobraziliense.com.br\/multieixos\/wp-content\/uploads\/sites\/6\/2026\/04\/Honda-Pop110i-ES-2027_BRANCA_DET_03-1024x683.jpg 1024w, https:\/\/newblogs.correiobraziliense.com.br\/multieixos\/wp-content\/uploads\/sites\/6\/2026\/04\/Honda-Pop110i-ES-2027_BRANCA_DET_03-300x200.jpg 300w, https:\/\/newblogs.correiobraziliense.com.br\/multieixos\/wp-content\/uploads\/sites\/6\/2026\/04\/Honda-Pop110i-ES-2027_BRANCA_DET_03-768x512.jpg 768w, https:\/\/newblogs.correiobraziliense.com.br\/multieixos\/wp-content\/uploads\/sites\/6\/2026\/04\/Honda-Pop110i-ES-2027_BRANCA_DET_03.jpg 1200w\" sizes=\"auto, (max-width: 1024px) 100vw, 1024px\" \/><\/figure>\n\n\n\n<figure class=\"wp-block-image size-large\"><img loading=\"lazy\" decoding=\"async\" width=\"1024\" height=\"683\" data-id=\"1510\" src=\"https:\/\/newblogs.correiobraziliense.com.br\/multieixos\/wp-content\/uploads\/sites\/6\/2026\/04\/Honda-Pop110i-ES-2027_BRANCA_DET_05-1024x683.jpg\" alt=\"\" class=\"wp-image-1510\" srcset=\"https:\/\/newblogs.correiobraziliense.com.br\/multieixos\/wp-content\/uploads\/sites\/6\/2026\/04\/Honda-Pop110i-ES-2027_BRANCA_DET_05-1024x683.jpg 1024w, https:\/\/newblogs.correiobraziliense.com.br\/multieixos\/wp-content\/uploads\/sites\/6\/2026\/04\/Honda-Pop110i-ES-2027_BRANCA_DET_05-300x200.jpg 300w, https:\/\/newblogs.correiobraziliense.com.br\/multieixos\/wp-content\/uploads\/sites\/6\/2026\/04\/Honda-Pop110i-ES-2027_BRANCA_DET_05-768x512.jpg 768w, https:\/\/newblogs.correiobraziliense.com.br\/multieixos\/wp-content\/uploads\/sites\/6\/2026\/04\/Honda-Pop110i-ES-2027_BRANCA_DET_05.jpg 1200w\" sizes=\"auto, (max-width: 1024px) 100vw, 1024px\" \/><\/figure>\n\n\n\n<figure class=\"wp-block-image size-large\"><img loading=\"lazy\" decoding=\"async\" width=\"1024\" height=\"683\" data-id=\"1508\" src=\"https:\/\/newblogs.correiobraziliense.com.br\/multieixos\/wp-content\/uploads\/sites\/6\/2026\/04\/Honda-Pop110i-ES-2027_-MOV_35-1024x683.jpg\" alt=\"\" class=\"wp-image-1508\" srcset=\"https:\/\/newblogs.correiobraziliense.com.br\/multieixos\/wp-content\/uploads\/sites\/6\/2026\/04\/Honda-Pop110i-ES-2027_-MOV_35-1024x683.jpg 1024w, https:\/\/newblogs.correiobraziliense.com.br\/multieixos\/wp-content\/uploads\/sites\/6\/2026\/04\/Honda-Pop110i-ES-2027_-MOV_35-300x200.jpg 300w, https:\/\/newblogs.correiobraziliense.com.br\/multieixos\/wp-content\/uploads\/sites\/6\/2026\/04\/Honda-Pop110i-ES-2027_-MOV_35-768x512.jpg 768w, https:\/\/newblogs.correiobraziliense.com.br\/multieixos\/wp-content\/uploads\/sites\/6\/2026\/04\/Honda-Pop110i-ES-2027_-MOV_35.jpg 1200w\" sizes=\"auto, (max-width: 1024px) 100vw, 1024px\" \/><\/figure>\n\n\n\n<figure class=\"wp-block-image size-large\"><img loading=\"lazy\" decoding=\"async\" width=\"1024\" height=\"683\" data-id=\"1509\" src=\"https:\/\/newblogs.correiobraziliense.com.br\/multieixos\/wp-content\/uploads\/sites\/6\/2026\/04\/Honda-Pop110i-ES-2027_BRANCA_DET_07-1024x683.jpg\" alt=\"\" class=\"wp-image-1509\" srcset=\"https:\/\/newblogs.correiobraziliense.com.br\/multieixos\/wp-content\/uploads\/sites\/6\/2026\/04\/Honda-Pop110i-ES-2027_BRANCA_DET_07-1024x683.jpg 1024w, https:\/\/newblogs.correiobraziliense.com.br\/multieixos\/wp-content\/uploads\/sites\/6\/2026\/04\/Honda-Pop110i-ES-2027_BRANCA_DET_07-300x200.jpg 300w, https:\/\/newblogs.correiobraziliense.com.br\/multieixos\/wp-content\/uploads\/sites\/6\/2026\/04\/Honda-Pop110i-ES-2027_BRANCA_DET_07-768x512.jpg 768w, https:\/\/newblogs.correiobraziliense.com.br\/multieixos\/wp-content\/uploads\/sites\/6\/2026\/04\/Honda-Pop110i-ES-2027_BRANCA_DET_07.jpg 1200w\" sizes=\"auto, (max-width: 1024px) 100vw, 1024px\" \/><\/figure>\n\n\n\n<figure class=\"wp-block-image size-large\"><img loading=\"lazy\" decoding=\"async\" width=\"1024\" height=\"683\" data-id=\"1511\" src=\"https:\/\/newblogs.correiobraziliense.com.br\/multieixos\/wp-content\/uploads\/sites\/6\/2026\/04\/Honda-Pop110i-ES-2027_-MOV_15-45-2-1024x683.jpg\" alt=\"\" class=\"wp-image-1511\" srcset=\"https:\/\/newblogs.correiobraziliense.com.br\/multieixos\/wp-content\/uploads\/sites\/6\/2026\/04\/Honda-Pop110i-ES-2027_-MOV_15-45-2-1024x683.jpg 1024w, https:\/\/newblogs.correiobraziliense.com.br\/multieixos\/wp-content\/uploads\/sites\/6\/2026\/04\/Honda-Pop110i-ES-2027_-MOV_15-45-2-300x200.jpg 300w, https:\/\/newblogs.correiobraziliense.com.br\/multieixos\/wp-content\/uploads\/sites\/6\/2026\/04\/Honda-Pop110i-ES-2027_-MOV_15-45-2-768x512.jpg 768w, https:\/\/newblogs.correiobraziliense.com.br\/multieixos\/wp-content\/uploads\/sites\/6\/2026\/04\/Honda-Pop110i-ES-2027_-MOV_15-45-2.jpg 1200w\" sizes=\"auto, (max-width: 1024px) 100vw, 1024px\" \/><\/figure>\n\n\n\n<figure class=\"wp-block-image size-large\"><img loading=\"lazy\" decoding=\"async\" width=\"1024\" height=\"683\" data-id=\"1512\" src=\"https:\/\/newblogs.correiobraziliense.com.br\/multieixos\/wp-content\/uploads\/sites\/6\/2026\/04\/Honda-Pop110i-ES-2027_-MOV_139-1024x683.jpg\" alt=\"\" class=\"wp-image-1512\" srcset=\"https:\/\/newblogs.correiobraziliense.com.br\/multieixos\/wp-content\/uploads\/sites\/6\/2026\/04\/Honda-Pop110i-ES-2027_-MOV_139-1024x683.jpg 1024w, https:\/\/newblogs.correiobraziliense.com.br\/multieixos\/wp-content\/uploads\/sites\/6\/2026\/04\/Honda-Pop110i-ES-2027_-MOV_139-300x200.jpg 300w, https:\/\/newblogs.correiobraziliense.com.br\/multieixos\/wp-content\/uploads\/sites\/6\/2026\/04\/Honda-Pop110i-ES-2027_-MOV_139-768x512.jpg 768w, https:\/\/newblogs.correiobraziliense.com.br\/multieixos\/wp-content\/uploads\/sites\/6\/2026\/04\/Honda-Pop110i-ES-2027_-MOV_139.jpg 1200w\" sizes=\"auto, (max-width: 1024px) 100vw, 1024px\" \/><\/figure>\n\n\n\n<figure class=\"wp-block-image size-large\"><img loading=\"lazy\" decoding=\"async\" width=\"1024\" height=\"683\" data-id=\"1513\" src=\"https:\/\/newblogs.correiobraziliense.com.br\/multieixos\/wp-content\/uploads\/sites\/6\/2026\/04\/Honda-Pop110i-ES-2027_-MOV_7-1-1024x683.jpg\" alt=\"\" class=\"wp-image-1513\" srcset=\"https:\/\/newblogs.correiobraziliense.com.br\/multieixos\/wp-content\/uploads\/sites\/6\/2026\/04\/Honda-Pop110i-ES-2027_-MOV_7-1-1024x683.jpg 1024w, https:\/\/newblogs.correiobraziliense.com.br\/multieixos\/wp-content\/uploads\/sites\/6\/2026\/04\/Honda-Pop110i-ES-2027_-MOV_7-1-300x200.jpg 300w, https:\/\/newblogs.correiobraziliense.com.br\/multieixos\/wp-content\/uploads\/sites\/6\/2026\/04\/Honda-Pop110i-ES-2027_-MOV_7-1-768x512.jpg 768w, https:\/\/newblogs.correiobraziliense.com.br\/multieixos\/wp-content\/uploads\/sites\/6\/2026\/04\/Honda-Pop110i-ES-2027_-MOV_7-1.jpg 1200w\" sizes=\"auto, (max-width: 1024px) 100vw, 1024px\" \/><\/figure>\n\n\n\n<figure class=\"wp-block-image size-large\"><img loading=\"lazy\" decoding=\"async\" width=\"1024\" height=\"683\" data-id=\"1514\" src=\"https:\/\/newblogs.correiobraziliense.com.br\/multieixos\/wp-content\/uploads\/sites\/6\/2026\/04\/Honda-Pop110i-ES-2027_BRANCA_DET_04-1024x683.jpg\" alt=\"\" class=\"wp-image-1514\" srcset=\"https:\/\/newblogs.correiobraziliense.com.br\/multieixos\/wp-content\/uploads\/sites\/6\/2026\/04\/Honda-Pop110i-ES-2027_BRANCA_DET_04-1024x683.jpg 1024w, https:\/\/newblogs.correiobraziliense.com.br\/multieixos\/wp-content\/uploads\/sites\/6\/2026\/04\/Honda-Pop110i-ES-2027_BRANCA_DET_04-300x200.jpg 300w, https:\/\/newblogs.correiobraziliense.com.br\/multieixos\/wp-content\/uploads\/sites\/6\/2026\/04\/Honda-Pop110i-ES-2027_BRANCA_DET_04-768x512.jpg 768w, https:\/\/newblogs.correiobraziliense.com.br\/multieixos\/wp-content\/uploads\/sites\/6\/2026\/04\/Honda-Pop110i-ES-2027_BRANCA_DET_04.jpg 1200w\" sizes=\"auto, (max-width: 1024px) 100vw, 1024px\" \/><\/figure>\n\n\n\n<figure class=\"wp-block-image size-large\"><img loading=\"lazy\" decoding=\"async\" width=\"1024\" height=\"683\" data-id=\"1515\" src=\"https:\/\/newblogs.correiobraziliense.com.br\/multieixos\/wp-content\/uploads\/sites\/6\/2026\/04\/Honda-Pop110i-ES-2027_-MOV_17-1024x683.jpg\" alt=\"\" class=\"wp-image-1515\" srcset=\"https:\/\/newblogs.correiobraziliense.com.br\/multieixos\/wp-content\/uploads\/sites\/6\/2026\/04\/Honda-Pop110i-ES-2027_-MOV_17-1024x683.jpg 1024w, https:\/\/newblogs.correiobraziliense.com.br\/multieixos\/wp-content\/uploads\/sites\/6\/2026\/04\/Honda-Pop110i-ES-2027_-MOV_17-300x200.jpg 300w, https:\/\/newblogs.correiobraziliense.com.br\/multieixos\/wp-content\/uploads\/sites\/6\/2026\/04\/Honda-Pop110i-ES-2027_-MOV_17-768x512.jpg 768w, https:\/\/newblogs.correiobraziliense.com.br\/multieixos\/wp-content\/uploads\/sites\/6\/2026\/04\/Honda-Pop110i-ES-2027_-MOV_17.jpg 1200w\" sizes=\"auto, (max-width: 1024px) 100vw, 1024px\" \/><\/figure>\n\n\n\n<figure class=\"wp-block-image size-large\"><img loading=\"lazy\" decoding=\"async\" width=\"1024\" height=\"683\" data-id=\"1517\" src=\"https:\/\/newblogs.correiobraziliense.com.br\/multieixos\/wp-content\/uploads\/sites\/6\/2026\/04\/Honda-Pop110i-ES-2027_-MOV_203-1024x683.jpg\" alt=\"\" class=\"wp-image-1517\" srcset=\"https:\/\/newblogs.correiobraziliense.com.br\/multieixos\/wp-content\/uploads\/sites\/6\/2026\/04\/Honda-Pop110i-ES-2027_-MOV_203-1024x683.jpg 1024w, https:\/\/newblogs.correiobraziliense.com.br\/multieixos\/wp-content\/uploads\/sites\/6\/2026\/04\/Honda-Pop110i-ES-2027_-MOV_203-300x200.jpg 300w, https:\/\/newblogs.correiobraziliense.com.br\/multieixos\/wp-content\/uploads\/sites\/6\/2026\/04\/Honda-Pop110i-ES-2027_-MOV_203-768x512.jpg 768w, https:\/\/newblogs.correiobraziliense.com.br\/multieixos\/wp-content\/uploads\/sites\/6\/2026\/04\/Honda-Pop110i-ES-2027_-MOV_203.jpg 1200w\" sizes=\"auto, (max-width: 1024px) 100vw, 1024px\" \/><\/figure>\n\n\n\n<figure class=\"wp-block-image size-large\"><img loading=\"lazy\" decoding=\"async\" width=\"683\" height=\"1024\" data-id=\"1516\" src=\"https:\/\/newblogs.correiobraziliense.com.br\/multieixos\/wp-content\/uploads\/sites\/6\/2026\/04\/Honda-Pop110i-ES-2027_-MOV_41-683x1024.jpg\" alt=\"\" class=\"wp-image-1516\" srcset=\"https:\/\/newblogs.correiobraziliense.com.br\/multieixos\/wp-content\/uploads\/sites\/6\/2026\/04\/Honda-Pop110i-ES-2027_-MOV_41-683x1024.jpg 683w, https:\/\/newblogs.correiobraziliense.com.br\/multieixos\/wp-content\/uploads\/sites\/6\/2026\/04\/Honda-Pop110i-ES-2027_-MOV_41-200x300.jpg 200w, https:\/\/newblogs.correiobraziliense.com.br\/multieixos\/wp-content\/uploads\/sites\/6\/2026\/04\/Honda-Pop110i-ES-2027_-MOV_41-768x1152.jpg 768w, https:\/\/newblogs.correiobraziliense.com.br\/multieixos\/wp-content\/uploads\/sites\/6\/2026\/04\/Honda-Pop110i-ES-2027_-MOV_41.jpg 800w\" sizes=\"auto, (max-width: 683px) 100vw, 683px\" \/><\/figure>\n\n\n\n<figure class=\"wp-block-image size-large\"><img loading=\"lazy\" decoding=\"async\" width=\"1024\" height=\"683\" data-id=\"1519\" src=\"https:\/\/newblogs.correiobraziliense.com.br\/multieixos\/wp-content\/uploads\/sites\/6\/2026\/04\/Honda-Pop110i-ES-2027_-MOV_24-1024x683.jpg\" alt=\"\" class=\"wp-image-1519\" srcset=\"https:\/\/newblogs.correiobraziliense.com.br\/multieixos\/wp-content\/uploads\/sites\/6\/2026\/04\/Honda-Pop110i-ES-2027_-MOV_24-1024x683.jpg 1024w, https:\/\/newblogs.correiobraziliense.com.br\/multieixos\/wp-content\/uploads\/sites\/6\/2026\/04\/Honda-Pop110i-ES-2027_-MOV_24-300x200.jpg 300w, https:\/\/newblogs.correiobraziliense.com.br\/multieixos\/wp-content\/uploads\/sites\/6\/2026\/04\/Honda-Pop110i-ES-2027_-MOV_24-768x512.jpg 768w, https:\/\/newblogs.correiobraziliense.com.br\/multieixos\/wp-content\/uploads\/sites\/6\/2026\/04\/Honda-Pop110i-ES-2027_-MOV_24.jpg 1200w\" sizes=\"auto, (max-width: 1024px) 100vw, 1024px\" \/><\/figure>\n\n\n\n<figure class=\"wp-block-image size-large\"><img loading=\"lazy\" decoding=\"async\" width=\"1024\" height=\"683\" data-id=\"1518\" src=\"https:\/\/newblogs.correiobraziliense.com.br\/multieixos\/wp-content\/uploads\/sites\/6\/2026\/04\/Honda-Pop110i-ES-2027_-MOV_29-1-1024x683.jpg\" alt=\"\" class=\"wp-image-1518\" srcset=\"https:\/\/newblogs.correiobraziliense.com.br\/multieixos\/wp-content\/uploads\/sites\/6\/2026\/04\/Honda-Pop110i-ES-2027_-MOV_29-1-1024x683.jpg 1024w, https:\/\/newblogs.correiobraziliense.com.br\/multieixos\/wp-content\/uploads\/sites\/6\/2026\/04\/Honda-Pop110i-ES-2027_-MOV_29-1-300x200.jpg 300w, https:\/\/newblogs.correiobraziliense.com.br\/multieixos\/wp-content\/uploads\/sites\/6\/2026\/04\/Honda-Pop110i-ES-2027_-MOV_29-1-768x512.jpg 768w, https:\/\/newblogs.correiobraziliense.com.br\/multieixos\/wp-content\/uploads\/sites\/6\/2026\/04\/Honda-Pop110i-ES-2027_-MOV_29-1.jpg 1200w\" sizes=\"auto, (max-width: 1024px) 100vw, 1024px\" \/><\/figure>\n\n\n\n<figure class=\"wp-block-image size-large\"><img loading=\"lazy\" decoding=\"async\" width=\"1024\" height=\"683\" data-id=\"1520\" src=\"https:\/\/newblogs.correiobraziliense.com.br\/multieixos\/wp-content\/uploads\/sites\/6\/2026\/04\/Honda-Pop110i-ES-2027_-MOV_93-1024x683.jpg\" alt=\"\" class=\"wp-image-1520\" srcset=\"https:\/\/newblogs.correiobraziliense.com.br\/multieixos\/wp-content\/uploads\/sites\/6\/2026\/04\/Honda-Pop110i-ES-2027_-MOV_93-1024x683.jpg 1024w, https:\/\/newblogs.correiobraziliense.com.br\/multieixos\/wp-content\/uploads\/sites\/6\/2026\/04\/Honda-Pop110i-ES-2027_-MOV_93-300x200.jpg 300w, https:\/\/newblogs.correiobraziliense.com.br\/multieixos\/wp-content\/uploads\/sites\/6\/2026\/04\/Honda-Pop110i-ES-2027_-MOV_93-768x512.jpg 768w, https:\/\/newblogs.correiobraziliense.com.br\/multieixos\/wp-content\/uploads\/sites\/6\/2026\/04\/Honda-Pop110i-ES-2027_-MOV_93.jpg 1200w\" sizes=\"auto, (max-width: 1024px) 100vw, 1024px\" \/><\/figure>\n\n\n\n<figure class=\"wp-block-image size-large\"><img loading=\"lazy\" decoding=\"async\" width=\"1024\" height=\"683\" data-id=\"1523\" src=\"https:\/\/newblogs.correiobraziliense.com.br\/multieixos\/wp-content\/uploads\/sites\/6\/2026\/04\/Honda-Pop110i-ES-2027_-MOV_46-1024x683.jpg\" alt=\"\" class=\"wp-image-1523\" srcset=\"https:\/\/newblogs.correiobraziliense.com.br\/multieixos\/wp-content\/uploads\/sites\/6\/2026\/04\/Honda-Pop110i-ES-2027_-MOV_46-1024x683.jpg 1024w, https:\/\/newblogs.correiobraziliense.com.br\/multieixos\/wp-content\/uploads\/sites\/6\/2026\/04\/Honda-Pop110i-ES-2027_-MOV_46-300x200.jpg 300w, https:\/\/newblogs.correiobraziliense.com.br\/multieixos\/wp-content\/uploads\/sites\/6\/2026\/04\/Honda-Pop110i-ES-2027_-MOV_46-768x512.jpg 768w, https:\/\/newblogs.correiobraziliense.com.br\/multieixos\/wp-content\/uploads\/sites\/6\/2026\/04\/Honda-Pop110i-ES-2027_-MOV_46.jpg 1200w\" sizes=\"auto, (max-width: 1024px) 100vw, 1024px\" \/><\/figure>\n\n\n\n<figure class=\"wp-block-image size-large\"><img loading=\"lazy\" decoding=\"async\" width=\"1024\" height=\"683\" data-id=\"1522\" src=\"https:\/\/newblogs.correiobraziliense.com.br\/multieixos\/wp-content\/uploads\/sites\/6\/2026\/04\/Honda-Pop110i-ES-2027_-MOV_28-1024x683.jpg\" alt=\"\" class=\"wp-image-1522\" srcset=\"https:\/\/newblogs.correiobraziliense.com.br\/multieixos\/wp-content\/uploads\/sites\/6\/2026\/04\/Honda-Pop110i-ES-2027_-MOV_28-1024x683.jpg 1024w, https:\/\/newblogs.correiobraziliense.com.br\/multieixos\/wp-content\/uploads\/sites\/6\/2026\/04\/Honda-Pop110i-ES-2027_-MOV_28-300x200.jpg 300w, https:\/\/newblogs.correiobraziliense.com.br\/multieixos\/wp-content\/uploads\/sites\/6\/2026\/04\/Honda-Pop110i-ES-2027_-MOV_28-768x512.jpg 768w, https:\/\/newblogs.correiobraziliense.com.br\/multieixos\/wp-content\/uploads\/sites\/6\/2026\/04\/Honda-Pop110i-ES-2027_-MOV_28.jpg 1200w\" sizes=\"auto, (max-width: 1024px) 100vw, 1024px\" \/><\/figure>\n\n\n\n<figure class=\"wp-block-image size-large\"><img loading=\"lazy\" decoding=\"async\" width=\"1024\" height=\"683\" data-id=\"1521\" src=\"https:\/\/newblogs.correiobraziliense.com.br\/multieixos\/wp-content\/uploads\/sites\/6\/2026\/04\/Honda-Pop110i-ES-2027_-MOV_21-2-1024x683.jpg\" alt=\"\" class=\"wp-image-1521\" srcset=\"https:\/\/newblogs.correiobraziliense.com.br\/multieixos\/wp-content\/uploads\/sites\/6\/2026\/04\/Honda-Pop110i-ES-2027_-MOV_21-2-1024x683.jpg 1024w, https:\/\/newblogs.correiobraziliense.com.br\/multieixos\/wp-content\/uploads\/sites\/6\/2026\/04\/Honda-Pop110i-ES-2027_-MOV_21-2-300x200.jpg 300w, https:\/\/newblogs.correiobraziliense.com.br\/multieixos\/wp-content\/uploads\/sites\/6\/2026\/04\/Honda-Pop110i-ES-2027_-MOV_21-2-768x512.jpg 768w, https:\/\/newblogs.correiobraziliense.com.br\/multieixos\/wp-content\/uploads\/sites\/6\/2026\/04\/Honda-Pop110i-ES-2027_-MOV_21-2.jpg 1200w\" sizes=\"auto, (max-width: 1024px) 100vw, 1024px\" \/><\/figure>\n<\/figure>\n<\/div>\n\t\t\t<div class=\"slider-nav\">\n\t\t\t\t<button class=\"prev\">\n\t\t\t\t<svg xmlns=\"http:\/\/www.w3.org\/2000\/svg\" width=\"26\" height=\"45\" viewBox=\"0 0 26 45\" fill=\"none\">\n\t\t\t\t<path d=\"M24.9118 0.990519C25.5461 1.62494 25.9023 2.48528 25.9023 3.38235C25.9023 4.27943 25.5461 5.13977 24.9118 5.77419L8.16559 22.5204L24.9118 39.2667C25.5281 39.9047 25.8691 40.7593 25.8614 41.6463C25.8537 42.5334 25.4979 43.3819 24.8706 44.0091C24.2434 44.6364 23.3948 44.9922 22.5078 44.9999C21.6208 45.0076 20.7662 44.6666 20.1282 44.0503L0.990082 24.9123C0.355853 24.2778 -0.000438023 23.4175 -0.000438023 22.5204C-0.000438023 21.6234 0.355853 20.763 0.990082 20.1286L20.1282 0.990519C20.7626 0.35629 21.6229 0 22.52 0C23.4171 0 24.2774 0.35629 24.9118 0.990519Z\" fill=\"white\" fill-opacity=\"0.7\"><\/path>\n\t\t\t\t<\/svg>\n\t\t\t\t<\/button>\n\t\t\t\t<button class=\"next\">\n\t\t\t\t<svg xmlns=\"http:\/\/www.w3.org\/2000\/svg\" width=\"26\" height=\"45\" viewBox=\"0 0 26 45\" fill=\"none\">\n\t\t\t\t<path d=\"M0.99052 0.990519C0.356291 1.62494 0 2.48528 0 3.38235C0 4.27943 0.356291 5.13977 0.99052 5.77419L17.7368 22.5204L0.99052 39.2667C0.374265 39.9047 0.0332682 40.7593 0.0409763 41.6463C0.0486844 42.5334 0.40448 43.3819 1.03173 44.0091C1.65898 44.6364 2.5075 44.9922 3.39453 44.9999C4.28156 45.0076 5.13613 44.6666 5.77419 44.0503L24.9123 24.9123C25.5465 24.2778 25.9028 23.4175 25.9028 22.5204C25.9028 21.6234 25.5465 20.763 24.9123 20.1286L5.77419 0.990519C5.13977 0.35629 4.27943 0 3.38235 0C2.48528 0 1.62494 0.35629 0.99052 0.990519Z\" fill=\"white\" fill-opacity=\"0.7\"><\/path>\n\t\t\t\t<\/svg>\n\t\t\t\t<\/button>\n\t\t\t<\/div>\n\t\t\t<div class=\"slider-dots\"><\/div>\n\t\t\t<\/div>\n\n\n<p>A pot\u00eancia m\u00e1xima \u00e9 de 8,43cv e torque de 0,945 kgfm. Baixo \u00edndice de vibra\u00e7\u00f5es e pronta resposta ao acelerador s\u00e3o caracter\u00edsticas deste motor alimentado com gasolina atrav\u00e9s do consagrado sistema de inje\u00e7\u00e3o eletr\u00f4nica PGM-FI oferecendo grande regularidade de funcionamento. A Pop110i estar\u00e1 dispon\u00edvel na rede de concession\u00e1rios Honda j\u00e1 neste comecinho de maio. O pre\u00e7o p\u00fablico sugerido base S\u00e3o Paulo\/SP, que n\u00e3o inclui despesas com frete ou seguro, \u00e9 de R$ 10.588.<\/p>\n","protected":false},"excerpt":{"rendered":"<p>Modelo mais em conta da Honda enfim passa por uma renova\u00e7\u00e3o. Pre\u00e7o sugerido, sem frete ou seguro, \u00e9 de R$ 10.588<\/p>\n","protected":false},"author":20,"featured_media":0,"comment_status":"closed","ping_status":"open","sticky":true,"template":"","format":"standard","meta":{"_acf_changed":false,"inline_featured_image":false,"footnotes":""},"categories":[20,13],"tags":[46,14,153,155,154,10],"class_list":["post-1487","post","type-post","status-publish","format-standard","hentry","category-mobilidade-urbana","category-motos","tag-honda","tag-lancamentos","tag-motos","tag-pop-linha-2027","tag-pop110i","tag-precos"],"acf":[],"yoast_head":"<!-- This site is optimized with the Yoast SEO plugin v27.3 - https:\/\/yoast.com\/product\/yoast-seo-wordpress\/ -->\n<title>Nova Pop 110i, linha 2027: veja o que mudou - Multieixos com Renato Ferraz<\/title>\n<meta name=\"robots\" content=\"index, follow, max-snippet:-1, max-image-preview:large, max-video-preview:-1\" \/>\n<link rel=\"canonical\" href=\"https:\/\/newblogs.correiobraziliense.com.br\/multieixos\/2026\/04\/30\/nova-pop-110i-linha-2027-veja-o-que-mudou\/\" \/>\n<meta property=\"og:locale\" content=\"pt_BR\" \/>\n<meta property=\"og:type\" content=\"article\" \/>\n<meta property=\"og:title\" content=\"Nova Pop 110i, linha 2027: veja o que mudou - Multieixos com Renato Ferraz\" \/>\n<meta property=\"og:description\" content=\"Modelo mais em conta da Honda enfim passa por uma renova\u00e7\u00e3o. Pre\u00e7o sugerido, sem frete ou seguro, \u00e9 de R$ 10.588\" \/>\n<meta property=\"og:url\" content=\"https:\/\/newblogs.correiobraziliense.com.br\/multieixos\/2026\/04\/30\/nova-pop-110i-linha-2027-veja-o-que-mudou\/\" \/>\n<meta property=\"og:site_name\" content=\"Multieixos com Renato Ferraz\" \/>\n<meta property=\"article:published_time\" content=\"2026-04-30T18:49:26+00:00\" \/>\n<meta property=\"article:modified_time\" content=\"2026-04-30T20:33:15+00:00\" \/>\n<meta property=\"og:image\" content=\"https:\/\/newblogs.correiobraziliense.com.br\/multieixos\/wp-content\/uploads\/sites\/6\/2026\/04\/Honda-Pop110i-ES-2027_-MOV_7.jpg\" \/>\n\t<meta property=\"og:image:width\" content=\"1200\" \/>\n\t<meta property=\"og:image:height\" content=\"800\" \/>\n\t<meta property=\"og:image:type\" content=\"image\/jpeg\" \/>\n<meta name=\"author\" content=\"Renato Ferraz\" \/>\n<!-- \/ Yoast SEO plugin. -->","yoast_head_json":{"title":"Nova Pop 110i, linha 2027: veja o que mudou - Multieixos com Renato Ferraz","robots":{"index":"index","follow":"follow","max-snippet":"max-snippet:-1","max-image-preview":"max-image-preview:large","max-video-preview":"max-video-preview:-1"},"canonical":"https:\/\/newblogs.correiobraziliense.com.br\/multieixos\/2026\/04\/30\/nova-pop-110i-linha-2027-veja-o-que-mudou\/","og_locale":"pt_BR","og_type":"article","og_title":"Nova Pop 110i, linha 2027: veja o que mudou - Multieixos com Renato Ferraz","og_description":"Modelo mais em conta da Honda enfim passa por uma renova\u00e7\u00e3o. Pre\u00e7o sugerido, sem frete ou seguro, \u00e9 de R$ 10.588","og_url":"https:\/\/newblogs.correiobraziliense.com.br\/multieixos\/2026\/04\/30\/nova-pop-110i-linha-2027-veja-o-que-mudou\/","og_site_name":"Multieixos com Renato Ferraz","article_published_time":"2026-04-30T18:49:26+00:00","article_modified_time":"2026-04-30T20:33:15+00:00","og_image":[{"width":1200,"height":800,"url":"https:\/\/newblogs.correiobraziliense.com.br\/multieixos\/wp-content\/uploads\/sites\/6\/2026\/04\/Honda-Pop110i-ES-2027_-MOV_7.jpg","type":"image\/jpeg"}],"author":"Renato Ferraz","schema":{"@context":"https:\/\/schema.org","@graph":[{"@type":"Article","@id":"https:\/\/newblogs.correiobraziliense.com.br\/multieixos\/2026\/04\/30\/nova-pop-110i-linha-2027-veja-o-que-mudou\/#article","isPartOf":{"@id":"https:\/\/newblogs.correiobraziliense.com.br\/multieixos\/2026\/04\/30\/nova-pop-110i-linha-2027-veja-o-que-mudou\/"},"author":{"name":"Renato Ferraz","@id":"https:\/\/newblogs.correiobraziliense.com.br\/multieixos\/#\/schema\/person\/2fb466788a0749a4cd6fc2c4d89ddb15"},"headline":"Nova Pop 110i, linha 2027: veja o que mudou","datePublished":"2026-04-30T18:49:26+00:00","dateModified":"2026-04-30T20:33:15+00:00","mainEntityOfPage":{"@id":"https:\/\/newblogs.correiobraziliense.com.br\/multieixos\/2026\/04\/30\/nova-pop-110i-linha-2027-veja-o-que-mudou\/"},"wordCount":1001,"image":{"@id":"https:\/\/newblogs.correiobraziliense.com.br\/multieixos\/2026\/04\/30\/nova-pop-110i-linha-2027-veja-o-que-mudou\/#primaryimage"},"thumbnailUrl":"https:\/\/newblogs.correiobraziliense.com.br\/multieixos\/wp-content\/uploads\/sites\/6\/2026\/04\/Honda-Pop110i-ES-2027_-MOV_7-1024x683.jpg","keywords":["Honda","Lan\u00e7amentos","motos","Pop linha 2027","POP110i","pre\u00e7os"],"articleSection":["Mobilidade urbana","Motos"],"inLanguage":"pt-BR"},{"@type":"WebPage","@id":"https:\/\/newblogs.correiobraziliense.com.br\/multieixos\/2026\/04\/30\/nova-pop-110i-linha-2027-veja-o-que-mudou\/","url":"https:\/\/newblogs.correiobraziliense.com.br\/multieixos\/2026\/04\/30\/nova-pop-110i-linha-2027-veja-o-que-mudou\/","name":"Nova Pop 110i, linha 2027: veja o que mudou - Multieixos com Renato Ferraz","isPartOf":{"@id":"https:\/\/newblogs.correiobraziliense.com.br\/multieixos\/#website"},"primaryImageOfPage":{"@id":"https:\/\/newblogs.correiobraziliense.com.br\/multieixos\/2026\/04\/30\/nova-pop-110i-linha-2027-veja-o-que-mudou\/#primaryimage"},"image":{"@id":"https:\/\/newblogs.correiobraziliense.com.br\/multieixos\/2026\/04\/30\/nova-pop-110i-linha-2027-veja-o-que-mudou\/#primaryimage"},"thumbnailUrl":"https:\/\/newblogs.correiobraziliense.com.br\/multieixos\/wp-content\/uploads\/sites\/6\/2026\/04\/Honda-Pop110i-ES-2027_-MOV_7-1024x683.jpg","datePublished":"2026-04-30T18:49:26+00:00","dateModified":"2026-04-30T20:33:15+00:00","author":{"@id":"https:\/\/newblogs.correiobraziliense.com.br\/multieixos\/#\/schema\/person\/2fb466788a0749a4cd6fc2c4d89ddb15"},"breadcrumb":{"@id":"https:\/\/newblogs.correiobraziliense.com.br\/multieixos\/2026\/04\/30\/nova-pop-110i-linha-2027-veja-o-que-mudou\/#breadcrumb"},"inLanguage":"pt-BR","potentialAction":[{"@type":"ReadAction","target":["https:\/\/newblogs.correiobraziliense.com.br\/multieixos\/2026\/04\/30\/nova-pop-110i-linha-2027-veja-o-que-mudou\/"]}]},{"@type":"ImageObject","inLanguage":"pt-BR","@id":"https:\/\/newblogs.correiobraziliense.com.br\/multieixos\/2026\/04\/30\/nova-pop-110i-linha-2027-veja-o-que-mudou\/#primaryimage","url":"https:\/\/newblogs.correiobraziliense.com.br\/multieixos\/wp-content\/uploads\/sites\/6\/2026\/04\/Honda-Pop110i-ES-2027_-MOV_7.jpg","contentUrl":"https:\/\/newblogs.correiobraziliense.com.br\/multieixos\/wp-content\/uploads\/sites\/6\/2026\/04\/Honda-Pop110i-ES-2027_-MOV_7.jpg","width":1200,"height":800},{"@type":"BreadcrumbList","@id":"https:\/\/newblogs.correiobraziliense.com.br\/multieixos\/2026\/04\/30\/nova-pop-110i-linha-2027-veja-o-que-mudou\/#breadcrumb","itemListElement":[{"@type":"ListItem","position":1,"name":"In\u00edcio","item":"https:\/\/newblogs.correiobraziliense.com.br\/multieixos\/"},{"@type":"ListItem","position":2,"name":"Nova Pop 110i, linha 2027: veja o que mudou"}]},{"@type":"WebSite","@id":"https:\/\/newblogs.correiobraziliense.com.br\/multieixos\/#website","url":"https:\/\/newblogs.correiobraziliense.com.br\/multieixos\/","name":"Multieixos com Renato Ferraz","description":"Aqui, voc\u00ea encontra informa\u00e7\u00f5es atualizadas sobre o mercado automotivo, tend\u00eancias de mobilidade urbana, novas solu\u00e7\u00f5es em sustentabilidade no setor de transportes e as principais mudan\u00e7as na legisla\u00e7\u00e3o de tr\u00e2nsito.","alternateName":"Blog | Multieixos com Renato Ferra","potentialAction":[{"@type":"SearchAction","target":{"@type":"EntryPoint","urlTemplate":"https:\/\/newblogs.correiobraziliense.com.br\/multieixos\/?s={search_term_string}"},"query-input":{"@type":"PropertyValueSpecification","valueRequired":true,"valueName":"search_term_string"}}],"inLanguage":"pt-BR"},{"@type":"Person","@id":"https:\/\/newblogs.correiobraziliense.com.br\/multieixos\/#\/schema\/person\/2fb466788a0749a4cd6fc2c4d89ddb15","name":"Renato Ferraz","image":{"@type":"ImageObject","inLanguage":"pt-BR","@id":"https:\/\/secure.gravatar.com\/avatar\/05490fac3b629881956c1c2d33a9f5fcb406d4619aeb73f2548eb9374d66c612?s=96&d=mm&r=g","url":"https:\/\/secure.gravatar.com\/avatar\/05490fac3b629881956c1c2d33a9f5fcb406d4619aeb73f2548eb9374d66c612?s=96&d=mm&r=g","contentUrl":"https:\/\/secure.gravatar.com\/avatar\/05490fac3b629881956c1c2d33a9f5fcb406d4619aeb73f2548eb9374d66c612?s=96&d=mm&r=g","caption":"Renato Ferraz"},"description":"\u00c9 jornalista profissional h\u00e1 35 anos e escreve sobre carros, tr\u00e2nsito e mobilidade desde 2004, participando de centenas lan\u00e7amentos de produtos e v\u00e1rios sal\u00f5es automobil\u00edsticos globais.","url":"https:\/\/newblogs.correiobraziliense.com.br\/multieixos\/author\/renatoferraz\/"}]}},"_links":{"self":[{"href":"https:\/\/newblogs.correiobraziliense.com.br\/multieixos\/wp-json\/wp\/v2\/posts\/1487","targetHints":{"allow":["GET"]}}],"collection":[{"href":"https:\/\/newblogs.correiobraziliense.com.br\/multieixos\/wp-json\/wp\/v2\/posts"}],"about":[{"href":"https:\/\/newblogs.correiobraziliense.com.br\/multieixos\/wp-json\/wp\/v2\/types\/post"}],"author":[{"embeddable":true,"href":"https:\/\/newblogs.correiobraziliense.com.br\/multieixos\/wp-json\/wp\/v2\/users\/20"}],"replies":[{"embeddable":true,"href":"https:\/\/newblogs.correiobraziliense.com.br\/multieixos\/wp-json\/wp\/v2\/comments?post=1487"}],"version-history":[{"count":1,"href":"https:\/\/newblogs.correiobraziliense.com.br\/multieixos\/wp-json\/wp\/v2\/posts\/1487\/revisions"}],"predecessor-version":[{"id":1524,"href":"https:\/\/newblogs.correiobraziliense.com.br\/multieixos\/wp-json\/wp\/v2\/posts\/1487\/revisions\/1524"}],"wp:attachment":[{"href":"https:\/\/newblogs.correiobraziliense.com.br\/multieixos\/wp-json\/wp\/v2\/media?parent=1487"}],"wp:term":[{"taxonomy":"category","embeddable":true,"href":"https:\/\/newblogs.correiobraziliense.com.br\/multieixos\/wp-json\/wp\/v2\/categories?post=1487"},{"taxonomy":"post_tag","embeddable":true,"href":"https:\/\/newblogs.correiobraziliense.com.br\/multieixos\/wp-json\/wp\/v2\/tags?post=1487"}],"curies":[{"name":"wp","href":"https:\/\/api.w.org\/{rel}","templated":true}]}}