{"id":1444,"date":"2026-04-28T16:02:22","date_gmt":"2026-04-28T19:02:22","guid":{"rendered":"https:\/\/newblogs.correiobraziliense.com.br\/multieixos\/?p=1444"},"modified":"2026-04-28T16:03:39","modified_gmt":"2026-04-28T19:03:39","slug":"bmw-m4-competition-chega-ainda-no-primeiro-semestre","status":"publish","type":"post","link":"https:\/\/newblogs.correiobraziliense.com.br\/multieixos\/2026\/04\/28\/bmw-m4-competition-chega-ainda-no-primeiro-semestre\/","title":{"rendered":"BMW M4 Competition chega ainda no primeiro semestre"},"content":{"rendered":"\n<p>A BMW confirmou nesta ter\u00e7a-feira (28\/4)&nbsp; a chegada do novo BMW M4 Competition ao Brasil &#8211; e ainda no primeiro semestre. Com isso, refor\u00e7a seu portf\u00f3lio de modelos de alta performance com um dos \u00edcones mais reconhecidos da marca. O esportivo chega destacando a tradicional carroceria cup\u00ea de duas portas, elemento que h\u00e1 d\u00e9cadas simboliza a ess\u00eancia do design e da esportividade da BMW.<\/p>\n\n\n\n\n\n\n\n<p>Com propor\u00e7\u00f5es e silhueta marcante, o BMW M4 Competition traduz o DNA da divis\u00e3o M em sua forma mais pura. O modelo combina linhas agressivas, equil\u00edbrio din\u00e2mico e uma presen\u00e7a visual inconfund\u00edvel, refor\u00e7ando seu posicionamento como refer\u00eancia entre os esportivos premium.<\/p>\n\n\n\n<p>O BMW M4 Competition \u00e9 equipado com o motor seis cilindros em linha com tecnologia M TwinPower Turbo, capaz de entregar 510 cv de pot\u00eancia e um torque m\u00e1ximo de 66,3kgfm de torque.&nbsp;<\/p>\n\n\n\n<p>O conjunto permite acelera\u00e7\u00e3o de 0 a 100 km\/h em apenas 3,9 segundos e a tra\u00e7\u00e3o \u00e9 sempre traseira, evidenciando o Puro Prazer de Dirigir que caracteriza os modelos da divis\u00e3o M. A BMW promete revelar mais informa\u00e7\u00f5es e detalhes t\u00e9cnicos em breve.<\/p>\n","protected":false},"excerpt":{"rendered":"<p>Modelo que amplia a oferta de esportivos de alta performance da marca no Brasil tem 510cv de pot\u00eancia. Pre\u00e7o n\u00e3o foi divulgado<\/p>\n","protected":false},"author":20,"featured_media":1445,"comment_status":"closed","ping_status":"open","sticky":true,"template":"","format":"standard","meta":{"_acf_changed":false,"inline_featured_image":false,"footnotes":""},"categories":[8],"tags":[71,14,149,10],"class_list":["post-1444","post","type-post","status-publish","format-standard","has-post-thumbnail","hentry","category-carros","tag-bmw","tag-lancamentos","tag-ms-competition","tag-precos"],"acf":[],"yoast_head":"<!-- This site is optimized with the Yoast SEO plugin v27.3 - https:\/\/yoast.com\/product\/yoast-seo-wordpress\/ -->\n<title>BMW M4 Competition chega ainda no primeiro semestre - Multieixos com Renato Ferraz<\/title>\n<meta name=\"robots\" content=\"index, follow, max-snippet:-1, max-image-preview:large, max-video-preview:-1\" \/>\n<link rel=\"canonical\" href=\"https:\/\/newblogs.correiobraziliense.com.br\/multieixos\/2026\/04\/28\/bmw-m4-competition-chega-ainda-no-primeiro-semestre\/\" \/>\n<meta property=\"og:locale\" content=\"pt_BR\" \/>\n<meta property=\"og:type\" content=\"article\" \/>\n<meta property=\"og:title\" content=\"BMW M4 Competition chega ainda no primeiro semestre - Multieixos com Renato Ferraz\" \/>\n<meta property=\"og:description\" content=\"Modelo que amplia a oferta de esportivos de alta performance da marca no Brasil tem 510cv de pot\u00eancia. Pre\u00e7o n\u00e3o foi divulgado\" \/>\n<meta property=\"og:url\" content=\"https:\/\/newblogs.correiobraziliense.com.br\/multieixos\/2026\/04\/28\/bmw-m4-competition-chega-ainda-no-primeiro-semestre\/\" \/>\n<meta property=\"og:site_name\" content=\"Multieixos com Renato Ferraz\" \/>\n<meta property=\"article:published_time\" content=\"2026-04-28T19:02:22+00:00\" \/>\n<meta property=\"article:modified_time\" content=\"2026-04-28T19:03:39+00:00\" \/>\n<meta property=\"og:image\" content=\"https:\/\/newblogs.correiobraziliense.com.br\/multieixos\/wp-content\/uploads\/sites\/6\/2026\/04\/BMW-M4.jpg\" \/>\n\t<meta property=\"og:image:width\" content=\"1200\" \/>\n\t<meta property=\"og:image:height\" content=\"800\" \/>\n\t<meta property=\"og:image:type\" content=\"image\/jpeg\" \/>\n<meta name=\"author\" content=\"Renato Ferraz\" \/>\n<!-- \/ Yoast SEO plugin. -->","yoast_head_json":{"title":"BMW M4 Competition chega ainda no primeiro semestre - Multieixos com Renato Ferraz","robots":{"index":"index","follow":"follow","max-snippet":"max-snippet:-1","max-image-preview":"max-image-preview:large","max-video-preview":"max-video-preview:-1"},"canonical":"https:\/\/newblogs.correiobraziliense.com.br\/multieixos\/2026\/04\/28\/bmw-m4-competition-chega-ainda-no-primeiro-semestre\/","og_locale":"pt_BR","og_type":"article","og_title":"BMW M4 Competition chega ainda no primeiro semestre - Multieixos com Renato Ferraz","og_description":"Modelo que amplia a oferta de esportivos de alta performance da marca no Brasil tem 510cv de pot\u00eancia. Pre\u00e7o n\u00e3o foi divulgado","og_url":"https:\/\/newblogs.correiobraziliense.com.br\/multieixos\/2026\/04\/28\/bmw-m4-competition-chega-ainda-no-primeiro-semestre\/","og_site_name":"Multieixos com Renato Ferraz","article_published_time":"2026-04-28T19:02:22+00:00","article_modified_time":"2026-04-28T19:03:39+00:00","og_image":[{"width":1200,"height":800,"url":"https:\/\/newblogs.correiobraziliense.com.br\/multieixos\/wp-content\/uploads\/sites\/6\/2026\/04\/BMW-M4.jpg","type":"image\/jpeg"}],"author":"Renato Ferraz","schema":{"@context":"https:\/\/schema.org","@graph":[{"@type":"Article","@id":"https:\/\/newblogs.correiobraziliense.com.br\/multieixos\/2026\/04\/28\/bmw-m4-competition-chega-ainda-no-primeiro-semestre\/#article","isPartOf":{"@id":"https:\/\/newblogs.correiobraziliense.com.br\/multieixos\/2026\/04\/28\/bmw-m4-competition-chega-ainda-no-primeiro-semestre\/"},"author":{"name":"Renato Ferraz","@id":"https:\/\/newblogs.correiobraziliense.com.br\/multieixos\/#\/schema\/person\/2fb466788a0749a4cd6fc2c4d89ddb15"},"headline":"BMW M4 Competition chega ainda no primeiro semestre","datePublished":"2026-04-28T19:02:22+00:00","dateModified":"2026-04-28T19:03:39+00:00","mainEntityOfPage":{"@id":"https:\/\/newblogs.correiobraziliense.com.br\/multieixos\/2026\/04\/28\/bmw-m4-competition-chega-ainda-no-primeiro-semestre\/"},"wordCount":205,"image":{"@id":"https:\/\/newblogs.correiobraziliense.com.br\/multieixos\/2026\/04\/28\/bmw-m4-competition-chega-ainda-no-primeiro-semestre\/#primaryimage"},"thumbnailUrl":"https:\/\/newblogs.correiobraziliense.com.br\/multieixos\/wp-content\/uploads\/sites\/6\/2026\/04\/BMW-M4.jpg","keywords":["BMW","Lan\u00e7amentos","MS Competition","pre\u00e7os"],"articleSection":["Carros"],"inLanguage":"pt-BR"},{"@type":"WebPage","@id":"https:\/\/newblogs.correiobraziliense.com.br\/multieixos\/2026\/04\/28\/bmw-m4-competition-chega-ainda-no-primeiro-semestre\/","url":"https:\/\/newblogs.correiobraziliense.com.br\/multieixos\/2026\/04\/28\/bmw-m4-competition-chega-ainda-no-primeiro-semestre\/","name":"BMW M4 Competition chega ainda no primeiro semestre - Multieixos com Renato Ferraz","isPartOf":{"@id":"https:\/\/newblogs.correiobraziliense.com.br\/multieixos\/#website"},"primaryImageOfPage":{"@id":"https:\/\/newblogs.correiobraziliense.com.br\/multieixos\/2026\/04\/28\/bmw-m4-competition-chega-ainda-no-primeiro-semestre\/#primaryimage"},"image":{"@id":"https:\/\/newblogs.correiobraziliense.com.br\/multieixos\/2026\/04\/28\/bmw-m4-competition-chega-ainda-no-primeiro-semestre\/#primaryimage"},"thumbnailUrl":"https:\/\/newblogs.correiobraziliense.com.br\/multieixos\/wp-content\/uploads\/sites\/6\/2026\/04\/BMW-M4.jpg","datePublished":"2026-04-28T19:02:22+00:00","dateModified":"2026-04-28T19:03:39+00:00","author":{"@id":"https:\/\/newblogs.correiobraziliense.com.br\/multieixos\/#\/schema\/person\/2fb466788a0749a4cd6fc2c4d89ddb15"},"breadcrumb":{"@id":"https:\/\/newblogs.correiobraziliense.com.br\/multieixos\/2026\/04\/28\/bmw-m4-competition-chega-ainda-no-primeiro-semestre\/#breadcrumb"},"inLanguage":"pt-BR","potentialAction":[{"@type":"ReadAction","target":["https:\/\/newblogs.correiobraziliense.com.br\/multieixos\/2026\/04\/28\/bmw-m4-competition-chega-ainda-no-primeiro-semestre\/"]}]},{"@type":"ImageObject","inLanguage":"pt-BR","@id":"https:\/\/newblogs.correiobraziliense.com.br\/multieixos\/2026\/04\/28\/bmw-m4-competition-chega-ainda-no-primeiro-semestre\/#primaryimage","url":"https:\/\/newblogs.correiobraziliense.com.br\/multieixos\/wp-content\/uploads\/sites\/6\/2026\/04\/BMW-M4.jpg","contentUrl":"https:\/\/newblogs.correiobraziliense.com.br\/multieixos\/wp-content\/uploads\/sites\/6\/2026\/04\/BMW-M4.jpg","width":1200,"height":800},{"@type":"BreadcrumbList","@id":"https:\/\/newblogs.correiobraziliense.com.br\/multieixos\/2026\/04\/28\/bmw-m4-competition-chega-ainda-no-primeiro-semestre\/#breadcrumb","itemListElement":[{"@type":"ListItem","position":1,"name":"In\u00edcio","item":"https:\/\/newblogs.correiobraziliense.com.br\/multieixos\/"},{"@type":"ListItem","position":2,"name":"BMW M4 Competition chega ainda no primeiro semestre"}]},{"@type":"WebSite","@id":"https:\/\/newblogs.correiobraziliense.com.br\/multieixos\/#website","url":"https:\/\/newblogs.correiobraziliense.com.br\/multieixos\/","name":"Multieixos com Renato Ferraz","description":"Aqui, voc\u00ea encontra informa\u00e7\u00f5es atualizadas sobre o mercado automotivo, tend\u00eancias de mobilidade urbana, novas solu\u00e7\u00f5es em sustentabilidade no setor de transportes e as principais mudan\u00e7as na legisla\u00e7\u00e3o de tr\u00e2nsito.","alternateName":"Blog | Multieixos com Renato Ferra","potentialAction":[{"@type":"SearchAction","target":{"@type":"EntryPoint","urlTemplate":"https:\/\/newblogs.correiobraziliense.com.br\/multieixos\/?s={search_term_string}"},"query-input":{"@type":"PropertyValueSpecification","valueRequired":true,"valueName":"search_term_string"}}],"inLanguage":"pt-BR"},{"@type":"Person","@id":"https:\/\/newblogs.correiobraziliense.com.br\/multieixos\/#\/schema\/person\/2fb466788a0749a4cd6fc2c4d89ddb15","name":"Renato Ferraz","image":{"@type":"ImageObject","inLanguage":"pt-BR","@id":"https:\/\/secure.gravatar.com\/avatar\/05490fac3b629881956c1c2d33a9f5fcb406d4619aeb73f2548eb9374d66c612?s=96&d=mm&r=g","url":"https:\/\/secure.gravatar.com\/avatar\/05490fac3b629881956c1c2d33a9f5fcb406d4619aeb73f2548eb9374d66c612?s=96&d=mm&r=g","contentUrl":"https:\/\/secure.gravatar.com\/avatar\/05490fac3b629881956c1c2d33a9f5fcb406d4619aeb73f2548eb9374d66c612?s=96&d=mm&r=g","caption":"Renato Ferraz"},"description":"\u00c9 jornalista profissional h\u00e1 35 anos e escreve sobre carros, tr\u00e2nsito e mobilidade desde 2004, participando de centenas lan\u00e7amentos de produtos e v\u00e1rios sal\u00f5es automobil\u00edsticos globais.","url":"https:\/\/newblogs.correiobraziliense.com.br\/multieixos\/author\/renatoferraz\/"}]}},"_links":{"self":[{"href":"https:\/\/newblogs.correiobraziliense.com.br\/multieixos\/wp-json\/wp\/v2\/posts\/1444","targetHints":{"allow":["GET"]}}],"collection":[{"href":"https:\/\/newblogs.correiobraziliense.com.br\/multieixos\/wp-json\/wp\/v2\/posts"}],"about":[{"href":"https:\/\/newblogs.correiobraziliense.com.br\/multieixos\/wp-json\/wp\/v2\/types\/post"}],"author":[{"embeddable":true,"href":"https:\/\/newblogs.correiobraziliense.com.br\/multieixos\/wp-json\/wp\/v2\/users\/20"}],"replies":[{"embeddable":true,"href":"https:\/\/newblogs.correiobraziliense.com.br\/multieixos\/wp-json\/wp\/v2\/comments?post=1444"}],"version-history":[{"count":1,"href":"https:\/\/newblogs.correiobraziliense.com.br\/multieixos\/wp-json\/wp\/v2\/posts\/1444\/revisions"}],"predecessor-version":[{"id":1446,"href":"https:\/\/newblogs.correiobraziliense.com.br\/multieixos\/wp-json\/wp\/v2\/posts\/1444\/revisions\/1446"}],"wp:featuredmedia":[{"embeddable":true,"href":"https:\/\/newblogs.correiobraziliense.com.br\/multieixos\/wp-json\/wp\/v2\/media\/1445"}],"wp:attachment":[{"href":"https:\/\/newblogs.correiobraziliense.com.br\/multieixos\/wp-json\/wp\/v2\/media?parent=1444"}],"wp:term":[{"taxonomy":"category","embeddable":true,"href":"https:\/\/newblogs.correiobraziliense.com.br\/multieixos\/wp-json\/wp\/v2\/categories?post=1444"},{"taxonomy":"post_tag","embeddable":true,"href":"https:\/\/newblogs.correiobraziliense.com.br\/multieixos\/wp-json\/wp\/v2\/tags?post=1444"}],"curies":[{"name":"wp","href":"https:\/\/api.w.org\/{rel}","templated":true}]}}