{"id":797,"date":"2026-09-04T14:20:11","date_gmt":"2026-09-04T17:20:11","guid":{"rendered":"https:\/\/newblogs.correiobraziliense.com.br\/emaltanapolitica\/?p=797"},"modified":"2026-09-04T14:24:50","modified_gmt":"2026-09-04T17:24:50","slug":"eleicoes-2026-o-plano-de-contingencia-do-judiciario-contra-a-ia","status":"publish","type":"post","link":"https:\/\/newblogs.correiobraziliense.com.br\/emaltanapolitica\/eleicoes-2026-o-plano-de-contingencia-do-judiciario-contra-a-ia\/","title":{"rendered":"Elei\u00e7\u00f5es 2026: o plano de conting\u00eancia do Judici\u00e1rio contra a IA"},"content":{"rendered":"\n<p>As elei\u00e7\u00f5es de 2026 ser\u00e3o as primeiras no Brasil realizadas sob o impacto pleno da intelig\u00eancia artificial generativa, elevando a desinforma\u00e7\u00e3o a um novo patamar. Depois de boatos, montagens e imagens falsas que marcaram os pleitos de 2018 e 2022, a campanha deste ano ter\u00e1 de enfrentar conte\u00fados de hiper-realismo capazes de simular voz e imagem de candidatos em poucos minutos. Um \u00e1udio clonado anunciando, por exemplo, a desist\u00eancia de um concorrente na v\u00e9spera da vota\u00e7\u00e3o poderia provocar uma onda de desinforma\u00e7\u00e3o antes que as institui\u00e7\u00f5es conseguissem reagir.<\/p>\n\n\n\n<p>\u201cO risco central n\u00e3o \u00e9 mais o boato textual tradicional, e sim o conte\u00fado sint\u00e9tico hiper-realista \u2014 v\u00eddeo e, sobretudo, \u00e1udio clonado por IA \u2014 que dispensa evid\u00eancia de manipula\u00e7\u00e3o vis\u00edvel\u201d, afirma Rodolfo Tamanaha, advogado de direito digital e professor do Ibmec Bras\u00edlia.<\/p>\n\n\n\n<p><strong>Leia tamb\u00e9m: <a href=\"https:\/\/newblogs.correiobraziliense.com.br\/emaltanapolitica\/super-el-nino-leva-tse-a-criar-ambiente-para-monitorar-riscos-climaticos-nas-eleicoes\/\">Super El Ni\u00f1o leva TSE a criar ambiente para monitorar riscos clim\u00e1ticos nas elei\u00e7\u00f5es<\/a><\/strong><\/p>\n\n\n\n<p>A velocidade da tecnologia tamb\u00e9m preocupa o especialista. Para o jurista \u201co descompasso entre a velocidade da tecnologia e a resposta jur\u00eddica poss\u00edvel de ser dada pela Justi\u00e7a Eleitoral\u201d representa um dos principais obst\u00e1culos. \u201cA tecnologia avan\u00e7a com uma velocidade que n\u00e3o \u00e9 compat\u00edvel com as medidas que o Direito pode oferecer\u201d, acrescenta.<\/p>\n\n\n\n<p>O problema vai al\u00e9m da capacidade de produzir uma mentira convincente. A intelig\u00eancia artificial tamb\u00e9m pode ampliar a desconfian\u00e7a sobre conte\u00fados verdadeiros. \u201cO risco n\u00e3o \u00e9 apenas fazer algu\u00e9m acreditar em algo falso. \u00c9 tamb\u00e9m criar d\u00favida sobre o que \u00e9 verdadeiro. E, numa elei\u00e7\u00e3o, isso atinge diretamente a confian\u00e7a da sociedade\u201d, afirma Natalia Lima, diretora da Oficina Consultoria.<\/p>\n\n\n\n<h2 class=\"wp-block-heading\">As regras do TSE<\/h2>\n\n\n\n<p>O Tribunal Superior Eleitoral (TSE) chega \u00e0s elei\u00e7\u00f5es de 2026 com regras espec\u00edficas para o uso da intelig\u00eancia artificial na propaganda eleitoral. A regulamenta\u00e7\u00e3o determina que as campanhas identifiquem de forma expl\u00edcita os conte\u00fados sint\u00e9ticos produzidos ou alterados por IA.<\/p>\n\n\n\n<p>A Justi\u00e7a Eleitoral tamb\u00e9m endureceu o tratamento dos chamados deepfakes. A utiliza\u00e7\u00e3o de \u00e1udio ou v\u00eddeo sint\u00e9tico para manipular a imagem ou a voz de uma pessoa com o objetivo de prejudicar ou favorecer uma candidatura pode caracterizar abuso de poder e uso indevido dos meios de comunica\u00e7\u00e3o. A conduta pode levar \u00e0 cassa\u00e7\u00e3o do registro ou do mandato.<\/p>\n\n\n\n<p>O TSE tamb\u00e9m ampliou a coopera\u00e7\u00e3o com plataformas digitais e empresas de intelig\u00eancia artificial. A rede inclui Kwai, Telegram, Meta, TikTok, Google, X, LinkedIn, ElevenLabs, OpenAI e Anthropic. O objetivo \u00e9 criar canais de comunica\u00e7\u00e3o para acelerar a identifica\u00e7\u00e3o e a conten\u00e7\u00e3o de conte\u00fados il\u00edcitos.<\/p>\n\n\n\n<p>A clonagem de voz ganhou aten\u00e7\u00e3o especial. Uma grava\u00e7\u00e3o falsa pode reproduzir a voz de um candidato e apresentar ao eleitor uma declara\u00e7\u00e3o que nunca existiu. A tecnologia transforma uma mentira em algo que pode parecer uma prova.<\/p>\n\n\n\n<h2 class=\"wp-block-heading\">A guerra nos estados<\/h2>\n\n\n\n<p>A resposta da Justi\u00e7a Eleitoral tamb\u00e9m depende dos Tribunais Regionais Eleitorais (TREs). A desinforma\u00e7\u00e3o costuma assumir caracter\u00edsticas locais e pode exigir decis\u00f5es em poucas horas. Os tribunais treinam magistrados, servidores e chefes de cart\u00f3rio para lidar com situa\u00e7\u00f5es de crise. <\/p>\n\n\n\n<p>O treinamento inclui a prepara\u00e7\u00e3o de porta-vozes capazes de explicar temas t\u00e9cnicos para o eleitor. \u201cPreparar n\u00e3o significa ter respostas prontas para tudo. Significa desenvolver capacidade para lidar justamente com o que n\u00e3o estava previsto\u201d, afirma Natalia.<\/p>\n\n\n\n<p><strong>Leia tamb\u00e9m: <a href=\"https:\/\/newblogs.correiobraziliense.com.br\/emaltanapolitica\/tse-da-inicio-a-etapa-que-garante-a-seguranca-dos-sistemas-usados-nas-urnas\/\">TSE d\u00e1 in\u00edcio \u00e0 etapa que garante a seguran\u00e7a dos sistemas usados nas urnas<\/a><\/strong><\/p>\n\n\n\n<p>A especialista tamb\u00e9m defende que a comunica\u00e7\u00e3o aconte\u00e7a antes da crise. \u201cSe isso s\u00f3 \u00e9 explicado no dia em que surge um boato, \u00e9 tarde e a informa\u00e7\u00e3o chega competindo com a desinforma\u00e7\u00e3o, e nessa corrida a desinforma\u00e7\u00e3o costuma sair na frente\u201d, pontua NataliaO dilema do desmentido<\/p>\n\n\n\n<h2 class=\"wp-block-heading\">O dilema do desmentido<\/h2>\n\n\n\n<p>O enfrentamento \u00e0 desinforma\u00e7\u00e3o produzida por intelig\u00eancia artificial imp\u00f5e \u00e0 Justi\u00e7a Eleitoral um problema que vai al\u00e9m da identifica\u00e7\u00e3o de conte\u00fados falsos: \u00e9 preciso desmenti-los sem contribuir para sua dissemina\u00e7\u00e3o. O chamado debunking exige que o Judici\u00e1rio escolha quando e como intervir. <\/p>\n\n\n\n<p> A estrat\u00e9gia do Tribunal Superior Eleitoral (TSE) \u00e9 concentrar esfor\u00e7os em informa\u00e7\u00f5es com potencial de confundir o eleitor sobre prazos, locais de vota\u00e7\u00e3o e a seguran\u00e7a do sistema eletr\u00f4nico, buscando fazer com que a vers\u00e3o correta esteja dispon\u00edvel antes que a falsidade se consolide.<\/p>\n\n\n\n<p>A resposta passa tamb\u00e9m por medidas preventivas. Na \u00e1rea de educa\u00e7\u00e3o e alfabetiza\u00e7\u00e3o midi\u00e1tica, o TSE mant\u00e9m a p\u00e1gina \u201cFato ou Boato\u201d e uma parceria com o Senado Federal para orientar eleitores a identificar manipula\u00e7\u00f5es antes de compartilh\u00e1-las.  <\/p>\n\n\n\n<p><strong>Leia tamb\u00e9m: <a href=\"https:\/\/www.correiobraziliense.com.br\/politica\/2026\/09\/7493706-flavio-bolsonaro-tem-354-e-lidera-corrida-no-df-aponta-correio-opiniao.html\">Fl\u00e1vio Bolsonaro lidera no DF com 35,4%, aponta Correio\/Opini\u00e3o<\/a><\/strong><\/p>\n\n\n\n<p>A Justi\u00e7a Eleitoral tamb\u00e9m aposta na transpar\u00eancia antecipada, com divulga\u00e7\u00e3o de dados, auditorias das urnas e fiscaliza\u00e7\u00e3o pelos partidos, como forma de reduzir o espa\u00e7o para suspeitas e narrativas falsas \u00e0s v\u00e9speras da vota\u00e7\u00e3o.<\/p>\n\n\n\n<p>Outro esfor\u00e7o est\u00e1 na defini\u00e7\u00e3o de par\u00e2metros comuns para classificar conte\u00fados sint\u00e9ticos il\u00edcitos, de modo a diminuir a subjetividade e acelerar a atua\u00e7\u00e3o judicial. Para Tamanaha, por\u00e9m, permanece um problema estrutural: \u201co descompasso entre a velocidade da tecnologia e a resposta jur\u00eddica poss\u00edvel de ser dada pela Justi\u00e7a Eleitoral\u201d. Natalia resume o risco da demora: \u201cSe isso s\u00f3 \u00e9 explicado no dia em que surge um boato, \u00e9 tarde\u201d, porque a informa\u00e7\u00e3o oficial passa a disputar espa\u00e7o com uma desinforma\u00e7\u00e3o que j\u00e1 ganhou velocidade.<\/p>\n\n\n<ul class=\"wp-block-latest-posts__list wp-block-latest-posts\"><li><a class=\"wp-block-latest-posts__post-title\" href=\"https:\/\/newblogs.correiobraziliense.com.br\/emaltanapolitica\/eleicoes-2026-o-plano-de-contingencia-do-judiciario-contra-a-ia\/\">Elei\u00e7\u00f5es 2026: o plano de conting\u00eancia do Judici\u00e1rio contra a IA<\/a><\/li>\n<li><a class=\"wp-block-latest-posts__post-title\" href=\"https:\/\/newblogs.correiobraziliense.com.br\/emaltanapolitica\/pitiman-diz-que-adversarios-alardeiam-decisao-do-tre-df-contra-arruda\/\">Pitiman diz que advers\u00e1rios \u2018alardeiam\u2019 decis\u00e3o do TRE-DF contra Arruda<\/a><\/li>\n<li><a class=\"wp-block-latest-posts__post-title\" href=\"https:\/\/newblogs.correiobraziliense.com.br\/emaltanapolitica\/campanha-de-arruda-segue-normal-ate-decisao-final-diz-psd\/\">Campanha de Arruda segue normal at\u00e9 decis\u00e3o final, diz PSD<\/a><\/li>\n<li><a class=\"wp-block-latest-posts__post-title\" href=\"https:\/\/newblogs.correiobraziliense.com.br\/emaltanapolitica\/candidata-mais-jovem-do-df-pretende-homenagear-o-pai-se-for-eleita\/\">Candidata mais jovem do DF pretende homenagear o pai, se for eleita<\/a><\/li>\n<li><a class=\"wp-block-latest-posts__post-title\" href=\"https:\/\/newblogs.correiobraziliense.com.br\/emaltanapolitica\/o-que-a-pesquisa-quaest-mostra-sobre-o-crescimento-de-augusto-cury\/\">O que a pesquisa Quaest mostra sobre o crescimento de Augusto Cury<\/a><\/li>\n<\/ul>","protected":false},"excerpt":{"rendered":"<p>Impacto da intelig\u00eancia artificial generativa imp\u00f5e desafios, pois eleva a desinforma\u00e7\u00e3o a um novo patamar<\/p>\n","protected":false},"author":28,"featured_media":645,"comment_status":"closed","ping_status":"open","sticky":false,"template":"","format":"standard","meta":{"_acf_changed":false,"inline_featured_image":false,"footnotes":""},"categories":[16],"tags":[24,19,27,183,29],"class_list":["post-797","post","type-post","status-publish","format-standard","has-post-thumbnail","hentry","category-tse","tag-eleicoes","tag-eleicoes-2026","tag-eleicoes-2026-2","tag-ia","tag-tse"],"acf":[],"yoast_head":"<!-- This site is optimized with the Yoast SEO plugin v28.1 - https:\/\/yoast.com\/product\/yoast-seo-wordpress\/ -->\n<title>Elei\u00e7\u00f5es 2026: o plano de conting\u00eancia do Judici\u00e1rio contra a IA | Em alta na pol\u00edtica<\/title>\n<meta name=\"description\" content=\"Impacto da intelig\u00eancia artificial generativa imp\u00f5e desafios, pois eleva a desinforma\u00e7\u00e3o a um novo patamar\" \/>\n<meta name=\"robots\" content=\"index, follow, max-snippet:-1, max-image-preview:large, max-video-preview:-1\" \/>\n<link rel=\"canonical\" href=\"https:\/\/newblogs.correiobraziliense.com.br\/emaltanapolitica\/eleicoes-2026-o-plano-de-contingencia-do-judiciario-contra-a-ia\/\" \/>\n<meta property=\"og:locale\" content=\"pt_BR\" \/>\n<meta property=\"og:type\" content=\"article\" \/>\n<meta property=\"og:title\" content=\"Elei\u00e7\u00f5es 2026: o plano de conting\u00eancia do Judici\u00e1rio contra a IA | Em alta na pol\u00edtica\" \/>\n<meta property=\"og:description\" content=\"Impacto da intelig\u00eancia artificial generativa imp\u00f5e desafios, pois eleva a desinforma\u00e7\u00e3o a um novo patamar\" \/>\n<meta property=\"og:url\" content=\"https:\/\/newblogs.correiobraziliense.com.br\/emaltanapolitica\/eleicoes-2026-o-plano-de-contingencia-do-judiciario-contra-a-ia\/\" \/>\n<meta property=\"og:site_name\" content=\"Em alta na pol\u00edtica\" \/>\n<meta property=\"article:published_time\" content=\"2026-09-04T17:20:11+00:00\" \/>\n<meta property=\"article:modified_time\" content=\"2026-09-04T17:24:50+00:00\" \/>\n<meta property=\"og:image\" content=\"https:\/\/newblogs.correiobraziliense.com.br\/emaltanapolitica\/wp-content\/uploads\/sites\/9\/2026\/08\/55252472822_6eb1f8953f_c.jpg\" \/>\n\t<meta property=\"og:image:width\" content=\"799\" \/>\n\t<meta property=\"og:image:height\" content=\"533\" \/>\n\t<meta property=\"og:image:type\" content=\"image\/jpeg\" \/>\n<meta name=\"author\" content=\"Raphaela Peixoto\" \/>\n<!-- \/ Yoast SEO plugin. -->","yoast_head_json":{"title":"Elei\u00e7\u00f5es 2026: o plano de conting\u00eancia do Judici\u00e1rio contra a IA | Em alta na pol\u00edtica","description":"Impacto da intelig\u00eancia artificial generativa imp\u00f5e desafios, pois eleva a desinforma\u00e7\u00e3o a um novo patamar","robots":{"index":"index","follow":"follow","max-snippet":"max-snippet:-1","max-image-preview":"max-image-preview:large","max-video-preview":"max-video-preview:-1"},"canonical":"https:\/\/newblogs.correiobraziliense.com.br\/emaltanapolitica\/eleicoes-2026-o-plano-de-contingencia-do-judiciario-contra-a-ia\/","og_locale":"pt_BR","og_type":"article","og_title":"Elei\u00e7\u00f5es 2026: o plano de conting\u00eancia do Judici\u00e1rio contra a IA | Em alta na pol\u00edtica","og_description":"Impacto da intelig\u00eancia artificial generativa imp\u00f5e desafios, pois eleva a desinforma\u00e7\u00e3o a um novo patamar","og_url":"https:\/\/newblogs.correiobraziliense.com.br\/emaltanapolitica\/eleicoes-2026-o-plano-de-contingencia-do-judiciario-contra-a-ia\/","og_site_name":"Em alta na pol\u00edtica","article_published_time":"2026-09-04T17:20:11+00:00","article_modified_time":"2026-09-04T17:24:50+00:00","og_image":[{"width":799,"height":533,"url":"https:\/\/newblogs.correiobraziliense.com.br\/emaltanapolitica\/wp-content\/uploads\/sites\/9\/2026\/08\/55252472822_6eb1f8953f_c.jpg","type":"image\/jpeg"}],"author":"Raphaela Peixoto","schema":{"@context":"https:\/\/schema.org","@graph":[{"@type":"NewsArticle","@id":"https:\/\/newblogs.correiobraziliense.com.br\/emaltanapolitica\/eleicoes-2026-o-plano-de-contingencia-do-judiciario-contra-a-ia\/#article","isPartOf":{"@id":"https:\/\/newblogs.correiobraziliense.com.br\/emaltanapolitica\/eleicoes-2026-o-plano-de-contingencia-do-judiciario-contra-a-ia\/"},"author":{"name":"Raphaela Peixoto","@id":"https:\/\/newblogs.correiobraziliense.com.br\/emaltanapolitica\/#\/schema\/person\/770848eb98d73445e45e3b669ef389af"},"headline":"Elei\u00e7\u00f5es 2026: o plano de conting\u00eancia do Judici\u00e1rio contra a IA","datePublished":"2026-09-04T17:20:11+00:00","dateModified":"2026-09-04T17:24:50+00:00","mainEntityOfPage":{"@id":"https:\/\/newblogs.correiobraziliense.com.br\/emaltanapolitica\/eleicoes-2026-o-plano-de-contingencia-do-judiciario-contra-a-ia\/"},"wordCount":973,"publisher":{"@id":"https:\/\/newblogs.correiobraziliense.com.br\/emaltanapolitica\/#organization"},"image":{"@id":"https:\/\/newblogs.correiobraziliense.com.br\/emaltanapolitica\/eleicoes-2026-o-plano-de-contingencia-do-judiciario-contra-a-ia\/#primaryimage"},"thumbnailUrl":"https:\/\/newblogs.correiobraziliense.com.br\/emaltanapolitica\/wp-content\/uploads\/sites\/9\/2026\/08\/55252472822_6eb1f8953f_c.jpg","keywords":["Elei\u00e7\u00f5es","Elei\u00e7\u00f5es 2026","Elei\u00e7\u00f5es-2026","IA","TSE"],"articleSection":["TSE"],"inLanguage":"pt-BR"},{"@type":"WebPage","@id":"https:\/\/newblogs.correiobraziliense.com.br\/emaltanapolitica\/eleicoes-2026-o-plano-de-contingencia-do-judiciario-contra-a-ia\/","url":"https:\/\/newblogs.correiobraziliense.com.br\/emaltanapolitica\/eleicoes-2026-o-plano-de-contingencia-do-judiciario-contra-a-ia\/","name":"Elei\u00e7\u00f5es 2026: o plano de conting\u00eancia do Judici\u00e1rio contra a IA | Em alta na pol\u00edtica","isPartOf":{"@id":"https:\/\/newblogs.correiobraziliense.com.br\/emaltanapolitica\/#website"},"primaryImageOfPage":{"@id":"https:\/\/newblogs.correiobraziliense.com.br\/emaltanapolitica\/eleicoes-2026-o-plano-de-contingencia-do-judiciario-contra-a-ia\/#primaryimage"},"image":{"@id":"https:\/\/newblogs.correiobraziliense.com.br\/emaltanapolitica\/eleicoes-2026-o-plano-de-contingencia-do-judiciario-contra-a-ia\/#primaryimage"},"thumbnailUrl":"https:\/\/newblogs.correiobraziliense.com.br\/emaltanapolitica\/wp-content\/uploads\/sites\/9\/2026\/08\/55252472822_6eb1f8953f_c.jpg","datePublished":"2026-09-04T17:20:11+00:00","dateModified":"2026-09-04T17:24:50+00:00","description":"Impacto da intelig\u00eancia artificial generativa imp\u00f5e desafios, pois eleva a desinforma\u00e7\u00e3o a um novo patamar","breadcrumb":{"@id":"https:\/\/newblogs.correiobraziliense.com.br\/emaltanapolitica\/eleicoes-2026-o-plano-de-contingencia-do-judiciario-contra-a-ia\/#breadcrumb"},"inLanguage":"pt-BR","potentialAction":[{"@type":"ReadAction","target":["https:\/\/newblogs.correiobraziliense.com.br\/emaltanapolitica\/eleicoes-2026-o-plano-de-contingencia-do-judiciario-contra-a-ia\/"]}]},{"@type":"ImageObject","inLanguage":"pt-BR","@id":"https:\/\/newblogs.correiobraziliense.com.br\/emaltanapolitica\/eleicoes-2026-o-plano-de-contingencia-do-judiciario-contra-a-ia\/#primaryimage","url":"https:\/\/newblogs.correiobraziliense.com.br\/emaltanapolitica\/wp-content\/uploads\/sites\/9\/2026\/08\/55252472822_6eb1f8953f_c.jpg","contentUrl":"https:\/\/newblogs.correiobraziliense.com.br\/emaltanapolitica\/wp-content\/uploads\/sites\/9\/2026\/08\/55252472822_6eb1f8953f_c.jpg","width":799,"height":533,"caption":"Foto: Luiz Roberto\/TSE"},{"@type":"BreadcrumbList","@id":"https:\/\/newblogs.correiobraziliense.com.br\/emaltanapolitica\/eleicoes-2026-o-plano-de-contingencia-do-judiciario-contra-a-ia\/#breadcrumb","itemListElement":[{"@type":"ListItem","position":1,"name":"In\u00edcio","item":"https:\/\/newblogs.correiobraziliense.com.br\/emaltanapolitica\/"},{"@type":"ListItem","position":2,"name":"TSE","item":"https:\/\/newblogs.correiobraziliense.com.br\/emaltanapolitica\/tse\/"},{"@type":"ListItem","position":3,"name":"Elei\u00e7\u00f5es 2026: o plano de conting\u00eancia do Judici\u00e1rio contra a IA"}]},{"@type":"WebSite","@id":"https:\/\/newblogs.correiobraziliense.com.br\/emaltanapolitica\/#website","url":"https:\/\/newblogs.correiobraziliense.com.br\/emaltanapolitica\/","name":"Em alta na pol\u00edtica","description":"Cobertura di\u00e1ria dos temas que dominam o debate p\u00fablico, com not\u00edcias, an\u00e1lises e bastidores da pol\u00edtica brasileira e do Distrito Federal.","publisher":{"@id":"https:\/\/newblogs.correiobraziliense.com.br\/emaltanapolitica\/#organization"},"potentialAction":[{"@type":"SearchAction","target":{"@type":"EntryPoint","urlTemplate":"https:\/\/newblogs.correiobraziliense.com.br\/emaltanapolitica\/?s={search_term_string}"},"query-input":{"@type":"PropertyValueSpecification","valueRequired":true,"valueName":"search_term_string"}}],"inLanguage":"pt-BR"},{"@type":"Organization","@id":"https:\/\/newblogs.correiobraziliense.com.br\/emaltanapolitica\/#organization","name":"Correio Braziliense","url":"https:\/\/newblogs.correiobraziliense.com.br\/emaltanapolitica\/","logo":{"@type":"ImageObject","inLanguage":"pt-BR","@id":"https:\/\/newblogs.correiobraziliense.com.br\/emaltanapolitica\/#\/schema\/logo\/image\/","url":"https:\/\/newblogs.correiobraziliense.com.br\/emaltanapolitica\/wp-content\/uploads\/sites\/9\/2026\/07\/cropped-512x512-1.png","contentUrl":"https:\/\/newblogs.correiobraziliense.com.br\/emaltanapolitica\/wp-content\/uploads\/sites\/9\/2026\/07\/cropped-512x512-1.png","width":512,"height":512,"caption":"Correio Braziliense"},"image":{"@id":"https:\/\/newblogs.correiobraziliense.com.br\/emaltanapolitica\/#\/schema\/logo\/image\/"}},{"@type":"Person","@id":"https:\/\/newblogs.correiobraziliense.com.br\/emaltanapolitica\/#\/schema\/person\/770848eb98d73445e45e3b669ef389af","name":"Raphaela Peixoto","image":{"@type":"ImageObject","inLanguage":"pt-BR","@id":"https:\/\/secure.gravatar.com\/avatar\/ba67abe2d847e444b0c0c47a807b0cd009513209f2bb15bb7031b6e4f616a300?s=96&d=mm&r=g","url":"https:\/\/secure.gravatar.com\/avatar\/ba67abe2d847e444b0c0c47a807b0cd009513209f2bb15bb7031b6e4f616a300?s=96&d=mm&r=g","contentUrl":"https:\/\/secure.gravatar.com\/avatar\/ba67abe2d847e444b0c0c47a807b0cd009513209f2bb15bb7031b6e4f616a300?s=96&d=mm&r=g","caption":"Raphaela Peixoto"},"description":"Jornalista graduada pela Universidade Cat\u00f3lica de Bras\u00edlia, construiu sua trajet\u00f3ria no Correio Braziliense, onde atuou na cobertura digital de educa\u00e7\u00e3o e forma\u00e7\u00e3o profissional antes de migrar para a editoria de pol\u00edtica. Atualmente cobre o Congresso Nacional, o Pal\u00e1cio do Planalto e o cen\u00e1rio eleitoral brasileiro.","url":"https:\/\/newblogs.correiobraziliense.com.br\/emaltanapolitica\/author\/raphaelapeixoto\/"}]}},"_links":{"self":[{"href":"https:\/\/newblogs.correiobraziliense.com.br\/emaltanapolitica\/wp-json\/wp\/v2\/posts\/797","targetHints":{"allow":["GET"]}}],"collection":[{"href":"https:\/\/newblogs.correiobraziliense.com.br\/emaltanapolitica\/wp-json\/wp\/v2\/posts"}],"about":[{"href":"https:\/\/newblogs.correiobraziliense.com.br\/emaltanapolitica\/wp-json\/wp\/v2\/types\/post"}],"author":[{"embeddable":true,"href":"https:\/\/newblogs.correiobraziliense.com.br\/emaltanapolitica\/wp-json\/wp\/v2\/users\/28"}],"replies":[{"embeddable":true,"href":"https:\/\/newblogs.correiobraziliense.com.br\/emaltanapolitica\/wp-json\/wp\/v2\/comments?post=797"}],"version-history":[{"count":3,"href":"https:\/\/newblogs.correiobraziliense.com.br\/emaltanapolitica\/wp-json\/wp\/v2\/posts\/797\/revisions"}],"predecessor-version":[{"id":801,"href":"https:\/\/newblogs.correiobraziliense.com.br\/emaltanapolitica\/wp-json\/wp\/v2\/posts\/797\/revisions\/801"}],"wp:featuredmedia":[{"embeddable":true,"href":"https:\/\/newblogs.correiobraziliense.com.br\/emaltanapolitica\/wp-json\/wp\/v2\/media\/645"}],"wp:attachment":[{"href":"https:\/\/newblogs.correiobraziliense.com.br\/emaltanapolitica\/wp-json\/wp\/v2\/media?parent=797"}],"wp:term":[{"taxonomy":"category","embeddable":true,"href":"https:\/\/newblogs.correiobraziliense.com.br\/emaltanapolitica\/wp-json\/wp\/v2\/categories?post=797"},{"taxonomy":"post_tag","embeddable":true,"href":"https:\/\/newblogs.correiobraziliense.com.br\/emaltanapolitica\/wp-json\/wp\/v2\/tags?post=797"}],"curies":[{"name":"wp","href":"https:\/\/api.w.org\/{rel}","templated":true}]}}