{"id":789,"date":"2026-09-03T22:10:28","date_gmt":"2026-09-04T01:10:28","guid":{"rendered":"https:\/\/newblogs.correiobraziliense.com.br\/emaltanapolitica\/?p=789"},"modified":"2026-09-03T22:40:43","modified_gmt":"2026-09-04T01:40:43","slug":"pitiman-diz-que-adversarios-alardeiam-decisao-do-tre-df-contra-arruda","status":"publish","type":"post","link":"https:\/\/newblogs.correiobraziliense.com.br\/emaltanapolitica\/pitiman-diz-que-adversarios-alardeiam-decisao-do-tre-df-contra-arruda\/","title":{"rendered":"Pitiman diz que advers\u00e1rios \u2018alardeiam\u2019 decis\u00e3o do TRE-DF contra Arruda"},"content":{"rendered":"\n<p>Luiz Pitiman, candidato a vice na chapa de Jos\u00e9 Roberto Arruda (PSD) ao governo do Distrito Federal, reagiu \u00e0 decis\u00e3o un\u00e2nime do Tribunal Regional Eleitoral do DF (TRE-DF) que, por unanimidade, negou o registro de candidatura do ex-governador. Ao blog Em Alta Na Pol\u00edtica, o candidato afirmou que n\u00e3o v\u00ea a decis\u00e3o como eleitoreira e refor\u00e7ou que a campanha de Arruda continuar\u00e1 normalmente destacando a import\u00e2ncia do contato com o povo.<\/p>\n\n\n\n<p>O vice de Arruda ainda disse que a decis\u00e3o \u00e9 de dif\u00edcil entender, pois \u201cem todos os momentos dos processos do Arruda no passado, o Minist\u00e9rio P\u00fablico, se posicionou que em virtude da conex\u00e3o dos fatos, eles deveriam ser enviados ao mesmo ju\u00edzo do Tribunal. E agora para o julgamento de hoje, o Minist\u00e9rio P\u00fablico se posicionou por aus\u00eancia de conex\u00e3o, inviabilizando o que a lei aprovada no ano passado exige\u201d. <\/p>\n\n\n\n<p>Para Pitiman, os seus advers\u00e1rios \u201cest\u00e3o alardeando como uma conquista deles, mas, na verdade, \u00e9 uma decis\u00e3o constitucional da qual a gente discorda e entrar\u00e1 com recurso (ao Tribunal Superior Eleitoral)\u201d, afirmou ressaltando que espera uma decis\u00e3o favor\u00e1vel no TSE, que segundo ele, deve ser tomada at\u00e9 14 de setembro. A defesa do ex-governador afirmou, ap\u00f3s o julgamento, que o recurso j\u00e1 est\u00e1 pronto e aguarda a publica\u00e7\u00e3o do ac\u00f3rd\u00e3o para ser apresentado \u00e0 Corte.<\/p>\n\n\n\n<ul class=\"wp-block-list\">\n<li><strong>Leia tamb\u00e9m: <a href=\"https:\/\/newblogs.correiobraziliense.com.br\/emaltanapolitica\/campanha-de-arruda-segue-normal-ate-decisao-final-diz-psd\/\">Campanha de Arruda segue normal at\u00e9 decis\u00e3o final, diz PSD<\/a><\/strong><\/li>\n<\/ul>\n\n\n\n<p>O julgamento tratou de duas impugna\u00e7\u00f5es ao registro de Arruda. Uma foi apresentada pelo Minist\u00e9rio P\u00fablico Eleitoral e outra pelo ex-administrador regional Cl\u00e1udio Ferreira Domingues. O principal ponto discutido pelos desembargadores foi qual condena\u00e7\u00e3o por improbidade administrativa deve ser usada para iniciar a contagem do per\u00edodo de inelegibilidade.<\/p>\n\n\n\n<p>A defesa de Arruda sustentava que o prazo deveria come\u00e7ar em 2014, quando ocorreu a primeira condena\u00e7\u00e3o. O argumento permitiria a candidatura do ex-governador. O Minist\u00e9rio P\u00fablico Eleitoral defendia que a contagem come\u00e7asse em 2018, o que manteria Arruda ineleg\u00edvel at\u00e9 dezembro de 2030.<\/p>\n\n\n\n<p>Relator do caso, o desembargador eleitoral Guilherme Pupe afirmou que as sete condena\u00e7\u00f5es de Arruda n\u00e3o s\u00e3o todas conexas. Para ele, n\u00e3o seria poss\u00edvel reunir os per\u00edodos de inelegibilidade e considerar como marco a primeira condena\u00e7\u00e3o.<br \/>O entendimento foi acompanhado por outros quatro desembargadores. Os desembargadores consideram como marco a segunda condena\u00e7\u00e3o colegiada, de 2018.<\/p>\n\n\n\n<p>O desembargador N\u00e9viton Guedes se declarou suspeito e n\u00e3o participou do julgamento. Ele havia analisado processos relacionados \u00e0 Opera\u00e7\u00e3o Caixa de Pandora no Tribunal Regional Federal da 1\u00aa Regi\u00e3o.<\/p>\n\n\n\n<p><a href=\"https:\/\/newblogs.correiobraziliense.com.br\/emaltanapolitica\/candidata-mais-jovem-do-df-pretende-homenagear-o-pai-se-for-eleita\/\">Candidata mais jovem do DF pretende homenagear o pai, se for eleita<\/a><\/p>\n\n\n\n<p><a href=\"https:\/\/newblogs.correiobraziliense.com.br\/emaltanapolitica\/o-que-a-pesquisa-quaest-mostra-sobre-o-crescimento-de-augusto-cury\/\">O que a pesquisa Quaest mostra sobre o crescimento de Augusto Cury<\/a><\/p>\n\n\n\n<p><a href=\"https:\/\/newblogs.correiobraziliense.com.br\/emaltanapolitica\/tse-da-inicio-a-etapa-que-garante-a-seguranca-dos-sistemas-usados-nas-urnas\/\">TSE d\u00e1 in\u00edcio \u00e0 etapa que garante a seguran\u00e7a dos sistemas usados nas urnas<\/a><\/p>\n","protected":false},"excerpt":{"rendered":"<p>Ao blog Em Alta Na Pol\u00edtica, ele afirmou que n\u00e3o entende a decis\u00e3o eleitoreira e refor\u00e7ou que a campanha de Arruda continuar\u00e1 normalmente destacando a import\u00e2ncia do contato com o povo<\/p>\n","protected":false},"author":28,"featured_media":787,"comment_status":"closed","ping_status":"open","sticky":false,"template":"","format":"standard","meta":{"_acf_changed":false,"inline_featured_image":false,"footnotes":""},"categories":[1],"tags":[],"class_list":["post-789","post","type-post","status-publish","format-standard","has-post-thumbnail","hentry","category-sem-categoria"],"acf":[],"yoast_head":"<!-- This site is optimized with the Yoast SEO plugin v28.1 - https:\/\/yoast.com\/product\/yoast-seo-wordpress\/ -->\n<title>Pitiman diz que advers\u00e1rios \u2018alardeiam\u2019 decis\u00e3o do TRE-DF contra Arruda | Em alta na pol\u00edtica<\/title>\n<meta name=\"description\" content=\"Ao blog Em Alta Na Pol\u00edtica, ele afirmou que n\u00e3o entende a decis\u00e3o eleitoreira e refor\u00e7ou que a campanha de Arruda continuar\u00e1 normalmente destacando a import\u00e2ncia do contato com o povo\" \/>\n<meta name=\"robots\" content=\"index, follow, max-snippet:-1, max-image-preview:large, max-video-preview:-1\" \/>\n<link rel=\"canonical\" href=\"https:\/\/newblogs.correiobraziliense.com.br\/emaltanapolitica\/pitiman-diz-que-adversarios-alardeiam-decisao-do-tre-df-contra-arruda\/\" \/>\n<meta property=\"og:locale\" content=\"pt_BR\" \/>\n<meta property=\"og:type\" content=\"article\" \/>\n<meta property=\"og:title\" content=\"Pitiman diz que advers\u00e1rios \u2018alardeiam\u2019 decis\u00e3o do TRE-DF contra Arruda | Em alta na pol\u00edtica\" \/>\n<meta property=\"og:description\" content=\"Ao blog Em Alta Na Pol\u00edtica, ele afirmou que n\u00e3o entende a decis\u00e3o eleitoreira e refor\u00e7ou que a campanha de Arruda continuar\u00e1 normalmente destacando a import\u00e2ncia do contato com o povo\" \/>\n<meta property=\"og:url\" content=\"https:\/\/newblogs.correiobraziliense.com.br\/emaltanapolitica\/pitiman-diz-que-adversarios-alardeiam-decisao-do-tre-df-contra-arruda\/\" \/>\n<meta property=\"og:site_name\" content=\"Em alta na pol\u00edtica\" \/>\n<meta property=\"article:published_time\" content=\"2026-09-04T01:10:28+00:00\" \/>\n<meta property=\"article:modified_time\" content=\"2026-09-04T01:40:43+00:00\" \/>\n<meta property=\"og:image\" content=\"https:\/\/newblogs.correiobraziliense.com.br\/emaltanapolitica\/wp-content\/uploads\/sites\/9\/2026\/09\/whatsapp-image-2026-08-07-at-21-41-43-67367559.jpeg\" \/>\n\t<meta property=\"og:image:width\" content=\"1600\" \/>\n\t<meta property=\"og:image:height\" content=\"1093\" \/>\n\t<meta property=\"og:image:type\" content=\"image\/jpeg\" \/>\n<meta name=\"author\" content=\"Raphaela Peixoto\" \/>\n<!-- \/ Yoast SEO plugin. -->","yoast_head_json":{"title":"Pitiman diz que advers\u00e1rios \u2018alardeiam\u2019 decis\u00e3o do TRE-DF contra Arruda | Em alta na pol\u00edtica","description":"Ao blog Em Alta Na Pol\u00edtica, ele afirmou que n\u00e3o entende a decis\u00e3o eleitoreira e refor\u00e7ou que a campanha de Arruda continuar\u00e1 normalmente destacando a import\u00e2ncia do contato com o povo","robots":{"index":"index","follow":"follow","max-snippet":"max-snippet:-1","max-image-preview":"max-image-preview:large","max-video-preview":"max-video-preview:-1"},"canonical":"https:\/\/newblogs.correiobraziliense.com.br\/emaltanapolitica\/pitiman-diz-que-adversarios-alardeiam-decisao-do-tre-df-contra-arruda\/","og_locale":"pt_BR","og_type":"article","og_title":"Pitiman diz que advers\u00e1rios \u2018alardeiam\u2019 decis\u00e3o do TRE-DF contra Arruda | Em alta na pol\u00edtica","og_description":"Ao blog Em Alta Na Pol\u00edtica, ele afirmou que n\u00e3o entende a decis\u00e3o eleitoreira e refor\u00e7ou que a campanha de Arruda continuar\u00e1 normalmente destacando a import\u00e2ncia do contato com o povo","og_url":"https:\/\/newblogs.correiobraziliense.com.br\/emaltanapolitica\/pitiman-diz-que-adversarios-alardeiam-decisao-do-tre-df-contra-arruda\/","og_site_name":"Em alta na pol\u00edtica","article_published_time":"2026-09-04T01:10:28+00:00","article_modified_time":"2026-09-04T01:40:43+00:00","og_image":[{"width":1600,"height":1093,"url":"https:\/\/newblogs.correiobraziliense.com.br\/emaltanapolitica\/wp-content\/uploads\/sites\/9\/2026\/09\/whatsapp-image-2026-08-07-at-21-41-43-67367559.jpeg","type":"image\/jpeg"}],"author":"Raphaela Peixoto","schema":{"@context":"https:\/\/schema.org","@graph":[{"@type":"NewsArticle","@id":"https:\/\/newblogs.correiobraziliense.com.br\/emaltanapolitica\/pitiman-diz-que-adversarios-alardeiam-decisao-do-tre-df-contra-arruda\/#article","isPartOf":{"@id":"https:\/\/newblogs.correiobraziliense.com.br\/emaltanapolitica\/pitiman-diz-que-adversarios-alardeiam-decisao-do-tre-df-contra-arruda\/"},"author":{"name":"Raphaela Peixoto","@id":"https:\/\/newblogs.correiobraziliense.com.br\/emaltanapolitica\/#\/schema\/person\/770848eb98d73445e45e3b669ef389af"},"headline":"Pitiman diz que advers\u00e1rios \u2018alardeiam\u2019 decis\u00e3o do TRE-DF contra Arruda","datePublished":"2026-09-04T01:10:28+00:00","dateModified":"2026-09-04T01:40:43+00:00","mainEntityOfPage":{"@id":"https:\/\/newblogs.correiobraziliense.com.br\/emaltanapolitica\/pitiman-diz-que-adversarios-alardeiam-decisao-do-tre-df-contra-arruda\/"},"wordCount":497,"publisher":{"@id":"https:\/\/newblogs.correiobraziliense.com.br\/emaltanapolitica\/#organization"},"image":{"@id":"https:\/\/newblogs.correiobraziliense.com.br\/emaltanapolitica\/pitiman-diz-que-adversarios-alardeiam-decisao-do-tre-df-contra-arruda\/#primaryimage"},"thumbnailUrl":"https:\/\/newblogs.correiobraziliense.com.br\/emaltanapolitica\/wp-content\/uploads\/sites\/9\/2026\/09\/whatsapp-image-2026-08-07-at-21-41-43-67367559.jpeg","inLanguage":"pt-BR"},{"@type":"WebPage","@id":"https:\/\/newblogs.correiobraziliense.com.br\/emaltanapolitica\/pitiman-diz-que-adversarios-alardeiam-decisao-do-tre-df-contra-arruda\/","url":"https:\/\/newblogs.correiobraziliense.com.br\/emaltanapolitica\/pitiman-diz-que-adversarios-alardeiam-decisao-do-tre-df-contra-arruda\/","name":"Pitiman diz que advers\u00e1rios \u2018alardeiam\u2019 decis\u00e3o do TRE-DF contra Arruda | Em alta na pol\u00edtica","isPartOf":{"@id":"https:\/\/newblogs.correiobraziliense.com.br\/emaltanapolitica\/#website"},"primaryImageOfPage":{"@id":"https:\/\/newblogs.correiobraziliense.com.br\/emaltanapolitica\/pitiman-diz-que-adversarios-alardeiam-decisao-do-tre-df-contra-arruda\/#primaryimage"},"image":{"@id":"https:\/\/newblogs.correiobraziliense.com.br\/emaltanapolitica\/pitiman-diz-que-adversarios-alardeiam-decisao-do-tre-df-contra-arruda\/#primaryimage"},"thumbnailUrl":"https:\/\/newblogs.correiobraziliense.com.br\/emaltanapolitica\/wp-content\/uploads\/sites\/9\/2026\/09\/whatsapp-image-2026-08-07-at-21-41-43-67367559.jpeg","datePublished":"2026-09-04T01:10:28+00:00","dateModified":"2026-09-04T01:40:43+00:00","description":"Ao blog Em Alta Na Pol\u00edtica, ele afirmou que n\u00e3o entende a decis\u00e3o eleitoreira e refor\u00e7ou que a campanha de Arruda continuar\u00e1 normalmente destacando a import\u00e2ncia do contato com o povo","breadcrumb":{"@id":"https:\/\/newblogs.correiobraziliense.com.br\/emaltanapolitica\/pitiman-diz-que-adversarios-alardeiam-decisao-do-tre-df-contra-arruda\/#breadcrumb"},"inLanguage":"pt-BR","potentialAction":[{"@type":"ReadAction","target":["https:\/\/newblogs.correiobraziliense.com.br\/emaltanapolitica\/pitiman-diz-que-adversarios-alardeiam-decisao-do-tre-df-contra-arruda\/"]}]},{"@type":"ImageObject","inLanguage":"pt-BR","@id":"https:\/\/newblogs.correiobraziliense.com.br\/emaltanapolitica\/pitiman-diz-que-adversarios-alardeiam-decisao-do-tre-df-contra-arruda\/#primaryimage","url":"https:\/\/newblogs.correiobraziliense.com.br\/emaltanapolitica\/wp-content\/uploads\/sites\/9\/2026\/09\/whatsapp-image-2026-08-07-at-21-41-43-67367559.jpeg","contentUrl":"https:\/\/newblogs.correiobraziliense.com.br\/emaltanapolitica\/wp-content\/uploads\/sites\/9\/2026\/09\/whatsapp-image-2026-08-07-at-21-41-43-67367559.jpeg","width":1600,"height":1093,"caption":"Ed Alves\/CB\/DA Press"},{"@type":"BreadcrumbList","@id":"https:\/\/newblogs.correiobraziliense.com.br\/emaltanapolitica\/pitiman-diz-que-adversarios-alardeiam-decisao-do-tre-df-contra-arruda\/#breadcrumb","itemListElement":[{"@type":"ListItem","position":1,"name":"In\u00edcio","item":"https:\/\/newblogs.correiobraziliense.com.br\/emaltanapolitica\/"},{"@type":"ListItem","position":2,"name":"Sem categoria","item":"https:\/\/newblogs.correiobraziliense.com.br\/emaltanapolitica\/sem-categoria\/"},{"@type":"ListItem","position":3,"name":"Pitiman diz que advers\u00e1rios \u2018alardeiam\u2019 decis\u00e3o do TRE-DF contra Arruda"}]},{"@type":"WebSite","@id":"https:\/\/newblogs.correiobraziliense.com.br\/emaltanapolitica\/#website","url":"https:\/\/newblogs.correiobraziliense.com.br\/emaltanapolitica\/","name":"Em alta na pol\u00edtica","description":"Cobertura di\u00e1ria dos temas que dominam o debate p\u00fablico, com not\u00edcias, an\u00e1lises e bastidores da pol\u00edtica brasileira e do Distrito Federal.","publisher":{"@id":"https:\/\/newblogs.correiobraziliense.com.br\/emaltanapolitica\/#organization"},"potentialAction":[{"@type":"SearchAction","target":{"@type":"EntryPoint","urlTemplate":"https:\/\/newblogs.correiobraziliense.com.br\/emaltanapolitica\/?s={search_term_string}"},"query-input":{"@type":"PropertyValueSpecification","valueRequired":true,"valueName":"search_term_string"}}],"inLanguage":"pt-BR"},{"@type":"Organization","@id":"https:\/\/newblogs.correiobraziliense.com.br\/emaltanapolitica\/#organization","name":"Correio Braziliense","url":"https:\/\/newblogs.correiobraziliense.com.br\/emaltanapolitica\/","logo":{"@type":"ImageObject","inLanguage":"pt-BR","@id":"https:\/\/newblogs.correiobraziliense.com.br\/emaltanapolitica\/#\/schema\/logo\/image\/","url":"https:\/\/newblogs.correiobraziliense.com.br\/emaltanapolitica\/wp-content\/uploads\/sites\/9\/2026\/07\/cropped-512x512-1.png","contentUrl":"https:\/\/newblogs.correiobraziliense.com.br\/emaltanapolitica\/wp-content\/uploads\/sites\/9\/2026\/07\/cropped-512x512-1.png","width":512,"height":512,"caption":"Correio Braziliense"},"image":{"@id":"https:\/\/newblogs.correiobraziliense.com.br\/emaltanapolitica\/#\/schema\/logo\/image\/"}},{"@type":"Person","@id":"https:\/\/newblogs.correiobraziliense.com.br\/emaltanapolitica\/#\/schema\/person\/770848eb98d73445e45e3b669ef389af","name":"Raphaela Peixoto","image":{"@type":"ImageObject","inLanguage":"pt-BR","@id":"https:\/\/secure.gravatar.com\/avatar\/ba67abe2d847e444b0c0c47a807b0cd009513209f2bb15bb7031b6e4f616a300?s=96&d=mm&r=g","url":"https:\/\/secure.gravatar.com\/avatar\/ba67abe2d847e444b0c0c47a807b0cd009513209f2bb15bb7031b6e4f616a300?s=96&d=mm&r=g","contentUrl":"https:\/\/secure.gravatar.com\/avatar\/ba67abe2d847e444b0c0c47a807b0cd009513209f2bb15bb7031b6e4f616a300?s=96&d=mm&r=g","caption":"Raphaela Peixoto"},"description":"Jornalista graduada pela Universidade Cat\u00f3lica de Bras\u00edlia, construiu sua trajet\u00f3ria no Correio Braziliense, onde atuou na cobertura digital de educa\u00e7\u00e3o e forma\u00e7\u00e3o profissional antes de migrar para a editoria de pol\u00edtica. Atualmente cobre o Congresso Nacional, o Pal\u00e1cio do Planalto e o cen\u00e1rio eleitoral brasileiro.","url":"https:\/\/newblogs.correiobraziliense.com.br\/emaltanapolitica\/author\/raphaelapeixoto\/"}]}},"_links":{"self":[{"href":"https:\/\/newblogs.correiobraziliense.com.br\/emaltanapolitica\/wp-json\/wp\/v2\/posts\/789","targetHints":{"allow":["GET"]}}],"collection":[{"href":"https:\/\/newblogs.correiobraziliense.com.br\/emaltanapolitica\/wp-json\/wp\/v2\/posts"}],"about":[{"href":"https:\/\/newblogs.correiobraziliense.com.br\/emaltanapolitica\/wp-json\/wp\/v2\/types\/post"}],"author":[{"embeddable":true,"href":"https:\/\/newblogs.correiobraziliense.com.br\/emaltanapolitica\/wp-json\/wp\/v2\/users\/28"}],"replies":[{"embeddable":true,"href":"https:\/\/newblogs.correiobraziliense.com.br\/emaltanapolitica\/wp-json\/wp\/v2\/comments?post=789"}],"version-history":[{"count":5,"href":"https:\/\/newblogs.correiobraziliense.com.br\/emaltanapolitica\/wp-json\/wp\/v2\/posts\/789\/revisions"}],"predecessor-version":[{"id":796,"href":"https:\/\/newblogs.correiobraziliense.com.br\/emaltanapolitica\/wp-json\/wp\/v2\/posts\/789\/revisions\/796"}],"wp:featuredmedia":[{"embeddable":true,"href":"https:\/\/newblogs.correiobraziliense.com.br\/emaltanapolitica\/wp-json\/wp\/v2\/media\/787"}],"wp:attachment":[{"href":"https:\/\/newblogs.correiobraziliense.com.br\/emaltanapolitica\/wp-json\/wp\/v2\/media?parent=789"}],"wp:term":[{"taxonomy":"category","embeddable":true,"href":"https:\/\/newblogs.correiobraziliense.com.br\/emaltanapolitica\/wp-json\/wp\/v2\/categories?post=789"},{"taxonomy":"post_tag","embeddable":true,"href":"https:\/\/newblogs.correiobraziliense.com.br\/emaltanapolitica\/wp-json\/wp\/v2\/tags?post=789"}],"curies":[{"name":"wp","href":"https:\/\/api.w.org\/{rel}","templated":true}]}}