{"id":781,"date":"2026-09-03T20:19:03","date_gmt":"2026-09-03T23:19:03","guid":{"rendered":"https:\/\/newblogs.correiobraziliense.com.br\/emaltanapolitica\/?p=781"},"modified":"2026-09-03T20:19:04","modified_gmt":"2026-09-03T23:19:04","slug":"campanha-de-arruda-segue-normal-ate-decisao-final-diz-psd","status":"publish","type":"post","link":"https:\/\/newblogs.correiobraziliense.com.br\/emaltanapolitica\/campanha-de-arruda-segue-normal-ate-decisao-final-diz-psd\/","title":{"rendered":"Campanha de Arruda segue normal at\u00e9 decis\u00e3o final, diz PSD"},"content":{"rendered":"\n<p>O Tribunal Regional Eleitoral do Distrito Federal (TRE-DF) negou, por unanimidade, nesta quinta-feira (3\/9), o registro de candidatura de Jos\u00e9 Roberto Arruda (PSD) ao governo do Distrito Federal. O relator do processo, desembargador Guilherme Pupe, votou pelo reconhecimento da inelegibilidade do ex-governador em raz\u00e3o de condena\u00e7\u00f5es por improbidade administrativa ligadas \u00e0 Opera\u00e7\u00e3o Caixa de Pandora, e foi seguido pelos demais magistrados.<\/p>\n\n\n\n<p>A discuss\u00e3o girava em torno de qual condena\u00e7\u00e3o deveria marcar o in\u00edcio da contagem do prazo de inelegibilidade. A defesa de Arruda sustentava que o marco deveria ser a condena\u00e7\u00e3o de 2014, o que j\u00e1 o deixaria eleg\u00edvel hoje. J\u00e1 o Minist\u00e9rio P\u00fablico Eleitoral defendia que o prazo deve contar a partir de 2018, o que mant\u00e9m a inelegibilidade at\u00e9 dezembro de 2030.<\/p>\n\n\n\n<ul class=\"wp-block-list\">\n<li><strong>Leia tamb\u00e9m: <a href=\"https:\/\/newblogs.correiobraziliense.com.br\/emaltanapolitica\/candidatos-ao-senado-no-df-miram-satelites-e-redes-sociais\/\">Candidatos ao Senado no DF miram sat\u00e9lites e redes sociais<\/a><\/strong><\/li>\n<\/ul>\n\n\n\n<p>Diante desse cen\u00e1rio, o presidente do PSD, Paulo Oct\u00e1vio, afirmou ao <strong>Em Alta na Pol\u00edtica<\/strong> que recebeu a decis\u00e3o do TRE com surpresa. No entanto, a defesa de Arruda confirmou \u00e0 imprensa, logo ap\u00f3s a decis\u00e3o do tribunal, que j\u00e1 havia preparado o recurso para o caso de o registro de candidatura ser negado.<\/p>\n\n\n\n<p>O presidente do partido tamb\u00e9m admitiu que o PSD pode precisar indicar outro nome para a disputa pelo Buriti, caso a inelegibilidade de Arruda seja confirmada em inst\u00e2ncias superiores: &#8220;Se for necess\u00e1rio, o partido vai escolher um nome para apoiar na disputa pelo Buriti. Mas n\u00e3o trabalhamos com a chance de inelegibilidade, ent\u00e3o n\u00e3o temos um nome definido.&#8221;<\/p>\n\n\n\n<ul class=\"wp-block-list\">\n<li><a href=\"https:\/\/www.correiobraziliense.com.br\/politica\/eleicoes\/2026\">Acompanhe toda a cobertura eleitoral do Correio Braziliense<\/a><\/li>\n<\/ul>\n\n\n\n<p>Segundo Paulo Oct\u00e1vio, o fundo eleitoral destinado \u00e0 candidatura pode continuar sendo utilizado, j\u00e1 que a campanha segue normalmente at\u00e9 a decis\u00e3o final do TRE sobre o caso.Sobre o indeferimento do registro pelo tribunal, Paulo Oct\u00e1vio disse: &#8220;A gente aceita e entende a decis\u00e3o, mas vamos recorrer.&#8221;<\/p>\n\n\n\n<p>Arruda deve se pronunciar sobre o assunto nesta sexta-feira (4\/9), em coletiva de imprensa na sede do partido, em Bras\u00edlia.<\/p>\n\n\n<ul class=\"wp-block-latest-posts__list wp-block-latest-posts\"><li><a class=\"wp-block-latest-posts__post-title\" href=\"https:\/\/newblogs.correiobraziliense.com.br\/emaltanapolitica\/campanha-de-arruda-segue-normal-ate-decisao-final-diz-psd\/\">Campanha de Arruda segue normal at\u00e9 decis\u00e3o final, diz PSD<\/a><\/li>\n<li><a class=\"wp-block-latest-posts__post-title\" href=\"https:\/\/newblogs.correiobraziliense.com.br\/emaltanapolitica\/candidata-mais-jovem-do-df-pretende-homenagear-o-pai-se-for-eleita\/\">Candidata mais jovem do DF pretende homenagear o pai, se for eleita<\/a><\/li>\n<li><a class=\"wp-block-latest-posts__post-title\" href=\"https:\/\/newblogs.correiobraziliense.com.br\/emaltanapolitica\/o-que-a-pesquisa-quaest-mostra-sobre-o-crescimento-de-augusto-cury\/\">O que a pesquisa Quaest mostra sobre o crescimento de Augusto Cury<\/a><\/li>\n<li><a class=\"wp-block-latest-posts__post-title\" href=\"https:\/\/newblogs.correiobraziliense.com.br\/emaltanapolitica\/tse-da-inicio-a-etapa-que-garante-a-seguranca-dos-sistemas-usados-nas-urnas\/\">TSE d\u00e1 in\u00edcio \u00e0 etapa que garante a seguran\u00e7a dos sistemas usados nas urnas<\/a><\/li>\n<li><a class=\"wp-block-latest-posts__post-title\" href=\"https:\/\/newblogs.correiobraziliense.com.br\/emaltanapolitica\/o-salto-de-augusto-cury-muda-as-contas-da-eleicao-presidencial-e-mexe-na-terceira-via\/\">O salto de Augusto Cury muda as contas da elei\u00e7\u00e3o presidencial e mexe na terceira via<\/a><\/li>\n<\/ul>\n\n\n\n","protected":false},"excerpt":{"rendered":"<p>Paulo Oct\u00e1vio afirma que ficou surpreso com decis\u00e3o do TRE, mas que campanha segue normal at\u00e9 julgamento final<\/p>\n","protected":false},"author":29,"featured_media":782,"comment_status":"closed","ping_status":"open","sticky":false,"template":"","format":"standard","meta":{"_acf_changed":false,"inline_featured_image":false,"footnotes":""},"categories":[6,7,8],"tags":[75,100,181,24,74,56,112,81,157],"class_list":["post-781","post","type-post","status-publish","format-standard","has-post-thumbnail","hentry","category-distrito-federal","category-eleicoes-2026","category-gdf","tag-arruda","tag-candidato","tag-decisao","tag-eleicoes","tag-gdf","tag-justica-eleitoral","tag-paulo-octavio","tag-psd","tag-tre-df"],"acf":[],"yoast_head":"<!-- This site is optimized with the Yoast SEO plugin v28.1 - https:\/\/yoast.com\/product\/yoast-seo-wordpress\/ -->\n<title>Campanha de Arruda segue normal at\u00e9 decis\u00e3o final, diz PSD | Em alta na pol\u00edtica<\/title>\n<meta name=\"description\" content=\"Paulo Oct\u00e1vio afirma que ficou surpreso com decis\u00e3o do TRE, mas que campanha segue normal at\u00e9 julgamento final\" \/>\n<meta name=\"robots\" content=\"index, follow, max-snippet:-1, max-image-preview:large, max-video-preview:-1\" \/>\n<link rel=\"canonical\" href=\"https:\/\/newblogs.correiobraziliense.com.br\/emaltanapolitica\/campanha-de-arruda-segue-normal-ate-decisao-final-diz-psd\/\" \/>\n<meta property=\"og:locale\" content=\"pt_BR\" \/>\n<meta property=\"og:type\" content=\"article\" \/>\n<meta property=\"og:title\" content=\"Campanha de Arruda segue normal at\u00e9 decis\u00e3o final, diz PSD | Em alta na pol\u00edtica\" \/>\n<meta property=\"og:description\" content=\"Paulo Oct\u00e1vio afirma que ficou surpreso com decis\u00e3o do TRE, mas que campanha segue normal at\u00e9 julgamento final\" \/>\n<meta property=\"og:url\" content=\"https:\/\/newblogs.correiobraziliense.com.br\/emaltanapolitica\/campanha-de-arruda-segue-normal-ate-decisao-final-diz-psd\/\" \/>\n<meta property=\"og:site_name\" content=\"Em alta na pol\u00edtica\" \/>\n<meta property=\"article:published_time\" content=\"2026-09-03T23:19:03+00:00\" \/>\n<meta property=\"article:modified_time\" content=\"2026-09-03T23:19:04+00:00\" \/>\n<meta property=\"og:image\" content=\"https:\/\/newblogs.correiobraziliense.com.br\/emaltanapolitica\/wp-content\/uploads\/sites\/9\/2026\/09\/Design-sem-nome-5.jpg\" \/>\n\t<meta property=\"og:image:width\" content=\"1920\" \/>\n\t<meta property=\"og:image:height\" content=\"1080\" \/>\n\t<meta property=\"og:image:type\" content=\"image\/jpeg\" \/>\n<meta name=\"author\" content=\"Mannu Leones\" \/>\n<!-- \/ Yoast SEO plugin. -->","yoast_head_json":{"title":"Campanha de Arruda segue normal at\u00e9 decis\u00e3o final, diz PSD | Em alta na pol\u00edtica","description":"Paulo Oct\u00e1vio afirma que ficou surpreso com decis\u00e3o do TRE, mas que campanha segue normal at\u00e9 julgamento final","robots":{"index":"index","follow":"follow","max-snippet":"max-snippet:-1","max-image-preview":"max-image-preview:large","max-video-preview":"max-video-preview:-1"},"canonical":"https:\/\/newblogs.correiobraziliense.com.br\/emaltanapolitica\/campanha-de-arruda-segue-normal-ate-decisao-final-diz-psd\/","og_locale":"pt_BR","og_type":"article","og_title":"Campanha de Arruda segue normal at\u00e9 decis\u00e3o final, diz PSD | Em alta na pol\u00edtica","og_description":"Paulo Oct\u00e1vio afirma que ficou surpreso com decis\u00e3o do TRE, mas que campanha segue normal at\u00e9 julgamento final","og_url":"https:\/\/newblogs.correiobraziliense.com.br\/emaltanapolitica\/campanha-de-arruda-segue-normal-ate-decisao-final-diz-psd\/","og_site_name":"Em alta na pol\u00edtica","article_published_time":"2026-09-03T23:19:03+00:00","article_modified_time":"2026-09-03T23:19:04+00:00","og_image":[{"width":1920,"height":1080,"url":"https:\/\/newblogs.correiobraziliense.com.br\/emaltanapolitica\/wp-content\/uploads\/sites\/9\/2026\/09\/Design-sem-nome-5.jpg","type":"image\/jpeg"}],"author":"Mannu Leones","schema":{"@context":"https:\/\/schema.org","@graph":[{"@type":"NewsArticle","@id":"https:\/\/newblogs.correiobraziliense.com.br\/emaltanapolitica\/campanha-de-arruda-segue-normal-ate-decisao-final-diz-psd\/#article","isPartOf":{"@id":"https:\/\/newblogs.correiobraziliense.com.br\/emaltanapolitica\/campanha-de-arruda-segue-normal-ate-decisao-final-diz-psd\/"},"author":{"name":"Mannu Leones","@id":"https:\/\/newblogs.correiobraziliense.com.br\/emaltanapolitica\/#\/schema\/person\/dba8043b77d7a4f75127bb92cbc41c91"},"headline":"Campanha de Arruda segue normal at\u00e9 decis\u00e3o final, diz PSD","datePublished":"2026-09-03T23:19:03+00:00","dateModified":"2026-09-03T23:19:04+00:00","mainEntityOfPage":{"@id":"https:\/\/newblogs.correiobraziliense.com.br\/emaltanapolitica\/campanha-de-arruda-segue-normal-ate-decisao-final-diz-psd\/"},"wordCount":357,"publisher":{"@id":"https:\/\/newblogs.correiobraziliense.com.br\/emaltanapolitica\/#organization"},"image":{"@id":"https:\/\/newblogs.correiobraziliense.com.br\/emaltanapolitica\/campanha-de-arruda-segue-normal-ate-decisao-final-diz-psd\/#primaryimage"},"thumbnailUrl":"https:\/\/newblogs.correiobraziliense.com.br\/emaltanapolitica\/wp-content\/uploads\/sites\/9\/2026\/09\/Design-sem-nome-5.jpg","keywords":["Arruda","Candidato","Decis\u00e3o","Elei\u00e7\u00f5es","GDF","Justi\u00e7a Eleitoral","Paulo Oct\u00e1vio","PSD","TRE-DF"],"articleSection":["Distrito Federal","Elei\u00e7\u00f5es 2026","GDF"],"inLanguage":"pt-BR"},{"@type":"WebPage","@id":"https:\/\/newblogs.correiobraziliense.com.br\/emaltanapolitica\/campanha-de-arruda-segue-normal-ate-decisao-final-diz-psd\/","url":"https:\/\/newblogs.correiobraziliense.com.br\/emaltanapolitica\/campanha-de-arruda-segue-normal-ate-decisao-final-diz-psd\/","name":"Campanha de Arruda segue normal at\u00e9 decis\u00e3o final, diz PSD | Em alta na pol\u00edtica","isPartOf":{"@id":"https:\/\/newblogs.correiobraziliense.com.br\/emaltanapolitica\/#website"},"primaryImageOfPage":{"@id":"https:\/\/newblogs.correiobraziliense.com.br\/emaltanapolitica\/campanha-de-arruda-segue-normal-ate-decisao-final-diz-psd\/#primaryimage"},"image":{"@id":"https:\/\/newblogs.correiobraziliense.com.br\/emaltanapolitica\/campanha-de-arruda-segue-normal-ate-decisao-final-diz-psd\/#primaryimage"},"thumbnailUrl":"https:\/\/newblogs.correiobraziliense.com.br\/emaltanapolitica\/wp-content\/uploads\/sites\/9\/2026\/09\/Design-sem-nome-5.jpg","datePublished":"2026-09-03T23:19:03+00:00","dateModified":"2026-09-03T23:19:04+00:00","description":"Paulo Oct\u00e1vio afirma que ficou surpreso com decis\u00e3o do TRE, mas que campanha segue normal at\u00e9 julgamento final","breadcrumb":{"@id":"https:\/\/newblogs.correiobraziliense.com.br\/emaltanapolitica\/campanha-de-arruda-segue-normal-ate-decisao-final-diz-psd\/#breadcrumb"},"inLanguage":"pt-BR","potentialAction":[{"@type":"ReadAction","target":["https:\/\/newblogs.correiobraziliense.com.br\/emaltanapolitica\/campanha-de-arruda-segue-normal-ate-decisao-final-diz-psd\/"]}]},{"@type":"ImageObject","inLanguage":"pt-BR","@id":"https:\/\/newblogs.correiobraziliense.com.br\/emaltanapolitica\/campanha-de-arruda-segue-normal-ate-decisao-final-diz-psd\/#primaryimage","url":"https:\/\/newblogs.correiobraziliense.com.br\/emaltanapolitica\/wp-content\/uploads\/sites\/9\/2026\/09\/Design-sem-nome-5.jpg","contentUrl":"https:\/\/newblogs.correiobraziliense.com.br\/emaltanapolitica\/wp-content\/uploads\/sites\/9\/2026\/09\/Design-sem-nome-5.jpg","width":1920,"height":1080,"caption":"Cr\u00e9dito: Divulga\u00e7\u00e3o"},{"@type":"BreadcrumbList","@id":"https:\/\/newblogs.correiobraziliense.com.br\/emaltanapolitica\/campanha-de-arruda-segue-normal-ate-decisao-final-diz-psd\/#breadcrumb","itemListElement":[{"@type":"ListItem","position":1,"name":"In\u00edcio","item":"https:\/\/newblogs.correiobraziliense.com.br\/emaltanapolitica\/"},{"@type":"ListItem","position":2,"name":"Distrito Federal","item":"https:\/\/newblogs.correiobraziliense.com.br\/emaltanapolitica\/distrito-federal\/"},{"@type":"ListItem","position":3,"name":"Campanha de Arruda segue normal at\u00e9 decis\u00e3o final, diz PSD"}]},{"@type":"WebSite","@id":"https:\/\/newblogs.correiobraziliense.com.br\/emaltanapolitica\/#website","url":"https:\/\/newblogs.correiobraziliense.com.br\/emaltanapolitica\/","name":"Em alta na pol\u00edtica","description":"Cobertura di\u00e1ria dos temas que dominam o debate p\u00fablico, com not\u00edcias, an\u00e1lises e bastidores da pol\u00edtica brasileira e do Distrito Federal.","publisher":{"@id":"https:\/\/newblogs.correiobraziliense.com.br\/emaltanapolitica\/#organization"},"potentialAction":[{"@type":"SearchAction","target":{"@type":"EntryPoint","urlTemplate":"https:\/\/newblogs.correiobraziliense.com.br\/emaltanapolitica\/?s={search_term_string}"},"query-input":{"@type":"PropertyValueSpecification","valueRequired":true,"valueName":"search_term_string"}}],"inLanguage":"pt-BR"},{"@type":"Organization","@id":"https:\/\/newblogs.correiobraziliense.com.br\/emaltanapolitica\/#organization","name":"Correio Braziliense","url":"https:\/\/newblogs.correiobraziliense.com.br\/emaltanapolitica\/","logo":{"@type":"ImageObject","inLanguage":"pt-BR","@id":"https:\/\/newblogs.correiobraziliense.com.br\/emaltanapolitica\/#\/schema\/logo\/image\/","url":"https:\/\/newblogs.correiobraziliense.com.br\/emaltanapolitica\/wp-content\/uploads\/sites\/9\/2026\/07\/cropped-512x512-1.png","contentUrl":"https:\/\/newblogs.correiobraziliense.com.br\/emaltanapolitica\/wp-content\/uploads\/sites\/9\/2026\/07\/cropped-512x512-1.png","width":512,"height":512,"caption":"Correio Braziliense"},"image":{"@id":"https:\/\/newblogs.correiobraziliense.com.br\/emaltanapolitica\/#\/schema\/logo\/image\/"}},{"@type":"Person","@id":"https:\/\/newblogs.correiobraziliense.com.br\/emaltanapolitica\/#\/schema\/person\/dba8043b77d7a4f75127bb92cbc41c91","name":"Mannu Leones","image":{"@type":"ImageObject","inLanguage":"pt-BR","@id":"https:\/\/secure.gravatar.com\/avatar\/7724f0c9369eb3f5f766e18512f6903f58da14ca041599ebf37094fa7d0bb0a6?s=96&d=mm&r=g","url":"https:\/\/secure.gravatar.com\/avatar\/7724f0c9369eb3f5f766e18512f6903f58da14ca041599ebf37094fa7d0bb0a6?s=96&d=mm&r=g","contentUrl":"https:\/\/secure.gravatar.com\/avatar\/7724f0c9369eb3f5f766e18512f6903f58da14ca041599ebf37094fa7d0bb0a6?s=96&d=mm&r=g","caption":"Mannu Leones"},"description":"Jornalista pelo Instituto Brasileiro de Ensino, Desenvolvimento e Pesquisa (IDP), aficionada por jornalismo pol\u00edtico e jornalismo em quadrinhos, al\u00e9m de ilustradora. Com passagens por CNN Brasil, SBT News e SBT Brasil. Atualmente cobre o Congresso Nacional, o Pal\u00e1cio do Planalto e o cen\u00e1rio eleitoral brasileiro.","url":"https:\/\/newblogs.correiobraziliense.com.br\/emaltanapolitica\/author\/mannuleones\/"}]}},"_links":{"self":[{"href":"https:\/\/newblogs.correiobraziliense.com.br\/emaltanapolitica\/wp-json\/wp\/v2\/posts\/781","targetHints":{"allow":["GET"]}}],"collection":[{"href":"https:\/\/newblogs.correiobraziliense.com.br\/emaltanapolitica\/wp-json\/wp\/v2\/posts"}],"about":[{"href":"https:\/\/newblogs.correiobraziliense.com.br\/emaltanapolitica\/wp-json\/wp\/v2\/types\/post"}],"author":[{"embeddable":true,"href":"https:\/\/newblogs.correiobraziliense.com.br\/emaltanapolitica\/wp-json\/wp\/v2\/users\/29"}],"replies":[{"embeddable":true,"href":"https:\/\/newblogs.correiobraziliense.com.br\/emaltanapolitica\/wp-json\/wp\/v2\/comments?post=781"}],"version-history":[{"count":2,"href":"https:\/\/newblogs.correiobraziliense.com.br\/emaltanapolitica\/wp-json\/wp\/v2\/posts\/781\/revisions"}],"predecessor-version":[{"id":784,"href":"https:\/\/newblogs.correiobraziliense.com.br\/emaltanapolitica\/wp-json\/wp\/v2\/posts\/781\/revisions\/784"}],"wp:featuredmedia":[{"embeddable":true,"href":"https:\/\/newblogs.correiobraziliense.com.br\/emaltanapolitica\/wp-json\/wp\/v2\/media\/782"}],"wp:attachment":[{"href":"https:\/\/newblogs.correiobraziliense.com.br\/emaltanapolitica\/wp-json\/wp\/v2\/media?parent=781"}],"wp:term":[{"taxonomy":"category","embeddable":true,"href":"https:\/\/newblogs.correiobraziliense.com.br\/emaltanapolitica\/wp-json\/wp\/v2\/categories?post=781"},{"taxonomy":"post_tag","embeddable":true,"href":"https:\/\/newblogs.correiobraziliense.com.br\/emaltanapolitica\/wp-json\/wp\/v2\/tags?post=781"}],"curies":[{"name":"wp","href":"https:\/\/api.w.org\/{rel}","templated":true}]}}