{"id":773,"date":"2026-09-03T18:16:36","date_gmt":"2026-09-03T21:16:36","guid":{"rendered":"https:\/\/newblogs.correiobraziliense.com.br\/emaltanapolitica\/?p=773"},"modified":"2026-09-03T18:16:37","modified_gmt":"2026-09-03T21:16:37","slug":"candidata-mais-jovem-do-df-pretende-homenagear-o-pai-se-for-eleita","status":"publish","type":"post","link":"https:\/\/newblogs.correiobraziliense.com.br\/emaltanapolitica\/candidata-mais-jovem-do-df-pretende-homenagear-o-pai-se-for-eleita\/","title":{"rendered":"Candidata mais jovem do DF pretende homenagear o pai, se for eleita"},"content":{"rendered":"\n<p>O Distrito Federal tem 643 candidatos disputando as elei\u00e7\u00f5es de 2026. Entre as candidaturas mais jovens, de 21 a 24 anos, est\u00e3o quatro nomes: Henrique Dur\u00e3es, que tem 23 anos e concorre a deputado distrital pelo partido Miss\u00e3o; Welder Cl\u00edstenes (PSB), que tem 24 anos e disputa uma cadeira na C\u00e2mara dos Deputados; Ester Carvalho (Uni\u00e3o Brasil), candidata a deputada federal que \u00e9 27 dias mais velha que Luiza do Clez\u00e3o (PL), a mais nova deles, com 22 anos.<\/p>\n\n\n\n<p>Ana Luiza Duarte da Cunha, conhecida como Luiza do Clez\u00e3o, decidiu se lan\u00e7ar na disputa por uma cadeira na C\u00e2mara Legislativa do DF ap\u00f3s perder o pai, Cleriston Pereira da Cunha. Ele foi um dos presos de 8 de janeiro de 2023 e morreu no Complexo Penitenci\u00e1rio da Papuda em 20 de novembro de 2023, aos 46 anos. Em entrevista ao <strong>Em alta na pol\u00edtica<\/strong>, Luiza afirma que se candidatou para &#8220;tranformar a dor em causa&#8221;.<\/p>\n\n\n\n<figure class=\"wp-block-embed is-type-video is-provider-dailymotion wp-block-embed-dailymotion wp-embed-aspect-9-16 wp-has-aspect-ratio\"><div class=\"wp-block-embed__wrapper\">\n<iframe loading=\"lazy\" title=\"Candidata mais jovem do DF pretende homenagear o pai, se for eleita\" frameborder=\"0\" width=\"540\" height=\"960\" src=\"https:\/\/geo.dailymotion.com\/player.html?video=xb3nwrq&#038;\" allowfullscreen allow=\"autoplay; fullscreen; picture-in-picture; web-share\"><\/iframe>\n<\/div><\/figure>\n\n\n\n<p>&#8220;Sou filha de um patriota que foi preso na manifesta\u00e7\u00e3o do 8 de janeiro e devido \u00e0 omiss\u00e3o de socorro, omiss\u00e3o do STF, ele acabou morrendo na Papuda, no banho de sol. E hoje eu estou como candidata a deputada distrital realmente para transformar a minha dor em uma causa. Visitando meu pai na Papuda, vendo uma realidade completamente diferente quando meu pai estava em c\u00e1rcere, eu vi que Bras\u00edlia precisa de um representante, de um cidad\u00e3o comum que vive a realidade de toda a situa\u00e7\u00e3o&#8221;. Ent\u00e3o, eu transformei a minha dor em uma causa, ser voz dos esquecidos aqui no Distrito Federal&#8221;, conta a candidata.<\/p>\n\n\n\n<ul class=\"wp-block-list\">\n<li><strong>Leia tamb\u00e9m: <a href=\"https:\/\/newblogs.correiobraziliense.com.br\/emaltanapolitica\/candidatos-ao-senado-no-df-miram-satelites-e-redes-sociais\/\">Candidatos ao Senado no DF miram sat\u00e9lites e redes sociais<\/a><\/strong><\/li>\n<\/ul>\n\n\n\n<p>Ao defender a pauta priori\u00e1ria da campanha, a jovem desacou sua vis\u00e3o acerca do sistema carcer\u00e1rio do Distrito Federal. Para Luiza, os pres\u00eddios brasileiros &#8220;tratam os presos como animais&#8221; e n\u00e3o valorizam os agentes penais, que tamb\u00e9m sofrem com a precariza\u00e7\u00e3o e a fala de estrutura.<\/p>\n\n\n\n<p>&#8220;Eu tinha um pensamento muito ignorante antes de acontecer o fat\u00eddico 8 de janeiro, eu tinha uma impress\u00e3o completamente diferente do que eu vivi quando eu visitava na Papuda. \u00c9 um pres\u00eddio que deveria ter estrutura, s\u00f3 que n\u00e3o tem estrutura (&#8230;) Acredito que o familiar que t\u00e1 indo visitar n\u00e3o tem culpa de nada. Ent\u00e3o, eu quero trazer mais estrutura para as crian\u00e7as que v\u00e3o visitar o pai no pres\u00eddio. Precisa de uma \u00e1rea de acolhimento no pres\u00eddio. Tamb\u00e9m precisa valorizar os policiais penais dos pres\u00eddios daqui no Distrito Federal, o aal\u00e1rio do policial penal n\u00e3o \u00e9 valorizado aqui&#8221;, afirma.<\/p>\n\n\n\n<p><strong>Plano para o Legislativo<\/strong><\/p>\n\n\n\n<p>Ao blog, Luiza conta sua promessa enquanto candidata a deputada distrital: aprovar 46 projetos. &#8220;Esse \u00e9 um n\u00famero muito significativo para mim, porque meu pai morreu com 46 anos&#8221;, pontua. As propostas foram elaboradas, de acordo com a candidata, junto a especialistas de cada \u00e1rea, como jur\u00edstas, economistas e educadores, colabora\u00e7\u00e3o que Ana Luiza batizou de &#8220;gabinete de elite&#8221;.<\/p>\n\n\n\n<p>&#8220;A morte do meu pai foi algo que acendeu a chama no meu cora\u00e7\u00e3o. E eu tenho um prop\u00f3sito na minha vida que \u00e9 no meu primeiro dia de mandato apresentar 46 propostas e  eu vou lutar para que essas 46 propostas sejam aprovadas na CLDF&#8221;, revela. &#8220;S\u00e3o propostas que que valorizam o agro, que valorizam os jovens, que valorizam as pessoas de 50 anos acima, que valorizam m\u00e3es at\u00edpicas, que valorizam \u00f3rf\u00e3os, que valorizam vi\u00favas&#8221;, ressalta.<\/p>\n\n\n\n<ul class=\"wp-block-list\">\n<li><a href=\"https:\/\/www.correiobraziliense.com.br\/politica\/eleicoes\/2026\"><strong>Acompanhe toda a cobertura eleitoral do Correio Braziliense<\/strong><\/a><\/li>\n<\/ul>\n\n\n\n<p><strong>&#8220;A candidata de Fl\u00e1vio Bolsonaro&#8221;<\/strong><\/p>\n\n\n\n<p>Filiada ao PL, Luiza se apresneta como &#8220;a candidata de Fl\u00e1vio Bolsonaro&#8221; e chegou a comparar a situa\u00e7\u00e3o dos dois diante dos atos de 8 de janeiro. Para Ana Luiza, ela e Fl\u00e1vio compartilham &#8220;a dor de ficar longe do pai&#8221;. <\/p>\n\n\n\n<p>&#8220;\u00c9 uma honra ser candidata pelo PL, \u00e9 um partido que representa as minhas pautas, que representa o legado do meu pai, que \u00e9 o os valores crist\u00e3os, os valores conservadores, os valores da direita. \u00c9 uma honra imensa caminhar com Michele Bolsonaro e tamb\u00e9m ser candidata de Fl\u00e1vio Bolsonaro&#8221;, diz. Luiza tamb\u00e9m contou que pretende realizar uma &#8220;cavalgada&#8221; pelo Distrito Federal ao lado do senador: &#8220;Estou na organiza\u00e7\u00e3o de uma cavalgada. Eu quero que Bia Kicis, Fl\u00e1vio e Michelle participem&#8221;, conclui.<\/p>\n\n\n<ul class=\"wp-block-latest-posts__list has-author wp-block-latest-posts\"><li><a class=\"wp-block-latest-posts__post-title\" href=\"https:\/\/newblogs.correiobraziliense.com.br\/emaltanapolitica\/pitiman-diz-que-adversarios-alardeiam-decisao-do-tre-df-contra-arruda\/\">Pitiman diz que advers\u00e1rios \u2018alardeiam\u2019 decis\u00e3o do TRE-DF contra Arruda<\/a><div class=\"wp-block-latest-posts__post-author\">por Raphaela Peixoto<\/div><\/li>\n<li><a class=\"wp-block-latest-posts__post-title\" href=\"https:\/\/newblogs.correiobraziliense.com.br\/emaltanapolitica\/campanha-de-arruda-segue-normal-ate-decisao-final-diz-psd\/\">Campanha de Arruda segue normal at\u00e9 decis\u00e3o final, diz PSD<\/a><div class=\"wp-block-latest-posts__post-author\">por Mannu Leones<\/div><\/li>\n<li><a class=\"wp-block-latest-posts__post-title\" href=\"https:\/\/newblogs.correiobraziliense.com.br\/emaltanapolitica\/candidata-mais-jovem-do-df-pretende-homenagear-o-pai-se-for-eleita\/\">Candidata mais jovem do DF pretende homenagear o pai, se for eleita<\/a><div class=\"wp-block-latest-posts__post-author\">por Mannu Leones<\/div><\/li>\n<li><a class=\"wp-block-latest-posts__post-title\" href=\"https:\/\/newblogs.correiobraziliense.com.br\/emaltanapolitica\/o-que-a-pesquisa-quaest-mostra-sobre-o-crescimento-de-augusto-cury\/\">O que a pesquisa Quaest mostra sobre o crescimento de Augusto Cury<\/a><div class=\"wp-block-latest-posts__post-author\">por Roberto Fonseca<\/div><\/li>\n<li><a class=\"wp-block-latest-posts__post-title\" href=\"https:\/\/newblogs.correiobraziliense.com.br\/emaltanapolitica\/tse-da-inicio-a-etapa-que-garante-a-seguranca-dos-sistemas-usados-nas-urnas\/\">TSE d\u00e1 in\u00edcio \u00e0 etapa que garante a seguran\u00e7a dos sistemas usados nas urnas<\/a><div class=\"wp-block-latest-posts__post-author\">por Mannu Leones<\/div><\/li>\n<\/ul>","protected":false},"excerpt":{"rendered":"<p>Aos 22 anos, Luiza do Clez\u00e3o disputa uma vaga na CLDF ap\u00f3s a morte do pai na Papuda e promete transformar a experi\u00eancia em bandeira pol\u00edtica<\/p>\n","protected":false},"author":29,"featured_media":774,"comment_status":"closed","ping_status":"open","sticky":false,"template":"","format":"standard","meta":{"_acf_changed":false,"inline_featured_image":false,"footnotes":""},"categories":[87,6,7],"tags":[180,21,178,179,177,24,19,17,176,22,37],"class_list":["post-773","post","type-post","status-publish","format-standard","has-post-thumbnail","hentry","category-camara-legislativa","category-distrito-federal","category-eleicoes-2026","tag-8-de-janeiro","tag-bia-kicis","tag-candidata","tag-cldf","tag-deputada-distrital","tag-eleicoes","tag-eleicoes-2026","tag-flavio-bolsonaro","tag-luiza-do-clezao","tag-michelle-bolsonaro","tag-pl"],"acf":[],"yoast_head":"<!-- This site is optimized with the Yoast SEO plugin v28.1 - https:\/\/yoast.com\/product\/yoast-seo-wordpress\/ -->\n<title>Candidata mais jovem do DF pretende homenagear o pai, se for eleita | Em alta na pol\u00edtica<\/title>\n<meta name=\"description\" content=\"Aos 22 anos, Luiza do Clez\u00e3o disputa uma vaga na CLDF ap\u00f3s a morte do pai na Papuda e promete transformar a experi\u00eancia em bandeira pol\u00edtica\" \/>\n<meta name=\"robots\" content=\"index, follow, max-snippet:-1, max-image-preview:large, max-video-preview:-1\" \/>\n<link rel=\"canonical\" href=\"https:\/\/newblogs.correiobraziliense.com.br\/emaltanapolitica\/candidata-mais-jovem-do-df-pretende-homenagear-o-pai-se-for-eleita\/\" \/>\n<meta property=\"og:locale\" content=\"pt_BR\" \/>\n<meta property=\"og:type\" content=\"article\" \/>\n<meta property=\"og:title\" content=\"Candidata mais jovem do DF pretende homenagear o pai, se for eleita | Em alta na pol\u00edtica\" \/>\n<meta property=\"og:description\" content=\"Aos 22 anos, Luiza do Clez\u00e3o disputa uma vaga na CLDF ap\u00f3s a morte do pai na Papuda e promete transformar a experi\u00eancia em bandeira pol\u00edtica\" \/>\n<meta property=\"og:url\" content=\"https:\/\/newblogs.correiobraziliense.com.br\/emaltanapolitica\/candidata-mais-jovem-do-df-pretende-homenagear-o-pai-se-for-eleita\/\" \/>\n<meta property=\"og:site_name\" content=\"Em alta na pol\u00edtica\" \/>\n<meta property=\"article:published_time\" content=\"2026-09-03T21:16:36+00:00\" \/>\n<meta property=\"article:modified_time\" content=\"2026-09-03T21:16:37+00:00\" \/>\n<meta property=\"og:image\" content=\"https:\/\/newblogs.correiobraziliense.com.br\/emaltanapolitica\/wp-content\/uploads\/sites\/9\/2026\/09\/Design-sem-nome-4.jpg\" \/>\n\t<meta property=\"og:image:width\" content=\"1920\" \/>\n\t<meta property=\"og:image:height\" content=\"1080\" \/>\n\t<meta property=\"og:image:type\" content=\"image\/jpeg\" \/>\n<meta name=\"author\" content=\"Mannu Leones\" \/>\n<!-- \/ Yoast SEO plugin. -->","yoast_head_json":{"title":"Candidata mais jovem do DF pretende homenagear o pai, se for eleita | Em alta na pol\u00edtica","description":"Aos 22 anos, Luiza do Clez\u00e3o disputa uma vaga na CLDF ap\u00f3s a morte do pai na Papuda e promete transformar a experi\u00eancia em bandeira pol\u00edtica","robots":{"index":"index","follow":"follow","max-snippet":"max-snippet:-1","max-image-preview":"max-image-preview:large","max-video-preview":"max-video-preview:-1"},"canonical":"https:\/\/newblogs.correiobraziliense.com.br\/emaltanapolitica\/candidata-mais-jovem-do-df-pretende-homenagear-o-pai-se-for-eleita\/","og_locale":"pt_BR","og_type":"article","og_title":"Candidata mais jovem do DF pretende homenagear o pai, se for eleita | Em alta na pol\u00edtica","og_description":"Aos 22 anos, Luiza do Clez\u00e3o disputa uma vaga na CLDF ap\u00f3s a morte do pai na Papuda e promete transformar a experi\u00eancia em bandeira pol\u00edtica","og_url":"https:\/\/newblogs.correiobraziliense.com.br\/emaltanapolitica\/candidata-mais-jovem-do-df-pretende-homenagear-o-pai-se-for-eleita\/","og_site_name":"Em alta na pol\u00edtica","article_published_time":"2026-09-03T21:16:36+00:00","article_modified_time":"2026-09-03T21:16:37+00:00","og_image":[{"width":1920,"height":1080,"url":"https:\/\/newblogs.correiobraziliense.com.br\/emaltanapolitica\/wp-content\/uploads\/sites\/9\/2026\/09\/Design-sem-nome-4.jpg","type":"image\/jpeg"}],"author":"Mannu Leones","schema":{"@context":"https:\/\/schema.org","@graph":[{"@type":"NewsArticle","@id":"https:\/\/newblogs.correiobraziliense.com.br\/emaltanapolitica\/candidata-mais-jovem-do-df-pretende-homenagear-o-pai-se-for-eleita\/#article","isPartOf":{"@id":"https:\/\/newblogs.correiobraziliense.com.br\/emaltanapolitica\/candidata-mais-jovem-do-df-pretende-homenagear-o-pai-se-for-eleita\/"},"author":{"name":"Mannu Leones","@id":"https:\/\/newblogs.correiobraziliense.com.br\/emaltanapolitica\/#\/schema\/person\/dba8043b77d7a4f75127bb92cbc41c91"},"headline":"Candidata mais jovem do DF pretende homenagear o pai, se for eleita","datePublished":"2026-09-03T21:16:36+00:00","dateModified":"2026-09-03T21:16:37+00:00","mainEntityOfPage":{"@id":"https:\/\/newblogs.correiobraziliense.com.br\/emaltanapolitica\/candidata-mais-jovem-do-df-pretende-homenagear-o-pai-se-for-eleita\/"},"wordCount":748,"publisher":{"@id":"https:\/\/newblogs.correiobraziliense.com.br\/emaltanapolitica\/#organization"},"image":{"@id":"https:\/\/newblogs.correiobraziliense.com.br\/emaltanapolitica\/candidata-mais-jovem-do-df-pretende-homenagear-o-pai-se-for-eleita\/#primaryimage"},"thumbnailUrl":"https:\/\/newblogs.correiobraziliense.com.br\/emaltanapolitica\/wp-content\/uploads\/sites\/9\/2026\/09\/Design-sem-nome-4.jpg","keywords":["8 de janeiro","Bia Kicis","candidata","CLDF","Deputada distrital","Elei\u00e7\u00f5es","Elei\u00e7\u00f5es 2026","Fl\u00e1vio Bolsonaro","Luiza do Clezao","Michelle Bolsonaro","PL"],"articleSection":["C\u00e2mara Legislativa","Distrito Federal","Elei\u00e7\u00f5es 2026"],"inLanguage":"pt-BR"},{"@type":"WebPage","@id":"https:\/\/newblogs.correiobraziliense.com.br\/emaltanapolitica\/candidata-mais-jovem-do-df-pretende-homenagear-o-pai-se-for-eleita\/","url":"https:\/\/newblogs.correiobraziliense.com.br\/emaltanapolitica\/candidata-mais-jovem-do-df-pretende-homenagear-o-pai-se-for-eleita\/","name":"Candidata mais jovem do DF pretende homenagear o pai, se for eleita | Em alta na pol\u00edtica","isPartOf":{"@id":"https:\/\/newblogs.correiobraziliense.com.br\/emaltanapolitica\/#website"},"primaryImageOfPage":{"@id":"https:\/\/newblogs.correiobraziliense.com.br\/emaltanapolitica\/candidata-mais-jovem-do-df-pretende-homenagear-o-pai-se-for-eleita\/#primaryimage"},"image":{"@id":"https:\/\/newblogs.correiobraziliense.com.br\/emaltanapolitica\/candidata-mais-jovem-do-df-pretende-homenagear-o-pai-se-for-eleita\/#primaryimage"},"thumbnailUrl":"https:\/\/newblogs.correiobraziliense.com.br\/emaltanapolitica\/wp-content\/uploads\/sites\/9\/2026\/09\/Design-sem-nome-4.jpg","datePublished":"2026-09-03T21:16:36+00:00","dateModified":"2026-09-03T21:16:37+00:00","description":"Aos 22 anos, Luiza do Clez\u00e3o disputa uma vaga na CLDF ap\u00f3s a morte do pai na Papuda e promete transformar a experi\u00eancia em bandeira pol\u00edtica","breadcrumb":{"@id":"https:\/\/newblogs.correiobraziliense.com.br\/emaltanapolitica\/candidata-mais-jovem-do-df-pretende-homenagear-o-pai-se-for-eleita\/#breadcrumb"},"inLanguage":"pt-BR","potentialAction":[{"@type":"ReadAction","target":["https:\/\/newblogs.correiobraziliense.com.br\/emaltanapolitica\/candidata-mais-jovem-do-df-pretende-homenagear-o-pai-se-for-eleita\/"]}]},{"@type":"ImageObject","inLanguage":"pt-BR","@id":"https:\/\/newblogs.correiobraziliense.com.br\/emaltanapolitica\/candidata-mais-jovem-do-df-pretende-homenagear-o-pai-se-for-eleita\/#primaryimage","url":"https:\/\/newblogs.correiobraziliense.com.br\/emaltanapolitica\/wp-content\/uploads\/sites\/9\/2026\/09\/Design-sem-nome-4.jpg","contentUrl":"https:\/\/newblogs.correiobraziliense.com.br\/emaltanapolitica\/wp-content\/uploads\/sites\/9\/2026\/09\/Design-sem-nome-4.jpg","width":1920,"height":1080,"caption":"Reprodu\u00e7\u00e3o\/Correio Braziliense"},{"@type":"BreadcrumbList","@id":"https:\/\/newblogs.correiobraziliense.com.br\/emaltanapolitica\/candidata-mais-jovem-do-df-pretende-homenagear-o-pai-se-for-eleita\/#breadcrumb","itemListElement":[{"@type":"ListItem","position":1,"name":"In\u00edcio","item":"https:\/\/newblogs.correiobraziliense.com.br\/emaltanapolitica\/"},{"@type":"ListItem","position":2,"name":"Elei\u00e7\u00f5es 2026","item":"https:\/\/newblogs.correiobraziliense.com.br\/emaltanapolitica\/eleicoes-2026\/"},{"@type":"ListItem","position":3,"name":"Candidata mais jovem do DF pretende homenagear o pai, se for eleita"}]},{"@type":"WebSite","@id":"https:\/\/newblogs.correiobraziliense.com.br\/emaltanapolitica\/#website","url":"https:\/\/newblogs.correiobraziliense.com.br\/emaltanapolitica\/","name":"Em alta na pol\u00edtica","description":"Cobertura di\u00e1ria dos temas que dominam o debate p\u00fablico, com not\u00edcias, an\u00e1lises e bastidores da pol\u00edtica brasileira e do Distrito Federal.","publisher":{"@id":"https:\/\/newblogs.correiobraziliense.com.br\/emaltanapolitica\/#organization"},"potentialAction":[{"@type":"SearchAction","target":{"@type":"EntryPoint","urlTemplate":"https:\/\/newblogs.correiobraziliense.com.br\/emaltanapolitica\/?s={search_term_string}"},"query-input":{"@type":"PropertyValueSpecification","valueRequired":true,"valueName":"search_term_string"}}],"inLanguage":"pt-BR"},{"@type":"Organization","@id":"https:\/\/newblogs.correiobraziliense.com.br\/emaltanapolitica\/#organization","name":"Correio Braziliense","url":"https:\/\/newblogs.correiobraziliense.com.br\/emaltanapolitica\/","logo":{"@type":"ImageObject","inLanguage":"pt-BR","@id":"https:\/\/newblogs.correiobraziliense.com.br\/emaltanapolitica\/#\/schema\/logo\/image\/","url":"https:\/\/newblogs.correiobraziliense.com.br\/emaltanapolitica\/wp-content\/uploads\/sites\/9\/2026\/07\/cropped-512x512-1.png","contentUrl":"https:\/\/newblogs.correiobraziliense.com.br\/emaltanapolitica\/wp-content\/uploads\/sites\/9\/2026\/07\/cropped-512x512-1.png","width":512,"height":512,"caption":"Correio Braziliense"},"image":{"@id":"https:\/\/newblogs.correiobraziliense.com.br\/emaltanapolitica\/#\/schema\/logo\/image\/"}},{"@type":"Person","@id":"https:\/\/newblogs.correiobraziliense.com.br\/emaltanapolitica\/#\/schema\/person\/dba8043b77d7a4f75127bb92cbc41c91","name":"Mannu Leones","image":{"@type":"ImageObject","inLanguage":"pt-BR","@id":"https:\/\/secure.gravatar.com\/avatar\/7724f0c9369eb3f5f766e18512f6903f58da14ca041599ebf37094fa7d0bb0a6?s=96&d=mm&r=g","url":"https:\/\/secure.gravatar.com\/avatar\/7724f0c9369eb3f5f766e18512f6903f58da14ca041599ebf37094fa7d0bb0a6?s=96&d=mm&r=g","contentUrl":"https:\/\/secure.gravatar.com\/avatar\/7724f0c9369eb3f5f766e18512f6903f58da14ca041599ebf37094fa7d0bb0a6?s=96&d=mm&r=g","caption":"Mannu Leones"},"description":"Jornalista pelo Instituto Brasileiro de Ensino, Desenvolvimento e Pesquisa (IDP), aficionada por jornalismo pol\u00edtico e jornalismo em quadrinhos, al\u00e9m de ilustradora. Com passagens por CNN Brasil, SBT News e SBT Brasil. Atualmente cobre o Congresso Nacional, o Pal\u00e1cio do Planalto e o cen\u00e1rio eleitoral brasileiro.","url":"https:\/\/newblogs.correiobraziliense.com.br\/emaltanapolitica\/author\/mannuleones\/"}]}},"_links":{"self":[{"href":"https:\/\/newblogs.correiobraziliense.com.br\/emaltanapolitica\/wp-json\/wp\/v2\/posts\/773","targetHints":{"allow":["GET"]}}],"collection":[{"href":"https:\/\/newblogs.correiobraziliense.com.br\/emaltanapolitica\/wp-json\/wp\/v2\/posts"}],"about":[{"href":"https:\/\/newblogs.correiobraziliense.com.br\/emaltanapolitica\/wp-json\/wp\/v2\/types\/post"}],"author":[{"embeddable":true,"href":"https:\/\/newblogs.correiobraziliense.com.br\/emaltanapolitica\/wp-json\/wp\/v2\/users\/29"}],"replies":[{"embeddable":true,"href":"https:\/\/newblogs.correiobraziliense.com.br\/emaltanapolitica\/wp-json\/wp\/v2\/comments?post=773"}],"version-history":[{"count":3,"href":"https:\/\/newblogs.correiobraziliense.com.br\/emaltanapolitica\/wp-json\/wp\/v2\/posts\/773\/revisions"}],"predecessor-version":[{"id":780,"href":"https:\/\/newblogs.correiobraziliense.com.br\/emaltanapolitica\/wp-json\/wp\/v2\/posts\/773\/revisions\/780"}],"wp:featuredmedia":[{"embeddable":true,"href":"https:\/\/newblogs.correiobraziliense.com.br\/emaltanapolitica\/wp-json\/wp\/v2\/media\/774"}],"wp:attachment":[{"href":"https:\/\/newblogs.correiobraziliense.com.br\/emaltanapolitica\/wp-json\/wp\/v2\/media?parent=773"}],"wp:term":[{"taxonomy":"category","embeddable":true,"href":"https:\/\/newblogs.correiobraziliense.com.br\/emaltanapolitica\/wp-json\/wp\/v2\/categories?post=773"},{"taxonomy":"post_tag","embeddable":true,"href":"https:\/\/newblogs.correiobraziliense.com.br\/emaltanapolitica\/wp-json\/wp\/v2\/tags?post=773"}],"curies":[{"name":"wp","href":"https:\/\/api.w.org\/{rel}","templated":true}]}}