{"id":763,"date":"2026-09-02T11:22:08","date_gmt":"2026-09-02T14:22:08","guid":{"rendered":"https:\/\/newblogs.correiobraziliense.com.br\/emaltanapolitica\/?p=763"},"modified":"2026-09-02T11:37:42","modified_gmt":"2026-09-02T14:37:42","slug":"o-que-a-pesquisa-quaest-mostra-sobre-o-crescimento-de-augusto-cury","status":"publish","type":"post","link":"https:\/\/newblogs.correiobraziliense.com.br\/emaltanapolitica\/o-que-a-pesquisa-quaest-mostra-sobre-o-crescimento-de-augusto-cury\/","title":{"rendered":"O que a pesquisa Quaest mostra sobre o crescimento de Augusto Cury"},"content":{"rendered":"\n<p>Realizada ap\u00f3s as sabatinas dos candidatos no <em>Jornal Nacional<\/em> na semana passada, a pesquisa Quaest divulgada na manh\u00e3 desta quarta-feira (2\/9) confirma o crescimento do escritor Augusto Cury, do Avante, nas inten\u00e7\u00f5es de voto, <a href=\"https:\/\/newblogs.correiobraziliense.com.br\/emaltanapolitica\/o-salto-de-augusto-cury-muda-as-contas-da-eleicao-presidencial-e-mexe-na-terceira-via\/\">detectado pelos levantamentos eleitorais BTG\/Nexus e Atlas\/Intel na segunda-feira<\/a>. Cury aparece em terceiro lugar, com 10%, atr\u00e1s do presidente Luiz In\u00e1cio Lula da Silva (PT), que tem 37%, e do senador Fl\u00e1vio Bolsonaro (PL), que aparece com 30%.<\/p>\n\n\n\n<figure class=\"wp-block-image size-large\"><img loading=\"lazy\" decoding=\"async\" width=\"1024\" height=\"574\" src=\"https:\/\/newblogs.correiobraziliense.com.br\/emaltanapolitica\/wp-content\/uploads\/sites\/9\/2026\/09\/quaestagosto-1024x574.jpg\" alt=\"\" class=\"wp-image-765\" srcset=\"https:\/\/newblogs.correiobraziliense.com.br\/emaltanapolitica\/wp-content\/uploads\/sites\/9\/2026\/09\/quaestagosto-1024x574.jpg 1024w, https:\/\/newblogs.correiobraziliense.com.br\/emaltanapolitica\/wp-content\/uploads\/sites\/9\/2026\/09\/quaestagosto-300x168.jpg 300w, https:\/\/newblogs.correiobraziliense.com.br\/emaltanapolitica\/wp-content\/uploads\/sites\/9\/2026\/09\/quaestagosto-768x430.jpg 768w, https:\/\/newblogs.correiobraziliense.com.br\/emaltanapolitica\/wp-content\/uploads\/sites\/9\/2026\/09\/quaestagosto-1536x860.jpg 1536w, https:\/\/newblogs.correiobraziliense.com.br\/emaltanapolitica\/wp-content\/uploads\/sites\/9\/2026\/09\/quaestagosto-2048x1147.jpg 2048w\" sizes=\"auto, (max-width: 1024px) 100vw, 1024px\" \/><figcaption class=\"wp-element-caption\">Inten\u00e7\u00e3o de voto, segundo a identifica\u00e7\u00e3o pol\u00edtica \u2014 Reprodu\u00e7\u00e3o\/Quaest<\/figcaption><\/figure>\n\n\n\n<p>A pesquisa da Quaest mostra que o crescimento de Cury ocorreu dentro da chamada terceira via. O escritor lidera entre os eleitores classificados como &#8220;independentes&#8221;. A categoria identifica\u00e7\u00e3o pol\u00edtica tem outros quatro perfis: lulistas, esquerda n\u00e3o lulista, direita n\u00e3o bolsonarista e bolsonaristas. Cury tem 24% das inten\u00e7\u00f5es de voto entre os independentes, contra 1% entre os lulistas, 6% entre os de esquerda n\u00e3o lulista, 6% entre os de direita n\u00e3o bolsonarista e 1% entre os bolsonaristas.<\/p>\n\n\n\n<figure class=\"wp-block-image size-large\"><img loading=\"lazy\" decoding=\"async\" width=\"1024\" height=\"574\" src=\"https:\/\/newblogs.correiobraziliense.com.br\/emaltanapolitica\/wp-content\/uploads\/sites\/9\/2026\/09\/quaest2-1024x574.jpg\" alt=\"\" class=\"wp-image-766\" srcset=\"https:\/\/newblogs.correiobraziliense.com.br\/emaltanapolitica\/wp-content\/uploads\/sites\/9\/2026\/09\/quaest2-1024x574.jpg 1024w, https:\/\/newblogs.correiobraziliense.com.br\/emaltanapolitica\/wp-content\/uploads\/sites\/9\/2026\/09\/quaest2-300x168.jpg 300w, https:\/\/newblogs.correiobraziliense.com.br\/emaltanapolitica\/wp-content\/uploads\/sites\/9\/2026\/09\/quaest2-768x430.jpg 768w, https:\/\/newblogs.correiobraziliense.com.br\/emaltanapolitica\/wp-content\/uploads\/sites\/9\/2026\/09\/quaest2-1536x860.jpg 1536w, https:\/\/newblogs.correiobraziliense.com.br\/emaltanapolitica\/wp-content\/uploads\/sites\/9\/2026\/09\/quaest2-2048x1147.jpg 2048w\" sizes=\"auto, (max-width: 1024px) 100vw, 1024px\" \/><figcaption class=\"wp-element-caption\">Inten\u00e7\u00e3o de voto, por faixa et\u00e1ria \u2014 Reprodu\u00e7\u00e3o\/Quaest<\/figcaption><\/figure>\n\n\n\n<p>Chama a aten\u00e7\u00e3o tamb\u00e9m o desempenho de Cury entre o eleitorado mais jovem. O candidato do Avante est\u00e1 com 14% das inten\u00e7\u00f5es de voto na faixa et\u00e1ria de 16 a 34 anos. S\u00e3o pessoas que n\u00e3o votaram nas primeiras elei\u00e7\u00f5es que elegeram Lula presidente, em 2002 e em 2006. Entre 35 e 39 anos, Cury tem 11% das inten\u00e7\u00f5es de voto. J\u00e1 entre os quem tem mais de 60 anos, ou seja, quem votou em todas as elei\u00e7\u00f5es desde a democratiza\u00e7\u00e3o, Cury tem 4% do eleitorado.<\/p>\n\n\n\n<p>Dessa forma, o recorte feito pela Quaest, sem Pablo Mar\u00e7al na disputa, permite afirmar que Augusto Cury cresceu gra\u00e7as ao eleitor jovem e mais distante de espectros pol\u00edticos. Na semana passada, Cury foi o candidato mais procurado no Google e ganhou mais de 2 milh\u00f5es de seguidores em menos de uma semana. A audi\u00eancia nas redes sociais saiu de 8,3 milh\u00f5es para mais de 10,5 milh\u00f5es. N\u00e3o \u00e9 pouca coisa. Resta saber agora como o escritor vai tentar avan\u00e7ar nas outras faixas do eleitorado, em uma semana marcada por novas revela\u00e7\u00f5es da investiga\u00e7\u00e3o do Banco Master e ministros do Supremo Tribunal Federal.<\/p>\n\n\n\n<figure class=\"wp-block-embed is-type-video is-provider-youtube wp-block-embed-youtube wp-embed-aspect-9-16 wp-has-aspect-ratio\"><div class=\"wp-block-embed__wrapper\">\n<iframe loading=\"lazy\" title=\"AN\u00c1LISE ELEITORAL: CURY CRESCE, DEIXA DE SER COADJUVANTE E EMBARALHA A 3\u00aa VIA\" width=\"540\" height=\"960\" src=\"https:\/\/www.youtube.com\/embed\/3clJlPLcGNA?feature=oembed\" frameborder=\"0\" allow=\"accelerometer; autoplay; clipboard-write; encrypted-media; gyroscope; picture-in-picture; web-share\" referrerpolicy=\"strict-origin-when-cross-origin\" allowfullscreen><\/iframe>\n<\/div><\/figure>\n\n\n\n<p>Contratada pelo jornal<em> O Globo<\/em> e pela Rede Globo, a Quaest ouviu 2.004 eleitores entre domingo (30\/8) e ter\u00e7a-feira (1\u00ba\/9). A margem de erro \u00e9 de dois pontos percentuais e o n\u00edvel de confian\u00e7a \u00e9 de 95%. O n\u00famero de registro da pesquisa na Justi\u00e7a Eleitoral \u00e9 BR-07065\/2026.<\/p>\n\n\n<ul class=\"wp-block-latest-posts__list has-author wp-block-latest-posts\"><li><a class=\"wp-block-latest-posts__post-title\" href=\"https:\/\/newblogs.correiobraziliense.com.br\/emaltanapolitica\/pitiman-diz-que-adversarios-alardeiam-decisao-do-tre-df-contra-arruda\/\">Pitiman diz que advers\u00e1rios \u2018alardeiam\u2019 decis\u00e3o do TRE-DF contra Arruda<\/a><div class=\"wp-block-latest-posts__post-author\">por Raphaela Peixoto<\/div><\/li>\n<li><a class=\"wp-block-latest-posts__post-title\" href=\"https:\/\/newblogs.correiobraziliense.com.br\/emaltanapolitica\/campanha-de-arruda-segue-normal-ate-decisao-final-diz-psd\/\">Campanha de Arruda segue normal at\u00e9 decis\u00e3o final, diz PSD<\/a><div class=\"wp-block-latest-posts__post-author\">por Mannu Leones<\/div><\/li>\n<li><a class=\"wp-block-latest-posts__post-title\" href=\"https:\/\/newblogs.correiobraziliense.com.br\/emaltanapolitica\/candidata-mais-jovem-do-df-pretende-homenagear-o-pai-se-for-eleita\/\">Candidata mais jovem do DF pretende homenagear o pai, se for eleita<\/a><div class=\"wp-block-latest-posts__post-author\">por Mannu Leones<\/div><\/li>\n<li><a class=\"wp-block-latest-posts__post-title\" href=\"https:\/\/newblogs.correiobraziliense.com.br\/emaltanapolitica\/o-que-a-pesquisa-quaest-mostra-sobre-o-crescimento-de-augusto-cury\/\">O que a pesquisa Quaest mostra sobre o crescimento de Augusto Cury<\/a><div class=\"wp-block-latest-posts__post-author\">por Roberto Fonseca<\/div><\/li>\n<li><a class=\"wp-block-latest-posts__post-title\" href=\"https:\/\/newblogs.correiobraziliense.com.br\/emaltanapolitica\/tse-da-inicio-a-etapa-que-garante-a-seguranca-dos-sistemas-usados-nas-urnas\/\">TSE d\u00e1 in\u00edcio \u00e0 etapa que garante a seguran\u00e7a dos sistemas usados nas urnas<\/a><div class=\"wp-block-latest-posts__post-author\">por Mannu Leones<\/div><\/li>\n<\/ul>\n\n\n\n","protected":false},"excerpt":{"rendered":"<p>O recorte feito pela Quaest permite afirmar que Augusto Cury cresceu gra\u00e7as ao eleitor jovem e mais distante de espectros pol\u00edticos<\/p>\n","protected":false},"author":19,"featured_media":764,"comment_status":"closed","ping_status":"open","sticky":false,"template":"","format":"standard","meta":{"_acf_changed":false,"inline_featured_image":false,"footnotes":""},"categories":[2,7,10],"tags":[172,24,19,27,17,49,29],"class_list":["post-763","post","type-post","status-publish","format-standard","has-post-thumbnail","hentry","category-analises","category-eleicoes-2026","category-pesquisas-eleitorais","tag-augusto-cury","tag-eleicoes","tag-eleicoes-2026","tag-eleicoes-2026-2","tag-flavio-bolsonaro","tag-lula","tag-tse"],"acf":[],"yoast_head":"<!-- This site is optimized with the Yoast SEO plugin v28.1 - https:\/\/yoast.com\/product\/yoast-seo-wordpress\/ -->\n<title>O que a pesquisa Quaest mostra sobre o crescimento de Augusto Cury | Em alta na pol\u00edtica<\/title>\n<meta name=\"description\" content=\"O recorte feito pela Quaest permite afirmar que Augusto Cury cresceu gra\u00e7as ao eleitor jovem e mais distante de espectros pol\u00edticos\" \/>\n<meta name=\"robots\" content=\"index, follow, max-snippet:-1, max-image-preview:large, max-video-preview:-1\" \/>\n<link rel=\"canonical\" href=\"https:\/\/newblogs.correiobraziliense.com.br\/emaltanapolitica\/o-que-a-pesquisa-quaest-mostra-sobre-o-crescimento-de-augusto-cury\/\" \/>\n<meta property=\"og:locale\" content=\"pt_BR\" \/>\n<meta property=\"og:type\" content=\"article\" \/>\n<meta property=\"og:title\" content=\"O que a pesquisa Quaest mostra sobre o crescimento de Augusto Cury | Em alta na pol\u00edtica\" \/>\n<meta property=\"og:description\" content=\"O recorte feito pela Quaest permite afirmar que Augusto Cury cresceu gra\u00e7as ao eleitor jovem e mais distante de espectros pol\u00edticos\" \/>\n<meta property=\"og:url\" content=\"https:\/\/newblogs.correiobraziliense.com.br\/emaltanapolitica\/o-que-a-pesquisa-quaest-mostra-sobre-o-crescimento-de-augusto-cury\/\" \/>\n<meta property=\"og:site_name\" content=\"Em alta na pol\u00edtica\" \/>\n<meta property=\"article:published_time\" content=\"2026-09-02T14:22:08+00:00\" \/>\n<meta property=\"article:modified_time\" content=\"2026-09-02T14:37:42+00:00\" \/>\n<meta property=\"og:image\" content=\"https:\/\/newblogs.correiobraziliense.com.br\/emaltanapolitica\/wp-content\/uploads\/sites\/9\/2026\/09\/augustocury1.jpg\" \/>\n\t<meta property=\"og:image:width\" content=\"800\" \/>\n\t<meta property=\"og:image:height\" content=\"533\" \/>\n\t<meta property=\"og:image:type\" content=\"image\/jpeg\" \/>\n<meta name=\"author\" content=\"Roberto Fonseca\" \/>\n<!-- \/ Yoast SEO plugin. -->","yoast_head_json":{"title":"O que a pesquisa Quaest mostra sobre o crescimento de Augusto Cury | Em alta na pol\u00edtica","description":"O recorte feito pela Quaest permite afirmar que Augusto Cury cresceu gra\u00e7as ao eleitor jovem e mais distante de espectros pol\u00edticos","robots":{"index":"index","follow":"follow","max-snippet":"max-snippet:-1","max-image-preview":"max-image-preview:large","max-video-preview":"max-video-preview:-1"},"canonical":"https:\/\/newblogs.correiobraziliense.com.br\/emaltanapolitica\/o-que-a-pesquisa-quaest-mostra-sobre-o-crescimento-de-augusto-cury\/","og_locale":"pt_BR","og_type":"article","og_title":"O que a pesquisa Quaest mostra sobre o crescimento de Augusto Cury | Em alta na pol\u00edtica","og_description":"O recorte feito pela Quaest permite afirmar que Augusto Cury cresceu gra\u00e7as ao eleitor jovem e mais distante de espectros pol\u00edticos","og_url":"https:\/\/newblogs.correiobraziliense.com.br\/emaltanapolitica\/o-que-a-pesquisa-quaest-mostra-sobre-o-crescimento-de-augusto-cury\/","og_site_name":"Em alta na pol\u00edtica","article_published_time":"2026-09-02T14:22:08+00:00","article_modified_time":"2026-09-02T14:37:42+00:00","og_image":[{"width":800,"height":533,"url":"https:\/\/newblogs.correiobraziliense.com.br\/emaltanapolitica\/wp-content\/uploads\/sites\/9\/2026\/09\/augustocury1.jpg","type":"image\/jpeg"}],"author":"Roberto Fonseca","schema":{"@context":"https:\/\/schema.org","@graph":[{"@type":"NewsArticle","@id":"https:\/\/newblogs.correiobraziliense.com.br\/emaltanapolitica\/o-que-a-pesquisa-quaest-mostra-sobre-o-crescimento-de-augusto-cury\/#article","isPartOf":{"@id":"https:\/\/newblogs.correiobraziliense.com.br\/emaltanapolitica\/o-que-a-pesquisa-quaest-mostra-sobre-o-crescimento-de-augusto-cury\/"},"author":{"name":"Roberto Fonseca","@id":"https:\/\/newblogs.correiobraziliense.com.br\/emaltanapolitica\/#\/schema\/person\/c068078cdc92125b757e9b622b83c061"},"headline":"O que a pesquisa Quaest mostra sobre o crescimento de Augusto Cury","datePublished":"2026-09-02T14:22:08+00:00","dateModified":"2026-09-02T14:37:42+00:00","mainEntityOfPage":{"@id":"https:\/\/newblogs.correiobraziliense.com.br\/emaltanapolitica\/o-que-a-pesquisa-quaest-mostra-sobre-o-crescimento-de-augusto-cury\/"},"wordCount":438,"publisher":{"@id":"https:\/\/newblogs.correiobraziliense.com.br\/emaltanapolitica\/#organization"},"image":{"@id":"https:\/\/newblogs.correiobraziliense.com.br\/emaltanapolitica\/o-que-a-pesquisa-quaest-mostra-sobre-o-crescimento-de-augusto-cury\/#primaryimage"},"thumbnailUrl":"https:\/\/newblogs.correiobraziliense.com.br\/emaltanapolitica\/wp-content\/uploads\/sites\/9\/2026\/09\/augustocury1.jpg","keywords":["Augusto Cury","Elei\u00e7\u00f5es","Elei\u00e7\u00f5es 2026","Elei\u00e7\u00f5es-2026","Fl\u00e1vio Bolsonaro","Lula","TSE"],"articleSection":["An\u00e1lises","Elei\u00e7\u00f5es 2026","Pesquisas Eleitorais"],"inLanguage":"pt-BR"},{"@type":"WebPage","@id":"https:\/\/newblogs.correiobraziliense.com.br\/emaltanapolitica\/o-que-a-pesquisa-quaest-mostra-sobre-o-crescimento-de-augusto-cury\/","url":"https:\/\/newblogs.correiobraziliense.com.br\/emaltanapolitica\/o-que-a-pesquisa-quaest-mostra-sobre-o-crescimento-de-augusto-cury\/","name":"O que a pesquisa Quaest mostra sobre o crescimento de Augusto Cury | Em alta na pol\u00edtica","isPartOf":{"@id":"https:\/\/newblogs.correiobraziliense.com.br\/emaltanapolitica\/#website"},"primaryImageOfPage":{"@id":"https:\/\/newblogs.correiobraziliense.com.br\/emaltanapolitica\/o-que-a-pesquisa-quaest-mostra-sobre-o-crescimento-de-augusto-cury\/#primaryimage"},"image":{"@id":"https:\/\/newblogs.correiobraziliense.com.br\/emaltanapolitica\/o-que-a-pesquisa-quaest-mostra-sobre-o-crescimento-de-augusto-cury\/#primaryimage"},"thumbnailUrl":"https:\/\/newblogs.correiobraziliense.com.br\/emaltanapolitica\/wp-content\/uploads\/sites\/9\/2026\/09\/augustocury1.jpg","datePublished":"2026-09-02T14:22:08+00:00","dateModified":"2026-09-02T14:37:42+00:00","description":"O recorte feito pela Quaest permite afirmar que Augusto Cury cresceu gra\u00e7as ao eleitor jovem e mais distante de espectros pol\u00edticos","breadcrumb":{"@id":"https:\/\/newblogs.correiobraziliense.com.br\/emaltanapolitica\/o-que-a-pesquisa-quaest-mostra-sobre-o-crescimento-de-augusto-cury\/#breadcrumb"},"inLanguage":"pt-BR","potentialAction":[{"@type":"ReadAction","target":["https:\/\/newblogs.correiobraziliense.com.br\/emaltanapolitica\/o-que-a-pesquisa-quaest-mostra-sobre-o-crescimento-de-augusto-cury\/"]}]},{"@type":"ImageObject","inLanguage":"pt-BR","@id":"https:\/\/newblogs.correiobraziliense.com.br\/emaltanapolitica\/o-que-a-pesquisa-quaest-mostra-sobre-o-crescimento-de-augusto-cury\/#primaryimage","url":"https:\/\/newblogs.correiobraziliense.com.br\/emaltanapolitica\/wp-content\/uploads\/sites\/9\/2026\/09\/augustocury1.jpg","contentUrl":"https:\/\/newblogs.correiobraziliense.com.br\/emaltanapolitica\/wp-content\/uploads\/sites\/9\/2026\/09\/augustocury1.jpg","width":800,"height":533,"caption":"Cury atingiu os dois d\u00edgitos em mais uma pesquisa eleitoral \u2014 Marcelo Ferreira\/CB\/D.A Press"},{"@type":"BreadcrumbList","@id":"https:\/\/newblogs.correiobraziliense.com.br\/emaltanapolitica\/o-que-a-pesquisa-quaest-mostra-sobre-o-crescimento-de-augusto-cury\/#breadcrumb","itemListElement":[{"@type":"ListItem","position":1,"name":"In\u00edcio","item":"https:\/\/newblogs.correiobraziliense.com.br\/emaltanapolitica\/"},{"@type":"ListItem","position":2,"name":"An\u00e1lises","item":"https:\/\/newblogs.correiobraziliense.com.br\/emaltanapolitica\/analises\/"},{"@type":"ListItem","position":3,"name":"O que a pesquisa Quaest mostra sobre o crescimento de Augusto Cury"}]},{"@type":"WebSite","@id":"https:\/\/newblogs.correiobraziliense.com.br\/emaltanapolitica\/#website","url":"https:\/\/newblogs.correiobraziliense.com.br\/emaltanapolitica\/","name":"Em alta na pol\u00edtica","description":"Cobertura di\u00e1ria dos temas que dominam o debate p\u00fablico, com not\u00edcias, an\u00e1lises e bastidores da pol\u00edtica brasileira e do Distrito Federal.","publisher":{"@id":"https:\/\/newblogs.correiobraziliense.com.br\/emaltanapolitica\/#organization"},"potentialAction":[{"@type":"SearchAction","target":{"@type":"EntryPoint","urlTemplate":"https:\/\/newblogs.correiobraziliense.com.br\/emaltanapolitica\/?s={search_term_string}"},"query-input":{"@type":"PropertyValueSpecification","valueRequired":true,"valueName":"search_term_string"}}],"inLanguage":"pt-BR"},{"@type":"Organization","@id":"https:\/\/newblogs.correiobraziliense.com.br\/emaltanapolitica\/#organization","name":"Correio Braziliense","url":"https:\/\/newblogs.correiobraziliense.com.br\/emaltanapolitica\/","logo":{"@type":"ImageObject","inLanguage":"pt-BR","@id":"https:\/\/newblogs.correiobraziliense.com.br\/emaltanapolitica\/#\/schema\/logo\/image\/","url":"https:\/\/newblogs.correiobraziliense.com.br\/emaltanapolitica\/wp-content\/uploads\/sites\/9\/2026\/07\/cropped-512x512-1.png","contentUrl":"https:\/\/newblogs.correiobraziliense.com.br\/emaltanapolitica\/wp-content\/uploads\/sites\/9\/2026\/07\/cropped-512x512-1.png","width":512,"height":512,"caption":"Correio Braziliense"},"image":{"@id":"https:\/\/newblogs.correiobraziliense.com.br\/emaltanapolitica\/#\/schema\/logo\/image\/"}},{"@type":"Person","@id":"https:\/\/newblogs.correiobraziliense.com.br\/emaltanapolitica\/#\/schema\/person\/c068078cdc92125b757e9b622b83c061","name":"Roberto Fonseca","image":{"@type":"ImageObject","inLanguage":"pt-BR","@id":"https:\/\/secure.gravatar.com\/avatar\/b12251b14d2e36982ff9230554c2455a298dc787995902d26fd0b8b71b6bd6aa?s=96&d=mm&r=g","url":"https:\/\/secure.gravatar.com\/avatar\/b12251b14d2e36982ff9230554c2455a298dc787995902d26fd0b8b71b6bd6aa?s=96&d=mm&r=g","contentUrl":"https:\/\/secure.gravatar.com\/avatar\/b12251b14d2e36982ff9230554c2455a298dc787995902d26fd0b8b71b6bd6aa?s=96&d=mm&r=g","caption":"Roberto Fonseca"},"description":"Jornalista formado pelo UniCeub, com forma\u00e7\u00e3o complementar em ci\u00eancia pol\u00edtica pela UnB e p\u00f3s-gradua\u00e7\u00e3o em Comunica\u00e7\u00e3o Pol\u00edtica no Legislativo. \u00c9 subeditor do site do Correio Braziliense e apresentador do programa CB.Poder, na TV Bras\u00edlia, onde analisa os principais movimentos da pol\u00edtica nacional.","url":"https:\/\/newblogs.correiobraziliense.com.br\/emaltanapolitica\/author\/robertofonseca\/"}]}},"_links":{"self":[{"href":"https:\/\/newblogs.correiobraziliense.com.br\/emaltanapolitica\/wp-json\/wp\/v2\/posts\/763","targetHints":{"allow":["GET"]}}],"collection":[{"href":"https:\/\/newblogs.correiobraziliense.com.br\/emaltanapolitica\/wp-json\/wp\/v2\/posts"}],"about":[{"href":"https:\/\/newblogs.correiobraziliense.com.br\/emaltanapolitica\/wp-json\/wp\/v2\/types\/post"}],"author":[{"embeddable":true,"href":"https:\/\/newblogs.correiobraziliense.com.br\/emaltanapolitica\/wp-json\/wp\/v2\/users\/19"}],"replies":[{"embeddable":true,"href":"https:\/\/newblogs.correiobraziliense.com.br\/emaltanapolitica\/wp-json\/wp\/v2\/comments?post=763"}],"version-history":[{"count":5,"href":"https:\/\/newblogs.correiobraziliense.com.br\/emaltanapolitica\/wp-json\/wp\/v2\/posts\/763\/revisions"}],"predecessor-version":[{"id":771,"href":"https:\/\/newblogs.correiobraziliense.com.br\/emaltanapolitica\/wp-json\/wp\/v2\/posts\/763\/revisions\/771"}],"wp:featuredmedia":[{"embeddable":true,"href":"https:\/\/newblogs.correiobraziliense.com.br\/emaltanapolitica\/wp-json\/wp\/v2\/media\/764"}],"wp:attachment":[{"href":"https:\/\/newblogs.correiobraziliense.com.br\/emaltanapolitica\/wp-json\/wp\/v2\/media?parent=763"}],"wp:term":[{"taxonomy":"category","embeddable":true,"href":"https:\/\/newblogs.correiobraziliense.com.br\/emaltanapolitica\/wp-json\/wp\/v2\/categories?post=763"},{"taxonomy":"post_tag","embeddable":true,"href":"https:\/\/newblogs.correiobraziliense.com.br\/emaltanapolitica\/wp-json\/wp\/v2\/tags?post=763"}],"curies":[{"name":"wp","href":"https:\/\/api.w.org\/{rel}","templated":true}]}}