{"id":758,"date":"2026-08-31T13:28:23","date_gmt":"2026-08-31T16:28:23","guid":{"rendered":"https:\/\/newblogs.correiobraziliense.com.br\/emaltanapolitica\/?p=758"},"modified":"2026-08-31T13:28:25","modified_gmt":"2026-08-31T16:28:25","slug":"tse-da-inicio-a-etapa-que-garante-a-seguranca-dos-sistemas-usados-nas-urnas","status":"publish","type":"post","link":"https:\/\/newblogs.correiobraziliense.com.br\/emaltanapolitica\/tse-da-inicio-a-etapa-que-garante-a-seguranca-dos-sistemas-usados-nas-urnas\/","title":{"rendered":"TSE d\u00e1 in\u00edcio \u00e0 etapa que garante a seguran\u00e7a dos sistemas usados nas urnas"},"content":{"rendered":"\n<p>A 34 dias das elei\u00e7\u00f5es gerais de 2026, o Tribunal Superior Eleitoral (TSE) entrou em um dos momentos mais sens\u00edveis do calend\u00e1rio eleitoral: o fechamento dos softwares que v\u00e3o rodar nas urnas eletr\u00f4nicas. At\u00e9 quinta-feira, equipes t\u00e9cnicas do tribunal v\u00e3o compilar os programas que v\u00e3o registrar o voto, a totaliza\u00e7\u00e3o e a transmiss\u00e3o dos resultados. Na pr\u00e1tica, \u00e9 o momento em que o c\u00f3digo sai da fase de testes e ganha a vers\u00e3o que efetivamente ser\u00e1 usada nas se\u00e7\u00f5es eleitorais.<\/p>\n\n\n\n<p>O trabalho se iniciou nesta segunda-feira (31\/8), mas j\u00e1 tem um desfecho marcado: 4 de setembro, data da Cerim\u00f4nia de Assinatura Digital e Lacra\u00e7\u00e3o dos Sistemas Eleitorais, em Bras\u00edlia. \u00c9 ali que o TSE fecha o ciclo, assinando digitalmente cada sistema e lacrando fisicamente as m\u00eddias que os armazenam.<\/p>\n\n\n\n<ul class=\"wp-block-list\">\n<li><strong>Leia tamb\u00e9m: <a href=\"https:\/\/newblogs.correiobraziliense.com.br\/emaltanapolitica\/candidatos-ao-senado-no-df-miram-satelites-e-redes-sociais\/\">Aliados de Michelle apostam em tempo de TV; base de Leila mira refor\u00e7ar bancada no Senado<\/a><\/strong><\/li>\n<\/ul>\n\n\n\n<p>A assinatura digital n\u00e3o \u00e9 apenas um protocolo burocr\u00e1tico. Ela gera <em>hashes<\/em>, uma esp\u00e9cie de impress\u00e3o digital de cada programa, que funcionam como prova de integridade, qualquer altera\u00e7\u00e3o, por menor que seja, muda o c\u00f3digo gerado e denuncia a adultera\u00e7\u00e3o. \u00c9 esse mecanismo que permite, mais adiante, comparar o sistema efetivamente usado nas urnas com a vers\u00e3o que foi testada e aprovada.<\/p>\n\n\n\n<p>A lacra\u00e7\u00e3o cumpre um papel complementar. Uma vez fechadas as m\u00eddias, elas ficam protegidas contra qualquer modifica\u00e7\u00e3o e passam a ser guardadas na sala-cofre do tribunal. De l\u00e1, c\u00f3pias seguem para os tribunais regionais eleitorais, que preparam as urnas de cada estado a partir desse material oficial.<\/p>\n\n\n\n<ul class=\"wp-block-list\">\n<li><a href=\"https:\/\/www.correiobraziliense.com.br\/politica\/eleicoes\/2026\"><strong>Acompanhe toda a cobertura eleitoral do Correio Braziliense<\/strong><\/a><\/li>\n<\/ul>\n\n\n\n<p>Diferentemente de um procedimento interno, essa fase \u00e9 aberta \u00e0 an\u00e1lise externa. Partidos, Minist\u00e9rio P\u00fablico, OAB e outras entidades credenciadas acompanham a compila\u00e7\u00e3o e podem conferir a integridade dos sistemas antes da assinatura final. Quem desenvolveu ferramentas pr\u00f3prias de verifica\u00e7\u00e3o tamb\u00e9m tem seus programas incorporados ao mesmo processo, com c\u00f3pias guardadas junto \u00e0s do TSE. No fim, os resumos digitais de tudo o que foi assinado s\u00e3o divulgados publicamente, permitindo que qualquer interessado confira os dados depois.<\/p>\n\n\n\n<p>O calend\u00e1rio come\u00e7ou nesta segunda (31), com a abertura oficial da cerim\u00f4nia. Entre 1\u00ba e 3 de setembro ocorre a fase de compila\u00e7\u00e3o, acompanhada pelas entidades fiscalizadoras. O encerramento fica para o dia 4, quando TSE e fiscais assinam digitalmente os sistemas, seguido da lacra\u00e7\u00e3o f\u00edsica e digital e do envio das m\u00eddias para a sala-cofre.<\/p>\n\n\n<ul class=\"wp-block-latest-posts__list has-author wp-block-latest-posts\"><li><a class=\"wp-block-latest-posts__post-title\" href=\"https:\/\/newblogs.correiobraziliense.com.br\/emaltanapolitica\/eleicoes-2026-o-plano-de-contingencia-do-judiciario-contra-a-ia\/\">Elei\u00e7\u00f5es 2026: o plano de conting\u00eancia do Judici\u00e1rio contra a IA<\/a><div class=\"wp-block-latest-posts__post-author\">por Raphaela Peixoto<\/div><\/li>\n<li><a class=\"wp-block-latest-posts__post-title\" href=\"https:\/\/newblogs.correiobraziliense.com.br\/emaltanapolitica\/pitiman-diz-que-adversarios-alardeiam-decisao-do-tre-df-contra-arruda\/\">Pitiman diz que advers\u00e1rios \u2018alardeiam\u2019 decis\u00e3o do TRE-DF contra Arruda<\/a><div class=\"wp-block-latest-posts__post-author\">por Raphaela Peixoto<\/div><\/li>\n<li><a class=\"wp-block-latest-posts__post-title\" href=\"https:\/\/newblogs.correiobraziliense.com.br\/emaltanapolitica\/campanha-de-arruda-segue-normal-ate-decisao-final-diz-psd\/\">Campanha de Arruda segue normal at\u00e9 decis\u00e3o final, diz PSD<\/a><div class=\"wp-block-latest-posts__post-author\">por Mannu Leones<\/div><\/li>\n<li><a class=\"wp-block-latest-posts__post-title\" href=\"https:\/\/newblogs.correiobraziliense.com.br\/emaltanapolitica\/candidata-mais-jovem-do-df-pretende-homenagear-o-pai-se-for-eleita\/\">Candidata mais jovem do DF pretende homenagear o pai, se for eleita<\/a><div class=\"wp-block-latest-posts__post-author\">por Mannu Leones<\/div><\/li>\n<li><a class=\"wp-block-latest-posts__post-title\" href=\"https:\/\/newblogs.correiobraziliense.com.br\/emaltanapolitica\/o-que-a-pesquisa-quaest-mostra-sobre-o-crescimento-de-augusto-cury\/\">O que a pesquisa Quaest mostra sobre o crescimento de Augusto Cury<\/a><div class=\"wp-block-latest-posts__post-author\">por Roberto Fonseca<\/div><\/li>\n<\/ul>","protected":false},"excerpt":{"rendered":"<p>Compila\u00e7\u00e3o, assinatura digital e lacra\u00e7\u00e3o dos programas eleitorais ser\u00e3o conclu\u00eddas em cerim\u00f4nia no dia 4 de setembro, em Bras\u00edlia<\/p>\n","protected":false},"author":29,"featured_media":759,"comment_status":"closed","ping_status":"open","sticky":false,"template":"","format":"standard","meta":{"_acf_changed":false,"inline_featured_image":false,"footnotes":""},"categories":[7,16],"tags":[24,19,56,174,173,29,175],"class_list":["post-758","post","type-post","status-publish","format-standard","has-post-thumbnail","hentry","category-eleicoes-2026","category-tse","tag-eleicoes","tag-eleicoes-2026","tag-justica-eleitoral","tag-seguranca-urnas-elettronicas","tag-tribunal-superior-eleitoral","tag-tse","tag-urna-eletronica"],"acf":[],"yoast_head":"<!-- This site is optimized with the Yoast SEO plugin v28.1 - https:\/\/yoast.com\/product\/yoast-seo-wordpress\/ -->\n<title>TSE d\u00e1 in\u00edcio \u00e0 etapa que garante a seguran\u00e7a dos sistemas usados nas urnas | Em alta na pol\u00edtica<\/title>\n<meta name=\"description\" content=\"Compila\u00e7\u00e3o, assinatura digital e lacra\u00e7\u00e3o dos programas eleitorais ser\u00e3o conclu\u00eddas em cerim\u00f4nia no dia 4 de setembro, em Bras\u00edlia\" \/>\n<meta name=\"robots\" content=\"index, follow, max-snippet:-1, max-image-preview:large, max-video-preview:-1\" \/>\n<link rel=\"canonical\" href=\"https:\/\/newblogs.correiobraziliense.com.br\/emaltanapolitica\/tse-da-inicio-a-etapa-que-garante-a-seguranca-dos-sistemas-usados-nas-urnas\/\" \/>\n<meta property=\"og:locale\" content=\"pt_BR\" \/>\n<meta property=\"og:type\" content=\"article\" \/>\n<meta property=\"og:title\" content=\"TSE d\u00e1 in\u00edcio \u00e0 etapa que garante a seguran\u00e7a dos sistemas usados nas urnas | Em alta na pol\u00edtica\" \/>\n<meta property=\"og:description\" content=\"Compila\u00e7\u00e3o, assinatura digital e lacra\u00e7\u00e3o dos programas eleitorais ser\u00e3o conclu\u00eddas em cerim\u00f4nia no dia 4 de setembro, em Bras\u00edlia\" \/>\n<meta property=\"og:url\" content=\"https:\/\/newblogs.correiobraziliense.com.br\/emaltanapolitica\/tse-da-inicio-a-etapa-que-garante-a-seguranca-dos-sistemas-usados-nas-urnas\/\" \/>\n<meta property=\"og:site_name\" content=\"Em alta na pol\u00edtica\" \/>\n<meta property=\"article:published_time\" content=\"2026-08-31T16:28:23+00:00\" \/>\n<meta property=\"article:modified_time\" content=\"2026-08-31T16:28:25+00:00\" \/>\n<meta property=\"og:image\" content=\"https:\/\/newblogs.correiobraziliense.com.br\/emaltanapolitica\/wp-content\/uploads\/sites\/9\/2026\/08\/Design-sem-nome-3.jpg\" \/>\n\t<meta property=\"og:image:width\" content=\"1920\" \/>\n\t<meta property=\"og:image:height\" content=\"1080\" \/>\n\t<meta property=\"og:image:type\" content=\"image\/jpeg\" \/>\n<meta name=\"author\" content=\"Mannu Leones\" \/>\n<!-- \/ Yoast SEO plugin. -->","yoast_head_json":{"title":"TSE d\u00e1 in\u00edcio \u00e0 etapa que garante a seguran\u00e7a dos sistemas usados nas urnas | Em alta na pol\u00edtica","description":"Compila\u00e7\u00e3o, assinatura digital e lacra\u00e7\u00e3o dos programas eleitorais ser\u00e3o conclu\u00eddas em cerim\u00f4nia no dia 4 de setembro, em Bras\u00edlia","robots":{"index":"index","follow":"follow","max-snippet":"max-snippet:-1","max-image-preview":"max-image-preview:large","max-video-preview":"max-video-preview:-1"},"canonical":"https:\/\/newblogs.correiobraziliense.com.br\/emaltanapolitica\/tse-da-inicio-a-etapa-que-garante-a-seguranca-dos-sistemas-usados-nas-urnas\/","og_locale":"pt_BR","og_type":"article","og_title":"TSE d\u00e1 in\u00edcio \u00e0 etapa que garante a seguran\u00e7a dos sistemas usados nas urnas | Em alta na pol\u00edtica","og_description":"Compila\u00e7\u00e3o, assinatura digital e lacra\u00e7\u00e3o dos programas eleitorais ser\u00e3o conclu\u00eddas em cerim\u00f4nia no dia 4 de setembro, em Bras\u00edlia","og_url":"https:\/\/newblogs.correiobraziliense.com.br\/emaltanapolitica\/tse-da-inicio-a-etapa-que-garante-a-seguranca-dos-sistemas-usados-nas-urnas\/","og_site_name":"Em alta na pol\u00edtica","article_published_time":"2026-08-31T16:28:23+00:00","article_modified_time":"2026-08-31T16:28:25+00:00","og_image":[{"width":1920,"height":1080,"url":"https:\/\/newblogs.correiobraziliense.com.br\/emaltanapolitica\/wp-content\/uploads\/sites\/9\/2026\/08\/Design-sem-nome-3.jpg","type":"image\/jpeg"}],"author":"Mannu Leones","schema":{"@context":"https:\/\/schema.org","@graph":[{"@type":"NewsArticle","@id":"https:\/\/newblogs.correiobraziliense.com.br\/emaltanapolitica\/tse-da-inicio-a-etapa-que-garante-a-seguranca-dos-sistemas-usados-nas-urnas\/#article","isPartOf":{"@id":"https:\/\/newblogs.correiobraziliense.com.br\/emaltanapolitica\/tse-da-inicio-a-etapa-que-garante-a-seguranca-dos-sistemas-usados-nas-urnas\/"},"author":{"name":"Mannu Leones","@id":"https:\/\/newblogs.correiobraziliense.com.br\/emaltanapolitica\/#\/schema\/person\/dba8043b77d7a4f75127bb92cbc41c91"},"headline":"TSE d\u00e1 in\u00edcio \u00e0 etapa que garante a seguran\u00e7a dos sistemas usados nas urnas","datePublished":"2026-08-31T16:28:23+00:00","dateModified":"2026-08-31T16:28:25+00:00","mainEntityOfPage":{"@id":"https:\/\/newblogs.correiobraziliense.com.br\/emaltanapolitica\/tse-da-inicio-a-etapa-que-garante-a-seguranca-dos-sistemas-usados-nas-urnas\/"},"wordCount":446,"publisher":{"@id":"https:\/\/newblogs.correiobraziliense.com.br\/emaltanapolitica\/#organization"},"image":{"@id":"https:\/\/newblogs.correiobraziliense.com.br\/emaltanapolitica\/tse-da-inicio-a-etapa-que-garante-a-seguranca-dos-sistemas-usados-nas-urnas\/#primaryimage"},"thumbnailUrl":"https:\/\/newblogs.correiobraziliense.com.br\/emaltanapolitica\/wp-content\/uploads\/sites\/9\/2026\/08\/Design-sem-nome-3.jpg","keywords":["Elei\u00e7\u00f5es","Elei\u00e7\u00f5es 2026","Justi\u00e7a Eleitoral","Seguran\u00e7a urnas elettr\u00f4nicas","Tribunal Superior Eleitoral","TSE","urna eletr\u00f4nica"],"articleSection":["Elei\u00e7\u00f5es 2026","TSE"],"inLanguage":"pt-BR"},{"@type":"WebPage","@id":"https:\/\/newblogs.correiobraziliense.com.br\/emaltanapolitica\/tse-da-inicio-a-etapa-que-garante-a-seguranca-dos-sistemas-usados-nas-urnas\/","url":"https:\/\/newblogs.correiobraziliense.com.br\/emaltanapolitica\/tse-da-inicio-a-etapa-que-garante-a-seguranca-dos-sistemas-usados-nas-urnas\/","name":"TSE d\u00e1 in\u00edcio \u00e0 etapa que garante a seguran\u00e7a dos sistemas usados nas urnas | Em alta na pol\u00edtica","isPartOf":{"@id":"https:\/\/newblogs.correiobraziliense.com.br\/emaltanapolitica\/#website"},"primaryImageOfPage":{"@id":"https:\/\/newblogs.correiobraziliense.com.br\/emaltanapolitica\/tse-da-inicio-a-etapa-que-garante-a-seguranca-dos-sistemas-usados-nas-urnas\/#primaryimage"},"image":{"@id":"https:\/\/newblogs.correiobraziliense.com.br\/emaltanapolitica\/tse-da-inicio-a-etapa-que-garante-a-seguranca-dos-sistemas-usados-nas-urnas\/#primaryimage"},"thumbnailUrl":"https:\/\/newblogs.correiobraziliense.com.br\/emaltanapolitica\/wp-content\/uploads\/sites\/9\/2026\/08\/Design-sem-nome-3.jpg","datePublished":"2026-08-31T16:28:23+00:00","dateModified":"2026-08-31T16:28:25+00:00","description":"Compila\u00e7\u00e3o, assinatura digital e lacra\u00e7\u00e3o dos programas eleitorais ser\u00e3o conclu\u00eddas em cerim\u00f4nia no dia 4 de setembro, em Bras\u00edlia","breadcrumb":{"@id":"https:\/\/newblogs.correiobraziliense.com.br\/emaltanapolitica\/tse-da-inicio-a-etapa-que-garante-a-seguranca-dos-sistemas-usados-nas-urnas\/#breadcrumb"},"inLanguage":"pt-BR","potentialAction":[{"@type":"ReadAction","target":["https:\/\/newblogs.correiobraziliense.com.br\/emaltanapolitica\/tse-da-inicio-a-etapa-que-garante-a-seguranca-dos-sistemas-usados-nas-urnas\/"]}]},{"@type":"ImageObject","inLanguage":"pt-BR","@id":"https:\/\/newblogs.correiobraziliense.com.br\/emaltanapolitica\/tse-da-inicio-a-etapa-que-garante-a-seguranca-dos-sistemas-usados-nas-urnas\/#primaryimage","url":"https:\/\/newblogs.correiobraziliense.com.br\/emaltanapolitica\/wp-content\/uploads\/sites\/9\/2026\/08\/Design-sem-nome-3.jpg","contentUrl":"https:\/\/newblogs.correiobraziliense.com.br\/emaltanapolitica\/wp-content\/uploads\/sites\/9\/2026\/08\/Design-sem-nome-3.jpg","width":1920,"height":1080,"caption":"Cr\u00e9ditos: Alejandro Zambrana\/Secom\/TSE"},{"@type":"BreadcrumbList","@id":"https:\/\/newblogs.correiobraziliense.com.br\/emaltanapolitica\/tse-da-inicio-a-etapa-que-garante-a-seguranca-dos-sistemas-usados-nas-urnas\/#breadcrumb","itemListElement":[{"@type":"ListItem","position":1,"name":"In\u00edcio","item":"https:\/\/newblogs.correiobraziliense.com.br\/emaltanapolitica\/"},{"@type":"ListItem","position":2,"name":"Elei\u00e7\u00f5es 2026","item":"https:\/\/newblogs.correiobraziliense.com.br\/emaltanapolitica\/eleicoes-2026\/"},{"@type":"ListItem","position":3,"name":"TSE d\u00e1 in\u00edcio \u00e0 etapa que garante a seguran\u00e7a dos sistemas usados nas urnas"}]},{"@type":"WebSite","@id":"https:\/\/newblogs.correiobraziliense.com.br\/emaltanapolitica\/#website","url":"https:\/\/newblogs.correiobraziliense.com.br\/emaltanapolitica\/","name":"Em alta na pol\u00edtica","description":"Cobertura di\u00e1ria dos temas que dominam o debate p\u00fablico, com not\u00edcias, an\u00e1lises e bastidores da pol\u00edtica brasileira e do Distrito Federal.","publisher":{"@id":"https:\/\/newblogs.correiobraziliense.com.br\/emaltanapolitica\/#organization"},"potentialAction":[{"@type":"SearchAction","target":{"@type":"EntryPoint","urlTemplate":"https:\/\/newblogs.correiobraziliense.com.br\/emaltanapolitica\/?s={search_term_string}"},"query-input":{"@type":"PropertyValueSpecification","valueRequired":true,"valueName":"search_term_string"}}],"inLanguage":"pt-BR"},{"@type":"Organization","@id":"https:\/\/newblogs.correiobraziliense.com.br\/emaltanapolitica\/#organization","name":"Correio Braziliense","url":"https:\/\/newblogs.correiobraziliense.com.br\/emaltanapolitica\/","logo":{"@type":"ImageObject","inLanguage":"pt-BR","@id":"https:\/\/newblogs.correiobraziliense.com.br\/emaltanapolitica\/#\/schema\/logo\/image\/","url":"https:\/\/newblogs.correiobraziliense.com.br\/emaltanapolitica\/wp-content\/uploads\/sites\/9\/2026\/07\/cropped-512x512-1.png","contentUrl":"https:\/\/newblogs.correiobraziliense.com.br\/emaltanapolitica\/wp-content\/uploads\/sites\/9\/2026\/07\/cropped-512x512-1.png","width":512,"height":512,"caption":"Correio Braziliense"},"image":{"@id":"https:\/\/newblogs.correiobraziliense.com.br\/emaltanapolitica\/#\/schema\/logo\/image\/"}},{"@type":"Person","@id":"https:\/\/newblogs.correiobraziliense.com.br\/emaltanapolitica\/#\/schema\/person\/dba8043b77d7a4f75127bb92cbc41c91","name":"Mannu Leones","image":{"@type":"ImageObject","inLanguage":"pt-BR","@id":"https:\/\/secure.gravatar.com\/avatar\/7724f0c9369eb3f5f766e18512f6903f58da14ca041599ebf37094fa7d0bb0a6?s=96&d=mm&r=g","url":"https:\/\/secure.gravatar.com\/avatar\/7724f0c9369eb3f5f766e18512f6903f58da14ca041599ebf37094fa7d0bb0a6?s=96&d=mm&r=g","contentUrl":"https:\/\/secure.gravatar.com\/avatar\/7724f0c9369eb3f5f766e18512f6903f58da14ca041599ebf37094fa7d0bb0a6?s=96&d=mm&r=g","caption":"Mannu Leones"},"description":"Jornalista pelo Instituto Brasileiro de Ensino, Desenvolvimento e Pesquisa (IDP), aficionada por jornalismo pol\u00edtico e jornalismo em quadrinhos, al\u00e9m de ilustradora. Com passagens por CNN Brasil, SBT News e SBT Brasil. Atualmente cobre o Congresso Nacional, o Pal\u00e1cio do Planalto e o cen\u00e1rio eleitoral brasileiro.","url":"https:\/\/newblogs.correiobraziliense.com.br\/emaltanapolitica\/author\/mannuleones\/"}]}},"_links":{"self":[{"href":"https:\/\/newblogs.correiobraziliense.com.br\/emaltanapolitica\/wp-json\/wp\/v2\/posts\/758","targetHints":{"allow":["GET"]}}],"collection":[{"href":"https:\/\/newblogs.correiobraziliense.com.br\/emaltanapolitica\/wp-json\/wp\/v2\/posts"}],"about":[{"href":"https:\/\/newblogs.correiobraziliense.com.br\/emaltanapolitica\/wp-json\/wp\/v2\/types\/post"}],"author":[{"embeddable":true,"href":"https:\/\/newblogs.correiobraziliense.com.br\/emaltanapolitica\/wp-json\/wp\/v2\/users\/29"}],"replies":[{"embeddable":true,"href":"https:\/\/newblogs.correiobraziliense.com.br\/emaltanapolitica\/wp-json\/wp\/v2\/comments?post=758"}],"version-history":[{"count":2,"href":"https:\/\/newblogs.correiobraziliense.com.br\/emaltanapolitica\/wp-json\/wp\/v2\/posts\/758\/revisions"}],"predecessor-version":[{"id":762,"href":"https:\/\/newblogs.correiobraziliense.com.br\/emaltanapolitica\/wp-json\/wp\/v2\/posts\/758\/revisions\/762"}],"wp:featuredmedia":[{"embeddable":true,"href":"https:\/\/newblogs.correiobraziliense.com.br\/emaltanapolitica\/wp-json\/wp\/v2\/media\/759"}],"wp:attachment":[{"href":"https:\/\/newblogs.correiobraziliense.com.br\/emaltanapolitica\/wp-json\/wp\/v2\/media?parent=758"}],"wp:term":[{"taxonomy":"category","embeddable":true,"href":"https:\/\/newblogs.correiobraziliense.com.br\/emaltanapolitica\/wp-json\/wp\/v2\/categories?post=758"},{"taxonomy":"post_tag","embeddable":true,"href":"https:\/\/newblogs.correiobraziliense.com.br\/emaltanapolitica\/wp-json\/wp\/v2\/tags?post=758"}],"curies":[{"name":"wp","href":"https:\/\/api.w.org\/{rel}","templated":true}]}}