{"id":752,"date":"2026-08-31T12:19:59","date_gmt":"2026-08-31T15:19:59","guid":{"rendered":"https:\/\/newblogs.correiobraziliense.com.br\/emaltanapolitica\/?p=752"},"modified":"2026-08-31T13:04:26","modified_gmt":"2026-08-31T16:04:26","slug":"o-salto-de-augusto-cury-muda-as-contas-da-eleicao-presidencial-e-mexe-na-terceira-via","status":"publish","type":"post","link":"https:\/\/newblogs.correiobraziliense.com.br\/emaltanapolitica\/o-salto-de-augusto-cury-muda-as-contas-da-eleicao-presidencial-e-mexe-na-terceira-via\/","title":{"rendered":"O salto de Augusto Cury muda as contas da elei\u00e7\u00e3o presidencial e mexe na terceira via"},"content":{"rendered":"\n<p>A terceira semana da campanha presidencial come\u00e7a com Augusto Cury em outro patamar. O candidato do Avante, que at\u00e9 pouco tempo era pouco conhecido do eleitorado, passou a ocupar um espa\u00e7o de destaque nas pesquisas e nas redes sociais. A mudan\u00e7a aconteceu em poucos dias e j\u00e1 interfere nas an\u00e1lises sobre a disputa de 2026.<\/p>\n\n\n\n<p>Na pesquisa BTG\/Nexus, Cury passou de 2% para 11% das inten\u00e7\u00f5es de voto no cen\u00e1rio estimulado. Foram nove pontos em uma semana. Com o novo resultado, aparece \u00e0 frente da soma de Ronaldo Caiado e Renan Santos. Para uma candidatura que estava distante dos primeiros colocados, atingir os dois d\u00edgitos \u00e9 um feito consider\u00e1vel.<\/p>\n\n\n\n<ul class=\"wp-block-list\">\n<li><a href=\"https:\/\/www.correiobraziliense.com.br\/politica\/eleicoes\/2026\"><strong>Acompanhe toda a cobertura eleitoral do <em>Correio Braziliense<\/em><\/strong><\/a><\/li>\n<\/ul>\n\n\n\n<p>O salto tamb\u00e9m aparece no ambiente digital. Cury foi o candidato mais procurado no Google e ganhou mais de 2 milh\u00f5es de seguidores em menos de uma semana. A audi\u00eancia nas redes sociais saiu de 8,3 milh\u00f5es para mais de 10,5 milh\u00f5es. N\u00e3o \u00e9 pouca coisa. Em uma campanha cada vez mais dependente da exposi\u00e7\u00e3o digital, essa velocidade ajuda a explicar a mudan\u00e7a de patamar do candidato.<\/p>\n\n\n\n<p>A Atlas\/Intel encontrou um movimento parecido. Cury chegou a 7,8%, avan\u00e7o de 6,2 pontos. Lula aparece com 43,4%, Fl\u00e1vio Bolsonaro, com 33,7%, e Renan Santos, com 7,6%. Os percentuais n\u00e3o s\u00e3o diretamente compar\u00e1veis, j\u00e1 que os levantamentos t\u00eam metodologias e datas diferentes. Ainda assim, h\u00e1 uma coincid\u00eancia dif\u00edcil de ignorar: Cury deixou de aparecer apenas como um nome perif\u00e9rico e passou a pontuar em pesquisas diferentes.<\/p>\n\n\n\n<p>Isso n\u00e3o significa, necessariamente, que o crescimento virou voto consolidado. Uma campanha presidencial muda bastante em pouco tempo. O candidato que ganha espa\u00e7o rapidamente tamb\u00e9m pode perder parte dele na mesma velocidade. E transformar seguidores, buscas e visualiza\u00e7\u00f5es em votos \u00e9 outra hist\u00f3ria.<\/p>\n\n\n\n<p>\u00c9 justamente a\u00ed que Cury ter\u00e1 de mostrar se o fen\u00f4meno digital pode sobreviver ao ambiente eleitoral tradicional. A candidatura encontrou uma maneira de despertar curiosidade e atrair p\u00fablico. Agora precisa convencer quem est\u00e1 fora dessa bolha. Reconhecimento ajuda, mas n\u00e3o basta. O eleitor precisa saber o que o candidato defende e, principalmente, decidir se vale a pena votar nele.<\/p>\n\n\n\n<p>As propostas apresentadas at\u00e9 aqui tentam ocupar esse espa\u00e7o. Cury fala em criar um Minist\u00e9rio da Intelig\u00eancia Artificial e em usar drones no combate ao feminic\u00eddio. As duas bandeiras apostam em assuntos que t\u00eam forte presen\u00e7a no debate atual, tecnologia e seguran\u00e7a, e ajudam a dar contornos pr\u00f3prios \u00e0 candidatura.<\/p>\n\n\n\n<p>Os pr\u00f3ximos levantamentos ser\u00e3o importantes para saber o tamanho real desse avan\u00e7o. Quaest e Datafolha v\u00e3o divulgar pesquisas nesta semana. Se Cury aparecer novamente em uma posi\u00e7\u00e3o semelhante, ser\u00e1 um sinal de que a alta n\u00e3o ficou restrita ao ambiente das redes sociais.<\/p>\n\n\n\n<p>A disputa, portanto, ganha uma vari\u00e1vel que n\u00e3o estava nas primeiras contas. Lula e Fl\u00e1vio Bolsonaro ainda concentram as maiores inten\u00e7\u00f5es de voto, mas Cury come\u00e7a a ocupar um espa\u00e7o que mexe com as proje\u00e7\u00f5es para a elei\u00e7\u00e3o. \u00c9 uma tend\u00eancia ou apenas uma arrancada inicial, seguida de acomoda\u00e7\u00e3o? Com a campanha ainda no come\u00e7o, \u00e9 imposs\u00edvel cravar qual dos dois caminhos prevalecer\u00e1.<\/p>\n\n\n\n<p>Uma coisa, por\u00e9m, j\u00e1 mudou. Augusto Cury deixou de ser um nome perif\u00e9rico nas pesquisas. E a subida j\u00e1 \u00e9 suficiente para que os institutos passem a testar com mais frequ\u00eancia cen\u00e1rios de segundo turno com sua presen\u00e7a. At\u00e9 pouco tempo, essa possibilidade sequer fazia parte das principais simula\u00e7\u00f5es.<\/p>\n\n\n<ul class=\"wp-block-latest-posts__list wp-block-latest-posts\"><li><a class=\"wp-block-latest-posts__post-title\" href=\"https:\/\/newblogs.correiobraziliense.com.br\/emaltanapolitica\/o-salto-de-augusto-cury-muda-as-contas-da-eleicao-presidencial-e-mexe-na-terceira-via\/\">O salto de Augusto Cury muda as contas da elei\u00e7\u00e3o presidencial e mexe na terceira via<\/a><\/li>\n<li><a class=\"wp-block-latest-posts__post-title\" href=\"https:\/\/newblogs.correiobraziliense.com.br\/emaltanapolitica\/campanha-avanca-e-pesquisas-eleitorais-comecam-a-ser-divulgadas-em-sequencia\/\">Campanha avan\u00e7a e pesquisas eleitorais come\u00e7am a ser divulgadas em sequ\u00eancia<\/a><\/li>\n<li><a class=\"wp-block-latest-posts__post-title\" href=\"https:\/\/newblogs.correiobraziliense.com.br\/emaltanapolitica\/92-dos-eleitores-rejeitam-uso-de-deepfake-contra-adversarios-politicos\/\">92% dos eleitores rejeitam uso de deepfake contra advers\u00e1rios pol\u00edticos<\/a><\/li>\n<li><a class=\"wp-block-latest-posts__post-title\" href=\"https:\/\/newblogs.correiobraziliense.com.br\/emaltanapolitica\/o-horario-eleitoral-ainda-faz-diferenca-para-decidir-o-voto\/\">O hor\u00e1rio eleitoral ainda faz diferen\u00e7a para decidir o voto?<\/a><\/li>\n<li><a class=\"wp-block-latest-posts__post-title\" href=\"https:\/\/newblogs.correiobraziliense.com.br\/emaltanapolitica\/partido-de-pablo-marcal-e-o-que-tem-menos-candidatos-em-2026\/\">Partido de Pablo Mar\u00e7al \u00e9 o que tem menos candidatos em 2026<\/a><\/li>\n<\/ul>","protected":false},"excerpt":{"rendered":"<p>Augusto Cury deixou de ser um nome perif\u00e9rico nas pesquisas. E a subida j\u00e1 \u00e9 suficiente para que os institutos passem a testar com mais frequ\u00eancia cen\u00e1rios de 2\u00ba turno com sua presen\u00e7a<\/p>\n","protected":false},"author":19,"featured_media":754,"comment_status":"closed","ping_status":"open","sticky":false,"template":"","format":"standard","meta":{"_acf_changed":false,"inline_featured_image":false,"footnotes":""},"categories":[2,7,10,11],"tags":[172,24,19,27,17,49],"class_list":["post-752","post","type-post","status-publish","format-standard","has-post-thumbnail","hentry","category-analises","category-eleicoes-2026","category-pesquisas-eleitorais","category-planalto","tag-augusto-cury","tag-eleicoes","tag-eleicoes-2026","tag-eleicoes-2026-2","tag-flavio-bolsonaro","tag-lula"],"acf":[],"yoast_head":"<!-- This site is optimized with the Yoast SEO plugin v28.1 - https:\/\/yoast.com\/product\/yoast-seo-wordpress\/ -->\n<title>O salto de Augusto Cury muda as contas da elei\u00e7\u00e3o presidencial e mexe na terceira via | Em alta na pol\u00edtica<\/title>\n<meta name=\"description\" content=\"Augusto Cury deixou de ser um nome perif\u00e9rico nas pesquisas. E a subida j\u00e1 \u00e9 suficiente para que os institutos passem a testar com mais frequ\u00eancia cen\u00e1rios de 2\u00ba turno com sua presen\u00e7a\" \/>\n<meta name=\"robots\" content=\"index, follow, max-snippet:-1, max-image-preview:large, max-video-preview:-1\" \/>\n<link rel=\"canonical\" href=\"https:\/\/newblogs.correiobraziliense.com.br\/emaltanapolitica\/o-salto-de-augusto-cury-muda-as-contas-da-eleicao-presidencial-e-mexe-na-terceira-via\/\" \/>\n<meta property=\"og:locale\" content=\"pt_BR\" \/>\n<meta property=\"og:type\" content=\"article\" \/>\n<meta property=\"og:title\" content=\"O salto de Augusto Cury muda as contas da elei\u00e7\u00e3o presidencial e mexe na terceira via | Em alta na pol\u00edtica\" \/>\n<meta property=\"og:description\" content=\"Augusto Cury deixou de ser um nome perif\u00e9rico nas pesquisas. E a subida j\u00e1 \u00e9 suficiente para que os institutos passem a testar com mais frequ\u00eancia cen\u00e1rios de 2\u00ba turno com sua presen\u00e7a\" \/>\n<meta property=\"og:url\" content=\"https:\/\/newblogs.correiobraziliense.com.br\/emaltanapolitica\/o-salto-de-augusto-cury-muda-as-contas-da-eleicao-presidencial-e-mexe-na-terceira-via\/\" \/>\n<meta property=\"og:site_name\" content=\"Em alta na pol\u00edtica\" \/>\n<meta property=\"article:published_time\" content=\"2026-08-31T15:19:59+00:00\" \/>\n<meta property=\"article:modified_time\" content=\"2026-08-31T16:04:26+00:00\" \/>\n<meta property=\"og:image\" content=\"https:\/\/newblogs.correiobraziliense.com.br\/emaltanapolitica\/wp-content\/uploads\/sites\/9\/2026\/08\/28072026mf34-67278037-scaled.jpg\" \/>\n\t<meta property=\"og:image:width\" content=\"2560\" \/>\n\t<meta property=\"og:image:height\" content=\"1707\" \/>\n\t<meta property=\"og:image:type\" content=\"image\/jpeg\" \/>\n<meta name=\"author\" content=\"Roberto Fonseca\" \/>\n<!-- \/ Yoast SEO plugin. -->","yoast_head_json":{"title":"O salto de Augusto Cury muda as contas da elei\u00e7\u00e3o presidencial e mexe na terceira via | Em alta na pol\u00edtica","description":"Augusto Cury deixou de ser um nome perif\u00e9rico nas pesquisas. E a subida j\u00e1 \u00e9 suficiente para que os institutos passem a testar com mais frequ\u00eancia cen\u00e1rios de 2\u00ba turno com sua presen\u00e7a","robots":{"index":"index","follow":"follow","max-snippet":"max-snippet:-1","max-image-preview":"max-image-preview:large","max-video-preview":"max-video-preview:-1"},"canonical":"https:\/\/newblogs.correiobraziliense.com.br\/emaltanapolitica\/o-salto-de-augusto-cury-muda-as-contas-da-eleicao-presidencial-e-mexe-na-terceira-via\/","og_locale":"pt_BR","og_type":"article","og_title":"O salto de Augusto Cury muda as contas da elei\u00e7\u00e3o presidencial e mexe na terceira via | Em alta na pol\u00edtica","og_description":"Augusto Cury deixou de ser um nome perif\u00e9rico nas pesquisas. E a subida j\u00e1 \u00e9 suficiente para que os institutos passem a testar com mais frequ\u00eancia cen\u00e1rios de 2\u00ba turno com sua presen\u00e7a","og_url":"https:\/\/newblogs.correiobraziliense.com.br\/emaltanapolitica\/o-salto-de-augusto-cury-muda-as-contas-da-eleicao-presidencial-e-mexe-na-terceira-via\/","og_site_name":"Em alta na pol\u00edtica","article_published_time":"2026-08-31T15:19:59+00:00","article_modified_time":"2026-08-31T16:04:26+00:00","og_image":[{"width":2560,"height":1707,"url":"https:\/\/newblogs.correiobraziliense.com.br\/emaltanapolitica\/wp-content\/uploads\/sites\/9\/2026\/08\/28072026mf34-67278037-scaled.jpg","type":"image\/jpeg"}],"author":"Roberto Fonseca","schema":{"@context":"https:\/\/schema.org","@graph":[{"@type":"NewsArticle","@id":"https:\/\/newblogs.correiobraziliense.com.br\/emaltanapolitica\/o-salto-de-augusto-cury-muda-as-contas-da-eleicao-presidencial-e-mexe-na-terceira-via\/#article","isPartOf":{"@id":"https:\/\/newblogs.correiobraziliense.com.br\/emaltanapolitica\/o-salto-de-augusto-cury-muda-as-contas-da-eleicao-presidencial-e-mexe-na-terceira-via\/"},"author":{"name":"Roberto Fonseca","@id":"https:\/\/newblogs.correiobraziliense.com.br\/emaltanapolitica\/#\/schema\/person\/c068078cdc92125b757e9b622b83c061"},"headline":"O salto de Augusto Cury muda as contas da elei\u00e7\u00e3o presidencial e mexe na terceira via","datePublished":"2026-08-31T15:19:59+00:00","dateModified":"2026-08-31T16:04:26+00:00","mainEntityOfPage":{"@id":"https:\/\/newblogs.correiobraziliense.com.br\/emaltanapolitica\/o-salto-de-augusto-cury-muda-as-contas-da-eleicao-presidencial-e-mexe-na-terceira-via\/"},"wordCount":622,"publisher":{"@id":"https:\/\/newblogs.correiobraziliense.com.br\/emaltanapolitica\/#organization"},"image":{"@id":"https:\/\/newblogs.correiobraziliense.com.br\/emaltanapolitica\/o-salto-de-augusto-cury-muda-as-contas-da-eleicao-presidencial-e-mexe-na-terceira-via\/#primaryimage"},"thumbnailUrl":"https:\/\/newblogs.correiobraziliense.com.br\/emaltanapolitica\/wp-content\/uploads\/sites\/9\/2026\/08\/28072026mf34-67278037-scaled.jpg","keywords":["Augusto Cury","Elei\u00e7\u00f5es","Elei\u00e7\u00f5es 2026","Elei\u00e7\u00f5es-2026","Fl\u00e1vio Bolsonaro","Lula"],"articleSection":["An\u00e1lises","Elei\u00e7\u00f5es 2026","Pesquisas Eleitorais","Planalto"],"inLanguage":"pt-BR"},{"@type":"WebPage","@id":"https:\/\/newblogs.correiobraziliense.com.br\/emaltanapolitica\/o-salto-de-augusto-cury-muda-as-contas-da-eleicao-presidencial-e-mexe-na-terceira-via\/","url":"https:\/\/newblogs.correiobraziliense.com.br\/emaltanapolitica\/o-salto-de-augusto-cury-muda-as-contas-da-eleicao-presidencial-e-mexe-na-terceira-via\/","name":"O salto de Augusto Cury muda as contas da elei\u00e7\u00e3o presidencial e mexe na terceira via | Em alta na pol\u00edtica","isPartOf":{"@id":"https:\/\/newblogs.correiobraziliense.com.br\/emaltanapolitica\/#website"},"primaryImageOfPage":{"@id":"https:\/\/newblogs.correiobraziliense.com.br\/emaltanapolitica\/o-salto-de-augusto-cury-muda-as-contas-da-eleicao-presidencial-e-mexe-na-terceira-via\/#primaryimage"},"image":{"@id":"https:\/\/newblogs.correiobraziliense.com.br\/emaltanapolitica\/o-salto-de-augusto-cury-muda-as-contas-da-eleicao-presidencial-e-mexe-na-terceira-via\/#primaryimage"},"thumbnailUrl":"https:\/\/newblogs.correiobraziliense.com.br\/emaltanapolitica\/wp-content\/uploads\/sites\/9\/2026\/08\/28072026mf34-67278037-scaled.jpg","datePublished":"2026-08-31T15:19:59+00:00","dateModified":"2026-08-31T16:04:26+00:00","description":"Augusto Cury deixou de ser um nome perif\u00e9rico nas pesquisas. E a subida j\u00e1 \u00e9 suficiente para que os institutos passem a testar com mais frequ\u00eancia cen\u00e1rios de 2\u00ba turno com sua presen\u00e7a","breadcrumb":{"@id":"https:\/\/newblogs.correiobraziliense.com.br\/emaltanapolitica\/o-salto-de-augusto-cury-muda-as-contas-da-eleicao-presidencial-e-mexe-na-terceira-via\/#breadcrumb"},"inLanguage":"pt-BR","potentialAction":[{"@type":"ReadAction","target":["https:\/\/newblogs.correiobraziliense.com.br\/emaltanapolitica\/o-salto-de-augusto-cury-muda-as-contas-da-eleicao-presidencial-e-mexe-na-terceira-via\/"]}]},{"@type":"ImageObject","inLanguage":"pt-BR","@id":"https:\/\/newblogs.correiobraziliense.com.br\/emaltanapolitica\/o-salto-de-augusto-cury-muda-as-contas-da-eleicao-presidencial-e-mexe-na-terceira-via\/#primaryimage","url":"https:\/\/newblogs.correiobraziliense.com.br\/emaltanapolitica\/wp-content\/uploads\/sites\/9\/2026\/08\/28072026mf34-67278037-scaled.jpg","contentUrl":"https:\/\/newblogs.correiobraziliense.com.br\/emaltanapolitica\/wp-content\/uploads\/sites\/9\/2026\/08\/28072026mf34-67278037-scaled.jpg","width":2560,"height":1707,"caption":"Lula e Fl\u00e1vio Bolsonaro ainda concentram as maiores inten\u00e7\u00f5es de voto, mas Cury come\u00e7a a ocupar um espa\u00e7o que mexe com as proje\u00e7\u00f5es para a elei\u00e7\u00e3o: \u00e9 uma tend\u00eancia ou apenas uma arrancada inicial, seguida de acomoda\u00e7\u00e3o? \u2014 Marcelo Ferreira\/CB\/D.A.Press"},{"@type":"BreadcrumbList","@id":"https:\/\/newblogs.correiobraziliense.com.br\/emaltanapolitica\/o-salto-de-augusto-cury-muda-as-contas-da-eleicao-presidencial-e-mexe-na-terceira-via\/#breadcrumb","itemListElement":[{"@type":"ListItem","position":1,"name":"In\u00edcio","item":"https:\/\/newblogs.correiobraziliense.com.br\/emaltanapolitica\/"},{"@type":"ListItem","position":2,"name":"An\u00e1lises","item":"https:\/\/newblogs.correiobraziliense.com.br\/emaltanapolitica\/analises\/"},{"@type":"ListItem","position":3,"name":"O salto de Augusto Cury muda as contas da elei\u00e7\u00e3o presidencial e mexe na terceira via"}]},{"@type":"WebSite","@id":"https:\/\/newblogs.correiobraziliense.com.br\/emaltanapolitica\/#website","url":"https:\/\/newblogs.correiobraziliense.com.br\/emaltanapolitica\/","name":"Em alta na pol\u00edtica","description":"Cobertura di\u00e1ria dos temas que dominam o debate p\u00fablico, com not\u00edcias, an\u00e1lises e bastidores da pol\u00edtica brasileira e do Distrito Federal.","publisher":{"@id":"https:\/\/newblogs.correiobraziliense.com.br\/emaltanapolitica\/#organization"},"potentialAction":[{"@type":"SearchAction","target":{"@type":"EntryPoint","urlTemplate":"https:\/\/newblogs.correiobraziliense.com.br\/emaltanapolitica\/?s={search_term_string}"},"query-input":{"@type":"PropertyValueSpecification","valueRequired":true,"valueName":"search_term_string"}}],"inLanguage":"pt-BR"},{"@type":"Organization","@id":"https:\/\/newblogs.correiobraziliense.com.br\/emaltanapolitica\/#organization","name":"Correio Braziliense","url":"https:\/\/newblogs.correiobraziliense.com.br\/emaltanapolitica\/","logo":{"@type":"ImageObject","inLanguage":"pt-BR","@id":"https:\/\/newblogs.correiobraziliense.com.br\/emaltanapolitica\/#\/schema\/logo\/image\/","url":"https:\/\/newblogs.correiobraziliense.com.br\/emaltanapolitica\/wp-content\/uploads\/sites\/9\/2026\/07\/cropped-512x512-1.png","contentUrl":"https:\/\/newblogs.correiobraziliense.com.br\/emaltanapolitica\/wp-content\/uploads\/sites\/9\/2026\/07\/cropped-512x512-1.png","width":512,"height":512,"caption":"Correio Braziliense"},"image":{"@id":"https:\/\/newblogs.correiobraziliense.com.br\/emaltanapolitica\/#\/schema\/logo\/image\/"}},{"@type":"Person","@id":"https:\/\/newblogs.correiobraziliense.com.br\/emaltanapolitica\/#\/schema\/person\/c068078cdc92125b757e9b622b83c061","name":"Roberto Fonseca","image":{"@type":"ImageObject","inLanguage":"pt-BR","@id":"https:\/\/secure.gravatar.com\/avatar\/b12251b14d2e36982ff9230554c2455a298dc787995902d26fd0b8b71b6bd6aa?s=96&d=mm&r=g","url":"https:\/\/secure.gravatar.com\/avatar\/b12251b14d2e36982ff9230554c2455a298dc787995902d26fd0b8b71b6bd6aa?s=96&d=mm&r=g","contentUrl":"https:\/\/secure.gravatar.com\/avatar\/b12251b14d2e36982ff9230554c2455a298dc787995902d26fd0b8b71b6bd6aa?s=96&d=mm&r=g","caption":"Roberto Fonseca"},"description":"Jornalista formado pelo UniCeub, com forma\u00e7\u00e3o complementar em ci\u00eancia pol\u00edtica pela UnB e p\u00f3s-gradua\u00e7\u00e3o em Comunica\u00e7\u00e3o Pol\u00edtica no Legislativo. \u00c9 subeditor do site do Correio Braziliense e apresentador do programa CB.Poder, na TV Bras\u00edlia, onde analisa os principais movimentos da pol\u00edtica nacional.","url":"https:\/\/newblogs.correiobraziliense.com.br\/emaltanapolitica\/author\/robertofonseca\/"}]}},"_links":{"self":[{"href":"https:\/\/newblogs.correiobraziliense.com.br\/emaltanapolitica\/wp-json\/wp\/v2\/posts\/752","targetHints":{"allow":["GET"]}}],"collection":[{"href":"https:\/\/newblogs.correiobraziliense.com.br\/emaltanapolitica\/wp-json\/wp\/v2\/posts"}],"about":[{"href":"https:\/\/newblogs.correiobraziliense.com.br\/emaltanapolitica\/wp-json\/wp\/v2\/types\/post"}],"author":[{"embeddable":true,"href":"https:\/\/newblogs.correiobraziliense.com.br\/emaltanapolitica\/wp-json\/wp\/v2\/users\/19"}],"replies":[{"embeddable":true,"href":"https:\/\/newblogs.correiobraziliense.com.br\/emaltanapolitica\/wp-json\/wp\/v2\/comments?post=752"}],"version-history":[{"count":4,"href":"https:\/\/newblogs.correiobraziliense.com.br\/emaltanapolitica\/wp-json\/wp\/v2\/posts\/752\/revisions"}],"predecessor-version":[{"id":757,"href":"https:\/\/newblogs.correiobraziliense.com.br\/emaltanapolitica\/wp-json\/wp\/v2\/posts\/752\/revisions\/757"}],"wp:featuredmedia":[{"embeddable":true,"href":"https:\/\/newblogs.correiobraziliense.com.br\/emaltanapolitica\/wp-json\/wp\/v2\/media\/754"}],"wp:attachment":[{"href":"https:\/\/newblogs.correiobraziliense.com.br\/emaltanapolitica\/wp-json\/wp\/v2\/media?parent=752"}],"wp:term":[{"taxonomy":"category","embeddable":true,"href":"https:\/\/newblogs.correiobraziliense.com.br\/emaltanapolitica\/wp-json\/wp\/v2\/categories?post=752"},{"taxonomy":"post_tag","embeddable":true,"href":"https:\/\/newblogs.correiobraziliense.com.br\/emaltanapolitica\/wp-json\/wp\/v2\/tags?post=752"}],"curies":[{"name":"wp","href":"https:\/\/api.w.org\/{rel}","templated":true}]}}