{"id":727,"date":"2026-08-28T20:24:49","date_gmt":"2026-08-28T23:24:49","guid":{"rendered":"https:\/\/newblogs.correiobraziliense.com.br\/emaltanapolitica\/?p=727"},"modified":"2026-08-28T20:25:52","modified_gmt":"2026-08-28T23:25:52","slug":"candidatos-ao-senado-no-df-miram-satelites-e-redes-sociais","status":"publish","type":"post","link":"https:\/\/newblogs.correiobraziliense.com.br\/emaltanapolitica\/candidatos-ao-senado-no-df-miram-satelites-e-redes-sociais\/","title":{"rendered":"Candidatos ao Senado no DF miram sat\u00e9lites e redes sociais"},"content":{"rendered":"\n<p>A poucas semanas do primeiro turno, os principais candidatos ao Senado pelo Distrito Federal j\u00e1 deixam claro onde querem concentrar seus esfor\u00e7os neste fim de semana e nas pr\u00f3ximas semanas de campanha. O <strong>Em Alta na Pol\u00edtica<\/strong> perguntou a cada um deles se j\u00e1 existe previs\u00e3o de agenda p\u00fablica e qual \u00e9 a estrat\u00e9gia para se aproximar do eleitor brasiliense. As respostas mostram caminhos bem diferentes entre os concorrentes.<\/p>\n\n\n\n<p><strong>Kicis e Michelle n\u00e3o divulgam agenda<\/strong><\/p>\n\n\n\n<p>A resposta mais direta veio da chapa formada por Bia Kicis e Michelle Bolsonaro, do PL. Segundo a campanha, n\u00e3o h\u00e1 previs\u00e3o de divulga\u00e7\u00e3o di\u00e1ria de agenda, apenas compromissos eventuais que devem ser informados conforme acontecem. Sobre a estrat\u00e9gia de aproxima\u00e7\u00e3o com o eleitor, a resposta tamb\u00e9m foi objetiva: o foco est\u00e1 nas cidades do entorno do DF, al\u00e9m de redes sociais e hor\u00e1rio eleitoral.<\/p>\n\n\n\n<p>A op\u00e7\u00e3o por n\u00e3o divulgar agenda com anteced\u00eancia \u00e9 uma pr\u00e1tica comum em campanhas que preferem manter certo controle sobre a exposi\u00e7\u00e3o do candidato, mas tamb\u00e9m levanta questionamentos sobre transpar\u00eancia, especialmente vindo de duas candidatas com forte capital pol\u00edtico e alto n\u00edvel de reconhecimento entre o eleitorado de direita.<\/p>\n\n\n\n<p><strong>Kokay aposta na biografia e nas causas sociais<\/strong><\/p>\n\n\n\n<p>Do outro lado do espectro pol\u00edtico, a campanha de \u00c9rika Kokay (PT-DF) optou por uma resposta mais discursiva, apoiada na trajet\u00f3ria da candidata. A campanha destacou os 50 anos de atua\u00e7\u00e3o pol\u00edtica de Kokay e os 24 anos de mandato, afirmando que a proposta \u00e9 dar voz a grupos como pessoas com doen\u00e7as cr\u00f4nicas, fam\u00edlias de crian\u00e7as at\u00edpicas, quem busca moradia digna e quem enfrenta viol\u00eancia de g\u00eanero, racismo e homofobia. A campanha resume a estrat\u00e9gia na ideia de que a pol\u00edtica guiada pelo afeto e pela justi\u00e7a \u00e9 o que vai orientar os programas da candidata.<\/p>\n\n\n\n<p><strong>Sebasti\u00e3o Coelho mira as sat\u00e9lites <\/strong><\/p>\n\n\n\n<p>J\u00e1 a campanha de Sebasti\u00e3o Coelho (Novo-DF) apresentou uma estrat\u00e9gia clara de posicionamento dentro do pr\u00f3prio campo da direita. Segundo a equipe, o objetivo \u00e9 refor\u00e7ar a imagem de um candidato que defende pautas da direita e do bolsonarismo h\u00e1 tr\u00eas anos. Como n\u00e3o tem tempo de r\u00e1dio e TV, o foco da campanha est\u00e1 nas grandes sat\u00e9lites, como Ceil\u00e2ndia, Samambaia e Taguatinga, al\u00e9m das redes sociais, onde o candidato tem n\u00famero relevante de seguidores.<\/p>\n\n\n\n<p>A campanha tamb\u00e9m deixou claro o principal \u00e2ngulo de disputa interna com as concorrentes de direita: Coelho quer se apresentar como o candidato mais combativo contra o ministro Alexandre de Moraes, do Supremo Tribunal Federal, e afirma ter mais conhecimento jur\u00eddico do que Kicis e Michelle. A reforma do Judici\u00e1rio aparece como a principal proposta da candidatura.<\/p>\n\n\n\n<p>As respostas revelam disputas internas relevantes dentro da pr\u00f3pria direita, com Sebasti\u00e3o Coelho tentando furar o bloqueio de tempo de TV reduzido com presen\u00e7a forte nas sat\u00e9lites e nas redes, enquanto Kicis e Michelle preferem manter a agenda mais reservada e concentrar esfor\u00e7os em munic\u00edpios do entorno. Do lado de Kokay, a estrat\u00e9gia foge do jogo eleitoral mais t\u00e1tico e aposta na constru\u00e7\u00e3o de narrativa em torno de bandeiras sociais.<\/p>\n\n\n\n<p>Com o primeiro turno se aproximando, a forma como cada campanha decide se comunicar com o eleitor, e o que decide n\u00e3o comunicar, j\u00e1 funciona como um retrato da disputa pelo Senado no Distrito Federal.<\/p>\n\n\n\n<p>At\u00e9 o fechamento desta mat\u00e9ria, a campanha de Leila Barros (PDT-DF) n\u00e3o respondeu aos questionamentos enviados. O canal segue aberto para eventuais posicionamentos.<\/p>\n\n\n<ul class=\"wp-block-latest-posts__list wp-block-latest-posts\"><li><a class=\"wp-block-latest-posts__post-title\" href=\"https:\/\/newblogs.correiobraziliense.com.br\/emaltanapolitica\/tse-da-inicio-a-etapa-que-garante-a-seguranca-dos-sistemas-usados-nas-urnas\/\">TSE d\u00e1 in\u00edcio \u00e0 etapa que garante a seguran\u00e7a dos sistemas usados nas urnas<\/a><\/li>\n<li><a class=\"wp-block-latest-posts__post-title\" href=\"https:\/\/newblogs.correiobraziliense.com.br\/emaltanapolitica\/o-salto-de-augusto-cury-muda-as-contas-da-eleicao-presidencial-e-mexe-na-terceira-via\/\">O salto de Augusto Cury muda as contas da elei\u00e7\u00e3o presidencial e mexe na terceira via<\/a><\/li>\n<li><a class=\"wp-block-latest-posts__post-title\" href=\"https:\/\/newblogs.correiobraziliense.com.br\/emaltanapolitica\/presidenciaveis-miram-rua-agronegocio-e-mobilizacao-politica-no-fim-de-semana\/\">Presidenci\u00e1veis miram rua, agroneg\u00f3cio e mobiliza\u00e7\u00e3o pol\u00edtica no fim de semana<\/a><\/li>\n<li><a class=\"wp-block-latest-posts__post-title\" href=\"https:\/\/newblogs.correiobraziliense.com.br\/emaltanapolitica\/candidatos-ao-senado-no-df-miram-satelites-e-redes-sociais\/\">Candidatos ao Senado no DF miram sat\u00e9lites e redes sociais<\/a><\/li>\n<li><a class=\"wp-block-latest-posts__post-title\" href=\"https:\/\/newblogs.correiobraziliense.com.br\/emaltanapolitica\/candidatos-ao-gdf-faltam-a-sabatina-durante-encontro-nacional-de-liderancas\/\">Candidatos ao GDF faltam a sabatina durante encontro nacional de lideran\u00e7as<\/a><\/li>\n<\/ul>","protected":false},"excerpt":{"rendered":"<p>Bia Kicis e Michelle Bolsonaro n\u00e3o v\u00e3o divulgar agenda di\u00e1ria de campanha; advers\u00e1rios mostram estrat\u00e9gias bem diferentes na disputa pelo eleitorado do DF<\/p>\n","protected":false},"author":29,"featured_media":585,"comment_status":"closed","ping_status":"open","sticky":false,"template":"","format":"standard","meta":{"_acf_changed":false,"inline_featured_image":false,"footnotes":""},"categories":[2,3,5,6,7,14],"tags":[21,141,32,24,161,22,171,40],"class_list":["post-727","post","type-post","status-publish","format-standard","has-post-thumbnail","hentry","category-analises","category-bastidores","category-congresso-nacional","category-distrito-federal","category-eleicoes-2026","category-senado","tag-bia-kicis","tag-candidatos","tag-df","tag-eleicoes","tag-leila-do-volei","tag-michelle-bolsonaro","tag-sebastiao-coelho","tag-senado"],"acf":[],"yoast_head":"<!-- This site is optimized with the Yoast SEO plugin v28.1 - https:\/\/yoast.com\/product\/yoast-seo-wordpress\/ -->\n<title>Candidatos ao Senado no DF miram sat\u00e9lites e redes sociais | Em alta na pol\u00edtica<\/title>\n<meta name=\"description\" content=\"Bia Kicis e Michelle Bolsonaro n\u00e3o v\u00e3o divulgar agenda di\u00e1ria de campanha; advers\u00e1rios mostram estrat\u00e9gias bem diferentes na disputa pelo eleitorado do DF\" \/>\n<meta name=\"robots\" content=\"index, follow, max-snippet:-1, max-image-preview:large, max-video-preview:-1\" \/>\n<link rel=\"canonical\" href=\"https:\/\/newblogs.correiobraziliense.com.br\/emaltanapolitica\/candidatos-ao-senado-no-df-miram-satelites-e-redes-sociais\/\" \/>\n<meta property=\"og:locale\" content=\"pt_BR\" \/>\n<meta property=\"og:type\" content=\"article\" \/>\n<meta property=\"og:title\" content=\"Candidatos ao Senado no DF miram sat\u00e9lites e redes sociais | Em alta na pol\u00edtica\" \/>\n<meta property=\"og:description\" content=\"Bia Kicis e Michelle Bolsonaro n\u00e3o v\u00e3o divulgar agenda di\u00e1ria de campanha; advers\u00e1rios mostram estrat\u00e9gias bem diferentes na disputa pelo eleitorado do DF\" \/>\n<meta property=\"og:url\" content=\"https:\/\/newblogs.correiobraziliense.com.br\/emaltanapolitica\/candidatos-ao-senado-no-df-miram-satelites-e-redes-sociais\/\" \/>\n<meta property=\"og:site_name\" content=\"Em alta na pol\u00edtica\" \/>\n<meta property=\"article:published_time\" content=\"2026-08-28T23:24:49+00:00\" \/>\n<meta property=\"article:modified_time\" content=\"2026-08-28T23:25:52+00:00\" \/>\n<meta property=\"og:image\" content=\"https:\/\/newblogs.correiobraziliense.com.br\/emaltanapolitica\/wp-content\/uploads\/sites\/9\/2026\/08\/caminhoateaurna-64079615-scaled.jpg\" \/>\n\t<meta property=\"og:image:width\" content=\"2560\" \/>\n\t<meta property=\"og:image:height\" content=\"1572\" \/>\n\t<meta property=\"og:image:type\" content=\"image\/jpeg\" \/>\n<meta name=\"author\" content=\"Mannu Leones\" \/>\n<!-- \/ Yoast SEO plugin. -->","yoast_head_json":{"title":"Candidatos ao Senado no DF miram sat\u00e9lites e redes sociais | Em alta na pol\u00edtica","description":"Bia Kicis e Michelle Bolsonaro n\u00e3o v\u00e3o divulgar agenda di\u00e1ria de campanha; advers\u00e1rios mostram estrat\u00e9gias bem diferentes na disputa pelo eleitorado do DF","robots":{"index":"index","follow":"follow","max-snippet":"max-snippet:-1","max-image-preview":"max-image-preview:large","max-video-preview":"max-video-preview:-1"},"canonical":"https:\/\/newblogs.correiobraziliense.com.br\/emaltanapolitica\/candidatos-ao-senado-no-df-miram-satelites-e-redes-sociais\/","og_locale":"pt_BR","og_type":"article","og_title":"Candidatos ao Senado no DF miram sat\u00e9lites e redes sociais | Em alta na pol\u00edtica","og_description":"Bia Kicis e Michelle Bolsonaro n\u00e3o v\u00e3o divulgar agenda di\u00e1ria de campanha; advers\u00e1rios mostram estrat\u00e9gias bem diferentes na disputa pelo eleitorado do DF","og_url":"https:\/\/newblogs.correiobraziliense.com.br\/emaltanapolitica\/candidatos-ao-senado-no-df-miram-satelites-e-redes-sociais\/","og_site_name":"Em alta na pol\u00edtica","article_published_time":"2026-08-28T23:24:49+00:00","article_modified_time":"2026-08-28T23:25:52+00:00","og_image":[{"width":2560,"height":1572,"url":"https:\/\/newblogs.correiobraziliense.com.br\/emaltanapolitica\/wp-content\/uploads\/sites\/9\/2026\/08\/caminhoateaurna-64079615-scaled.jpg","type":"image\/jpeg"}],"author":"Mannu Leones","schema":{"@context":"https:\/\/schema.org","@graph":[{"@type":"NewsArticle","@id":"https:\/\/newblogs.correiobraziliense.com.br\/emaltanapolitica\/candidatos-ao-senado-no-df-miram-satelites-e-redes-sociais\/#article","isPartOf":{"@id":"https:\/\/newblogs.correiobraziliense.com.br\/emaltanapolitica\/candidatos-ao-senado-no-df-miram-satelites-e-redes-sociais\/"},"author":{"name":"Mannu Leones","@id":"https:\/\/newblogs.correiobraziliense.com.br\/emaltanapolitica\/#\/schema\/person\/dba8043b77d7a4f75127bb92cbc41c91"},"headline":"Candidatos ao Senado no DF miram sat\u00e9lites e redes sociais","datePublished":"2026-08-28T23:24:49+00:00","dateModified":"2026-08-28T23:25:52+00:00","mainEntityOfPage":{"@id":"https:\/\/newblogs.correiobraziliense.com.br\/emaltanapolitica\/candidatos-ao-senado-no-df-miram-satelites-e-redes-sociais\/"},"wordCount":630,"publisher":{"@id":"https:\/\/newblogs.correiobraziliense.com.br\/emaltanapolitica\/#organization"},"image":{"@id":"https:\/\/newblogs.correiobraziliense.com.br\/emaltanapolitica\/candidatos-ao-senado-no-df-miram-satelites-e-redes-sociais\/#primaryimage"},"thumbnailUrl":"https:\/\/newblogs.correiobraziliense.com.br\/emaltanapolitica\/wp-content\/uploads\/sites\/9\/2026\/08\/caminhoateaurna-64079615-scaled.jpg","keywords":["Bia Kicis","Candidatos","DF","Elei\u00e7\u00f5es","Leila do V\u00f4lei","Michelle Bolsonaro","Sebasti\u00e3o Coelho","Senado"],"articleSection":["An\u00e1lises","Bastidores","Congresso Nacional","Distrito Federal","Elei\u00e7\u00f5es 2026","Senado"],"inLanguage":"pt-BR"},{"@type":"WebPage","@id":"https:\/\/newblogs.correiobraziliense.com.br\/emaltanapolitica\/candidatos-ao-senado-no-df-miram-satelites-e-redes-sociais\/","url":"https:\/\/newblogs.correiobraziliense.com.br\/emaltanapolitica\/candidatos-ao-senado-no-df-miram-satelites-e-redes-sociais\/","name":"Candidatos ao Senado no DF miram sat\u00e9lites e redes sociais | Em alta na pol\u00edtica","isPartOf":{"@id":"https:\/\/newblogs.correiobraziliense.com.br\/emaltanapolitica\/#website"},"primaryImageOfPage":{"@id":"https:\/\/newblogs.correiobraziliense.com.br\/emaltanapolitica\/candidatos-ao-senado-no-df-miram-satelites-e-redes-sociais\/#primaryimage"},"image":{"@id":"https:\/\/newblogs.correiobraziliense.com.br\/emaltanapolitica\/candidatos-ao-senado-no-df-miram-satelites-e-redes-sociais\/#primaryimage"},"thumbnailUrl":"https:\/\/newblogs.correiobraziliense.com.br\/emaltanapolitica\/wp-content\/uploads\/sites\/9\/2026\/08\/caminhoateaurna-64079615-scaled.jpg","datePublished":"2026-08-28T23:24:49+00:00","dateModified":"2026-08-28T23:25:52+00:00","description":"Bia Kicis e Michelle Bolsonaro n\u00e3o v\u00e3o divulgar agenda di\u00e1ria de campanha; advers\u00e1rios mostram estrat\u00e9gias bem diferentes na disputa pelo eleitorado do DF","breadcrumb":{"@id":"https:\/\/newblogs.correiobraziliense.com.br\/emaltanapolitica\/candidatos-ao-senado-no-df-miram-satelites-e-redes-sociais\/#breadcrumb"},"inLanguage":"pt-BR","potentialAction":[{"@type":"ReadAction","target":["https:\/\/newblogs.correiobraziliense.com.br\/emaltanapolitica\/candidatos-ao-senado-no-df-miram-satelites-e-redes-sociais\/"]}]},{"@type":"ImageObject","inLanguage":"pt-BR","@id":"https:\/\/newblogs.correiobraziliense.com.br\/emaltanapolitica\/candidatos-ao-senado-no-df-miram-satelites-e-redes-sociais\/#primaryimage","url":"https:\/\/newblogs.correiobraziliense.com.br\/emaltanapolitica\/wp-content\/uploads\/sites\/9\/2026\/08\/caminhoateaurna-64079615-scaled.jpg","contentUrl":"https:\/\/newblogs.correiobraziliense.com.br\/emaltanapolitica\/wp-content\/uploads\/sites\/9\/2026\/08\/caminhoateaurna-64079615-scaled.jpg","width":2560,"height":1572,"caption":"Cr\u00e9ditos: Caio Gomez CB\/D.A Press"},{"@type":"BreadcrumbList","@id":"https:\/\/newblogs.correiobraziliense.com.br\/emaltanapolitica\/candidatos-ao-senado-no-df-miram-satelites-e-redes-sociais\/#breadcrumb","itemListElement":[{"@type":"ListItem","position":1,"name":"In\u00edcio","item":"https:\/\/newblogs.correiobraziliense.com.br\/emaltanapolitica\/"},{"@type":"ListItem","position":2,"name":"Elei\u00e7\u00f5es 2026","item":"https:\/\/newblogs.correiobraziliense.com.br\/emaltanapolitica\/eleicoes-2026\/"},{"@type":"ListItem","position":3,"name":"Candidatos ao Senado no DF miram sat\u00e9lites e redes sociais"}]},{"@type":"WebSite","@id":"https:\/\/newblogs.correiobraziliense.com.br\/emaltanapolitica\/#website","url":"https:\/\/newblogs.correiobraziliense.com.br\/emaltanapolitica\/","name":"Em alta na pol\u00edtica","description":"Cobertura di\u00e1ria dos temas que dominam o debate p\u00fablico, com not\u00edcias, an\u00e1lises e bastidores da pol\u00edtica brasileira e do Distrito Federal.","publisher":{"@id":"https:\/\/newblogs.correiobraziliense.com.br\/emaltanapolitica\/#organization"},"potentialAction":[{"@type":"SearchAction","target":{"@type":"EntryPoint","urlTemplate":"https:\/\/newblogs.correiobraziliense.com.br\/emaltanapolitica\/?s={search_term_string}"},"query-input":{"@type":"PropertyValueSpecification","valueRequired":true,"valueName":"search_term_string"}}],"inLanguage":"pt-BR"},{"@type":"Organization","@id":"https:\/\/newblogs.correiobraziliense.com.br\/emaltanapolitica\/#organization","name":"Correio Braziliense","url":"https:\/\/newblogs.correiobraziliense.com.br\/emaltanapolitica\/","logo":{"@type":"ImageObject","inLanguage":"pt-BR","@id":"https:\/\/newblogs.correiobraziliense.com.br\/emaltanapolitica\/#\/schema\/logo\/image\/","url":"https:\/\/newblogs.correiobraziliense.com.br\/emaltanapolitica\/wp-content\/uploads\/sites\/9\/2026\/07\/cropped-512x512-1.png","contentUrl":"https:\/\/newblogs.correiobraziliense.com.br\/emaltanapolitica\/wp-content\/uploads\/sites\/9\/2026\/07\/cropped-512x512-1.png","width":512,"height":512,"caption":"Correio Braziliense"},"image":{"@id":"https:\/\/newblogs.correiobraziliense.com.br\/emaltanapolitica\/#\/schema\/logo\/image\/"}},{"@type":"Person","@id":"https:\/\/newblogs.correiobraziliense.com.br\/emaltanapolitica\/#\/schema\/person\/dba8043b77d7a4f75127bb92cbc41c91","name":"Mannu Leones","image":{"@type":"ImageObject","inLanguage":"pt-BR","@id":"https:\/\/secure.gravatar.com\/avatar\/7724f0c9369eb3f5f766e18512f6903f58da14ca041599ebf37094fa7d0bb0a6?s=96&d=mm&r=g","url":"https:\/\/secure.gravatar.com\/avatar\/7724f0c9369eb3f5f766e18512f6903f58da14ca041599ebf37094fa7d0bb0a6?s=96&d=mm&r=g","contentUrl":"https:\/\/secure.gravatar.com\/avatar\/7724f0c9369eb3f5f766e18512f6903f58da14ca041599ebf37094fa7d0bb0a6?s=96&d=mm&r=g","caption":"Mannu Leones"},"description":"Jornalista pelo Instituto Brasileiro de Ensino, Desenvolvimento e Pesquisa (IDP), aficionada por jornalismo pol\u00edtico e jornalismo em quadrinhos, al\u00e9m de ilustradora. Com passagens por CNN Brasil, SBT News e SBT Brasil. Atualmente cobre o Congresso Nacional, o Pal\u00e1cio do Planalto e o cen\u00e1rio eleitoral brasileiro.","url":"https:\/\/newblogs.correiobraziliense.com.br\/emaltanapolitica\/author\/mannuleones\/"}]}},"_links":{"self":[{"href":"https:\/\/newblogs.correiobraziliense.com.br\/emaltanapolitica\/wp-json\/wp\/v2\/posts\/727","targetHints":{"allow":["GET"]}}],"collection":[{"href":"https:\/\/newblogs.correiobraziliense.com.br\/emaltanapolitica\/wp-json\/wp\/v2\/posts"}],"about":[{"href":"https:\/\/newblogs.correiobraziliense.com.br\/emaltanapolitica\/wp-json\/wp\/v2\/types\/post"}],"author":[{"embeddable":true,"href":"https:\/\/newblogs.correiobraziliense.com.br\/emaltanapolitica\/wp-json\/wp\/v2\/users\/29"}],"replies":[{"embeddable":true,"href":"https:\/\/newblogs.correiobraziliense.com.br\/emaltanapolitica\/wp-json\/wp\/v2\/comments?post=727"}],"version-history":[{"count":3,"href":"https:\/\/newblogs.correiobraziliense.com.br\/emaltanapolitica\/wp-json\/wp\/v2\/posts\/727\/revisions"}],"predecessor-version":[{"id":747,"href":"https:\/\/newblogs.correiobraziliense.com.br\/emaltanapolitica\/wp-json\/wp\/v2\/posts\/727\/revisions\/747"}],"wp:featuredmedia":[{"embeddable":true,"href":"https:\/\/newblogs.correiobraziliense.com.br\/emaltanapolitica\/wp-json\/wp\/v2\/media\/585"}],"wp:attachment":[{"href":"https:\/\/newblogs.correiobraziliense.com.br\/emaltanapolitica\/wp-json\/wp\/v2\/media?parent=727"}],"wp:term":[{"taxonomy":"category","embeddable":true,"href":"https:\/\/newblogs.correiobraziliense.com.br\/emaltanapolitica\/wp-json\/wp\/v2\/categories?post=727"},{"taxonomy":"post_tag","embeddable":true,"href":"https:\/\/newblogs.correiobraziliense.com.br\/emaltanapolitica\/wp-json\/wp\/v2\/tags?post=727"}],"curies":[{"name":"wp","href":"https:\/\/api.w.org\/{rel}","templated":true}]}}