{"id":713,"date":"2026-08-26T17:15:36","date_gmt":"2026-08-26T20:15:36","guid":{"rendered":"https:\/\/newblogs.correiobraziliense.com.br\/emaltanapolitica\/?p=713"},"modified":"2026-08-26T17:15:38","modified_gmt":"2026-08-26T20:15:38","slug":"campanha-avanca-e-pesquisas-eleitorais-comecam-a-ser-divulgadas-em-sequencia","status":"publish","type":"post","link":"https:\/\/newblogs.correiobraziliense.com.br\/emaltanapolitica\/campanha-avanca-e-pesquisas-eleitorais-comecam-a-ser-divulgadas-em-sequencia\/","title":{"rendered":"Campanha avan\u00e7a e pesquisas eleitorais come\u00e7am a ser divulgadas em sequ\u00eancia"},"content":{"rendered":"\n<p>A segunda semana da campanha eleitoral presidencial se aproxima do fim e tr\u00eas institutos v\u00e3o a campo nos pr\u00f3ximos dias para medir a temperatura pol\u00edtica. Entre segunda e ter\u00e7a-feira, tr\u00eas novas pesquisas ser\u00e3o divulgadas com uma fotografia atualizada da disputa pela Presid\u00eancia da Rep\u00fablica.<\/p>\n\n\n\n<p>Os levantamentos s\u00e3o realizados por AtlasIntel, Nexus e Real Time Big Data. Juntos, eles somam 9 mil entrevistas previstas. Apesar de terem o mesmo objetivo, os institutos utilizam m\u00e9todos diferentes para ouvir os eleitores, o que deve ser levado em conta na leitura dos resultados.<\/p>\n\n\n\n<p>A primeira pesquisa a sair ser\u00e1 a AtlasIntel, registrada sob o n\u00famero BR-07972\/2026. O levantamento come\u00e7ou na ter\u00e7a (25\/8), termina em 30 de agosto e tem divulga\u00e7\u00e3o prevista para segunda-feira. Ser\u00e3o entrevistadas 5 mil pessoas, com margem de erro estimada em 1 ponto percentual e n\u00edvel de confian\u00e7a de 95%.<\/p>\n\n\n\n<p>No mesmo dia est\u00e1 prevista a divulga\u00e7\u00e3o da pesquisa Nexus, registrada como BR-08900\/2026. O instituto far\u00e1 2 mil entrevistas entre sexta (28\/8) e domingo (30\/8). A margem de erro estimada \u00e9 de 2 pontos percentuais, tamb\u00e9m com intervalo de confian\u00e7a de 95%.<\/p>\n\n\n<ul class=\"wp-block-latest-posts__list has-author wp-block-latest-posts\"><li><a class=\"wp-block-latest-posts__post-title\" href=\"https:\/\/newblogs.correiobraziliense.com.br\/emaltanapolitica\/tse-da-inicio-a-etapa-que-garante-a-seguranca-dos-sistemas-usados-nas-urnas\/\">TSE d\u00e1 in\u00edcio \u00e0 etapa que garante a seguran\u00e7a dos sistemas usados nas urnas<\/a><div class=\"wp-block-latest-posts__post-author\">por Mannu Leones<\/div><\/li>\n<li><a class=\"wp-block-latest-posts__post-title\" href=\"https:\/\/newblogs.correiobraziliense.com.br\/emaltanapolitica\/o-salto-de-augusto-cury-muda-as-contas-da-eleicao-presidencial-e-mexe-na-terceira-via\/\">O salto de Augusto Cury muda as contas da elei\u00e7\u00e3o presidencial e mexe na terceira via<\/a><div class=\"wp-block-latest-posts__post-author\">por Roberto Fonseca<\/div><\/li>\n<li><a class=\"wp-block-latest-posts__post-title\" href=\"https:\/\/newblogs.correiobraziliense.com.br\/emaltanapolitica\/presidenciaveis-miram-rua-agronegocio-e-mobilizacao-politica-no-fim-de-semana\/\">Presidenci\u00e1veis miram rua, agroneg\u00f3cio e mobiliza\u00e7\u00e3o pol\u00edtica no fim de semana<\/a><div class=\"wp-block-latest-posts__post-author\">por Raphaela Peixoto<\/div><\/li>\n<li><a class=\"wp-block-latest-posts__post-title\" href=\"https:\/\/newblogs.correiobraziliense.com.br\/emaltanapolitica\/candidatos-ao-senado-no-df-miram-satelites-e-redes-sociais\/\">Candidatos ao Senado no DF miram sat\u00e9lites e redes sociais<\/a><div class=\"wp-block-latest-posts__post-author\">por Mannu Leones<\/div><\/li>\n<li><a class=\"wp-block-latest-posts__post-title\" href=\"https:\/\/newblogs.correiobraziliense.com.br\/emaltanapolitica\/candidatos-ao-gdf-faltam-a-sabatina-durante-encontro-nacional-de-liderancas\/\">Candidatos ao GDF faltam a sabatina durante encontro nacional de lideran\u00e7as<\/a><div class=\"wp-block-latest-posts__post-author\">por Raphaela Peixoto<\/div><\/li>\n<\/ul>\n\n\n<p>J\u00e1 a Real Time Big Data, registro BR-03490\/2026, come\u00e7a a coleta nesta quinta (27\/8) e deve conclu\u00ed-la na segunda (31\/8). O levantamento prev\u00ea 2 mil entrevistas e divulga\u00e7\u00e3o em 1\u00ba de setembro. A margem de erro m\u00e1xima estimada \u00e9 de 2 pontos percentuais, com 95% de confian\u00e7a.<\/p>\n\n\n\n<figure class=\"wp-block-table\"><table class=\"has-fixed-layout\"><tbody><tr><td><strong>Instituto <\/strong><\/td><td><strong>Entrevistas <\/strong><\/td><td><strong>Per\u00edodo de coleta<\/strong><\/td><td><strong>Divulga\u00e7\u00e3o<\/strong><\/td><td><strong>Margem de erro<\/strong><\/td><\/tr><tr><td>AtlasIntel <\/td><td>5 mil<\/td><td>25 a 30\/8<\/td><td>31\/8<\/td><td>\u00b11 p.p<\/td><\/tr><tr><td>Nexus <\/td><td>2 mil<\/td><td>28 a 30\/8<\/td><td>31\/8<\/td><td>\u00b12 p.p.<\/td><\/tr><tr><td>Real Time Big Data<\/td><td>2 mil<\/td><td>27 a 31\/8<\/td><td>1\u00ba\/9<\/td><td>\u00b12 p.p.<\/td><\/tr><\/tbody><\/table><\/figure>\n\n\n\n<p><strong>M\u00e9todos diferentes para ouvir o eleitor<\/strong><\/p>\n\n\n\n<p>A AtlasIntel far\u00e1 a coleta por meio de question\u00e1rio estruturado na internet, com amostra aleat\u00f3ria e posterior ajuste de acordo com caracter\u00edsticas do eleitorado brasileiro. A pesquisa considera sexo, idade, escolaridade e n\u00edvel econ\u00f4mico. A margem de erro prevista \u00e9 de 1 ponto percentual.<\/p>\n\n\n\n<p>A Nexus utilizar\u00e1 entrevistas telef\u00f4nicas com eleitores brasileiros a partir de 16 anos que tenham t\u00edtulo de eleitor. Os n\u00fameros s\u00e3o selecionados aleatoriamente, incluindo telefones fixos e celulares. A amostra \u00e9 controlada por regi\u00e3o, tipo de telefonia, sexo, idade e escolaridade.<\/p>\n\n\n\n<p>A Real Time Big Data adotar\u00e1 uma metodologia quantitativa com entrevistas realizadas por uma combina\u00e7\u00e3o de entrevistadores humanos e recursos de intelig\u00eancia artificial. A coleta ter\u00e1 abordagens telef\u00f4nicas e digitais, com amostra representativa do eleitorado.<\/p>\n\n\n\n<p>Os tr\u00eas levantamentos foram registrados no TSE e t\u00eam recursos pr\u00f3prios dos institutos AtlasIntel e Real Time Big Data. A pesquisa Nexus \u00e9 financiada pelo Banco BTG Pactual, com valor declarado de R$ 164.888,89. A AtlasIntel informa custo de R$ 75 mil, enquanto a Real Time Big Data registra R$ 30 mil.<\/p>\n","protected":false},"excerpt":{"rendered":"<p>Tr\u00eas levantamentos registrados no TSE ser\u00e3o divulgados entre 31 de agosto e 1\u00ba de setembro e t\u00eam metodologias e tamanhos de amostra diferentes<\/p>\n","protected":false},"author":19,"featured_media":715,"comment_status":"closed","ping_status":"open","sticky":false,"template":"","format":"standard","meta":{"_acf_changed":false,"inline_featured_image":false,"footnotes":""},"categories":[7,10,11,16],"tags":[24,19,27,29],"class_list":["post-713","post","type-post","status-publish","format-standard","has-post-thumbnail","hentry","category-eleicoes-2026","category-pesquisas-eleitorais","category-planalto","category-tse","tag-eleicoes","tag-eleicoes-2026","tag-eleicoes-2026-2","tag-tse"],"acf":[],"yoast_head":"<!-- This site is optimized with the Yoast SEO plugin v28.1 - https:\/\/yoast.com\/product\/yoast-seo-wordpress\/ -->\n<title>Campanha avan\u00e7a e pesquisas eleitorais come\u00e7am a ser divulgadas em sequ\u00eancia | Em alta na pol\u00edtica<\/title>\n<meta name=\"description\" content=\"Tr\u00eas levantamentos registrados no TSE ser\u00e3o divulgados entre 31 de agosto e 1\u00ba de setembro e t\u00eam metodologias e tamanhos de amostra diferentes\" \/>\n<meta name=\"robots\" content=\"index, follow, max-snippet:-1, max-image-preview:large, max-video-preview:-1\" \/>\n<link rel=\"canonical\" href=\"https:\/\/newblogs.correiobraziliense.com.br\/emaltanapolitica\/campanha-avanca-e-pesquisas-eleitorais-comecam-a-ser-divulgadas-em-sequencia\/\" \/>\n<meta property=\"og:locale\" content=\"pt_BR\" \/>\n<meta property=\"og:type\" content=\"article\" \/>\n<meta property=\"og:title\" content=\"Campanha avan\u00e7a e pesquisas eleitorais come\u00e7am a ser divulgadas em sequ\u00eancia | Em alta na pol\u00edtica\" \/>\n<meta property=\"og:description\" content=\"Tr\u00eas levantamentos registrados no TSE ser\u00e3o divulgados entre 31 de agosto e 1\u00ba de setembro e t\u00eam metodologias e tamanhos de amostra diferentes\" \/>\n<meta property=\"og:url\" content=\"https:\/\/newblogs.correiobraziliense.com.br\/emaltanapolitica\/campanha-avanca-e-pesquisas-eleitorais-comecam-a-ser-divulgadas-em-sequencia\/\" \/>\n<meta property=\"og:site_name\" content=\"Em alta na pol\u00edtica\" \/>\n<meta property=\"article:published_time\" content=\"2026-08-26T20:15:36+00:00\" \/>\n<meta property=\"article:modified_time\" content=\"2026-08-26T20:15:38+00:00\" \/>\n<meta property=\"og:image\" content=\"https:\/\/newblogs.correiobraziliense.com.br\/emaltanapolitica\/wp-content\/uploads\/sites\/9\/2026\/08\/tse_urna.jpg\" \/>\n\t<meta property=\"og:image:width\" content=\"2048\" \/>\n\t<meta property=\"og:image:height\" content=\"1366\" \/>\n\t<meta property=\"og:image:type\" content=\"image\/jpeg\" \/>\n<meta name=\"author\" content=\"Roberto Fonseca\" \/>\n<!-- \/ Yoast SEO plugin. -->","yoast_head_json":{"title":"Campanha avan\u00e7a e pesquisas eleitorais come\u00e7am a ser divulgadas em sequ\u00eancia | Em alta na pol\u00edtica","description":"Tr\u00eas levantamentos registrados no TSE ser\u00e3o divulgados entre 31 de agosto e 1\u00ba de setembro e t\u00eam metodologias e tamanhos de amostra diferentes","robots":{"index":"index","follow":"follow","max-snippet":"max-snippet:-1","max-image-preview":"max-image-preview:large","max-video-preview":"max-video-preview:-1"},"canonical":"https:\/\/newblogs.correiobraziliense.com.br\/emaltanapolitica\/campanha-avanca-e-pesquisas-eleitorais-comecam-a-ser-divulgadas-em-sequencia\/","og_locale":"pt_BR","og_type":"article","og_title":"Campanha avan\u00e7a e pesquisas eleitorais come\u00e7am a ser divulgadas em sequ\u00eancia | Em alta na pol\u00edtica","og_description":"Tr\u00eas levantamentos registrados no TSE ser\u00e3o divulgados entre 31 de agosto e 1\u00ba de setembro e t\u00eam metodologias e tamanhos de amostra diferentes","og_url":"https:\/\/newblogs.correiobraziliense.com.br\/emaltanapolitica\/campanha-avanca-e-pesquisas-eleitorais-comecam-a-ser-divulgadas-em-sequencia\/","og_site_name":"Em alta na pol\u00edtica","article_published_time":"2026-08-26T20:15:36+00:00","article_modified_time":"2026-08-26T20:15:38+00:00","og_image":[{"width":2048,"height":1366,"url":"https:\/\/newblogs.correiobraziliense.com.br\/emaltanapolitica\/wp-content\/uploads\/sites\/9\/2026\/08\/tse_urna.jpg","type":"image\/jpeg"}],"author":"Roberto Fonseca","schema":{"@context":"https:\/\/schema.org","@graph":[{"@type":"NewsArticle","@id":"https:\/\/newblogs.correiobraziliense.com.br\/emaltanapolitica\/campanha-avanca-e-pesquisas-eleitorais-comecam-a-ser-divulgadas-em-sequencia\/#article","isPartOf":{"@id":"https:\/\/newblogs.correiobraziliense.com.br\/emaltanapolitica\/campanha-avanca-e-pesquisas-eleitorais-comecam-a-ser-divulgadas-em-sequencia\/"},"author":{"name":"Roberto Fonseca","@id":"https:\/\/newblogs.correiobraziliense.com.br\/emaltanapolitica\/#\/schema\/person\/c068078cdc92125b757e9b622b83c061"},"headline":"Campanha avan\u00e7a e pesquisas eleitorais come\u00e7am a ser divulgadas em sequ\u00eancia","datePublished":"2026-08-26T20:15:36+00:00","dateModified":"2026-08-26T20:15:38+00:00","mainEntityOfPage":{"@id":"https:\/\/newblogs.correiobraziliense.com.br\/emaltanapolitica\/campanha-avanca-e-pesquisas-eleitorais-comecam-a-ser-divulgadas-em-sequencia\/"},"wordCount":465,"publisher":{"@id":"https:\/\/newblogs.correiobraziliense.com.br\/emaltanapolitica\/#organization"},"image":{"@id":"https:\/\/newblogs.correiobraziliense.com.br\/emaltanapolitica\/campanha-avanca-e-pesquisas-eleitorais-comecam-a-ser-divulgadas-em-sequencia\/#primaryimage"},"thumbnailUrl":"https:\/\/newblogs.correiobraziliense.com.br\/emaltanapolitica\/wp-content\/uploads\/sites\/9\/2026\/08\/tse_urna.jpg","keywords":["Elei\u00e7\u00f5es","Elei\u00e7\u00f5es 2026","Elei\u00e7\u00f5es-2026","TSE"],"articleSection":["Elei\u00e7\u00f5es 2026","Pesquisas Eleitorais","Planalto","TSE"],"inLanguage":"pt-BR"},{"@type":"WebPage","@id":"https:\/\/newblogs.correiobraziliense.com.br\/emaltanapolitica\/campanha-avanca-e-pesquisas-eleitorais-comecam-a-ser-divulgadas-em-sequencia\/","url":"https:\/\/newblogs.correiobraziliense.com.br\/emaltanapolitica\/campanha-avanca-e-pesquisas-eleitorais-comecam-a-ser-divulgadas-em-sequencia\/","name":"Campanha avan\u00e7a e pesquisas eleitorais come\u00e7am a ser divulgadas em sequ\u00eancia | Em alta na pol\u00edtica","isPartOf":{"@id":"https:\/\/newblogs.correiobraziliense.com.br\/emaltanapolitica\/#website"},"primaryImageOfPage":{"@id":"https:\/\/newblogs.correiobraziliense.com.br\/emaltanapolitica\/campanha-avanca-e-pesquisas-eleitorais-comecam-a-ser-divulgadas-em-sequencia\/#primaryimage"},"image":{"@id":"https:\/\/newblogs.correiobraziliense.com.br\/emaltanapolitica\/campanha-avanca-e-pesquisas-eleitorais-comecam-a-ser-divulgadas-em-sequencia\/#primaryimage"},"thumbnailUrl":"https:\/\/newblogs.correiobraziliense.com.br\/emaltanapolitica\/wp-content\/uploads\/sites\/9\/2026\/08\/tse_urna.jpg","datePublished":"2026-08-26T20:15:36+00:00","dateModified":"2026-08-26T20:15:38+00:00","description":"Tr\u00eas levantamentos registrados no TSE ser\u00e3o divulgados entre 31 de agosto e 1\u00ba de setembro e t\u00eam metodologias e tamanhos de amostra diferentes","breadcrumb":{"@id":"https:\/\/newblogs.correiobraziliense.com.br\/emaltanapolitica\/campanha-avanca-e-pesquisas-eleitorais-comecam-a-ser-divulgadas-em-sequencia\/#breadcrumb"},"inLanguage":"pt-BR","potentialAction":[{"@type":"ReadAction","target":["https:\/\/newblogs.correiobraziliense.com.br\/emaltanapolitica\/campanha-avanca-e-pesquisas-eleitorais-comecam-a-ser-divulgadas-em-sequencia\/"]}]},{"@type":"ImageObject","inLanguage":"pt-BR","@id":"https:\/\/newblogs.correiobraziliense.com.br\/emaltanapolitica\/campanha-avanca-e-pesquisas-eleitorais-comecam-a-ser-divulgadas-em-sequencia\/#primaryimage","url":"https:\/\/newblogs.correiobraziliense.com.br\/emaltanapolitica\/wp-content\/uploads\/sites\/9\/2026\/08\/tse_urna.jpg","contentUrl":"https:\/\/newblogs.correiobraziliense.com.br\/emaltanapolitica\/wp-content\/uploads\/sites\/9\/2026\/08\/tse_urna.jpg","width":2048,"height":1366,"caption":"Urnas que ser\u00e3o usadas pelo TSE nas elei\u00e7\u00f5es \u2014 Luiz Roberto\/TSE"},{"@type":"BreadcrumbList","@id":"https:\/\/newblogs.correiobraziliense.com.br\/emaltanapolitica\/campanha-avanca-e-pesquisas-eleitorais-comecam-a-ser-divulgadas-em-sequencia\/#breadcrumb","itemListElement":[{"@type":"ListItem","position":1,"name":"In\u00edcio","item":"https:\/\/newblogs.correiobraziliense.com.br\/emaltanapolitica\/"},{"@type":"ListItem","position":2,"name":"Pesquisas Eleitorais","item":"https:\/\/newblogs.correiobraziliense.com.br\/emaltanapolitica\/pesquisas-eleitorais\/"},{"@type":"ListItem","position":3,"name":"Campanha avan\u00e7a e pesquisas eleitorais come\u00e7am a ser divulgadas em sequ\u00eancia"}]},{"@type":"WebSite","@id":"https:\/\/newblogs.correiobraziliense.com.br\/emaltanapolitica\/#website","url":"https:\/\/newblogs.correiobraziliense.com.br\/emaltanapolitica\/","name":"Em alta na pol\u00edtica","description":"Cobertura di\u00e1ria dos temas que dominam o debate p\u00fablico, com not\u00edcias, an\u00e1lises e bastidores da pol\u00edtica brasileira e do Distrito Federal.","publisher":{"@id":"https:\/\/newblogs.correiobraziliense.com.br\/emaltanapolitica\/#organization"},"potentialAction":[{"@type":"SearchAction","target":{"@type":"EntryPoint","urlTemplate":"https:\/\/newblogs.correiobraziliense.com.br\/emaltanapolitica\/?s={search_term_string}"},"query-input":{"@type":"PropertyValueSpecification","valueRequired":true,"valueName":"search_term_string"}}],"inLanguage":"pt-BR"},{"@type":"Organization","@id":"https:\/\/newblogs.correiobraziliense.com.br\/emaltanapolitica\/#organization","name":"Correio Braziliense","url":"https:\/\/newblogs.correiobraziliense.com.br\/emaltanapolitica\/","logo":{"@type":"ImageObject","inLanguage":"pt-BR","@id":"https:\/\/newblogs.correiobraziliense.com.br\/emaltanapolitica\/#\/schema\/logo\/image\/","url":"https:\/\/newblogs.correiobraziliense.com.br\/emaltanapolitica\/wp-content\/uploads\/sites\/9\/2026\/07\/cropped-512x512-1.png","contentUrl":"https:\/\/newblogs.correiobraziliense.com.br\/emaltanapolitica\/wp-content\/uploads\/sites\/9\/2026\/07\/cropped-512x512-1.png","width":512,"height":512,"caption":"Correio Braziliense"},"image":{"@id":"https:\/\/newblogs.correiobraziliense.com.br\/emaltanapolitica\/#\/schema\/logo\/image\/"}},{"@type":"Person","@id":"https:\/\/newblogs.correiobraziliense.com.br\/emaltanapolitica\/#\/schema\/person\/c068078cdc92125b757e9b622b83c061","name":"Roberto Fonseca","image":{"@type":"ImageObject","inLanguage":"pt-BR","@id":"https:\/\/secure.gravatar.com\/avatar\/b12251b14d2e36982ff9230554c2455a298dc787995902d26fd0b8b71b6bd6aa?s=96&d=mm&r=g","url":"https:\/\/secure.gravatar.com\/avatar\/b12251b14d2e36982ff9230554c2455a298dc787995902d26fd0b8b71b6bd6aa?s=96&d=mm&r=g","contentUrl":"https:\/\/secure.gravatar.com\/avatar\/b12251b14d2e36982ff9230554c2455a298dc787995902d26fd0b8b71b6bd6aa?s=96&d=mm&r=g","caption":"Roberto Fonseca"},"description":"Jornalista formado pelo UniCeub, com forma\u00e7\u00e3o complementar em ci\u00eancia pol\u00edtica pela UnB e p\u00f3s-gradua\u00e7\u00e3o em Comunica\u00e7\u00e3o Pol\u00edtica no Legislativo. \u00c9 subeditor do site do Correio Braziliense e apresentador do programa CB.Poder, na TV Bras\u00edlia, onde analisa os principais movimentos da pol\u00edtica nacional.","url":"https:\/\/newblogs.correiobraziliense.com.br\/emaltanapolitica\/author\/robertofonseca\/"}]}},"_links":{"self":[{"href":"https:\/\/newblogs.correiobraziliense.com.br\/emaltanapolitica\/wp-json\/wp\/v2\/posts\/713","targetHints":{"allow":["GET"]}}],"collection":[{"href":"https:\/\/newblogs.correiobraziliense.com.br\/emaltanapolitica\/wp-json\/wp\/v2\/posts"}],"about":[{"href":"https:\/\/newblogs.correiobraziliense.com.br\/emaltanapolitica\/wp-json\/wp\/v2\/types\/post"}],"author":[{"embeddable":true,"href":"https:\/\/newblogs.correiobraziliense.com.br\/emaltanapolitica\/wp-json\/wp\/v2\/users\/19"}],"replies":[{"embeddable":true,"href":"https:\/\/newblogs.correiobraziliense.com.br\/emaltanapolitica\/wp-json\/wp\/v2\/comments?post=713"}],"version-history":[{"count":2,"href":"https:\/\/newblogs.correiobraziliense.com.br\/emaltanapolitica\/wp-json\/wp\/v2\/posts\/713\/revisions"}],"predecessor-version":[{"id":716,"href":"https:\/\/newblogs.correiobraziliense.com.br\/emaltanapolitica\/wp-json\/wp\/v2\/posts\/713\/revisions\/716"}],"wp:featuredmedia":[{"embeddable":true,"href":"https:\/\/newblogs.correiobraziliense.com.br\/emaltanapolitica\/wp-json\/wp\/v2\/media\/715"}],"wp:attachment":[{"href":"https:\/\/newblogs.correiobraziliense.com.br\/emaltanapolitica\/wp-json\/wp\/v2\/media?parent=713"}],"wp:term":[{"taxonomy":"category","embeddable":true,"href":"https:\/\/newblogs.correiobraziliense.com.br\/emaltanapolitica\/wp-json\/wp\/v2\/categories?post=713"},{"taxonomy":"post_tag","embeddable":true,"href":"https:\/\/newblogs.correiobraziliense.com.br\/emaltanapolitica\/wp-json\/wp\/v2\/tags?post=713"}],"curies":[{"name":"wp","href":"https:\/\/api.w.org\/{rel}","templated":true}]}}