{"id":23,"name":"Rafaela Gon\u00e7alves","url":"","description":"Jornalista formada pela Universidade Cat\u00f3lica de Bras\u00edlia (UCB), com especializa\u00e7\u00e3o em Economia pela Saint Paul Escola de Neg\u00f3cios e atualmente cursando MBA em Gest\u00e3o Ambiental e Sustentabilidade na Universidade de Uberaba (Uniube). Atua na cobertura pol\u00edtica em Bras\u00edlia desde 2018, com foco em temas de impacto socioambiental e econ\u00f4mico.","link":"https:\/\/newblogs.correiobraziliense.com.br\/ecobraziliense\/author\/rafaelagoncalves\/","slug":"rafaelagoncalves","avatar_urls":{"24":"https:\/\/secure.gravatar.com\/avatar\/576f01ed42806765a18f53a22440885b3e08ed7db0a264f840ec23b34509b8b1?s=24&d=mm&r=g","48":"https:\/\/secure.gravatar.com\/avatar\/576f01ed42806765a18f53a22440885b3e08ed7db0a264f840ec23b34509b8b1?s=48&d=mm&r=g","96":"https:\/\/secure.gravatar.com\/avatar\/576f01ed42806765a18f53a22440885b3e08ed7db0a264f840ec23b34509b8b1?s=96&d=mm&r=g"},"meta":[],"acf":[],"yoast_head":"<!-- This site is optimized with the Yoast SEO plugin v27.3 - https:\/\/yoast.com\/product\/yoast-seo-wordpress\/ -->\n<title>Rafaela Gon\u00e7alves, Autor em Eco Braziliense<\/title>\n<meta name=\"description\" content=\"Jornalista formada pela Universidade Cat\u00f3lica de Bras\u00edlia (UCB), com especializa\u00e7\u00e3o em Economia pela Saint Paul Escola de Neg\u00f3cios e atualmente cursando MBA em Gest\u00e3o Ambiental e Sustentabilidade na Universidade de Uberaba (Uniube). Atua na cobertura pol\u00edtica em Bras\u00edlia desde 2018, com foco em temas de impacto socioambiental e econ\u00f4mico.\" \/>\n<meta name=\"robots\" content=\"index, follow, max-snippet:-1, max-image-preview:large, max-video-preview:-1\" \/>\n<link rel=\"canonical\" href=\"https:\/\/newblogs.correiobraziliense.com.br\/ecobraziliense\/author\/rafaelagoncalves\/\" \/>\n<meta property=\"og:locale\" content=\"pt_BR\" \/>\n<meta property=\"og:type\" content=\"profile\" \/>\n<meta property=\"og:title\" content=\"Rafaela Gon\u00e7alves, Autor em Eco Braziliense\" \/>\n<meta property=\"og:description\" content=\"Jornalista formada pela Universidade Cat\u00f3lica de Bras\u00edlia (UCB), com especializa\u00e7\u00e3o em Economia pela Saint Paul Escola de Neg\u00f3cios e atualmente cursando MBA em Gest\u00e3o Ambiental e Sustentabilidade na Universidade de Uberaba (Uniube). Atua na cobertura pol\u00edtica em Bras\u00edlia desde 2018, com foco em temas de impacto socioambiental e econ\u00f4mico.\" \/>\n<meta property=\"og:url\" content=\"https:\/\/newblogs.correiobraziliense.com.br\/ecobraziliense\/author\/rafaelagoncalves\/\" \/>\n<meta property=\"og:site_name\" content=\"Eco Braziliense\" \/>\n<meta property=\"og:image\" content=\"https:\/\/secure.gravatar.com\/avatar\/576f01ed42806765a18f53a22440885b3e08ed7db0a264f840ec23b34509b8b1?s=500&d=mm&r=g\" \/>\n<!-- \/ Yoast SEO plugin. -->","yoast_head_json":{"title":"Rafaela Gon\u00e7alves, Autor em Eco Braziliense","description":"Jornalista formada pela Universidade Cat\u00f3lica de Bras\u00edlia (UCB), com especializa\u00e7\u00e3o em Economia pela Saint Paul Escola de Neg\u00f3cios e atualmente cursando MBA em Gest\u00e3o Ambiental e Sustentabilidade na Universidade de Uberaba (Uniube). Atua na cobertura pol\u00edtica em Bras\u00edlia desde 2018, com foco em temas de impacto socioambiental e econ\u00f4mico.","robots":{"index":"index","follow":"follow","max-snippet":"max-snippet:-1","max-image-preview":"max-image-preview:large","max-video-preview":"max-video-preview:-1"},"canonical":"https:\/\/newblogs.correiobraziliense.com.br\/ecobraziliense\/author\/rafaelagoncalves\/","og_locale":"pt_BR","og_type":"profile","og_title":"Rafaela Gon\u00e7alves, Autor em Eco Braziliense","og_description":"Jornalista formada pela Universidade Cat\u00f3lica de Bras\u00edlia (UCB), com especializa\u00e7\u00e3o em Economia pela Saint Paul Escola de Neg\u00f3cios e atualmente cursando MBA em Gest\u00e3o Ambiental e Sustentabilidade na Universidade de Uberaba (Uniube). Atua na cobertura pol\u00edtica em Bras\u00edlia desde 2018, com foco em temas de impacto socioambiental e econ\u00f4mico.","og_url":"https:\/\/newblogs.correiobraziliense.com.br\/ecobraziliense\/author\/rafaelagoncalves\/","og_site_name":"Eco Braziliense","og_image":[{"url":"https:\/\/secure.gravatar.com\/avatar\/576f01ed42806765a18f53a22440885b3e08ed7db0a264f840ec23b34509b8b1?s=500&d=mm&r=g","type":"","width":"","height":""}],"schema":{"@context":"https:\/\/schema.org","@graph":[{"@type":"ProfilePage","@id":"https:\/\/newblogs.correiobraziliense.com.br\/ecobraziliense\/author\/rafaelagoncalves\/","url":"https:\/\/newblogs.correiobraziliense.com.br\/ecobraziliense\/author\/rafaelagoncalves\/","name":"Rafaela Gon\u00e7alves, Autor em Eco Braziliense","isPartOf":{"@id":"https:\/\/newblogs.correiobraziliense.com.br\/ecobraziliense\/#website"},"description":"Jornalista formada pela Universidade Cat\u00f3lica de Bras\u00edlia (UCB), com especializa\u00e7\u00e3o em Economia pela Saint Paul Escola de Neg\u00f3cios e atualmente cursando MBA em Gest\u00e3o Ambiental e Sustentabilidade na Universidade de Uberaba (Uniube). Atua na cobertura pol\u00edtica em Bras\u00edlia desde 2018, com foco em temas de impacto socioambiental e econ\u00f4mico.","breadcrumb":{"@id":"https:\/\/newblogs.correiobraziliense.com.br\/ecobraziliense\/author\/rafaelagoncalves\/#breadcrumb"},"inLanguage":"pt-BR","potentialAction":[{"@type":"ReadAction","target":["https:\/\/newblogs.correiobraziliense.com.br\/ecobraziliense\/author\/rafaelagoncalves\/"]}]},{"@type":"BreadcrumbList","@id":"https:\/\/newblogs.correiobraziliense.com.br\/ecobraziliense\/author\/rafaelagoncalves\/#breadcrumb","itemListElement":[{"@type":"ListItem","position":1,"name":"In\u00edcio","item":"https:\/\/newblogs.correiobraziliense.com.br\/ecobraziliense\/"},{"@type":"ListItem","position":2,"name":"Arquivos para Rafaela Gon\u00e7alves"}]},{"@type":"WebSite","@id":"https:\/\/newblogs.correiobraziliense.com.br\/ecobraziliense\/#website","url":"https:\/\/newblogs.correiobraziliense.com.br\/ecobraziliense\/","name":"Eco Braziliense","description":"Espa\u00e7o dedicado \u00e0 cobertura da transi\u00e7\u00e3o ecol\u00f3gica no Brasil e no mundo. Reportagens, an\u00e1lises e entrevistas sobre economia verde, transi\u00e7\u00e3o energ\u00e9tica e neg\u00f3cios sustent\u00e1veis.","publisher":{"@id":"https:\/\/newblogs.correiobraziliense.com.br\/ecobraziliense\/#organization"},"potentialAction":[{"@type":"SearchAction","target":{"@type":"EntryPoint","urlTemplate":"https:\/\/newblogs.correiobraziliense.com.br\/ecobraziliense\/?s={search_term_string}"},"query-input":{"@type":"PropertyValueSpecification","valueRequired":true,"valueName":"search_term_string"}}],"inLanguage":"pt-BR"},{"@type":"Organization","@id":"https:\/\/newblogs.correiobraziliense.com.br\/ecobraziliense\/#organization","name":"Correio Braziliense","url":"https:\/\/newblogs.correiobraziliense.com.br\/ecobraziliense\/","logo":{"@type":"ImageObject","inLanguage":"pt-BR","@id":"https:\/\/newblogs.correiobraziliense.com.br\/ecobraziliense\/#\/schema\/logo\/image\/","url":"https:\/\/newblogs.correiobraziliense.com.br\/ecobraziliense\/wp-content\/uploads\/sites\/7\/2025\/08\/cropped-1.png","contentUrl":"https:\/\/newblogs.correiobraziliense.com.br\/ecobraziliense\/wp-content\/uploads\/sites\/7\/2025\/08\/cropped-1.png","width":1000,"height":250,"caption":"Correio Braziliense"},"image":{"@id":"https:\/\/newblogs.correiobraziliense.com.br\/ecobraziliense\/#\/schema\/logo\/image\/"}},{"@type":"Person","@id":"https:\/\/newblogs.correiobraziliense.com.br\/ecobraziliense\/#\/schema\/person\/2cae9fb7496bd90af27178d00e4f6683","name":"Rafaela Gon\u00e7alves","image":{"@type":"ImageObject","inLanguage":"pt-BR","@id":"https:\/\/secure.gravatar.com\/avatar\/576f01ed42806765a18f53a22440885b3e08ed7db0a264f840ec23b34509b8b1?s=96&d=mm&r=g","url":"https:\/\/secure.gravatar.com\/avatar\/576f01ed42806765a18f53a22440885b3e08ed7db0a264f840ec23b34509b8b1?s=96&d=mm&r=g","contentUrl":"https:\/\/secure.gravatar.com\/avatar\/576f01ed42806765a18f53a22440885b3e08ed7db0a264f840ec23b34509b8b1?s=96&d=mm&r=g","caption":"Rafaela Gon\u00e7alves"},"description":"Jornalista formada pela Universidade Cat\u00f3lica de Bras\u00edlia (UCB), com especializa\u00e7\u00e3o em Economia pela Saint Paul Escola de Neg\u00f3cios e atualmente cursando MBA em Gest\u00e3o Ambiental e Sustentabilidade na Universidade de Uberaba (Uniube). Atua na cobertura pol\u00edtica em Bras\u00edlia desde 2018, com foco em temas de impacto socioambiental e econ\u00f4mico.","mainEntityOfPage":{"@id":"https:\/\/newblogs.correiobraziliense.com.br\/ecobraziliense\/author\/rafaelagoncalves\/"}}]}},"_links":{"self":[{"href":"https:\/\/newblogs.correiobraziliense.com.br\/ecobraziliense\/wp-json\/wp\/v2\/users\/23","targetHints":{"allow":["GET"]}}],"collection":[{"href":"https:\/\/newblogs.correiobraziliense.com.br\/ecobraziliense\/wp-json\/wp\/v2\/users"}]}}