{"id":777,"date":"2026-09-03T16:37:47","date_gmt":"2026-09-03T19:37:47","guid":{"rendered":"https:\/\/newblogs.correiobraziliense.com.br\/ecobraziliense\/?p=777"},"modified":"2026-09-03T16:37:48","modified_gmt":"2026-09-03T19:37:48","slug":"o-brasil-joga-fora-sol-e-vento-e-abre-a-porta-ao-gas","status":"publish","type":"post","link":"https:\/\/newblogs.correiobraziliense.com.br\/ecobraziliense\/o-brasil-joga-fora-sol-e-vento-e-abre-a-porta-ao-gas\/","title":{"rendered":"O Brasil joga fora sol e vento e abre a porta ao g\u00e1s"},"content":{"rendered":"\n<p><strong><em>Por Wladimir Janousek \u2013 Secret\u00e1rio de Ind\u00fastria e Com\u00e9rcio do Instituto Nacional de Energia Limpa<\/em><\/strong> (<strong><em>INEL<\/em><\/strong>)<\/p>\n\n\n\n<p>O mesmo pa\u00eds que manda usinas solares e e\u00f3licas reduzir a produ\u00e7\u00e3o acaba de aprovar incentivos para uma ind\u00fastria que consome eletricidade sem parar. A contradi\u00e7\u00e3o parece absurda. \u00c9 real \u2014 e o Redata poderia ter ajudado a enfrent\u00e1-la.<\/p>\n\n\n\n<p>Quando sobra energia que o sistema n\u00e3o consegue consumir ou transportar, o operador manda algumas usinas gerar menos. \u00c9 o chamado curtailment, necess\u00e1rio \u00e0s vezes para proteger a rede. Quando vira rotina, por\u00e9m, exp\u00f5e um planejamento falho: temos sol e vento, mas faltam transmiss\u00e3o, demanda bem localizada e meios de guardar a sobra para outro hor\u00e1rio.<\/p>\n\n\n\n<p>Depois de 2023, os cortes se tornaram um problema estrutural. Em 2025, atingiram cerca de 20% do potencial e\u00f3lico e solar e permaneceram nesse patamar nos primeiros oito meses de 2026. A <a href=\"https:\/\/www.correiobraziliense.com.br\/economia\/2025\/12\/7322085-brasil-desperdicou-20-da-energia-renovavel-em-2025.html\">Volt Robotics estimou a perda de 2025 em R$ 6,5 bilh\u00f5es<\/a>, com base em dados do ONS. Em algumas usinas solares do Nordeste, os cortes superaram 40%.<\/p>\n\n\n\n<p>A conta j\u00e1 chegou ao investimento. Segundo a Aneel, 509 outorgas de usinas solares e e\u00f3licas, somando cerca de 22 GW, foram revogadas em 2025 a pedido dos pr\u00f3prios empreendedores. Nem tudo se explica pelos cortes. Mas um caso mostra seu efeito direto: a Atlas Renewable Energy, controlada pela BlackRock, colocou em espera US$ 1 bilh\u00e3o em novos projetos, que somam 1,5 GW, por causa do curtailment persistente.<\/p>\n\n\n\n<p>Se produzir energia n\u00e3o significa poder vend\u00ea-la, o capital procura outro destino.<\/p>\n\n\n\n<figure class=\"wp-block-embed is-type-wp-embed is-provider-eco-braziliense wp-block-embed-eco-braziliense\"><div class=\"wp-block-embed__wrapper\">\n<blockquote class=\"wp-embedded-content\" data-secret=\"UCL9zq3Qc3\"><a href=\"https:\/\/newblogs.correiobraziliense.com.br\/ecobraziliense\/avanco-das-renovaveis-expoe-fragilidades-do-setor-eletrico\/\">Avan\u00e7o das renov\u00e1veis exp\u00f5e fragilidades do setor el\u00e9trico<\/a><\/blockquote><iframe loading=\"lazy\" class=\"wp-embedded-content\" sandbox=\"allow-scripts\" security=\"restricted\" style=\"position: absolute; visibility: hidden;\" title=\"&#8220;Avan\u00e7o das renov\u00e1veis exp\u00f5e fragilidades do setor el\u00e9trico&#8221; &#8212; Eco Braziliense\" src=\"https:\/\/newblogs.correiobraziliense.com.br\/ecobraziliense\/avanco-das-renovaveis-expoe-fragilidades-do-setor-eletrico\/embed\/#?secret=UR9OmRNgYI#?secret=UCL9zq3Qc3\" data-secret=\"UCL9zq3Qc3\" width=\"600\" height=\"338\" frameborder=\"0\" marginwidth=\"0\" marginheight=\"0\" scrolling=\"no\"><\/iframe>\n<\/div><\/figure>\n\n\n\n<p>\u00c9 nesse cen\u00e1rio que entra o Redata, regime de incentivos aos data centers. Eles s\u00e3o grandes instala\u00e7\u00f5es de computadores que sustentam bancos, nuvem de dados e intelig\u00eancia artificial. Funcionam 24 horas e consomem muita eletricidade. Essa nova demanda poderia absorver excedentes renov\u00e1veis se fosse conectada nos lugares certos e combinada com baterias, capazes de guardar energia do meio do dia para uso mais tarde. Isso n\u00e3o eliminaria os cortes, mas uniria energia limpa, demanda e armazenamento.<\/p>\n\n\n\n<p>O projeto passou meses parado e retornou \u00e0 pauta depois que Lula, Davi Alcolumbre e Hugo Motta acertaram no Pal\u00e1cio da Alvorada uma lista de prioridades do Congresso. O registro p\u00fablico mostra um acordo de calend\u00e1rio, n\u00e3o de conte\u00fado. Ainda assim, quando o Planalto abriu a janela pol\u00edtica, era o momento de o Minist\u00e9rio de Minas e Energia abrir tamb\u00e9m uma sa\u00edda para esse desperd\u00edcio.<\/p>\n\n\n\n<p>O MME n\u00e3o era espectador. A pasta coassinou a medida provis\u00f3ria que criou o Redata, apresentando a energia renov\u00e1vel como vantagem comparativa do Brasil, e deve zelar pelo equil\u00edbrio entre oferta e demanda. Se conhecia o problema e defendia o programa, por que n\u00e3o liderou, na fase decisiva, a defesa de contrapartidas claras \u2014 renov\u00e1veis adicionais e rastre\u00e1veis, localiza\u00e7\u00e3o adequada, baterias e flexibilidade?<\/p>\n\n\n\n<p>Essa aus\u00eancia de lideran\u00e7a precisa ser explicada.<\/p>\n\n\n\n<figure class=\"wp-block-embed is-type-wp-embed is-provider-eco-braziliense wp-block-embed-eco-braziliense\"><div class=\"wp-block-embed__wrapper\">\n<blockquote class=\"wp-embedded-content\" data-secret=\"f4SyOkZutU\"><a href=\"https:\/\/newblogs.correiobraziliense.com.br\/ecobraziliense\/setor-cobra-transparencia-em-cortes-de-energia\/\">Setor cobra transpar\u00eancia em cortes de energia<\/a><\/blockquote><iframe loading=\"lazy\" class=\"wp-embedded-content\" sandbox=\"allow-scripts\" security=\"restricted\" style=\"position: absolute; visibility: hidden;\" title=\"&#8220;Setor cobra transpar\u00eancia em cortes de energia&#8221; &#8212; Eco Braziliense\" src=\"https:\/\/newblogs.correiobraziliense.com.br\/ecobraziliense\/setor-cobra-transparencia-em-cortes-de-energia\/embed\/#?secret=31RrGDM1p3#?secret=f4SyOkZutU\" data-secret=\"f4SyOkZutU\" width=\"600\" height=\"338\" frameborder=\"0\" marginwidth=\"0\" marginheight=\"0\" scrolling=\"no\"><\/iframe>\n<\/div><\/figure>\n\n\n\n<p>O que apareceu no Senado foi o movimento oposto. A C\u00e2mara exigia energia de fontes \u201climpas ou renov\u00e1veis\u201d. No dia da vota\u00e7\u00e3o, o texto passou a falar em fontes \u201crenov\u00e1veis ou de baixa emiss\u00e3o, na forma do regulamento\u201d. O g\u00e1s n\u00e3o foi citado, e as emendas que tentavam inclu\u00ed-lo expressamente foram rejeitadas. Mas a express\u00e3o aberta deixou ao futuro regulamento a decis\u00e3o sobre seu eventual enquadramento.<\/p>\n\n\n\n<p>\u00c9 o que chamo de um \u201cjabuti ingl\u00eas\u201d, aquele bem apresentado de terno e gravata, adicionado como ajuste de reda\u00e7\u00e3o, embora capaz de alterar a pol\u00edtica na pr\u00e1tica. O g\u00e1s pode emitir menos que carv\u00e3o ou \u00f3leo. Continua f\u00f3ssil. Abrir espa\u00e7o para ele enquanto o Brasil impede sol e vento de chegar \u00e0 rede \u00e9 desperdi\u00e7ar nossa melhor vantagem competitiva.<\/p>\n\n\n\n<p>Depois da COP30 e de tantos discursos sobre transi\u00e7\u00e3o energ\u00e9tica, esperava-se mais. Na regulamenta\u00e7\u00e3o, dentro dos limites da lei, o governo deve impedir que \u201cbaixa emiss\u00e3o\u201d vire salvo-conduto para o g\u00e1s f\u00f3ssil convencional. E precisa criar, pelos instrumentos adequados, uma pol\u00edtica real para armazenamento, rastreabilidade e consumo flex\u00edvel.<\/p>\n\n\n\n<p>O Brasil n\u00e3o precisa escolher entre economia digital e energia limpa. Pode usar uma para impulsionar a outra. N\u00e3o nos faltam sol, vento, tecnologia ou demanda. Falta vontade pol\u00edtica para faz\u00ea-los trabalhar juntos.<\/p>\n\n\n\n<figure class=\"wp-block-embed is-type-wp-embed is-provider-eco-braziliense wp-block-embed-eco-braziliense\"><div class=\"wp-block-embed__wrapper\">\n<blockquote class=\"wp-embedded-content\" data-secret=\"xlpxZIxw95\"><a href=\"https:\/\/newblogs.correiobraziliense.com.br\/ecobraziliense\/crise-atinge-renovaveis-no-brasil-alerta-executivo-da-vestas\/\">Crise atinge renov\u00e1veis no Brasil, alerta executivo da Vestas<\/a><\/blockquote><iframe loading=\"lazy\" class=\"wp-embedded-content\" sandbox=\"allow-scripts\" security=\"restricted\" style=\"position: absolute; visibility: hidden;\" title=\"&#8220;Crise atinge renov\u00e1veis no Brasil, alerta executivo da Vestas&#8221; &#8212; Eco Braziliense\" src=\"https:\/\/newblogs.correiobraziliense.com.br\/ecobraziliense\/crise-atinge-renovaveis-no-brasil-alerta-executivo-da-vestas\/embed\/#?secret=uxQUS141G0#?secret=xlpxZIxw95\" data-secret=\"xlpxZIxw95\" width=\"600\" height=\"338\" frameborder=\"0\" marginwidth=\"0\" marginheight=\"0\" scrolling=\"no\"><\/iframe>\n<\/div><\/figure>\n","protected":false},"excerpt":{"rendered":"<p>Data centers e baterias poderiam transformar energia limpa desperdi\u00e7ada em investimento<\/p>\n","protected":false},"author":23,"featured_media":781,"comment_status":"closed","ping_status":"open","sticky":false,"template":"","format":"standard","meta":{"_acf_changed":false,"inline_featured_image":false,"footnotes":""},"categories":[66],"tags":[160,204,321,203,161],"class_list":["post-777","post","type-post","status-publish","format-standard","has-post-thumbnail","hentry","category-artigo","tag-curtailment","tag-data-centers","tag-inel","tag-redata","tag-setor-eletrico"],"acf":[],"yoast_head":"<!-- This site is optimized with the Yoast SEO plugin v28.1 - https:\/\/yoast.com\/product\/yoast-seo-wordpress\/ -->\n<title>O Brasil joga fora sol e vento e abre a porta ao g\u00e1s | Eco Braziliense<\/title>\n<meta name=\"description\" content=\"Data centers e baterias poderiam transformar energia limpa desperdi\u00e7ada em investimento\" \/>\n<meta name=\"robots\" content=\"index, follow, max-snippet:-1, max-image-preview:large, max-video-preview:-1\" \/>\n<link rel=\"canonical\" href=\"https:\/\/newblogs.correiobraziliense.com.br\/ecobraziliense\/o-brasil-joga-fora-sol-e-vento-e-abre-a-porta-ao-gas\/\" \/>\n<meta property=\"og:locale\" content=\"pt_BR\" \/>\n<meta property=\"og:type\" content=\"article\" \/>\n<meta property=\"og:title\" content=\"O Brasil joga fora sol e vento e abre a porta ao g\u00e1s | Eco Braziliense\" \/>\n<meta property=\"og:description\" content=\"Data centers e baterias poderiam transformar energia limpa desperdi\u00e7ada em investimento\" \/>\n<meta property=\"og:url\" content=\"https:\/\/newblogs.correiobraziliense.com.br\/ecobraziliense\/o-brasil-joga-fora-sol-e-vento-e-abre-a-porta-ao-gas\/\" \/>\n<meta property=\"og:site_name\" content=\"Eco Braziliense\" \/>\n<meta property=\"article:published_time\" content=\"2026-09-03T19:37:47+00:00\" \/>\n<meta property=\"article:modified_time\" content=\"2026-09-03T19:37:48+00:00\" \/>\n<meta property=\"og:image\" content=\"https:\/\/newblogs.correiobraziliense.com.br\/ecobraziliense\/wp-content\/uploads\/sites\/7\/2026\/09\/WhatsApp-Image-2026-09-03-at-16.33.55.jpeg\" \/>\n\t<meta property=\"og:image:width\" content=\"1448\" \/>\n\t<meta property=\"og:image:height\" content=\"1086\" \/>\n\t<meta property=\"og:image:type\" content=\"image\/jpeg\" \/>\n<meta name=\"author\" content=\"Rafaela Gon\u00e7alves\" \/>\n<!-- \/ Yoast SEO plugin. -->","yoast_head_json":{"title":"O Brasil joga fora sol e vento e abre a porta ao g\u00e1s | Eco Braziliense","description":"Data centers e baterias poderiam transformar energia limpa desperdi\u00e7ada em investimento","robots":{"index":"index","follow":"follow","max-snippet":"max-snippet:-1","max-image-preview":"max-image-preview:large","max-video-preview":"max-video-preview:-1"},"canonical":"https:\/\/newblogs.correiobraziliense.com.br\/ecobraziliense\/o-brasil-joga-fora-sol-e-vento-e-abre-a-porta-ao-gas\/","og_locale":"pt_BR","og_type":"article","og_title":"O Brasil joga fora sol e vento e abre a porta ao g\u00e1s | Eco Braziliense","og_description":"Data centers e baterias poderiam transformar energia limpa desperdi\u00e7ada em investimento","og_url":"https:\/\/newblogs.correiobraziliense.com.br\/ecobraziliense\/o-brasil-joga-fora-sol-e-vento-e-abre-a-porta-ao-gas\/","og_site_name":"Eco Braziliense","article_published_time":"2026-09-03T19:37:47+00:00","article_modified_time":"2026-09-03T19:37:48+00:00","og_image":[{"width":1448,"height":1086,"url":"https:\/\/newblogs.correiobraziliense.com.br\/ecobraziliense\/wp-content\/uploads\/sites\/7\/2026\/09\/WhatsApp-Image-2026-09-03-at-16.33.55.jpeg","type":"image\/jpeg"}],"author":"Rafaela Gon\u00e7alves","schema":{"@context":"https:\/\/schema.org","@graph":[{"@type":"NewsArticle","@id":"https:\/\/newblogs.correiobraziliense.com.br\/ecobraziliense\/o-brasil-joga-fora-sol-e-vento-e-abre-a-porta-ao-gas\/#article","isPartOf":{"@id":"https:\/\/newblogs.correiobraziliense.com.br\/ecobraziliense\/o-brasil-joga-fora-sol-e-vento-e-abre-a-porta-ao-gas\/"},"author":{"name":"Rafaela Gon\u00e7alves","@id":"https:\/\/newblogs.correiobraziliense.com.br\/ecobraziliense\/#\/schema\/person\/2cae9fb7496bd90af27178d00e4f6683"},"headline":"O Brasil joga fora sol e vento e abre a porta ao g\u00e1s","datePublished":"2026-09-03T19:37:47+00:00","dateModified":"2026-09-03T19:37:48+00:00","mainEntityOfPage":{"@id":"https:\/\/newblogs.correiobraziliense.com.br\/ecobraziliense\/o-brasil-joga-fora-sol-e-vento-e-abre-a-porta-ao-gas\/"},"wordCount":759,"publisher":{"@id":"https:\/\/newblogs.correiobraziliense.com.br\/ecobraziliense\/#organization"},"image":{"@id":"https:\/\/newblogs.correiobraziliense.com.br\/ecobraziliense\/o-brasil-joga-fora-sol-e-vento-e-abre-a-porta-ao-gas\/#primaryimage"},"thumbnailUrl":"https:\/\/newblogs.correiobraziliense.com.br\/ecobraziliense\/wp-content\/uploads\/sites\/7\/2026\/09\/WhatsApp-Image-2026-09-03-at-16.33.55.jpeg","keywords":["Curtailment","data centers","INEL","redata","setor el\u00e9trico"],"articleSection":["Artigo"],"inLanguage":"pt-BR"},{"@type":"WebPage","@id":"https:\/\/newblogs.correiobraziliense.com.br\/ecobraziliense\/o-brasil-joga-fora-sol-e-vento-e-abre-a-porta-ao-gas\/","url":"https:\/\/newblogs.correiobraziliense.com.br\/ecobraziliense\/o-brasil-joga-fora-sol-e-vento-e-abre-a-porta-ao-gas\/","name":"O Brasil joga fora sol e vento e abre a porta ao g\u00e1s | Eco Braziliense","isPartOf":{"@id":"https:\/\/newblogs.correiobraziliense.com.br\/ecobraziliense\/#website"},"primaryImageOfPage":{"@id":"https:\/\/newblogs.correiobraziliense.com.br\/ecobraziliense\/o-brasil-joga-fora-sol-e-vento-e-abre-a-porta-ao-gas\/#primaryimage"},"image":{"@id":"https:\/\/newblogs.correiobraziliense.com.br\/ecobraziliense\/o-brasil-joga-fora-sol-e-vento-e-abre-a-porta-ao-gas\/#primaryimage"},"thumbnailUrl":"https:\/\/newblogs.correiobraziliense.com.br\/ecobraziliense\/wp-content\/uploads\/sites\/7\/2026\/09\/WhatsApp-Image-2026-09-03-at-16.33.55.jpeg","datePublished":"2026-09-03T19:37:47+00:00","dateModified":"2026-09-03T19:37:48+00:00","description":"Data centers e baterias poderiam transformar energia limpa desperdi\u00e7ada em investimento","breadcrumb":{"@id":"https:\/\/newblogs.correiobraziliense.com.br\/ecobraziliense\/o-brasil-joga-fora-sol-e-vento-e-abre-a-porta-ao-gas\/#breadcrumb"},"inLanguage":"pt-BR","potentialAction":[{"@type":"ReadAction","target":["https:\/\/newblogs.correiobraziliense.com.br\/ecobraziliense\/o-brasil-joga-fora-sol-e-vento-e-abre-a-porta-ao-gas\/"]}]},{"@type":"ImageObject","inLanguage":"pt-BR","@id":"https:\/\/newblogs.correiobraziliense.com.br\/ecobraziliense\/o-brasil-joga-fora-sol-e-vento-e-abre-a-porta-ao-gas\/#primaryimage","url":"https:\/\/newblogs.correiobraziliense.com.br\/ecobraziliense\/wp-content\/uploads\/sites\/7\/2026\/09\/WhatsApp-Image-2026-09-03-at-16.33.55.jpeg","contentUrl":"https:\/\/newblogs.correiobraziliense.com.br\/ecobraziliense\/wp-content\/uploads\/sites\/7\/2026\/09\/WhatsApp-Image-2026-09-03-at-16.33.55.jpeg","width":1448,"height":1086,"caption":"Foto: Divulga\u00e7\u00e3o\/ INEL."},{"@type":"BreadcrumbList","@id":"https:\/\/newblogs.correiobraziliense.com.br\/ecobraziliense\/o-brasil-joga-fora-sol-e-vento-e-abre-a-porta-ao-gas\/#breadcrumb","itemListElement":[{"@type":"ListItem","position":1,"name":"In\u00edcio","item":"https:\/\/newblogs.correiobraziliense.com.br\/ecobraziliense\/"},{"@type":"ListItem","position":2,"name":"Artigo","item":"https:\/\/newblogs.correiobraziliense.com.br\/ecobraziliense\/artigo\/"},{"@type":"ListItem","position":3,"name":"O Brasil joga fora sol e vento e abre a porta ao g\u00e1s"}]},{"@type":"WebSite","@id":"https:\/\/newblogs.correiobraziliense.com.br\/ecobraziliense\/#website","url":"https:\/\/newblogs.correiobraziliense.com.br\/ecobraziliense\/","name":"Eco Braziliense","description":"Espa\u00e7o dedicado \u00e0 cobertura da transi\u00e7\u00e3o ecol\u00f3gica no Brasil e no mundo. Reportagens, an\u00e1lises e entrevistas sobre economia verde, transi\u00e7\u00e3o energ\u00e9tica e neg\u00f3cios sustent\u00e1veis.","publisher":{"@id":"https:\/\/newblogs.correiobraziliense.com.br\/ecobraziliense\/#organization"},"potentialAction":[{"@type":"SearchAction","target":{"@type":"EntryPoint","urlTemplate":"https:\/\/newblogs.correiobraziliense.com.br\/ecobraziliense\/?s={search_term_string}"},"query-input":{"@type":"PropertyValueSpecification","valueRequired":true,"valueName":"search_term_string"}}],"inLanguage":"pt-BR"},{"@type":"Organization","@id":"https:\/\/newblogs.correiobraziliense.com.br\/ecobraziliense\/#organization","name":"Correio Braziliense","url":"https:\/\/newblogs.correiobraziliense.com.br\/ecobraziliense\/","logo":{"@type":"ImageObject","inLanguage":"pt-BR","@id":"https:\/\/newblogs.correiobraziliense.com.br\/ecobraziliense\/#\/schema\/logo\/image\/","url":"https:\/\/newblogs.correiobraziliense.com.br\/ecobraziliense\/wp-content\/uploads\/sites\/7\/2025\/08\/cropped-1.png","contentUrl":"https:\/\/newblogs.correiobraziliense.com.br\/ecobraziliense\/wp-content\/uploads\/sites\/7\/2025\/08\/cropped-1.png","width":1000,"height":250,"caption":"Correio Braziliense"},"image":{"@id":"https:\/\/newblogs.correiobraziliense.com.br\/ecobraziliense\/#\/schema\/logo\/image\/"}},{"@type":"Person","@id":"https:\/\/newblogs.correiobraziliense.com.br\/ecobraziliense\/#\/schema\/person\/2cae9fb7496bd90af27178d00e4f6683","name":"Rafaela Gon\u00e7alves","image":{"@type":"ImageObject","inLanguage":"pt-BR","@id":"https:\/\/secure.gravatar.com\/avatar\/576f01ed42806765a18f53a22440885b3e08ed7db0a264f840ec23b34509b8b1?s=96&d=mm&r=g","url":"https:\/\/secure.gravatar.com\/avatar\/576f01ed42806765a18f53a22440885b3e08ed7db0a264f840ec23b34509b8b1?s=96&d=mm&r=g","contentUrl":"https:\/\/secure.gravatar.com\/avatar\/576f01ed42806765a18f53a22440885b3e08ed7db0a264f840ec23b34509b8b1?s=96&d=mm&r=g","caption":"Rafaela Gon\u00e7alves"},"description":"Jornalista formada pela Universidade Cat\u00f3lica de Bras\u00edlia (UCB), com especializa\u00e7\u00e3o em Economia pela Saint Paul Escola de Neg\u00f3cios e MBA em Gest\u00e3o Ambiental e Sustentabilidade na Universidade de Uberaba (Uniube). Atua na cobertura pol\u00edtica em Bras\u00edlia desde 2018, com foco em temas de impacto socioambiental e econ\u00f4mico.","url":"https:\/\/newblogs.correiobraziliense.com.br\/ecobraziliense\/author\/rafaelagoncalves\/"}]}},"_links":{"self":[{"href":"https:\/\/newblogs.correiobraziliense.com.br\/ecobraziliense\/wp-json\/wp\/v2\/posts\/777","targetHints":{"allow":["GET"]}}],"collection":[{"href":"https:\/\/newblogs.correiobraziliense.com.br\/ecobraziliense\/wp-json\/wp\/v2\/posts"}],"about":[{"href":"https:\/\/newblogs.correiobraziliense.com.br\/ecobraziliense\/wp-json\/wp\/v2\/types\/post"}],"author":[{"embeddable":true,"href":"https:\/\/newblogs.correiobraziliense.com.br\/ecobraziliense\/wp-json\/wp\/v2\/users\/23"}],"replies":[{"embeddable":true,"href":"https:\/\/newblogs.correiobraziliense.com.br\/ecobraziliense\/wp-json\/wp\/v2\/comments?post=777"}],"version-history":[{"count":3,"href":"https:\/\/newblogs.correiobraziliense.com.br\/ecobraziliense\/wp-json\/wp\/v2\/posts\/777\/revisions"}],"predecessor-version":[{"id":782,"href":"https:\/\/newblogs.correiobraziliense.com.br\/ecobraziliense\/wp-json\/wp\/v2\/posts\/777\/revisions\/782"}],"wp:featuredmedia":[{"embeddable":true,"href":"https:\/\/newblogs.correiobraziliense.com.br\/ecobraziliense\/wp-json\/wp\/v2\/media\/781"}],"wp:attachment":[{"href":"https:\/\/newblogs.correiobraziliense.com.br\/ecobraziliense\/wp-json\/wp\/v2\/media?parent=777"}],"wp:term":[{"taxonomy":"category","embeddable":true,"href":"https:\/\/newblogs.correiobraziliense.com.br\/ecobraziliense\/wp-json\/wp\/v2\/categories?post=777"},{"taxonomy":"post_tag","embeddable":true,"href":"https:\/\/newblogs.correiobraziliense.com.br\/ecobraziliense\/wp-json\/wp\/v2\/tags?post=777"}],"curies":[{"name":"wp","href":"https:\/\/api.w.org\/{rel}","templated":true}]}}