{"id":770,"date":"2026-09-02T17:32:26","date_gmt":"2026-09-02T20:32:26","guid":{"rendered":"https:\/\/newblogs.correiobraziliense.com.br\/ecobraziliense\/?p=770"},"modified":"2026-09-02T17:33:40","modified_gmt":"2026-09-02T20:33:40","slug":"planeta-deve-romper-limite-de-15c-de-aquecimento-global","status":"publish","type":"post","link":"https:\/\/newblogs.correiobraziliense.com.br\/ecobraziliense\/planeta-deve-romper-limite-de-15c-de-aquecimento-global\/","title":{"rendered":"Aquecimento global deve romper limite de 1,5\u00b0C"},"content":{"rendered":"\n<p>O mundo deve ultrapassar o limite de 1,5\u00b0C de aquecimento global nos pr\u00f3ximos anos, segundo novo <a href=\"https:\/\/unstats.un.org\/sdgs\/report\/2026\/\">relat\u00f3rio do Programa das Na\u00e7\u00f5es Unidas para o Meio Ambiente (Pnuma)<\/a>. O diagn\u00f3stico aumenta a preocupa\u00e7\u00e3o entre especialistas, que alertam para o agravamento de eventos extremos, perdas de ecossistemas e impactos sobre popula\u00e7\u00f5es vulner\u00e1veis.\u00a0<\/p>\n\n\n\n<p>Mesmo no cen\u00e1rio mais otimista analisado pela Organiza\u00e7\u00e3o das Na\u00e7\u00f5es Unidas (ONU), a temperatura m\u00e9dia do planeta chegaria a um pico de 1,8\u00b0C acima dos n\u00edveis pr\u00e9-industriais antes de come\u00e7ar a recuar.<\/p>\n\n\n\n<p>O limite de 1,5\u00b0C foi estabelecido no Acordo de Paris, em 2015, como refer\u00eancia para conter os efeitos mais graves da mudan\u00e7a do clima. Agora, diante da demora na redu\u00e7\u00e3o das emiss\u00f5es de gases de efeito estufa, o Pnuma avalia que a estrat\u00e9gia mais vi\u00e1vel \u00e9 limitar a intensidade e a dura\u00e7\u00e3o do chamado overshoot, per\u00edodo em que a temperatura permanece acima desse patamar.<\/p>\n\n\n\n<p>A trajet\u00f3ria defendida pelo relat\u00f3rio combina cortes r\u00e1pidos nas emiss\u00f5es, alcance das emiss\u00f5es l\u00edquidas zero e retirada de di\u00f3xido de carbono da atmosfera. A expectativa \u00e9 que, depois de atingir um pico, a temperatura possa voltar a cair para 1,5\u00b0C ou menos. O retorno, no entanto, \u00e9 considerado incerto e n\u00e3o eliminaria os danos provocados durante o per\u00edodo de ultrapassagem.<\/p>\n\n\n\n<figure class=\"wp-block-embed is-type-wp-embed is-provider-eco-braziliense wp-block-embed-eco-braziliense\"><div class=\"wp-block-embed__wrapper\">\n<blockquote class=\"wp-embedded-content\" data-secret=\"xnLrJ99VcQ\"><a href=\"https:\/\/newblogs.correiobraziliense.com.br\/ecobraziliense\/o-desafio-climatico-dos-proximos-governos\/\">O desafio clim\u00e1tico dos pr\u00f3ximos governos<\/a><\/blockquote><iframe loading=\"lazy\" class=\"wp-embedded-content\" sandbox=\"allow-scripts\" security=\"restricted\" style=\"position: absolute; visibility: hidden;\" title=\"&#8220;O desafio clim\u00e1tico dos pr\u00f3ximos governos&#8221; &#8212; Eco Braziliense\" src=\"https:\/\/newblogs.correiobraziliense.com.br\/ecobraziliense\/o-desafio-climatico-dos-proximos-governos\/embed\/#?secret=JTBKzjsXXU#?secret=xnLrJ99VcQ\" data-secret=\"xnLrJ99VcQ\" width=\"600\" height=\"338\" frameborder=\"0\" marginwidth=\"0\" marginheight=\"0\" scrolling=\"no\"><\/iframe>\n<\/div><\/figure>\n\n\n\n<p>A cada fra\u00e7\u00e3o adicional de grau e a cada ano de perman\u00eancia acima de 1,5\u00b0C, aumentam os riscos de <a href=\"https:\/\/newblogs.correiobraziliense.com.br\/ecobraziliense\/desastres-climaticos-atingem-91-das-cidades-brasileiras\/\">eventos extremos mais intensos<\/a>, perdas de ecossistemas e impactos sobre a sa\u00fade, a produ\u00e7\u00e3o de alimentos, o abastecimento de \u00e1gua, as cidades e as economias. O Pnuma tamb\u00e9m alerta para a possibilidade de perdas irrevers\u00edveis em sistemas naturais vulner\u00e1veis.<\/p>\n\n\n\n<p>\u201cO calor escaldante deste ver\u00e3o, os inc\u00eandios florestais e as enchentes fatais s\u00e3o um alerta do que est\u00e1 por vir. Precisamos fazer com que a ultrapassagem de 1,5\u00b0C seja a menor e mais curta poss\u00edvel. Isso exige uma ambi\u00e7\u00e3o ainda maior\u201d, afirmou o secret\u00e1rio-geral da ONU, Ant\u00f3nio Guterres.<\/p>\n\n\n\n<p><strong>Press\u00e3o por adapta\u00e7\u00e3o<\/strong><\/p>\n\n\n\n<p>Para Claudio Angelo, coordenador de Pol\u00edtica Internacional do Observat\u00f3rio do Clima, o relat\u00f3rio mostra que a comunidade internacional n\u00e3o conseguiu evitar a interfer\u00eancia perigosa da atividade humana no sistema clim\u00e1tico.<\/p>\n\n\n\n<p>\u201cO relat\u00f3rio do Pnuma mostra que a humanidade falhou em cumprir o objetivo central da Conven\u00e7\u00e3o do Clima da ONU de evitar a interfer\u00eancia perigosa da humanidade no sistema clim\u00e1tico. Entramos numa era de consequ\u00eancias\u201d, afirmou.<\/p>\n\n\n\n<p>Angelo defende que os pa\u00edses ampliem os recursos destinados \u00e0 adapta\u00e7\u00e3o e \u00e0s perdas e danos, al\u00e9m de acelerarem a redu\u00e7\u00e3o de poluentes clim\u00e1ticos de vida curta, como o metano. Para ele, a principal frente de a\u00e7\u00e3o continua sendo a elimina\u00e7\u00e3o dos combust\u00edveis f\u00f3sseis. \u201cAbandonar o objetivo de devolver os term\u00f4metros a 1,5\u00b0C n\u00e3o \u00e9 uma op\u00e7\u00e3o\u201d, disse.<\/p>\n\n\n\n<p>A diretora executiva do Instituto Clima e Sociedade (iCS), Maria Netto, tamb\u00e9m considera que a possibilidade de ultrapassagem tempor\u00e1ria n\u00e3o deve servir de justificativa para abandonar a meta clim\u00e1tica. \u201cCada fra\u00e7\u00e3o de grau importa. Cada ano que conseguimos reduzir o per\u00edodo dessa ultrapassagem importa. E cada investimento que fazemos hoje em mitiga\u00e7\u00e3o, adapta\u00e7\u00e3o e resili\u00eancia importa\u201d, declarou.<\/p>\n\n\n\n<figure class=\"wp-block-embed is-type-wp-embed is-provider-eco-braziliense wp-block-embed-eco-braziliense\"><div class=\"wp-block-embed__wrapper\">\n<blockquote class=\"wp-embedded-content\" data-secret=\"qKhUrOw60N\"><a href=\"https:\/\/newblogs.correiobraziliense.com.br\/ecobraziliense\/desastres-climaticos-atingem-91-das-cidades-brasileiras\/\">Desastres clim\u00e1ticos atingem 91% das cidades brasileiras<\/a><\/blockquote><iframe loading=\"lazy\" class=\"wp-embedded-content\" sandbox=\"allow-scripts\" security=\"restricted\" style=\"position: absolute; visibility: hidden;\" title=\"&#8220;Desastres clim\u00e1ticos atingem 91% das cidades brasileiras&#8221; &#8212; Eco Braziliense\" src=\"https:\/\/newblogs.correiobraziliense.com.br\/ecobraziliense\/desastres-climaticos-atingem-91-das-cidades-brasileiras\/embed\/#?secret=3c0mHEuS9P#?secret=qKhUrOw60N\" data-secret=\"qKhUrOw60N\" width=\"600\" height=\"338\" frameborder=\"0\" marginwidth=\"0\" marginheight=\"0\" scrolling=\"no\"><\/iframe>\n<\/div><\/figure>\n\n\n\n<p>Segundo Maria, quanto maior for o pico de temperatura, mais dif\u00edcil, incerto e caro ser\u00e1 fazer o aquecimento voltar a cair. Ela defende que mitiga\u00e7\u00e3o e adapta\u00e7\u00e3o avancem simultaneamente e ressalta que a remo\u00e7\u00e3o de carbono ser\u00e1 necess\u00e1ria, mas n\u00e3o pode substituir cortes profundos nas emiss\u00f5es.<\/p>\n\n\n\n<p>\u201cAcima de tudo, estamos falando de pessoas. As comunidades mais pobres e vulner\u00e1veis enfrentar\u00e3o as consequ\u00eancias mais graves, o que significa que equidade, financiamento e coopera\u00e7\u00e3o internacional precisam estar no centro da nossa resposta\u201d, ressaltou.<\/p>\n\n\n\n<p><strong>Custo da demora&nbsp;<\/strong><\/p>\n\n\n\n<p>Para Tatiana Oliveira, l\u00edder da Estrat\u00e9gia Internacional do WWF-Brasil, ultrapassar 1,5\u00b0C n\u00e3o significa que o Acordo de Paris perdeu seu sentido, mas que o custo da demora na a\u00e7\u00e3o clim\u00e1tica aumentou.<\/p>\n\n\n\n<p>\u201cCada d\u00e9cimo de grau que conseguirmos evitar representa vidas, territ\u00f3rios e ecossistemas que deixam de estar em risco. O que est\u00e1 em jogo agora n\u00e3o \u00e9 apenas a temperatura que o planeta atingir\u00e1, mas a velocidade da crise clim\u00e1tica e nossa capacidade de resposta como sociedade\u201d, observou.<\/p>\n\n\n\n<p>No Brasil, a especialista em pol\u00edtica clim\u00e1tica do Greenpeace Brasil, Anna C\u00e1rcamo, defende a continuidade dos esfor\u00e7os para zerar o desmatamento e a amplia\u00e7\u00e3o dos recursos destinados \u00e0 adapta\u00e7\u00e3o dos munic\u00edpios. \u201cO relat\u00f3rio do Pnuma confirma o que a ci\u00eancia j\u00e1 alertava: o tempo de esperar acabou, precisamos agir agora para reduzir os impactos das mudan\u00e7as do clima\u201d, enfatizou.<\/p>\n\n\n\n<p>Em n\u00edvel internacional, C\u00e1rcamo cobra uma resposta mais ambiciosa na COP31, com planos para a elimina\u00e7\u00e3o gradual dos combust\u00edveis f\u00f3sseis, o fim do desmatamento global e financiamento para os pa\u00edses em desenvolvimento. \u201cS\u00f3 assim poderemos reduzir o per\u00edodo de ultrapassagem e voltar o mais r\u00e1pido poss\u00edvel para a margem segura de aquecimento do planeta de at\u00e9 1,5\u00b0C\u201d, disse.<\/p>\n\n\n\n<p>O vice-diretor de Programas do Greenpeace Internacional, Jasper Inventor, refor\u00e7a que a ultrapassagem do limite n\u00e3o deve ser usada como argumento para abandonar a meta do Acordo de Paris. \u201cEsta \u00e9 uma not\u00edcia que nenhum de n\u00f3s queria ouvir, mas ultrapassar o limite da temperatura m\u00e9dia global n\u00e3o \u00e9 motivo para desistir e abrir m\u00e3o da meta de 1,5\u00b0C. \u00c9 um momento desolador, e precisamos refletir sobre isso, mas cada fra\u00e7\u00e3o de grau ainda importa, e o relat\u00f3rio do Pnuma deve servir agora como um chamado decisivo \u00e0 a\u00e7\u00e3o\u201d, avaliou.<\/p>\n\n\n\n<figure class=\"wp-block-embed is-type-wp-embed is-provider-eco-braziliense wp-block-embed-eco-braziliense\"><div class=\"wp-block-embed__wrapper\">\n<blockquote class=\"wp-embedded-content\" data-secret=\"TBmAh0pGMb\"><a href=\"https:\/\/newblogs.correiobraziliense.com.br\/ecobraziliense\/crise-climatica-entra-no-radar-dos-brasileiros\/\">Crise clim\u00e1tica entra no radar dos brasileiros<\/a><\/blockquote><iframe loading=\"lazy\" class=\"wp-embedded-content\" sandbox=\"allow-scripts\" security=\"restricted\" style=\"position: absolute; visibility: hidden;\" title=\"&#8220;Crise clim\u00e1tica entra no radar dos brasileiros&#8221; &#8212; Eco Braziliense\" src=\"https:\/\/newblogs.correiobraziliense.com.br\/ecobraziliense\/crise-climatica-entra-no-radar-dos-brasileiros\/embed\/#?secret=PhUiCJCI29#?secret=TBmAh0pGMb\" data-secret=\"TBmAh0pGMb\" width=\"600\" height=\"338\" frameborder=\"0\" marginwidth=\"0\" marginheight=\"0\" scrolling=\"no\"><\/iframe>\n<\/div><\/figure>\n","protected":false},"excerpt":{"rendered":"<p>Relat\u00f3rio da ONU prev\u00ea pico de 1,8\u00b0C mesmo no cen\u00e1rio mais otimista e alerta para agravamento de eventos extremos e perdas de ecossistemas<\/p>\n","protected":false},"author":23,"featured_media":771,"comment_status":"closed","ping_status":"open","sticky":false,"template":"","format":"standard","meta":{"_acf_changed":false,"inline_featured_image":false,"footnotes":""},"categories":[319],"tags":[129,170,132,59,320],"class_list":["post-770","post","type-post","status-publish","format-standard","has-post-thumbnail","hentry","category-clima","tag-acordo-de-paris","tag-aquecimento-global","tag-crise-climatica","tag-onu","tag-pnuma"],"acf":[],"yoast_head":"<!-- This site is optimized with the Yoast SEO plugin v28.1 - https:\/\/yoast.com\/product\/yoast-seo-wordpress\/ -->\n<title>Aquecimento global deve romper limite de 1,5\u00b0C | Eco Braziliense<\/title>\n<meta name=\"description\" content=\"Relat\u00f3rio da ONU prev\u00ea pico de 1,8\u00b0C mesmo no cen\u00e1rio mais otimista e alerta para agravamento de eventos extremos e perdas de ecossistemas\" \/>\n<meta name=\"robots\" content=\"index, follow, max-snippet:-1, max-image-preview:large, max-video-preview:-1\" \/>\n<link rel=\"canonical\" href=\"https:\/\/newblogs.correiobraziliense.com.br\/ecobraziliense\/planeta-deve-romper-limite-de-15c-de-aquecimento-global\/\" \/>\n<meta property=\"og:locale\" content=\"pt_BR\" \/>\n<meta property=\"og:type\" content=\"article\" \/>\n<meta property=\"og:title\" content=\"Aquecimento global deve romper limite de 1,5\u00b0C | Eco Braziliense\" \/>\n<meta property=\"og:description\" content=\"Relat\u00f3rio da ONU prev\u00ea pico de 1,8\u00b0C mesmo no cen\u00e1rio mais otimista e alerta para agravamento de eventos extremos e perdas de ecossistemas\" \/>\n<meta property=\"og:url\" content=\"https:\/\/newblogs.correiobraziliense.com.br\/ecobraziliense\/planeta-deve-romper-limite-de-15c-de-aquecimento-global\/\" \/>\n<meta property=\"og:site_name\" content=\"Eco Braziliense\" \/>\n<meta property=\"article:published_time\" content=\"2026-09-02T20:32:26+00:00\" \/>\n<meta property=\"article:modified_time\" content=\"2026-09-02T20:33:40+00:00\" \/>\n<meta property=\"og:image\" content=\"https:\/\/newblogs.correiobraziliense.com.br\/ecobraziliense\/wp-content\/uploads\/sites\/7\/2026\/09\/crise-climatica-esta-relacionada-a-200-mil-casos-de-doencas-renais-no-brasil-diz-estudo-1637621364043_v2_900x506.jpg\" \/>\n\t<meta property=\"og:image:width\" content=\"900\" \/>\n\t<meta property=\"og:image:height\" content=\"506\" \/>\n\t<meta property=\"og:image:type\" content=\"image\/jpeg\" \/>\n<meta name=\"author\" content=\"Rafaela Gon\u00e7alves\" \/>\n<!-- \/ Yoast SEO plugin. -->","yoast_head_json":{"title":"Aquecimento global deve romper limite de 1,5\u00b0C | Eco Braziliense","description":"Relat\u00f3rio da ONU prev\u00ea pico de 1,8\u00b0C mesmo no cen\u00e1rio mais otimista e alerta para agravamento de eventos extremos e perdas de ecossistemas","robots":{"index":"index","follow":"follow","max-snippet":"max-snippet:-1","max-image-preview":"max-image-preview:large","max-video-preview":"max-video-preview:-1"},"canonical":"https:\/\/newblogs.correiobraziliense.com.br\/ecobraziliense\/planeta-deve-romper-limite-de-15c-de-aquecimento-global\/","og_locale":"pt_BR","og_type":"article","og_title":"Aquecimento global deve romper limite de 1,5\u00b0C | Eco Braziliense","og_description":"Relat\u00f3rio da ONU prev\u00ea pico de 1,8\u00b0C mesmo no cen\u00e1rio mais otimista e alerta para agravamento de eventos extremos e perdas de ecossistemas","og_url":"https:\/\/newblogs.correiobraziliense.com.br\/ecobraziliense\/planeta-deve-romper-limite-de-15c-de-aquecimento-global\/","og_site_name":"Eco Braziliense","article_published_time":"2026-09-02T20:32:26+00:00","article_modified_time":"2026-09-02T20:33:40+00:00","og_image":[{"width":900,"height":506,"url":"https:\/\/newblogs.correiobraziliense.com.br\/ecobraziliense\/wp-content\/uploads\/sites\/7\/2026\/09\/crise-climatica-esta-relacionada-a-200-mil-casos-de-doencas-renais-no-brasil-diz-estudo-1637621364043_v2_900x506.jpg","type":"image\/jpeg"}],"author":"Rafaela Gon\u00e7alves","schema":{"@context":"https:\/\/schema.org","@graph":[{"@type":"NewsArticle","@id":"https:\/\/newblogs.correiobraziliense.com.br\/ecobraziliense\/planeta-deve-romper-limite-de-15c-de-aquecimento-global\/#article","isPartOf":{"@id":"https:\/\/newblogs.correiobraziliense.com.br\/ecobraziliense\/planeta-deve-romper-limite-de-15c-de-aquecimento-global\/"},"author":{"name":"Rafaela Gon\u00e7alves","@id":"https:\/\/newblogs.correiobraziliense.com.br\/ecobraziliense\/#\/schema\/person\/2cae9fb7496bd90af27178d00e4f6683"},"headline":"Aquecimento global deve romper limite de 1,5\u00b0C","datePublished":"2026-09-02T20:32:26+00:00","dateModified":"2026-09-02T20:33:40+00:00","mainEntityOfPage":{"@id":"https:\/\/newblogs.correiobraziliense.com.br\/ecobraziliense\/planeta-deve-romper-limite-de-15c-de-aquecimento-global\/"},"wordCount":1011,"publisher":{"@id":"https:\/\/newblogs.correiobraziliense.com.br\/ecobraziliense\/#organization"},"image":{"@id":"https:\/\/newblogs.correiobraziliense.com.br\/ecobraziliense\/planeta-deve-romper-limite-de-15c-de-aquecimento-global\/#primaryimage"},"thumbnailUrl":"https:\/\/newblogs.correiobraziliense.com.br\/ecobraziliense\/wp-content\/uploads\/sites\/7\/2026\/09\/crise-climatica-esta-relacionada-a-200-mil-casos-de-doencas-renais-no-brasil-diz-estudo-1637621364043_v2_900x506.jpg","keywords":["Acordo de Paris","aquecimento global","crise clim\u00e1tica","ONU","Pnuma"],"articleSection":["Clima"],"inLanguage":"pt-BR"},{"@type":"WebPage","@id":"https:\/\/newblogs.correiobraziliense.com.br\/ecobraziliense\/planeta-deve-romper-limite-de-15c-de-aquecimento-global\/","url":"https:\/\/newblogs.correiobraziliense.com.br\/ecobraziliense\/planeta-deve-romper-limite-de-15c-de-aquecimento-global\/","name":"Aquecimento global deve romper limite de 1,5\u00b0C | Eco Braziliense","isPartOf":{"@id":"https:\/\/newblogs.correiobraziliense.com.br\/ecobraziliense\/#website"},"primaryImageOfPage":{"@id":"https:\/\/newblogs.correiobraziliense.com.br\/ecobraziliense\/planeta-deve-romper-limite-de-15c-de-aquecimento-global\/#primaryimage"},"image":{"@id":"https:\/\/newblogs.correiobraziliense.com.br\/ecobraziliense\/planeta-deve-romper-limite-de-15c-de-aquecimento-global\/#primaryimage"},"thumbnailUrl":"https:\/\/newblogs.correiobraziliense.com.br\/ecobraziliense\/wp-content\/uploads\/sites\/7\/2026\/09\/crise-climatica-esta-relacionada-a-200-mil-casos-de-doencas-renais-no-brasil-diz-estudo-1637621364043_v2_900x506.jpg","datePublished":"2026-09-02T20:32:26+00:00","dateModified":"2026-09-02T20:33:40+00:00","description":"Relat\u00f3rio da ONU prev\u00ea pico de 1,8\u00b0C mesmo no cen\u00e1rio mais otimista e alerta para agravamento de eventos extremos e perdas de ecossistemas","breadcrumb":{"@id":"https:\/\/newblogs.correiobraziliense.com.br\/ecobraziliense\/planeta-deve-romper-limite-de-15c-de-aquecimento-global\/#breadcrumb"},"inLanguage":"pt-BR","potentialAction":[{"@type":"ReadAction","target":["https:\/\/newblogs.correiobraziliense.com.br\/ecobraziliense\/planeta-deve-romper-limite-de-15c-de-aquecimento-global\/"]}]},{"@type":"ImageObject","inLanguage":"pt-BR","@id":"https:\/\/newblogs.correiobraziliense.com.br\/ecobraziliense\/planeta-deve-romper-limite-de-15c-de-aquecimento-global\/#primaryimage","url":"https:\/\/newblogs.correiobraziliense.com.br\/ecobraziliense\/wp-content\/uploads\/sites\/7\/2026\/09\/crise-climatica-esta-relacionada-a-200-mil-casos-de-doencas-renais-no-brasil-diz-estudo-1637621364043_v2_900x506.jpg","contentUrl":"https:\/\/newblogs.correiobraziliense.com.br\/ecobraziliense\/wp-content\/uploads\/sites\/7\/2026\/09\/crise-climatica-esta-relacionada-a-200-mil-casos-de-doencas-renais-no-brasil-diz-estudo-1637621364043_v2_900x506.jpg","width":900,"height":506,"caption":"Temperatura m\u00e9dia do planeta chegaria a um pico de 1,8\u00b0C acima dos n\u00edveis pr\u00e9-industriais. Foto: Fernando Fraz\u00e3o\/Ag\u00eancia Brasil."},{"@type":"BreadcrumbList","@id":"https:\/\/newblogs.correiobraziliense.com.br\/ecobraziliense\/planeta-deve-romper-limite-de-15c-de-aquecimento-global\/#breadcrumb","itemListElement":[{"@type":"ListItem","position":1,"name":"In\u00edcio","item":"https:\/\/newblogs.correiobraziliense.com.br\/ecobraziliense\/"},{"@type":"ListItem","position":2,"name":"Clima","item":"https:\/\/newblogs.correiobraziliense.com.br\/ecobraziliense\/clima\/"},{"@type":"ListItem","position":3,"name":"Aquecimento global deve romper limite de 1,5\u00b0C"}]},{"@type":"WebSite","@id":"https:\/\/newblogs.correiobraziliense.com.br\/ecobraziliense\/#website","url":"https:\/\/newblogs.correiobraziliense.com.br\/ecobraziliense\/","name":"Eco Braziliense","description":"Espa\u00e7o dedicado \u00e0 cobertura da transi\u00e7\u00e3o ecol\u00f3gica no Brasil e no mundo. Reportagens, an\u00e1lises e entrevistas sobre economia verde, transi\u00e7\u00e3o energ\u00e9tica e neg\u00f3cios sustent\u00e1veis.","publisher":{"@id":"https:\/\/newblogs.correiobraziliense.com.br\/ecobraziliense\/#organization"},"potentialAction":[{"@type":"SearchAction","target":{"@type":"EntryPoint","urlTemplate":"https:\/\/newblogs.correiobraziliense.com.br\/ecobraziliense\/?s={search_term_string}"},"query-input":{"@type":"PropertyValueSpecification","valueRequired":true,"valueName":"search_term_string"}}],"inLanguage":"pt-BR"},{"@type":"Organization","@id":"https:\/\/newblogs.correiobraziliense.com.br\/ecobraziliense\/#organization","name":"Correio Braziliense","url":"https:\/\/newblogs.correiobraziliense.com.br\/ecobraziliense\/","logo":{"@type":"ImageObject","inLanguage":"pt-BR","@id":"https:\/\/newblogs.correiobraziliense.com.br\/ecobraziliense\/#\/schema\/logo\/image\/","url":"https:\/\/newblogs.correiobraziliense.com.br\/ecobraziliense\/wp-content\/uploads\/sites\/7\/2025\/08\/cropped-1.png","contentUrl":"https:\/\/newblogs.correiobraziliense.com.br\/ecobraziliense\/wp-content\/uploads\/sites\/7\/2025\/08\/cropped-1.png","width":1000,"height":250,"caption":"Correio Braziliense"},"image":{"@id":"https:\/\/newblogs.correiobraziliense.com.br\/ecobraziliense\/#\/schema\/logo\/image\/"}},{"@type":"Person","@id":"https:\/\/newblogs.correiobraziliense.com.br\/ecobraziliense\/#\/schema\/person\/2cae9fb7496bd90af27178d00e4f6683","name":"Rafaela Gon\u00e7alves","image":{"@type":"ImageObject","inLanguage":"pt-BR","@id":"https:\/\/secure.gravatar.com\/avatar\/576f01ed42806765a18f53a22440885b3e08ed7db0a264f840ec23b34509b8b1?s=96&d=mm&r=g","url":"https:\/\/secure.gravatar.com\/avatar\/576f01ed42806765a18f53a22440885b3e08ed7db0a264f840ec23b34509b8b1?s=96&d=mm&r=g","contentUrl":"https:\/\/secure.gravatar.com\/avatar\/576f01ed42806765a18f53a22440885b3e08ed7db0a264f840ec23b34509b8b1?s=96&d=mm&r=g","caption":"Rafaela Gon\u00e7alves"},"description":"Jornalista formada pela Universidade Cat\u00f3lica de Bras\u00edlia (UCB), com especializa\u00e7\u00e3o em Economia pela Saint Paul Escola de Neg\u00f3cios e MBA em Gest\u00e3o Ambiental e Sustentabilidade na Universidade de Uberaba (Uniube). Atua na cobertura pol\u00edtica em Bras\u00edlia desde 2018, com foco em temas de impacto socioambiental e econ\u00f4mico.","url":"https:\/\/newblogs.correiobraziliense.com.br\/ecobraziliense\/author\/rafaelagoncalves\/"}]}},"_links":{"self":[{"href":"https:\/\/newblogs.correiobraziliense.com.br\/ecobraziliense\/wp-json\/wp\/v2\/posts\/770","targetHints":{"allow":["GET"]}}],"collection":[{"href":"https:\/\/newblogs.correiobraziliense.com.br\/ecobraziliense\/wp-json\/wp\/v2\/posts"}],"about":[{"href":"https:\/\/newblogs.correiobraziliense.com.br\/ecobraziliense\/wp-json\/wp\/v2\/types\/post"}],"author":[{"embeddable":true,"href":"https:\/\/newblogs.correiobraziliense.com.br\/ecobraziliense\/wp-json\/wp\/v2\/users\/23"}],"replies":[{"embeddable":true,"href":"https:\/\/newblogs.correiobraziliense.com.br\/ecobraziliense\/wp-json\/wp\/v2\/comments?post=770"}],"version-history":[{"count":3,"href":"https:\/\/newblogs.correiobraziliense.com.br\/ecobraziliense\/wp-json\/wp\/v2\/posts\/770\/revisions"}],"predecessor-version":[{"id":775,"href":"https:\/\/newblogs.correiobraziliense.com.br\/ecobraziliense\/wp-json\/wp\/v2\/posts\/770\/revisions\/775"}],"wp:featuredmedia":[{"embeddable":true,"href":"https:\/\/newblogs.correiobraziliense.com.br\/ecobraziliense\/wp-json\/wp\/v2\/media\/771"}],"wp:attachment":[{"href":"https:\/\/newblogs.correiobraziliense.com.br\/ecobraziliense\/wp-json\/wp\/v2\/media?parent=770"}],"wp:term":[{"taxonomy":"category","embeddable":true,"href":"https:\/\/newblogs.correiobraziliense.com.br\/ecobraziliense\/wp-json\/wp\/v2\/categories?post=770"},{"taxonomy":"post_tag","embeddable":true,"href":"https:\/\/newblogs.correiobraziliense.com.br\/ecobraziliense\/wp-json\/wp\/v2\/tags?post=770"}],"curies":[{"name":"wp","href":"https:\/\/api.w.org\/{rel}","templated":true}]}}