{"id":56,"date":"2025-08-27T15:19:36","date_gmt":"2025-08-27T18:19:36","guid":{"rendered":"https:\/\/newblogs.correiobraziliense.com.br\/ecobraziliense\/?p=56"},"modified":"2025-08-27T15:19:36","modified_gmt":"2025-08-27T18:19:36","slug":"inscricoes-para-premio-ics-de-economia-clima-encerram-nesta-sexta","status":"publish","type":"post","link":"https:\/\/newblogs.correiobraziliense.com.br\/ecobraziliense\/inscricoes-para-premio-ics-de-economia-clima-encerram-nesta-sexta\/","title":{"rendered":"Inscri\u00e7\u00f5es para Pr\u00eamio iCS de Economia &amp; Clima encerram nesta sexta"},"content":{"rendered":"\n<p>Pesquisadores interessados em participar do Pr\u00eamio iCS de Economia &amp; Clima \u2013 Edi\u00e7\u00e3o 2025 t\u00eam at\u00e9 esta sexta-feira (29) para se inscrever. A iniciativa do HUB de Economia &amp; Clima do Instituto Clima e Sociedade (iCS) vai distribuir R$ 35 mil entre os tr\u00eas melhores trabalhos cient\u00edficos j\u00e1 publicados que analisam a rela\u00e7\u00e3o entre mudan\u00e7as clim\u00e1ticas e economia no Brasil.<\/p>\n\n\n\n<p>O primeiro colocado receber\u00e1 R$ 20 mil, o segundo R$ 10 mil e o terceiro R$ 5 mil.<\/p>\n\n\n\n<p>Podem concorrer pesquisadores com t\u00edtulo de doutorado que tenham artigos publicados entre julho de 2022 e julho de 2025 em peri\u00f3dicos nacionais ou internacionais, ou apresentados em confer\u00eancias como as da ANPEC e da LACEA.<\/p>\n\n\n\n<p>Ser\u00e3o aceitos estudos em \u00e1reas como macroeconomia e clima, custos econ\u00f4micos e sociais da ina\u00e7\u00e3o clim\u00e1tica, pol\u00edtica fiscal e incentivos verdes. A sele\u00e7\u00e3o ser\u00e1 feita por uma comiss\u00e3o de especialistas, que avaliar\u00e1 crit\u00e9rios como relev\u00e2ncia cient\u00edfica, rigor metodol\u00f3gico e impacto em pol\u00edticas p\u00fablicas.<\/p>\n\n\n\n<p>O formul\u00e1rio de inscri\u00e7\u00e3o e as instru\u00e7\u00f5es completas est\u00e3o dispon\u00edveis no <a href=\"https:\/\/climaesociedade.org\/estao-abertas-as-inscricoes-para-o-premio-ics-de-economia-clima-2025\/\">site do iCS<\/a>. D\u00favidas podem ser enviadas para\u00a0<a href=\"mailto:ics.premio@climaesociedade.org\" target=\"_blank\" rel=\"noreferrer noopener\">ics.premio@climaesociedade.org<\/a>.<\/p>\n\n\n\n\n","protected":false},"excerpt":{"rendered":"<p>Premia\u00e7\u00e3o de R$ 35 mil reconhece estudos sobre impactos das mudan\u00e7as clim\u00e1ticas na economia brasileira<\/p>\n","protected":false},"author":23,"featured_media":0,"comment_status":"closed","ping_status":"open","sticky":false,"template":"","format":"standard","meta":{"_acf_changed":false,"inline_featured_image":false,"footnotes":""},"categories":[3],"tags":[17,19,16,18],"class_list":["post-56","post","type-post","status-publish","format-standard","hentry","category-economia","tag-economia","tag-economia-e-clima","tag-mudancas-climaticas","tag-premio-ics"],"acf":[],"yoast_head":"<!-- This site is optimized with the Yoast SEO plugin v27.3 - https:\/\/yoast.com\/product\/yoast-seo-wordpress\/ -->\n<title>Inscri\u00e7\u00f5es para Pr\u00eamio iCS de Economia &amp; Clima encerram nesta sexta | Eco Braziliense<\/title>\n<meta name=\"description\" content=\"Premia\u00e7\u00e3o de R$ 35 mil reconhece estudos sobre impactos das mudan\u00e7as clim\u00e1ticas na economia brasileira Pr\u00eamio iCS de Economia &amp; Clima 2025 oferece R$ 35 mil para os melhores trabalhos cient\u00edficos sobre economia e mudan\u00e7as clim\u00e1ticas no Brasil.\" \/>\n<meta name=\"robots\" content=\"index, follow, max-snippet:-1, max-image-preview:large, max-video-preview:-1\" \/>\n<link rel=\"canonical\" href=\"https:\/\/newblogs.correiobraziliense.com.br\/ecobraziliense\/inscricoes-para-premio-ics-de-economia-clima-encerram-nesta-sexta\/\" \/>\n<meta property=\"og:locale\" content=\"pt_BR\" \/>\n<meta property=\"og:type\" content=\"article\" \/>\n<meta property=\"og:title\" content=\"Inscri\u00e7\u00f5es para Pr\u00eamio iCS de Economia &amp; Clima encerram nesta sexta | Eco Braziliense\" \/>\n<meta property=\"og:description\" content=\"Premia\u00e7\u00e3o de R$ 35 mil reconhece estudos sobre impactos das mudan\u00e7as clim\u00e1ticas na economia brasileira Pr\u00eamio iCS de Economia &amp; Clima 2025 oferece R$ 35 mil para os melhores trabalhos cient\u00edficos sobre economia e mudan\u00e7as clim\u00e1ticas no Brasil.\" \/>\n<meta property=\"og:url\" content=\"https:\/\/newblogs.correiobraziliense.com.br\/ecobraziliense\/inscricoes-para-premio-ics-de-economia-clima-encerram-nesta-sexta\/\" \/>\n<meta property=\"og:site_name\" content=\"Eco Braziliense\" \/>\n<meta property=\"article:published_time\" content=\"2025-08-27T18:19:36+00:00\" \/>\n<meta property=\"og:image\" content=\"https:\/\/newblogs.correiobraziliense.com.br\/ecobraziliense\/wp-content\/uploads\/sites\/7\/2025\/09\/SEO_blog_1200x630px.png\" \/>\n\t<meta property=\"og:image:width\" content=\"1200\" \/>\n\t<meta property=\"og:image:height\" content=\"630\" \/>\n\t<meta property=\"og:image:type\" content=\"image\/png\" \/>\n<meta name=\"author\" content=\"Rafaela Gon\u00e7alves\" \/>\n<!-- \/ Yoast SEO plugin. -->","yoast_head_json":{"title":"Inscri\u00e7\u00f5es para Pr\u00eamio iCS de Economia &amp; Clima encerram nesta sexta | Eco Braziliense","description":"Premia\u00e7\u00e3o de R$ 35 mil reconhece estudos sobre impactos das mudan\u00e7as clim\u00e1ticas na economia brasileira Pr\u00eamio iCS de Economia & Clima 2025 oferece R$ 35 mil para os melhores trabalhos cient\u00edficos sobre economia e mudan\u00e7as clim\u00e1ticas no Brasil.","robots":{"index":"index","follow":"follow","max-snippet":"max-snippet:-1","max-image-preview":"max-image-preview:large","max-video-preview":"max-video-preview:-1"},"canonical":"https:\/\/newblogs.correiobraziliense.com.br\/ecobraziliense\/inscricoes-para-premio-ics-de-economia-clima-encerram-nesta-sexta\/","og_locale":"pt_BR","og_type":"article","og_title":"Inscri\u00e7\u00f5es para Pr\u00eamio iCS de Economia &amp; Clima encerram nesta sexta | Eco Braziliense","og_description":"Premia\u00e7\u00e3o de R$ 35 mil reconhece estudos sobre impactos das mudan\u00e7as clim\u00e1ticas na economia brasileira Pr\u00eamio iCS de Economia & Clima 2025 oferece R$ 35 mil para os melhores trabalhos cient\u00edficos sobre economia e mudan\u00e7as clim\u00e1ticas no Brasil.","og_url":"https:\/\/newblogs.correiobraziliense.com.br\/ecobraziliense\/inscricoes-para-premio-ics-de-economia-clima-encerram-nesta-sexta\/","og_site_name":"Eco Braziliense","article_published_time":"2025-08-27T18:19:36+00:00","og_image":[{"width":1200,"height":630,"url":"https:\/\/newblogs.correiobraziliense.com.br\/ecobraziliense\/wp-content\/uploads\/sites\/7\/2025\/09\/SEO_blog_1200x630px.png","type":"image\/png"}],"author":"Rafaela Gon\u00e7alves","schema":{"@context":"https:\/\/schema.org","@graph":[{"@type":"NewsArticle","@id":"https:\/\/newblogs.correiobraziliense.com.br\/ecobraziliense\/inscricoes-para-premio-ics-de-economia-clima-encerram-nesta-sexta\/#article","isPartOf":{"@id":"https:\/\/newblogs.correiobraziliense.com.br\/ecobraziliense\/inscricoes-para-premio-ics-de-economia-clima-encerram-nesta-sexta\/"},"author":{"name":"Rafaela Gon\u00e7alves","@id":"https:\/\/newblogs.correiobraziliense.com.br\/ecobraziliense\/#\/schema\/person\/2cae9fb7496bd90af27178d00e4f6683"},"headline":"Inscri\u00e7\u00f5es para Pr\u00eamio iCS de Economia &amp; Clima encerram nesta sexta","datePublished":"2025-08-27T18:19:36+00:00","mainEntityOfPage":{"@id":"https:\/\/newblogs.correiobraziliense.com.br\/ecobraziliense\/inscricoes-para-premio-ics-de-economia-clima-encerram-nesta-sexta\/"},"wordCount":213,"publisher":{"@id":"https:\/\/newblogs.correiobraziliense.com.br\/ecobraziliense\/#organization"},"keywords":["economia","economia e clima","mudan\u00e7as clim\u00e1ticas","pr\u00eamio iCS"],"articleSection":["Economia"],"inLanguage":"pt-BR"},{"@type":"WebPage","@id":"https:\/\/newblogs.correiobraziliense.com.br\/ecobraziliense\/inscricoes-para-premio-ics-de-economia-clima-encerram-nesta-sexta\/","url":"https:\/\/newblogs.correiobraziliense.com.br\/ecobraziliense\/inscricoes-para-premio-ics-de-economia-clima-encerram-nesta-sexta\/","name":"Inscri\u00e7\u00f5es para Pr\u00eamio iCS de Economia &amp; Clima encerram nesta sexta | Eco Braziliense","isPartOf":{"@id":"https:\/\/newblogs.correiobraziliense.com.br\/ecobraziliense\/#website"},"datePublished":"2025-08-27T18:19:36+00:00","description":"Premia\u00e7\u00e3o de R$ 35 mil reconhece estudos sobre impactos das mudan\u00e7as clim\u00e1ticas na economia brasileira Pr\u00eamio iCS de Economia & Clima 2025 oferece R$ 35 mil para os melhores trabalhos cient\u00edficos sobre economia e mudan\u00e7as clim\u00e1ticas no Brasil.","breadcrumb":{"@id":"https:\/\/newblogs.correiobraziliense.com.br\/ecobraziliense\/inscricoes-para-premio-ics-de-economia-clima-encerram-nesta-sexta\/#breadcrumb"},"inLanguage":"pt-BR","potentialAction":[{"@type":"ReadAction","target":["https:\/\/newblogs.correiobraziliense.com.br\/ecobraziliense\/inscricoes-para-premio-ics-de-economia-clima-encerram-nesta-sexta\/"]}]},{"@type":"BreadcrumbList","@id":"https:\/\/newblogs.correiobraziliense.com.br\/ecobraziliense\/inscricoes-para-premio-ics-de-economia-clima-encerram-nesta-sexta\/#breadcrumb","itemListElement":[{"@type":"ListItem","position":1,"name":"In\u00edcio","item":"https:\/\/newblogs.correiobraziliense.com.br\/ecobraziliense\/"},{"@type":"ListItem","position":2,"name":"Economia","item":"https:\/\/newblogs.correiobraziliense.com.br\/ecobraziliense\/economia\/"},{"@type":"ListItem","position":3,"name":"Inscri\u00e7\u00f5es para Pr\u00eamio iCS de Economia &amp; Clima encerram nesta sexta"}]},{"@type":"WebSite","@id":"https:\/\/newblogs.correiobraziliense.com.br\/ecobraziliense\/#website","url":"https:\/\/newblogs.correiobraziliense.com.br\/ecobraziliense\/","name":"Eco Braziliense","description":"Espa\u00e7o dedicado \u00e0 cobertura da transi\u00e7\u00e3o ecol\u00f3gica no Brasil e no mundo. Reportagens, an\u00e1lises e entrevistas sobre economia verde, transi\u00e7\u00e3o energ\u00e9tica e neg\u00f3cios sustent\u00e1veis.","publisher":{"@id":"https:\/\/newblogs.correiobraziliense.com.br\/ecobraziliense\/#organization"},"potentialAction":[{"@type":"SearchAction","target":{"@type":"EntryPoint","urlTemplate":"https:\/\/newblogs.correiobraziliense.com.br\/ecobraziliense\/?s={search_term_string}"},"query-input":{"@type":"PropertyValueSpecification","valueRequired":true,"valueName":"search_term_string"}}],"inLanguage":"pt-BR"},{"@type":"Organization","@id":"https:\/\/newblogs.correiobraziliense.com.br\/ecobraziliense\/#organization","name":"Correio Braziliense","url":"https:\/\/newblogs.correiobraziliense.com.br\/ecobraziliense\/","logo":{"@type":"ImageObject","inLanguage":"pt-BR","@id":"https:\/\/newblogs.correiobraziliense.com.br\/ecobraziliense\/#\/schema\/logo\/image\/","url":"https:\/\/newblogs.correiobraziliense.com.br\/ecobraziliense\/wp-content\/uploads\/sites\/7\/2025\/08\/cropped-1.png","contentUrl":"https:\/\/newblogs.correiobraziliense.com.br\/ecobraziliense\/wp-content\/uploads\/sites\/7\/2025\/08\/cropped-1.png","width":1000,"height":250,"caption":"Correio Braziliense"},"image":{"@id":"https:\/\/newblogs.correiobraziliense.com.br\/ecobraziliense\/#\/schema\/logo\/image\/"}},{"@type":"Person","@id":"https:\/\/newblogs.correiobraziliense.com.br\/ecobraziliense\/#\/schema\/person\/2cae9fb7496bd90af27178d00e4f6683","name":"Rafaela Gon\u00e7alves","image":{"@type":"ImageObject","inLanguage":"pt-BR","@id":"https:\/\/secure.gravatar.com\/avatar\/576f01ed42806765a18f53a22440885b3e08ed7db0a264f840ec23b34509b8b1?s=96&d=mm&r=g","url":"https:\/\/secure.gravatar.com\/avatar\/576f01ed42806765a18f53a22440885b3e08ed7db0a264f840ec23b34509b8b1?s=96&d=mm&r=g","contentUrl":"https:\/\/secure.gravatar.com\/avatar\/576f01ed42806765a18f53a22440885b3e08ed7db0a264f840ec23b34509b8b1?s=96&d=mm&r=g","caption":"Rafaela Gon\u00e7alves"},"description":"Jornalista formada pela Universidade Cat\u00f3lica de Bras\u00edlia (UCB), com especializa\u00e7\u00e3o em Economia pela Saint Paul Escola de Neg\u00f3cios e atualmente cursando MBA em Gest\u00e3o Ambiental e Sustentabilidade na Universidade de Uberaba (Uniube). Atua na cobertura pol\u00edtica em Bras\u00edlia desde 2018, com foco em temas de impacto socioambiental e econ\u00f4mico.","url":"https:\/\/newblogs.correiobraziliense.com.br\/ecobraziliense\/author\/rafaelagoncalves\/"}]}},"_links":{"self":[{"href":"https:\/\/newblogs.correiobraziliense.com.br\/ecobraziliense\/wp-json\/wp\/v2\/posts\/56","targetHints":{"allow":["GET"]}}],"collection":[{"href":"https:\/\/newblogs.correiobraziliense.com.br\/ecobraziliense\/wp-json\/wp\/v2\/posts"}],"about":[{"href":"https:\/\/newblogs.correiobraziliense.com.br\/ecobraziliense\/wp-json\/wp\/v2\/types\/post"}],"author":[{"embeddable":true,"href":"https:\/\/newblogs.correiobraziliense.com.br\/ecobraziliense\/wp-json\/wp\/v2\/users\/23"}],"replies":[{"embeddable":true,"href":"https:\/\/newblogs.correiobraziliense.com.br\/ecobraziliense\/wp-json\/wp\/v2\/comments?post=56"}],"version-history":[{"count":2,"href":"https:\/\/newblogs.correiobraziliense.com.br\/ecobraziliense\/wp-json\/wp\/v2\/posts\/56\/revisions"}],"predecessor-version":[{"id":58,"href":"https:\/\/newblogs.correiobraziliense.com.br\/ecobraziliense\/wp-json\/wp\/v2\/posts\/56\/revisions\/58"}],"wp:attachment":[{"href":"https:\/\/newblogs.correiobraziliense.com.br\/ecobraziliense\/wp-json\/wp\/v2\/media?parent=56"}],"wp:term":[{"taxonomy":"category","embeddable":true,"href":"https:\/\/newblogs.correiobraziliense.com.br\/ecobraziliense\/wp-json\/wp\/v2\/categories?post=56"},{"taxonomy":"post_tag","embeddable":true,"href":"https:\/\/newblogs.correiobraziliense.com.br\/ecobraziliense\/wp-json\/wp\/v2\/tags?post=56"}],"curies":[{"name":"wp","href":"https:\/\/api.w.org\/{rel}","templated":true}]}}