{"id":515,"date":"2026-04-29T14:42:10","date_gmt":"2026-04-29T17:42:10","guid":{"rendered":"https:\/\/newblogs.correiobraziliense.com.br\/ecobraziliense\/?p=515"},"modified":"2026-04-29T14:42:11","modified_gmt":"2026-04-29T17:42:11","slug":"brasil-lidera-recuo-global-na-perda-de-florestas-tropicais","status":"publish","type":"post","link":"https:\/\/newblogs.correiobraziliense.com.br\/ecobraziliense\/brasil-lidera-recuo-global-na-perda-de-florestas-tropicais\/","title":{"rendered":"Brasil lidera recuo global na perda de florestas tropicais"},"content":{"rendered":"\n<p>A redu\u00e7\u00e3o da perda de florestas tropicais em 2025 marcou uma inflex\u00e3o relevante no cen\u00e1rio ambiental global, mas ainda distante das metas clim\u00e1ticas internacionais. Dados do World Resources Institute (WRI) indicam que a devasta\u00e7\u00e3o caiu 36% no mundo, movimento puxado principalmente pelo desempenho brasileiro.<\/p>\n\n\n\n<p>No Brasil, a perda de florestas prim\u00e1rias recuou 42,4% no per\u00edodo, totalizando 1,63 milh\u00e3o de hectares \u2014 \u00e1rea equivalente a cerca de 2,8 vezes o territ\u00f3rio do Distrito Federal. Apesar da queda expressiva, o volume ainda \u00e9 significativo e revela a persist\u00eancia de press\u00f5es estruturais.&nbsp;<\/p>\n\n\n\n<p>Os inc\u00eandios responderam por 65,2% da \u00e1rea perdida, enquanto o desmatamento associado \u00e0 expans\u00e3o agr\u00edcola e outras atividades somou 34,8%. Estados como Amazonas e Mato Grosso lideraram as redu\u00e7\u00f5es, ao passo que Maranh\u00e3o e Rond\u00f4nia mantiveram n\u00edveis elevados.<\/p>\n\n\n\n<ul class=\"wp-block-list\">\n<li><strong>Leia tamb\u00e9m: <a href=\"https:\/\/newblogs.correiobraziliense.com.br\/ecobraziliense\/credito-rural-vira-ferramenta-contra-desmatamento\/\">Cr\u00e9dito rural vira ferramenta contra desmatamento<\/a><\/strong><\/li>\n<\/ul>\n\n\n\n<p>Em escala global, o planeta perdeu 4,3 milh\u00f5es de hectares de florestas tropicais prim\u00e1rias, uma \u00e1rea compar\u00e1vel ao territ\u00f3rio da Dinamarca. Embora o recuo anual represente um al\u00edvio, o ritmo de destrui\u00e7\u00e3o ainda supera em 46% os n\u00edveis registrados h\u00e1 uma d\u00e9cada, com perdas ocorrendo na velocidade de 11 campos de futebol por minuto.<\/p>\n\n\n\n<p><strong>Agro x desmatamento&nbsp;<\/strong><\/p>\n\n\n\n<p>Os dados, produzidos pela Universidade de Maryland e divulgados na plataforma Global Forest Watch, mostram que a agropecu\u00e1ria segue como principal vetor do desmatamento em pa\u00edses como Bol\u00edvia e Indon\u00e9sia. Ao mesmo tempo, o avan\u00e7o dos inc\u00eandios florestais tem alterado o perfil da devasta\u00e7\u00e3o global, com destaque para o Canad\u00e1, que enfrentou uma das piores temporadas j\u00e1 registradas, somando 5,3 milh\u00f5es de hectares queimados.<\/p>\n\n\n\n<p>Apesar da melhora, o cen\u00e1rio ainda coloca em risco o compromisso internacional de interromper e reverter a perda florestal at\u00e9 2030. Atualmente, a destrui\u00e7\u00e3o ocorre em n\u00edveis cerca de 70% superiores ao necess\u00e1rio para cumprir a meta. No caso brasileiro, especialistas atribuem parte do avan\u00e7o \u00e0 retomada de pol\u00edticas p\u00fablicas ambientais, incluindo o fortalecimento do combate ao desmatamento e o endurecimento de san\u00e7\u00f5es.<\/p>\n\n\n\n<p>Para Mirela Sandrini, diretora do WRI Brasil, o resultado evidencia o peso da a\u00e7\u00e3o governamental. \u201cO progresso do Brasil mostra o que \u00e9 poss\u00edvel quando a prote\u00e7\u00e3o das florestas \u00e9 tratada como uma prioridade nacional\u201d, afirma. Ela pondera, no entanto, que a fiscaliza\u00e7\u00e3o isolada n\u00e3o ser\u00e1 suficiente e defende o fortalecimento de uma economia que valorize a floresta em p\u00e9, al\u00e9m da amplia\u00e7\u00e3o de estrat\u00e9gias de preven\u00e7\u00e3o conduzidas por comunidades locais.<\/p>\n\n\n\n<p><strong>Tr\u00e9gua de eventos extremos<\/strong><\/p>\n\n\n\n<p>A leitura de especialistas aponta que a queda global tamb\u00e9m reflete uma esp\u00e9cie de tr\u00e9gua ap\u00f3s eventos extremos recentes. \u201cA redu\u00e7\u00e3o da perda florestal no n\u00edvel observado em 2025 \u00e9 animadora e mostra o alcance de a\u00e7\u00f5es governamentais decisivas, mas parte desse resultado reflete uma tr\u00e9gua ap\u00f3s um ano marcado por inc\u00eandios extremos\u201d, diz Elizabeth Goldman, codiretora do Global Forest Watch.&nbsp;<\/p>\n\n\n\n<p>Em outro alerta, ela acrescenta: \u201cFogo e mudan\u00e7as clim\u00e1ticas se retroalimentam e investimentos em preven\u00e7\u00e3o ser\u00e3o essenciais\u201d.<\/p>\n\n\n\n<ul class=\"wp-block-list\">\n<li><strong>Leia tamb\u00e9m: <a href=\"https:\/\/newblogs.correiobraziliense.com.br\/ecobraziliense\/operacao-expoe-grilagem-na-serrinha-do-paranoa\/\">Opera\u00e7\u00e3o exp\u00f5e grilagem na Serrinha do Parano\u00e1<\/a><\/strong><\/li>\n<\/ul>\n\n\n\n<p>A perspectiva para os pr\u00f3ximos anos adiciona novas incertezas. A poss\u00edvel ocorr\u00eancia do fen\u00f4meno clim\u00e1tico El Ni\u00f1o em 2026 tende a elevar temperaturas e intensificar secas, ampliando o risco de inc\u00eandios. Nesse contexto, florestas que hoje atuam como sumidouros de carbono podem se transformar em fontes emissoras, agravando o aquecimento global.<\/p>\n\n\n\n<p>Rod Taylor, diretor global de florestas do WRI, destaca que eventos clim\u00e1ticos extremos j\u00e1 comprometem a capacidade de regenera\u00e7\u00e3o dos ecossistemas. A combina\u00e7\u00e3o entre degrada\u00e7\u00e3o e mudan\u00e7as clim\u00e1ticas enfraquece uma das principais barreiras naturais contra o aumento das temperaturas.<\/p>\n\n\n\n<p>Apesar dos avan\u00e7os, o cen\u00e1rio ainda exige mudan\u00e7as estruturais. As florestas tropicais s\u00e3o essenciais para a estabilidade clim\u00e1tica, a biodiversidade e milh\u00f5es de pessoas, e sua preserva\u00e7\u00e3o depende de decis\u00f5es pol\u00edticas consistentes e de estrat\u00e9gias de adapta\u00e7\u00e3o.<\/p>\n","protected":false},"excerpt":{"rendered":"<p>Queda de 36% na perda de florestas tropicais em 2025 \u00e9 puxada pelo Brasil, que apresentou redu\u00e7\u00e3o de 42,4%<\/p>\n","protected":false},"author":23,"featured_media":264,"comment_status":"closed","ping_status":"open","sticky":false,"template":"","format":"standard","meta":{"_acf_changed":false,"inline_featured_image":false,"footnotes":""},"categories":[178,150,140],"tags":[132,151,123],"class_list":["post-515","post","type-post","status-publish","format-standard","has-post-thumbnail","hentry","category-desmatamento","category-meio-ambiente","category-mudancas-climaticas","tag-crise-climatica","tag-desmatamento","tag-florestas-tropicais"],"acf":[],"yoast_head":"<!-- This site is optimized with the Yoast SEO plugin v27.3 - https:\/\/yoast.com\/product\/yoast-seo-wordpress\/ -->\n<title>Brasil lidera recuo global na perda de florestas tropicais | Eco Braziliense<\/title>\n<meta name=\"description\" content=\"Queda de 36% na perda de florestas tropicais em 2025 \u00e9 puxada pelo Brasil, que apresentou redu\u00e7\u00e3o de 42,4%\" \/>\n<meta name=\"robots\" content=\"index, follow, max-snippet:-1, max-image-preview:large, max-video-preview:-1\" \/>\n<link rel=\"canonical\" href=\"https:\/\/newblogs.correiobraziliense.com.br\/ecobraziliense\/brasil-lidera-recuo-global-na-perda-de-florestas-tropicais\/\" \/>\n<meta property=\"og:locale\" content=\"pt_BR\" \/>\n<meta property=\"og:type\" content=\"article\" \/>\n<meta property=\"og:title\" content=\"Brasil lidera recuo global na perda de florestas tropicais | Eco Braziliense\" \/>\n<meta property=\"og:description\" content=\"Queda de 36% na perda de florestas tropicais em 2025 \u00e9 puxada pelo Brasil, que apresentou redu\u00e7\u00e3o de 42,4%\" \/>\n<meta property=\"og:url\" content=\"https:\/\/newblogs.correiobraziliense.com.br\/ecobraziliense\/brasil-lidera-recuo-global-na-perda-de-florestas-tropicais\/\" \/>\n<meta property=\"og:site_name\" content=\"Eco Braziliense\" \/>\n<meta property=\"article:published_time\" content=\"2026-04-29T17:42:10+00:00\" \/>\n<meta property=\"article:modified_time\" content=\"2026-04-29T17:42:11+00:00\" \/>\n<meta property=\"og:image\" content=\"https:\/\/newblogs.correiobraziliense.com.br\/ecobraziliense\/wp-content\/uploads\/sites\/7\/2025\/11\/floresta.webp\" \/>\n\t<meta property=\"og:image:width\" content=\"1170\" \/>\n\t<meta property=\"og:image:height\" content=\"700\" \/>\n\t<meta property=\"og:image:type\" content=\"image\/webp\" \/>\n<meta name=\"author\" content=\"Rafaela Gon\u00e7alves\" \/>\n<!-- \/ Yoast SEO plugin. -->","yoast_head_json":{"title":"Brasil lidera recuo global na perda de florestas tropicais | Eco Braziliense","description":"Queda de 36% na perda de florestas tropicais em 2025 \u00e9 puxada pelo Brasil, que apresentou redu\u00e7\u00e3o de 42,4%","robots":{"index":"index","follow":"follow","max-snippet":"max-snippet:-1","max-image-preview":"max-image-preview:large","max-video-preview":"max-video-preview:-1"},"canonical":"https:\/\/newblogs.correiobraziliense.com.br\/ecobraziliense\/brasil-lidera-recuo-global-na-perda-de-florestas-tropicais\/","og_locale":"pt_BR","og_type":"article","og_title":"Brasil lidera recuo global na perda de florestas tropicais | Eco Braziliense","og_description":"Queda de 36% na perda de florestas tropicais em 2025 \u00e9 puxada pelo Brasil, que apresentou redu\u00e7\u00e3o de 42,4%","og_url":"https:\/\/newblogs.correiobraziliense.com.br\/ecobraziliense\/brasil-lidera-recuo-global-na-perda-de-florestas-tropicais\/","og_site_name":"Eco Braziliense","article_published_time":"2026-04-29T17:42:10+00:00","article_modified_time":"2026-04-29T17:42:11+00:00","og_image":[{"width":1170,"height":700,"url":"https:\/\/newblogs.correiobraziliense.com.br\/ecobraziliense\/wp-content\/uploads\/sites\/7\/2025\/11\/floresta.webp","type":"image\/webp"}],"author":"Rafaela Gon\u00e7alves","schema":{"@context":"https:\/\/schema.org","@graph":[{"@type":"NewsArticle","@id":"https:\/\/newblogs.correiobraziliense.com.br\/ecobraziliense\/brasil-lidera-recuo-global-na-perda-de-florestas-tropicais\/#article","isPartOf":{"@id":"https:\/\/newblogs.correiobraziliense.com.br\/ecobraziliense\/brasil-lidera-recuo-global-na-perda-de-florestas-tropicais\/"},"author":{"name":"Rafaela Gon\u00e7alves","@id":"https:\/\/newblogs.correiobraziliense.com.br\/ecobraziliense\/#\/schema\/person\/2cae9fb7496bd90af27178d00e4f6683"},"headline":"Brasil lidera recuo global na perda de florestas tropicais","datePublished":"2026-04-29T17:42:10+00:00","dateModified":"2026-04-29T17:42:11+00:00","mainEntityOfPage":{"@id":"https:\/\/newblogs.correiobraziliense.com.br\/ecobraziliense\/brasil-lidera-recuo-global-na-perda-de-florestas-tropicais\/"},"wordCount":693,"publisher":{"@id":"https:\/\/newblogs.correiobraziliense.com.br\/ecobraziliense\/#organization"},"image":{"@id":"https:\/\/newblogs.correiobraziliense.com.br\/ecobraziliense\/brasil-lidera-recuo-global-na-perda-de-florestas-tropicais\/#primaryimage"},"thumbnailUrl":"https:\/\/newblogs.correiobraziliense.com.br\/ecobraziliense\/wp-content\/uploads\/sites\/7\/2025\/11\/floresta.webp","keywords":["crise clim\u00e1tica","desmatamento","florestas tropicais"],"articleSection":["Desmatamento","Meio ambiente","Mudan\u00e7as Clim\u00e1ticas"],"inLanguage":"pt-BR"},{"@type":"WebPage","@id":"https:\/\/newblogs.correiobraziliense.com.br\/ecobraziliense\/brasil-lidera-recuo-global-na-perda-de-florestas-tropicais\/","url":"https:\/\/newblogs.correiobraziliense.com.br\/ecobraziliense\/brasil-lidera-recuo-global-na-perda-de-florestas-tropicais\/","name":"Brasil lidera recuo global na perda de florestas tropicais | Eco Braziliense","isPartOf":{"@id":"https:\/\/newblogs.correiobraziliense.com.br\/ecobraziliense\/#website"},"primaryImageOfPage":{"@id":"https:\/\/newblogs.correiobraziliense.com.br\/ecobraziliense\/brasil-lidera-recuo-global-na-perda-de-florestas-tropicais\/#primaryimage"},"image":{"@id":"https:\/\/newblogs.correiobraziliense.com.br\/ecobraziliense\/brasil-lidera-recuo-global-na-perda-de-florestas-tropicais\/#primaryimage"},"thumbnailUrl":"https:\/\/newblogs.correiobraziliense.com.br\/ecobraziliense\/wp-content\/uploads\/sites\/7\/2025\/11\/floresta.webp","datePublished":"2026-04-29T17:42:10+00:00","dateModified":"2026-04-29T17:42:11+00:00","description":"Queda de 36% na perda de florestas tropicais em 2025 \u00e9 puxada pelo Brasil, que apresentou redu\u00e7\u00e3o de 42,4%","breadcrumb":{"@id":"https:\/\/newblogs.correiobraziliense.com.br\/ecobraziliense\/brasil-lidera-recuo-global-na-perda-de-florestas-tropicais\/#breadcrumb"},"inLanguage":"pt-BR","potentialAction":[{"@type":"ReadAction","target":["https:\/\/newblogs.correiobraziliense.com.br\/ecobraziliense\/brasil-lidera-recuo-global-na-perda-de-florestas-tropicais\/"]}]},{"@type":"ImageObject","inLanguage":"pt-BR","@id":"https:\/\/newblogs.correiobraziliense.com.br\/ecobraziliense\/brasil-lidera-recuo-global-na-perda-de-florestas-tropicais\/#primaryimage","url":"https:\/\/newblogs.correiobraziliense.com.br\/ecobraziliense\/wp-content\/uploads\/sites\/7\/2025\/11\/floresta.webp","contentUrl":"https:\/\/newblogs.correiobraziliense.com.br\/ecobraziliense\/wp-content\/uploads\/sites\/7\/2025\/11\/floresta.webp","width":1170,"height":700,"caption":"No Brasil, a perda de florestas prim\u00e1rias caiu 42,4%, somando 1,63 milh\u00e3o de hectares, cerca de 2,8 vezes o DF. Foto: Fernando Fraz\u00e3o\/Ag\u00eancia Brasil."},{"@type":"BreadcrumbList","@id":"https:\/\/newblogs.correiobraziliense.com.br\/ecobraziliense\/brasil-lidera-recuo-global-na-perda-de-florestas-tropicais\/#breadcrumb","itemListElement":[{"@type":"ListItem","position":1,"name":"In\u00edcio","item":"https:\/\/newblogs.correiobraziliense.com.br\/ecobraziliense\/"},{"@type":"ListItem","position":2,"name":"Mudan\u00e7as Clim\u00e1ticas","item":"https:\/\/newblogs.correiobraziliense.com.br\/ecobraziliense\/mudancas-climaticas\/"},{"@type":"ListItem","position":3,"name":"Brasil lidera recuo global na perda de florestas tropicais"}]},{"@type":"WebSite","@id":"https:\/\/newblogs.correiobraziliense.com.br\/ecobraziliense\/#website","url":"https:\/\/newblogs.correiobraziliense.com.br\/ecobraziliense\/","name":"Eco Braziliense","description":"Espa\u00e7o dedicado \u00e0 cobertura da transi\u00e7\u00e3o ecol\u00f3gica no Brasil e no mundo. Reportagens, an\u00e1lises e entrevistas sobre economia verde, transi\u00e7\u00e3o energ\u00e9tica e neg\u00f3cios sustent\u00e1veis.","publisher":{"@id":"https:\/\/newblogs.correiobraziliense.com.br\/ecobraziliense\/#organization"},"potentialAction":[{"@type":"SearchAction","target":{"@type":"EntryPoint","urlTemplate":"https:\/\/newblogs.correiobraziliense.com.br\/ecobraziliense\/?s={search_term_string}"},"query-input":{"@type":"PropertyValueSpecification","valueRequired":true,"valueName":"search_term_string"}}],"inLanguage":"pt-BR"},{"@type":"Organization","@id":"https:\/\/newblogs.correiobraziliense.com.br\/ecobraziliense\/#organization","name":"Correio Braziliense","url":"https:\/\/newblogs.correiobraziliense.com.br\/ecobraziliense\/","logo":{"@type":"ImageObject","inLanguage":"pt-BR","@id":"https:\/\/newblogs.correiobraziliense.com.br\/ecobraziliense\/#\/schema\/logo\/image\/","url":"https:\/\/newblogs.correiobraziliense.com.br\/ecobraziliense\/wp-content\/uploads\/sites\/7\/2025\/08\/cropped-1.png","contentUrl":"https:\/\/newblogs.correiobraziliense.com.br\/ecobraziliense\/wp-content\/uploads\/sites\/7\/2025\/08\/cropped-1.png","width":1000,"height":250,"caption":"Correio Braziliense"},"image":{"@id":"https:\/\/newblogs.correiobraziliense.com.br\/ecobraziliense\/#\/schema\/logo\/image\/"}},{"@type":"Person","@id":"https:\/\/newblogs.correiobraziliense.com.br\/ecobraziliense\/#\/schema\/person\/2cae9fb7496bd90af27178d00e4f6683","name":"Rafaela Gon\u00e7alves","image":{"@type":"ImageObject","inLanguage":"pt-BR","@id":"https:\/\/secure.gravatar.com\/avatar\/576f01ed42806765a18f53a22440885b3e08ed7db0a264f840ec23b34509b8b1?s=96&d=mm&r=g","url":"https:\/\/secure.gravatar.com\/avatar\/576f01ed42806765a18f53a22440885b3e08ed7db0a264f840ec23b34509b8b1?s=96&d=mm&r=g","contentUrl":"https:\/\/secure.gravatar.com\/avatar\/576f01ed42806765a18f53a22440885b3e08ed7db0a264f840ec23b34509b8b1?s=96&d=mm&r=g","caption":"Rafaela Gon\u00e7alves"},"description":"Jornalista formada pela Universidade Cat\u00f3lica de Bras\u00edlia (UCB), com especializa\u00e7\u00e3o em Economia pela Saint Paul Escola de Neg\u00f3cios e atualmente cursando MBA em Gest\u00e3o Ambiental e Sustentabilidade na Universidade de Uberaba (Uniube). Atua na cobertura pol\u00edtica em Bras\u00edlia desde 2018, com foco em temas de impacto socioambiental e econ\u00f4mico.","url":"https:\/\/newblogs.correiobraziliense.com.br\/ecobraziliense\/author\/rafaelagoncalves\/"}]}},"_links":{"self":[{"href":"https:\/\/newblogs.correiobraziliense.com.br\/ecobraziliense\/wp-json\/wp\/v2\/posts\/515","targetHints":{"allow":["GET"]}}],"collection":[{"href":"https:\/\/newblogs.correiobraziliense.com.br\/ecobraziliense\/wp-json\/wp\/v2\/posts"}],"about":[{"href":"https:\/\/newblogs.correiobraziliense.com.br\/ecobraziliense\/wp-json\/wp\/v2\/types\/post"}],"author":[{"embeddable":true,"href":"https:\/\/newblogs.correiobraziliense.com.br\/ecobraziliense\/wp-json\/wp\/v2\/users\/23"}],"replies":[{"embeddable":true,"href":"https:\/\/newblogs.correiobraziliense.com.br\/ecobraziliense\/wp-json\/wp\/v2\/comments?post=515"}],"version-history":[{"count":3,"href":"https:\/\/newblogs.correiobraziliense.com.br\/ecobraziliense\/wp-json\/wp\/v2\/posts\/515\/revisions"}],"predecessor-version":[{"id":518,"href":"https:\/\/newblogs.correiobraziliense.com.br\/ecobraziliense\/wp-json\/wp\/v2\/posts\/515\/revisions\/518"}],"wp:featuredmedia":[{"embeddable":true,"href":"https:\/\/newblogs.correiobraziliense.com.br\/ecobraziliense\/wp-json\/wp\/v2\/media\/264"}],"wp:attachment":[{"href":"https:\/\/newblogs.correiobraziliense.com.br\/ecobraziliense\/wp-json\/wp\/v2\/media?parent=515"}],"wp:term":[{"taxonomy":"category","embeddable":true,"href":"https:\/\/newblogs.correiobraziliense.com.br\/ecobraziliense\/wp-json\/wp\/v2\/categories?post=515"},{"taxonomy":"post_tag","embeddable":true,"href":"https:\/\/newblogs.correiobraziliense.com.br\/ecobraziliense\/wp-json\/wp\/v2\/tags?post=515"}],"curies":[{"name":"wp","href":"https:\/\/api.w.org\/{rel}","templated":true}]}}