{"id":505,"date":"2026-04-28T21:22:47","date_gmt":"2026-04-29T00:22:47","guid":{"rendered":"https:\/\/newblogs.correiobraziliense.com.br\/ecobraziliense\/?p=505"},"modified":"2026-04-28T21:24:50","modified_gmt":"2026-04-29T00:24:50","slug":"cemig-mantem-selo-global-de-sustentabilidade","status":"publish","type":"post","link":"https:\/\/newblogs.correiobraziliense.com.br\/ecobraziliense\/cemig-mantem-selo-global-de-sustentabilidade\/","title":{"rendered":"Cemig mant\u00e9m selo global de sustentabilidade"},"content":{"rendered":"\n<p>A Companhia Energ\u00e9tica de Minas Gerais (Cemig) voltou a integrar, em 2025, o \u00cdndice Dow Jones Best in Class (DJ BIC), permanecendo em uma carteira que re\u00fane empresas com melhor desempenho em crit\u00e9rios de sustentabilidade.<\/p>\n\n\n\n<p>A inclus\u00e3o marca o 26\u00ba ano consecutivo da estatal no indicador desde sua cria\u00e7\u00e3o, em 1999 \u2014 uma perman\u00eancia incomum, especialmente fora do eixo europeu, que concentra a maior parte das companhias listadas.<\/p>\n\n\n\n<p>O \u00edndice, refer\u00eancia para investidores interessados em pr\u00e1ticas ESG (ambientais, sociais e de governan\u00e7a), seleciona apenas 10% das mais de 2.500 empresas avaliadas globalmente em cada setor. No caso da Cemig, a presen\u00e7a cont\u00ednua sugere consist\u00eancia em indicadores formais de gest\u00e3o, embora n\u00e3o necessariamente reflita, de forma isolada, o impacto real de suas opera\u00e7\u00f5es no territ\u00f3rio ou eventuais controv\u00e9rsias associadas ao setor el\u00e9trico brasileiro.<\/p>\n\n\n\n<ul class=\"wp-block-list\">\n<li><strong>Leia tamb\u00e9m: <a href=\"https:\/\/newblogs.correiobraziliense.com.br\/ecobraziliense\/poda-preventiva-reforca-resiliencia-eletrica\/\">Poda preventiva refor\u00e7a resili\u00eancia el\u00e9trica<\/a><\/strong><\/li>\n<\/ul>\n\n\n\n<p>A metodologia do DJ BIC combina respostas a question\u00e1rios corporativos com an\u00e1lise de dados p\u00fablicos, sob coordena\u00e7\u00e3o da S&amp;P Global e auditoria da Deloitte. O processo prioriza transpar\u00eancia, governan\u00e7a e pol\u00edticas institucionais \u2014 crit\u00e9rios cada vez mais valorizados pelo mercado financeiro, mas tamb\u00e9m criticados por, em alguns casos, privilegiarem compromissos declarados em vez de resultados concretos.<\/p>\n\n\n\n<p>A recorr\u00eancia da Cemig no \u00edndice ocorre em um contexto de maior press\u00e3o sobre empresas de energia em rela\u00e7\u00e3o \u00e0 transi\u00e7\u00e3o energ\u00e9tica e \u00e0 redu\u00e7\u00e3o de emiss\u00f5es. Ainda assim, especialistas apontam que a presen\u00e7a em rankings globais n\u00e3o elimina desafios estruturais do setor no Brasil, como depend\u00eancia h\u00eddrica, conflitos socioambientais e necessidade de expans\u00e3o da matriz limpa.<\/p>\n","protected":false},"excerpt":{"rendered":"<p>Estatal completa 26 anos no \u00edndice ESG do Dow Jones em meio \u00e0 press\u00e3o clim\u00e1tica e a desafios estruturais do setor el\u00e9trico<\/p>\n","protected":false},"author":23,"featured_media":508,"comment_status":"closed","ping_status":"open","sticky":false,"template":"","format":"standard","meta":{"_acf_changed":false,"inline_featured_image":false,"footnotes":""},"categories":[190,5,36],"tags":[249,157,161,111],"class_list":["post-505","post","type-post","status-publish","format-standard","has-post-thumbnail","hentry","category-setor-eletrico","category-sustentabilidade","category-transicao-energetica","tag-cemig","tag-esg","tag-setor-eletrico","tag-sustentabilidade"],"acf":[],"yoast_head":"<!-- This site is optimized with the Yoast SEO plugin v27.3 - https:\/\/yoast.com\/product\/yoast-seo-wordpress\/ -->\n<title>Cemig mant\u00e9m selo global de sustentabilidade | Eco Braziliense<\/title>\n<meta name=\"description\" content=\"Estatal completa 26 anos no \u00edndice ESG do Dow Jones em meio \u00e0 press\u00e3o clim\u00e1tica e a desafios estruturais do setor el\u00e9trico\" \/>\n<meta name=\"robots\" content=\"index, follow, max-snippet:-1, max-image-preview:large, max-video-preview:-1\" \/>\n<link rel=\"canonical\" href=\"https:\/\/newblogs.correiobraziliense.com.br\/ecobraziliense\/cemig-mantem-selo-global-de-sustentabilidade\/\" \/>\n<meta property=\"og:locale\" content=\"pt_BR\" \/>\n<meta property=\"og:type\" content=\"article\" \/>\n<meta property=\"og:title\" content=\"Cemig mant\u00e9m selo global de sustentabilidade | Eco Braziliense\" \/>\n<meta property=\"og:description\" content=\"Estatal completa 26 anos no \u00edndice ESG do Dow Jones em meio \u00e0 press\u00e3o clim\u00e1tica e a desafios estruturais do setor el\u00e9trico\" \/>\n<meta property=\"og:url\" content=\"https:\/\/newblogs.correiobraziliense.com.br\/ecobraziliense\/cemig-mantem-selo-global-de-sustentabilidade\/\" \/>\n<meta property=\"og:site_name\" content=\"Eco Braziliense\" \/>\n<meta property=\"article:published_time\" content=\"2026-04-29T00:22:47+00:00\" \/>\n<meta property=\"article:modified_time\" content=\"2026-04-29T00:24:50+00:00\" \/>\n<meta property=\"og:image\" content=\"https:\/\/newblogs.correiobraziliense.com.br\/ecobraziliense\/wp-content\/uploads\/sites\/7\/2026\/04\/cemig.jpeg\" \/>\n\t<meta property=\"og:image:width\" content=\"600\" \/>\n\t<meta property=\"og:image:height\" content=\"436\" \/>\n\t<meta property=\"og:image:type\" content=\"image\/jpeg\" \/>\n<meta name=\"author\" content=\"Rafaela Gon\u00e7alves\" \/>\n<!-- \/ Yoast SEO plugin. -->","yoast_head_json":{"title":"Cemig mant\u00e9m selo global de sustentabilidade | Eco Braziliense","description":"Estatal completa 26 anos no \u00edndice ESG do Dow Jones em meio \u00e0 press\u00e3o clim\u00e1tica e a desafios estruturais do setor el\u00e9trico","robots":{"index":"index","follow":"follow","max-snippet":"max-snippet:-1","max-image-preview":"max-image-preview:large","max-video-preview":"max-video-preview:-1"},"canonical":"https:\/\/newblogs.correiobraziliense.com.br\/ecobraziliense\/cemig-mantem-selo-global-de-sustentabilidade\/","og_locale":"pt_BR","og_type":"article","og_title":"Cemig mant\u00e9m selo global de sustentabilidade | Eco Braziliense","og_description":"Estatal completa 26 anos no \u00edndice ESG do Dow Jones em meio \u00e0 press\u00e3o clim\u00e1tica e a desafios estruturais do setor el\u00e9trico","og_url":"https:\/\/newblogs.correiobraziliense.com.br\/ecobraziliense\/cemig-mantem-selo-global-de-sustentabilidade\/","og_site_name":"Eco Braziliense","article_published_time":"2026-04-29T00:22:47+00:00","article_modified_time":"2026-04-29T00:24:50+00:00","og_image":[{"width":600,"height":436,"url":"https:\/\/newblogs.correiobraziliense.com.br\/ecobraziliense\/wp-content\/uploads\/sites\/7\/2026\/04\/cemig.jpeg","type":"image\/jpeg"}],"author":"Rafaela Gon\u00e7alves","schema":{"@context":"https:\/\/schema.org","@graph":[{"@type":"NewsArticle","@id":"https:\/\/newblogs.correiobraziliense.com.br\/ecobraziliense\/cemig-mantem-selo-global-de-sustentabilidade\/#article","isPartOf":{"@id":"https:\/\/newblogs.correiobraziliense.com.br\/ecobraziliense\/cemig-mantem-selo-global-de-sustentabilidade\/"},"author":{"name":"Rafaela Gon\u00e7alves","@id":"https:\/\/newblogs.correiobraziliense.com.br\/ecobraziliense\/#\/schema\/person\/2cae9fb7496bd90af27178d00e4f6683"},"headline":"Cemig mant\u00e9m selo global de sustentabilidade","datePublished":"2026-04-29T00:22:47+00:00","dateModified":"2026-04-29T00:24:50+00:00","mainEntityOfPage":{"@id":"https:\/\/newblogs.correiobraziliense.com.br\/ecobraziliense\/cemig-mantem-selo-global-de-sustentabilidade\/"},"wordCount":295,"publisher":{"@id":"https:\/\/newblogs.correiobraziliense.com.br\/ecobraziliense\/#organization"},"image":{"@id":"https:\/\/newblogs.correiobraziliense.com.br\/ecobraziliense\/cemig-mantem-selo-global-de-sustentabilidade\/#primaryimage"},"thumbnailUrl":"https:\/\/newblogs.correiobraziliense.com.br\/ecobraziliense\/wp-content\/uploads\/sites\/7\/2026\/04\/cemig.jpeg","keywords":["Cemig","ESG","setor el\u00e9trico","sustentabilidade"],"articleSection":["Setor el\u00e9trico","Sustentabilidade","Transi\u00e7\u00e3o energ\u00e9tica"],"inLanguage":"pt-BR"},{"@type":"WebPage","@id":"https:\/\/newblogs.correiobraziliense.com.br\/ecobraziliense\/cemig-mantem-selo-global-de-sustentabilidade\/","url":"https:\/\/newblogs.correiobraziliense.com.br\/ecobraziliense\/cemig-mantem-selo-global-de-sustentabilidade\/","name":"Cemig mant\u00e9m selo global de sustentabilidade | Eco Braziliense","isPartOf":{"@id":"https:\/\/newblogs.correiobraziliense.com.br\/ecobraziliense\/#website"},"primaryImageOfPage":{"@id":"https:\/\/newblogs.correiobraziliense.com.br\/ecobraziliense\/cemig-mantem-selo-global-de-sustentabilidade\/#primaryimage"},"image":{"@id":"https:\/\/newblogs.correiobraziliense.com.br\/ecobraziliense\/cemig-mantem-selo-global-de-sustentabilidade\/#primaryimage"},"thumbnailUrl":"https:\/\/newblogs.correiobraziliense.com.br\/ecobraziliense\/wp-content\/uploads\/sites\/7\/2026\/04\/cemig.jpeg","datePublished":"2026-04-29T00:22:47+00:00","dateModified":"2026-04-29T00:24:50+00:00","description":"Estatal completa 26 anos no \u00edndice ESG do Dow Jones em meio \u00e0 press\u00e3o clim\u00e1tica e a desafios estruturais do setor el\u00e9trico","breadcrumb":{"@id":"https:\/\/newblogs.correiobraziliense.com.br\/ecobraziliense\/cemig-mantem-selo-global-de-sustentabilidade\/#breadcrumb"},"inLanguage":"pt-BR","potentialAction":[{"@type":"ReadAction","target":["https:\/\/newblogs.correiobraziliense.com.br\/ecobraziliense\/cemig-mantem-selo-global-de-sustentabilidade\/"]}]},{"@type":"ImageObject","inLanguage":"pt-BR","@id":"https:\/\/newblogs.correiobraziliense.com.br\/ecobraziliense\/cemig-mantem-selo-global-de-sustentabilidade\/#primaryimage","url":"https:\/\/newblogs.correiobraziliense.com.br\/ecobraziliense\/wp-content\/uploads\/sites\/7\/2026\/04\/cemig.jpeg","contentUrl":"https:\/\/newblogs.correiobraziliense.com.br\/ecobraziliense\/wp-content\/uploads\/sites\/7\/2026\/04\/cemig.jpeg","width":600,"height":436,"caption":"Inclus\u00e3o marca o 26\u00ba ano consecutivo da estatal no indicador desde sua cria\u00e7\u00e3o, em 1999. Foto: Divulga\u00e7\u00e3o."},{"@type":"BreadcrumbList","@id":"https:\/\/newblogs.correiobraziliense.com.br\/ecobraziliense\/cemig-mantem-selo-global-de-sustentabilidade\/#breadcrumb","itemListElement":[{"@type":"ListItem","position":1,"name":"In\u00edcio","item":"https:\/\/newblogs.correiobraziliense.com.br\/ecobraziliense\/"},{"@type":"ListItem","position":2,"name":"Setor el\u00e9trico","item":"https:\/\/newblogs.correiobraziliense.com.br\/ecobraziliense\/setor-eletrico\/"},{"@type":"ListItem","position":3,"name":"Cemig mant\u00e9m selo global de sustentabilidade"}]},{"@type":"WebSite","@id":"https:\/\/newblogs.correiobraziliense.com.br\/ecobraziliense\/#website","url":"https:\/\/newblogs.correiobraziliense.com.br\/ecobraziliense\/","name":"Eco Braziliense","description":"Espa\u00e7o dedicado \u00e0 cobertura da transi\u00e7\u00e3o ecol\u00f3gica no Brasil e no mundo. Reportagens, an\u00e1lises e entrevistas sobre economia verde, transi\u00e7\u00e3o energ\u00e9tica e neg\u00f3cios sustent\u00e1veis.","publisher":{"@id":"https:\/\/newblogs.correiobraziliense.com.br\/ecobraziliense\/#organization"},"potentialAction":[{"@type":"SearchAction","target":{"@type":"EntryPoint","urlTemplate":"https:\/\/newblogs.correiobraziliense.com.br\/ecobraziliense\/?s={search_term_string}"},"query-input":{"@type":"PropertyValueSpecification","valueRequired":true,"valueName":"search_term_string"}}],"inLanguage":"pt-BR"},{"@type":"Organization","@id":"https:\/\/newblogs.correiobraziliense.com.br\/ecobraziliense\/#organization","name":"Correio Braziliense","url":"https:\/\/newblogs.correiobraziliense.com.br\/ecobraziliense\/","logo":{"@type":"ImageObject","inLanguage":"pt-BR","@id":"https:\/\/newblogs.correiobraziliense.com.br\/ecobraziliense\/#\/schema\/logo\/image\/","url":"https:\/\/newblogs.correiobraziliense.com.br\/ecobraziliense\/wp-content\/uploads\/sites\/7\/2025\/08\/cropped-1.png","contentUrl":"https:\/\/newblogs.correiobraziliense.com.br\/ecobraziliense\/wp-content\/uploads\/sites\/7\/2025\/08\/cropped-1.png","width":1000,"height":250,"caption":"Correio Braziliense"},"image":{"@id":"https:\/\/newblogs.correiobraziliense.com.br\/ecobraziliense\/#\/schema\/logo\/image\/"}},{"@type":"Person","@id":"https:\/\/newblogs.correiobraziliense.com.br\/ecobraziliense\/#\/schema\/person\/2cae9fb7496bd90af27178d00e4f6683","name":"Rafaela Gon\u00e7alves","image":{"@type":"ImageObject","inLanguage":"pt-BR","@id":"https:\/\/secure.gravatar.com\/avatar\/576f01ed42806765a18f53a22440885b3e08ed7db0a264f840ec23b34509b8b1?s=96&d=mm&r=g","url":"https:\/\/secure.gravatar.com\/avatar\/576f01ed42806765a18f53a22440885b3e08ed7db0a264f840ec23b34509b8b1?s=96&d=mm&r=g","contentUrl":"https:\/\/secure.gravatar.com\/avatar\/576f01ed42806765a18f53a22440885b3e08ed7db0a264f840ec23b34509b8b1?s=96&d=mm&r=g","caption":"Rafaela Gon\u00e7alves"},"description":"Jornalista formada pela Universidade Cat\u00f3lica de Bras\u00edlia (UCB), com especializa\u00e7\u00e3o em Economia pela Saint Paul Escola de Neg\u00f3cios e atualmente cursando MBA em Gest\u00e3o Ambiental e Sustentabilidade na Universidade de Uberaba (Uniube). Atua na cobertura pol\u00edtica em Bras\u00edlia desde 2018, com foco em temas de impacto socioambiental e econ\u00f4mico.","url":"https:\/\/newblogs.correiobraziliense.com.br\/ecobraziliense\/author\/rafaelagoncalves\/"}]}},"_links":{"self":[{"href":"https:\/\/newblogs.correiobraziliense.com.br\/ecobraziliense\/wp-json\/wp\/v2\/posts\/505","targetHints":{"allow":["GET"]}}],"collection":[{"href":"https:\/\/newblogs.correiobraziliense.com.br\/ecobraziliense\/wp-json\/wp\/v2\/posts"}],"about":[{"href":"https:\/\/newblogs.correiobraziliense.com.br\/ecobraziliense\/wp-json\/wp\/v2\/types\/post"}],"author":[{"embeddable":true,"href":"https:\/\/newblogs.correiobraziliense.com.br\/ecobraziliense\/wp-json\/wp\/v2\/users\/23"}],"replies":[{"embeddable":true,"href":"https:\/\/newblogs.correiobraziliense.com.br\/ecobraziliense\/wp-json\/wp\/v2\/comments?post=505"}],"version-history":[{"count":4,"href":"https:\/\/newblogs.correiobraziliense.com.br\/ecobraziliense\/wp-json\/wp\/v2\/posts\/505\/revisions"}],"predecessor-version":[{"id":510,"href":"https:\/\/newblogs.correiobraziliense.com.br\/ecobraziliense\/wp-json\/wp\/v2\/posts\/505\/revisions\/510"}],"wp:featuredmedia":[{"embeddable":true,"href":"https:\/\/newblogs.correiobraziliense.com.br\/ecobraziliense\/wp-json\/wp\/v2\/media\/508"}],"wp:attachment":[{"href":"https:\/\/newblogs.correiobraziliense.com.br\/ecobraziliense\/wp-json\/wp\/v2\/media?parent=505"}],"wp:term":[{"taxonomy":"category","embeddable":true,"href":"https:\/\/newblogs.correiobraziliense.com.br\/ecobraziliense\/wp-json\/wp\/v2\/categories?post=505"},{"taxonomy":"post_tag","embeddable":true,"href":"https:\/\/newblogs.correiobraziliense.com.br\/ecobraziliense\/wp-json\/wp\/v2\/tags?post=505"}],"curies":[{"name":"wp","href":"https:\/\/api.w.org\/{rel}","templated":true}]}}