{"id":50,"date":"2025-08-27T14:59:10","date_gmt":"2025-08-27T17:59:10","guid":{"rendered":"https:\/\/newblogs.correiobraziliense.com.br\/ecobraziliense\/?p=50"},"modified":"2025-08-27T14:59:11","modified_gmt":"2025-08-27T17:59:11","slug":"restauracao-florestal-no-brasil-pode-gerar-us-30-bi-anuais","status":"publish","type":"post","link":"https:\/\/newblogs.correiobraziliense.com.br\/ecobraziliense\/restauracao-florestal-no-brasil-pode-gerar-us-30-bi-anuais\/","title":{"rendered":"Restaura\u00e7\u00e3o florestal no Brasil pode gerar US$ 30 bi anuais"},"content":{"rendered":"\n<p>A <a href=\"https:\/\/www.correiobraziliense.com.br\/economia\/2025\/03\/7091657-nova-aposta-de-concessao-florestal-visa-a-recuperacao-de-areas-degradadas.html\">restaura\u00e7\u00e3o florestal<\/a> no Brasil pode movimentar at\u00e9 US$ 30 bilh\u00f5es por ano e gerar 2,5 milh\u00f5es de empregos, segundo estimativas apresentadas durante a Rio Climate Action Week. Especialistas destacaram que o pa\u00eds tem potencial \u00fanico de lideran\u00e7a global no tema, mas ainda enfrenta barreiras para consolidar esse mercado.<\/p>\n\n\n\n<p>Para Tha\u00eds Ferraz, diretora de programas do Instituto Clima e Sociedade (iCS), a recupera\u00e7\u00e3o de \u00e1reas degradadas \u00e9 estrat\u00e9gica tanto para o cumprimento das metas clim\u00e1ticas, por meio das NDCs (Contribui\u00e7\u00f5es Nacionalmente Determinadas), quanto para o desenvolvimento econ\u00f4mico. \u201cO Brasil tem uma condi\u00e7\u00e3o \u00fanica, com milh\u00f5es de hectares degradados e a meta de recuperar 12 milh\u00f5es de hectares at\u00e9 2030\u201d, afirmou.&nbsp;<\/p>\n\n\n\n<p>Ela pondera, no entanto, que o setor ainda precisa superar entraves como a titularidade da terra e o acesso a financiamento. \u201cExistem recursos dispon\u00edveis, mas o acesso ainda \u00e9 dif\u00edcil, porque o mercado \u00e9 novo e exige garantias. \u00c9 preciso padroniza\u00e7\u00e3o em contratos, mecanismos financeiros e no mercado de carbono para alavancar a restaura\u00e7\u00e3o\u201d, explicou, citando a iniciativa Nature Investment Lab.<\/p>\n\n\n\n<p>Ferraz tamb\u00e9m destacou a import\u00e2ncia de construir uma cadeia de valor s\u00f3lida, que envolva <a href=\"https:\/\/www.correiobraziliense.com.br\/economia\/2025\/08\/7234515-o-brasil-paga-caro-para-ser-lider-na-soja.html\">agricultura familiar e sistemas agroflorestais<\/a>. \u201cN\u00e3o basta restaurar. \u00c9 preciso garantir desenvolvimento local, fortalecer viveiros, redes de sementes e gerar renda para agricultores. A filantropia tem um papel inicial importante, mas precisamos atrair capital comercial no momento certo\u201d, disse.<\/p>\n\n\n\n<p>A diretora de programas do Instituto Belterra, Tha\u00eds Kazequer, refor\u00e7ou que a restaura\u00e7\u00e3o produtiva pode unir clima, biodiversidade e desenvolvimento social. \u201cTemos 70 milh\u00f5es de hectares de terras degradadas no Brasil. Foi com esse olhar que a Belterra nasceu, para potencializar e escalonar a agrofloresta no pa\u00eds\u201d, afirmou.<\/p>\n\n\n\n<p>Segundo Kazequer, o desafio maior \u00e9 ampliar a escala das solu\u00e7\u00f5es. \u201cEscalonar agrofloresta n\u00e3o \u00e9 tarefa f\u00e1cil. Precisamos trabalhar na mesma dire\u00e7\u00e3o, desenvolvendo solu\u00e7\u00f5es inovadoras e parcerias no territ\u00f3rio e tamb\u00e9m estrat\u00e9gicas, que consolidem esse arcabou\u00e7o\u201d, disse.<\/p>\n\n\n\n<p>Ela explicou que o Instituto Belterra (BEL) atua no fortalecimento desse ecossistema, com foco em pesquisa, desenvolvimento e apoio a comunidades locais. \u201cO BEL investe em P&amp;D, cria novos neg\u00f3cios, capacita pessoas e atua em campo com quilombolas e ribeirinhos. Restaurar hectare por hectare, em territ\u00f3rios fragmentados, \u00e9 um desafio, mas \u00e9 isso que vai garantir que as comunidades fa\u00e7am parte dessa transforma\u00e7\u00e3o\u201d, destacou.<\/p>\n\n\n\n<p><strong>Viveiros e sementes\u00a0<\/strong><\/p>\n\n\n\n<p>Representando a base da cadeia de restaura\u00e7\u00e3o, a vice-presidente da Nativas Brasil, B\u00e1rbara Pellegrini, ressaltou a for\u00e7a dos viveiros e das redes de sementes. \u201cN\u00e3o existe restaura\u00e7\u00e3o sem sementes e sem viveiros. O setor \u00e9 novo, mas est\u00e1 preparado. Somos uma vanguarda\u201d, disse.<\/p>\n\n\n\n<p>Para ela, a coopera\u00e7\u00e3o \u00e9 essencial para estruturar o mercado. \u201cQuando nos reunimos em associa\u00e7\u00e3o, mostramos que n\u00e3o somos concorrentes, somos cooperadores. Estamos juntos para estruturar o essencial\u201d, afirmou.<\/p>\n\n\n\n<p>Pellegrini tamb\u00e9m chamou aten\u00e7\u00e3o para a disponibilidade de terras subutilizadas. \u201cNo Rio de Janeiro, 52% da \u00e1rea s\u00e3o pastos abandonados ou subutilizados. O desafio \u00e9 conquistar a confian\u00e7a do propriet\u00e1rio, para que ele n\u00e3o veja uma terra nua como mais valiosa do que uma terra em floresta.\u201d<\/p>\n\n\n\n<p>Apesar das dificuldades, ela defendeu a capacidade do setor de cumprir a meta brasileira de restaura\u00e7\u00e3o. \u201cN\u00f3s sabemos fazer, sabemos os obst\u00e1culos e podemos ir al\u00e9m dos 12 milh\u00f5es de hectares. Mesmo representando um viveiro pequeno, estamos aqui para mostrar a for\u00e7a dessa base. Queremos restaurar tudo que precisa ser restaurado. Vamos adiante\u201d, enfatizou.<\/p>\n\n\n\n\n","protected":false},"excerpt":{"rendered":"<p>Durante a Rio Climate Action Week, especialistas destacam que o Brasil, com 70 milh\u00f5es de hectares degradados, pode liderar a restaura\u00e7\u00e3o florestal global, mas precisa superar entraves de financiamento e escala<\/p>\n","protected":false},"author":23,"featured_media":53,"comment_status":"closed","ping_status":"open","sticky":false,"template":"","format":"standard","meta":{"_acf_changed":false,"inline_featured_image":false,"footnotes":""},"categories":[2],"tags":[13,15,14,12],"class_list":["post-50","post","type-post","status-publish","format-standard","has-post-thumbnail","hentry","category-economia-verde","tag-agricultura-familiar","tag-areas-degradadas","tag-ics","tag-restauracao-flotestal"],"acf":[],"yoast_head":"<!-- This site is optimized with the Yoast SEO plugin v27.3 - https:\/\/yoast.com\/product\/yoast-seo-wordpress\/ -->\n<title>Restaura\u00e7\u00e3o florestal no Brasil pode gerar US$ 30 bi anuais | Eco Braziliense<\/title>\n<meta name=\"description\" content=\"Durante a Rio Climate Action Week, especialistas destacam que o Brasil, com 70 milh\u00f5es de hectares degradados, pode liderar a restaura\u00e7\u00e3o florestal global, mas precisa superar entraves de financiamento e escala Brasil tem 70 milh\u00f5es de hectares degradados com potencial para gerar US$ 30 bi por ano e 2,5 milh\u00f5es de empregos via restaura\u00e7\u00e3o florestal\" \/>\n<meta name=\"robots\" content=\"index, follow, max-snippet:-1, max-image-preview:large, max-video-preview:-1\" \/>\n<link rel=\"canonical\" href=\"https:\/\/newblogs.correiobraziliense.com.br\/ecobraziliense\/restauracao-florestal-no-brasil-pode-gerar-us-30-bi-anuais\/\" \/>\n<meta property=\"og:locale\" content=\"pt_BR\" \/>\n<meta property=\"og:type\" content=\"article\" \/>\n<meta property=\"og:title\" content=\"Restaura\u00e7\u00e3o florestal no Brasil pode gerar US$ 30 bi anuais | Eco Braziliense\" \/>\n<meta property=\"og:description\" content=\"Durante a Rio Climate Action Week, especialistas destacam que o Brasil, com 70 milh\u00f5es de hectares degradados, pode liderar a restaura\u00e7\u00e3o florestal global, mas precisa superar entraves de financiamento e escala Brasil tem 70 milh\u00f5es de hectares degradados com potencial para gerar US$ 30 bi por ano e 2,5 milh\u00f5es de empregos via restaura\u00e7\u00e3o florestal\" \/>\n<meta property=\"og:url\" content=\"https:\/\/newblogs.correiobraziliense.com.br\/ecobraziliense\/restauracao-florestal-no-brasil-pode-gerar-us-30-bi-anuais\/\" \/>\n<meta property=\"og:site_name\" content=\"Eco Braziliense\" \/>\n<meta property=\"article:published_time\" content=\"2025-08-27T17:59:10+00:00\" \/>\n<meta property=\"article:modified_time\" content=\"2025-08-27T17:59:11+00:00\" \/>\n<meta property=\"og:image\" content=\"https:\/\/newblogs.correiobraziliense.com.br\/ecobraziliense\/wp-content\/uploads\/sites\/7\/2025\/08\/unnamed.jpg\" \/>\n\t<meta property=\"og:image:width\" content=\"800\" \/>\n\t<meta property=\"og:image:height\" content=\"534\" \/>\n\t<meta property=\"og:image:type\" content=\"image\/jpeg\" \/>\n<meta name=\"author\" content=\"Rafaela Gon\u00e7alves\" \/>\n<!-- \/ Yoast SEO plugin. -->","yoast_head_json":{"title":"Restaura\u00e7\u00e3o florestal no Brasil pode gerar US$ 30 bi anuais | Eco Braziliense","description":"Durante a Rio Climate Action Week, especialistas destacam que o Brasil, com 70 milh\u00f5es de hectares degradados, pode liderar a restaura\u00e7\u00e3o florestal global, mas precisa superar entraves de financiamento e escala Brasil tem 70 milh\u00f5es de hectares degradados com potencial para gerar US$ 30 bi por ano e 2,5 milh\u00f5es de empregos via restaura\u00e7\u00e3o florestal","robots":{"index":"index","follow":"follow","max-snippet":"max-snippet:-1","max-image-preview":"max-image-preview:large","max-video-preview":"max-video-preview:-1"},"canonical":"https:\/\/newblogs.correiobraziliense.com.br\/ecobraziliense\/restauracao-florestal-no-brasil-pode-gerar-us-30-bi-anuais\/","og_locale":"pt_BR","og_type":"article","og_title":"Restaura\u00e7\u00e3o florestal no Brasil pode gerar US$ 30 bi anuais | Eco Braziliense","og_description":"Durante a Rio Climate Action Week, especialistas destacam que o Brasil, com 70 milh\u00f5es de hectares degradados, pode liderar a restaura\u00e7\u00e3o florestal global, mas precisa superar entraves de financiamento e escala Brasil tem 70 milh\u00f5es de hectares degradados com potencial para gerar US$ 30 bi por ano e 2,5 milh\u00f5es de empregos via restaura\u00e7\u00e3o florestal","og_url":"https:\/\/newblogs.correiobraziliense.com.br\/ecobraziliense\/restauracao-florestal-no-brasil-pode-gerar-us-30-bi-anuais\/","og_site_name":"Eco Braziliense","article_published_time":"2025-08-27T17:59:10+00:00","article_modified_time":"2025-08-27T17:59:11+00:00","og_image":[{"width":800,"height":534,"url":"https:\/\/newblogs.correiobraziliense.com.br\/ecobraziliense\/wp-content\/uploads\/sites\/7\/2025\/08\/unnamed.jpg","type":"image\/jpeg"}],"author":"Rafaela Gon\u00e7alves","schema":{"@context":"https:\/\/schema.org","@graph":[{"@type":"NewsArticle","@id":"https:\/\/newblogs.correiobraziliense.com.br\/ecobraziliense\/restauracao-florestal-no-brasil-pode-gerar-us-30-bi-anuais\/#article","isPartOf":{"@id":"https:\/\/newblogs.correiobraziliense.com.br\/ecobraziliense\/restauracao-florestal-no-brasil-pode-gerar-us-30-bi-anuais\/"},"author":{"name":"Rafaela Gon\u00e7alves","@id":"https:\/\/newblogs.correiobraziliense.com.br\/ecobraziliense\/#\/schema\/person\/2cae9fb7496bd90af27178d00e4f6683"},"headline":"Restaura\u00e7\u00e3o florestal no Brasil pode gerar US$ 30 bi anuais","datePublished":"2025-08-27T17:59:10+00:00","dateModified":"2025-08-27T17:59:11+00:00","mainEntityOfPage":{"@id":"https:\/\/newblogs.correiobraziliense.com.br\/ecobraziliense\/restauracao-florestal-no-brasil-pode-gerar-us-30-bi-anuais\/"},"wordCount":603,"publisher":{"@id":"https:\/\/newblogs.correiobraziliense.com.br\/ecobraziliense\/#organization"},"image":{"@id":"https:\/\/newblogs.correiobraziliense.com.br\/ecobraziliense\/restauracao-florestal-no-brasil-pode-gerar-us-30-bi-anuais\/#primaryimage"},"thumbnailUrl":"https:\/\/newblogs.correiobraziliense.com.br\/ecobraziliense\/wp-content\/uploads\/sites\/7\/2025\/08\/unnamed.jpg","keywords":["agricultura familiar","\u00e1reas degradadas","iCS","restaura\u00e7\u00e3o flotestal"],"articleSection":["Economia verde"],"inLanguage":"pt-BR"},{"@type":"WebPage","@id":"https:\/\/newblogs.correiobraziliense.com.br\/ecobraziliense\/restauracao-florestal-no-brasil-pode-gerar-us-30-bi-anuais\/","url":"https:\/\/newblogs.correiobraziliense.com.br\/ecobraziliense\/restauracao-florestal-no-brasil-pode-gerar-us-30-bi-anuais\/","name":"Restaura\u00e7\u00e3o florestal no Brasil pode gerar US$ 30 bi anuais | Eco Braziliense","isPartOf":{"@id":"https:\/\/newblogs.correiobraziliense.com.br\/ecobraziliense\/#website"},"primaryImageOfPage":{"@id":"https:\/\/newblogs.correiobraziliense.com.br\/ecobraziliense\/restauracao-florestal-no-brasil-pode-gerar-us-30-bi-anuais\/#primaryimage"},"image":{"@id":"https:\/\/newblogs.correiobraziliense.com.br\/ecobraziliense\/restauracao-florestal-no-brasil-pode-gerar-us-30-bi-anuais\/#primaryimage"},"thumbnailUrl":"https:\/\/newblogs.correiobraziliense.com.br\/ecobraziliense\/wp-content\/uploads\/sites\/7\/2025\/08\/unnamed.jpg","datePublished":"2025-08-27T17:59:10+00:00","dateModified":"2025-08-27T17:59:11+00:00","description":"Durante a Rio Climate Action Week, especialistas destacam que o Brasil, com 70 milh\u00f5es de hectares degradados, pode liderar a restaura\u00e7\u00e3o florestal global, mas precisa superar entraves de financiamento e escala Brasil tem 70 milh\u00f5es de hectares degradados com potencial para gerar US$ 30 bi por ano e 2,5 milh\u00f5es de empregos via restaura\u00e7\u00e3o florestal","breadcrumb":{"@id":"https:\/\/newblogs.correiobraziliense.com.br\/ecobraziliense\/restauracao-florestal-no-brasil-pode-gerar-us-30-bi-anuais\/#breadcrumb"},"inLanguage":"pt-BR","potentialAction":[{"@type":"ReadAction","target":["https:\/\/newblogs.correiobraziliense.com.br\/ecobraziliense\/restauracao-florestal-no-brasil-pode-gerar-us-30-bi-anuais\/"]}]},{"@type":"ImageObject","inLanguage":"pt-BR","@id":"https:\/\/newblogs.correiobraziliense.com.br\/ecobraziliense\/restauracao-florestal-no-brasil-pode-gerar-us-30-bi-anuais\/#primaryimage","url":"https:\/\/newblogs.correiobraziliense.com.br\/ecobraziliense\/wp-content\/uploads\/sites\/7\/2025\/08\/unnamed.jpg","contentUrl":"https:\/\/newblogs.correiobraziliense.com.br\/ecobraziliense\/wp-content\/uploads\/sites\/7\/2025\/08\/unnamed.jpg","width":800,"height":534,"caption":"Imagem de desmatamento em L\u00e1brea, munic\u00edpio do sul do Amazonas, captada em setembro de 2021 (Foto: Victor Moriyama\/Amaz\u00f4nia em Chamas\/Divulga\u00e7\u00e3o Greenpeace)"},{"@type":"BreadcrumbList","@id":"https:\/\/newblogs.correiobraziliense.com.br\/ecobraziliense\/restauracao-florestal-no-brasil-pode-gerar-us-30-bi-anuais\/#breadcrumb","itemListElement":[{"@type":"ListItem","position":1,"name":"In\u00edcio","item":"https:\/\/newblogs.correiobraziliense.com.br\/ecobraziliense\/"},{"@type":"ListItem","position":2,"name":"Economia verde","item":"https:\/\/newblogs.correiobraziliense.com.br\/ecobraziliense\/economia-verde\/"},{"@type":"ListItem","position":3,"name":"Restaura\u00e7\u00e3o florestal no Brasil pode gerar US$ 30 bi anuais"}]},{"@type":"WebSite","@id":"https:\/\/newblogs.correiobraziliense.com.br\/ecobraziliense\/#website","url":"https:\/\/newblogs.correiobraziliense.com.br\/ecobraziliense\/","name":"Eco Braziliense","description":"Espa\u00e7o dedicado \u00e0 cobertura da transi\u00e7\u00e3o ecol\u00f3gica no Brasil e no mundo. Reportagens, an\u00e1lises e entrevistas sobre economia verde, transi\u00e7\u00e3o energ\u00e9tica e neg\u00f3cios sustent\u00e1veis.","publisher":{"@id":"https:\/\/newblogs.correiobraziliense.com.br\/ecobraziliense\/#organization"},"potentialAction":[{"@type":"SearchAction","target":{"@type":"EntryPoint","urlTemplate":"https:\/\/newblogs.correiobraziliense.com.br\/ecobraziliense\/?s={search_term_string}"},"query-input":{"@type":"PropertyValueSpecification","valueRequired":true,"valueName":"search_term_string"}}],"inLanguage":"pt-BR"},{"@type":"Organization","@id":"https:\/\/newblogs.correiobraziliense.com.br\/ecobraziliense\/#organization","name":"Correio Braziliense","url":"https:\/\/newblogs.correiobraziliense.com.br\/ecobraziliense\/","logo":{"@type":"ImageObject","inLanguage":"pt-BR","@id":"https:\/\/newblogs.correiobraziliense.com.br\/ecobraziliense\/#\/schema\/logo\/image\/","url":"https:\/\/newblogs.correiobraziliense.com.br\/ecobraziliense\/wp-content\/uploads\/sites\/7\/2025\/08\/cropped-1.png","contentUrl":"https:\/\/newblogs.correiobraziliense.com.br\/ecobraziliense\/wp-content\/uploads\/sites\/7\/2025\/08\/cropped-1.png","width":1000,"height":250,"caption":"Correio Braziliense"},"image":{"@id":"https:\/\/newblogs.correiobraziliense.com.br\/ecobraziliense\/#\/schema\/logo\/image\/"}},{"@type":"Person","@id":"https:\/\/newblogs.correiobraziliense.com.br\/ecobraziliense\/#\/schema\/person\/2cae9fb7496bd90af27178d00e4f6683","name":"Rafaela Gon\u00e7alves","image":{"@type":"ImageObject","inLanguage":"pt-BR","@id":"https:\/\/secure.gravatar.com\/avatar\/576f01ed42806765a18f53a22440885b3e08ed7db0a264f840ec23b34509b8b1?s=96&d=mm&r=g","url":"https:\/\/secure.gravatar.com\/avatar\/576f01ed42806765a18f53a22440885b3e08ed7db0a264f840ec23b34509b8b1?s=96&d=mm&r=g","contentUrl":"https:\/\/secure.gravatar.com\/avatar\/576f01ed42806765a18f53a22440885b3e08ed7db0a264f840ec23b34509b8b1?s=96&d=mm&r=g","caption":"Rafaela Gon\u00e7alves"},"description":"Jornalista formada pela Universidade Cat\u00f3lica de Bras\u00edlia (UCB), com especializa\u00e7\u00e3o em Economia pela Saint Paul Escola de Neg\u00f3cios e atualmente cursando MBA em Gest\u00e3o Ambiental e Sustentabilidade na Universidade de Uberaba (Uniube). Atua na cobertura pol\u00edtica em Bras\u00edlia desde 2018, com foco em temas de impacto socioambiental e econ\u00f4mico.","url":"https:\/\/newblogs.correiobraziliense.com.br\/ecobraziliense\/author\/rafaelagoncalves\/"}]}},"_links":{"self":[{"href":"https:\/\/newblogs.correiobraziliense.com.br\/ecobraziliense\/wp-json\/wp\/v2\/posts\/50","targetHints":{"allow":["GET"]}}],"collection":[{"href":"https:\/\/newblogs.correiobraziliense.com.br\/ecobraziliense\/wp-json\/wp\/v2\/posts"}],"about":[{"href":"https:\/\/newblogs.correiobraziliense.com.br\/ecobraziliense\/wp-json\/wp\/v2\/types\/post"}],"author":[{"embeddable":true,"href":"https:\/\/newblogs.correiobraziliense.com.br\/ecobraziliense\/wp-json\/wp\/v2\/users\/23"}],"replies":[{"embeddable":true,"href":"https:\/\/newblogs.correiobraziliense.com.br\/ecobraziliense\/wp-json\/wp\/v2\/comments?post=50"}],"version-history":[{"count":4,"href":"https:\/\/newblogs.correiobraziliense.com.br\/ecobraziliense\/wp-json\/wp\/v2\/posts\/50\/revisions"}],"predecessor-version":[{"id":55,"href":"https:\/\/newblogs.correiobraziliense.com.br\/ecobraziliense\/wp-json\/wp\/v2\/posts\/50\/revisions\/55"}],"wp:featuredmedia":[{"embeddable":true,"href":"https:\/\/newblogs.correiobraziliense.com.br\/ecobraziliense\/wp-json\/wp\/v2\/media\/53"}],"wp:attachment":[{"href":"https:\/\/newblogs.correiobraziliense.com.br\/ecobraziliense\/wp-json\/wp\/v2\/media?parent=50"}],"wp:term":[{"taxonomy":"category","embeddable":true,"href":"https:\/\/newblogs.correiobraziliense.com.br\/ecobraziliense\/wp-json\/wp\/v2\/categories?post=50"},{"taxonomy":"post_tag","embeddable":true,"href":"https:\/\/newblogs.correiobraziliense.com.br\/ecobraziliense\/wp-json\/wp\/v2\/tags?post=50"}],"curies":[{"name":"wp","href":"https:\/\/api.w.org\/{rel}","templated":true}]}}