{"id":499,"date":"2026-04-27T15:39:10","date_gmt":"2026-04-27T18:39:10","guid":{"rendered":"https:\/\/newblogs.correiobraziliense.com.br\/ecobraziliense\/?p=499"},"modified":"2026-04-27T15:40:40","modified_gmt":"2026-04-27T18:40:40","slug":"expansao-agricola-intensifica-conflitos-no-campo","status":"publish","type":"post","link":"https:\/\/newblogs.correiobraziliense.com.br\/ecobraziliense\/expansao-agricola-intensifica-conflitos-no-campo\/","title":{"rendered":"Expans\u00e3o agr\u00edcola intensifica conflitos no campo"},"content":{"rendered":"\n<p>A cada avan\u00e7o da fronteira agr\u00edcola no Brasil, um rastro menos vis\u00edvel se imp\u00f5e no territ\u00f3rio, com aumento de conflitos, viol\u00eancia no campo e press\u00e3o sobre \u00e1reas ambientalmente sens\u00edveis. Agora, esse padr\u00e3o hist\u00f3rico deixa de ser apenas percep\u00e7\u00e3o dispersa e ganha forma em dados sistematizados.<\/p>\n\n\n\n<p>O <a href=\"https:\/\/www.observatoriosocioambiental.com.br\/\">Observat\u00f3rio Socioambiental, lan\u00e7ado nesta segunda-feira (27\/4) pelo Instituto Sociedade, Popula\u00e7\u00e3o e Natureza (ISPN)<\/a>, re\u00fane e cruza dados de diferentes bases para evidenciar, com recorte territorial detalhado, a rela\u00e7\u00e3o direta entre a expans\u00e3o das commodities, o aumento das disputas por terra e a degrada\u00e7\u00e3o ambiental no pa\u00eds.<\/p>\n\n\n\n<p>A ferramenta funciona como um ambiente digital interativo que organiza dados de diferentes fontes e permite visualiza\u00e7\u00f5es segmentadas por estados e munic\u00edpios. Na pr\u00e1tica, transforma bases dispersas em um sistema integrado capaz de expor a sobreposi\u00e7\u00e3o entre produ\u00e7\u00e3o agropecu\u00e1ria, desmatamento e conflitos sociais.&nbsp;<\/p>\n\n\n\n<ul class=\"wp-block-list\">\n<li><strong>Leia tamb\u00e9m: <a href=\"https:\/\/newblogs.correiobraziliense.com.br\/ecobraziliense\/estados-travam-resposta-climatica-no-brasil\/\">Estados travam resposta clim\u00e1tica no Brasil<\/a><\/strong><\/li>\n<\/ul>\n\n\n\n<p>Os n\u00fameros ajudam a dimensionar a gravidade do cen\u00e1rio. Em 2023, foram registrados mais de 2,2 mil conflitos no campo, o maior volume desde o in\u00edcio da s\u00e9rie hist\u00f3rica da Comiss\u00e3o Pastoral da Terra (CPT).&nbsp; Ao todo, quase um milh\u00e3o de pessoas foram afetadas. A disputa por territ\u00f3rio concentra 78% dos casos, indicando que a expans\u00e3o produtiva continua ancorada em tens\u00f5es fundi\u00e1rias persistentes. Entre os mais atingidos est\u00e3o povos ind\u00edgenas, comunidades quilombolas e trabalhadores rurais.<\/p>\n\n\n\n<p>A s\u00e9rie hist\u00f3rica refor\u00e7a a tend\u00eancia. Entre 2002 e 2023, o pa\u00eds acumulou 89.583 conflitos no campo. Desse total, 30,9% dizem respeito a disputas por terra, enquanto 12,9% envolvem viol\u00eancia direta contra trabalhadores rurais \u2014 incluindo assassinatos, tentativas de homic\u00eddio e amea\u00e7as de morte. Mais do que epis\u00f3dios isolados, os dados revelam uma din\u00e2mica estrutural.<\/p>\n\n\n\n<p><strong>Desmatamento\u00a0<\/strong><\/p>\n\n\n\n<p>A distribui\u00e7\u00e3o territorial desses conflitos acompanha o avan\u00e7o do desmatamento. O Par\u00e1 lidera em n\u00famero de ocorr\u00eancias no per\u00edodo, com 15.383 registros, seguido por Minas Gerais (8.479) e Maranh\u00e3o (7.219).&nbsp;<\/p>\n\n\n\n<p>S\u00e3o tamb\u00e9m estados que figuram entre os que mais perderam cobertura vegetal nas \u00faltimas duas d\u00e9cadas. Entre 2002 e 2023, o Par\u00e1 acumulou 12,4 milh\u00f5es de hectares desmatados, seguido por Mato Grosso (11,4 milh\u00f5es), Bahia (5,8 milh\u00f5es) e Maranh\u00e3o (5,7 milh\u00f5es).<\/p>\n\n\n\n<ul class=\"wp-block-list\">\n<li><strong>Leia tamb\u00e9m: <a href=\"https:\/\/newblogs.correiobraziliense.com.br\/ecobraziliense\/crime-organizado-avanca-sobre-a-amazonia\/\">Crime organizado avan\u00e7a sobre a Amaz\u00f4nia<\/a><\/strong><\/li>\n<\/ul>\n\n\n\n<p>Essa sobreposi\u00e7\u00e3o n\u00e3o \u00e9 casual. Os dados indicam que, \u00e0 medida que a fronteira agr\u00edcola avan\u00e7a \u2014 sobretudo sobre \u00e1reas de floresta e territ\u00f3rios tradicionais \u2014, aumentam as disputas por terra e os epis\u00f3dios de viol\u00eancia. A Plataforma Socioambiental explicita esse nexo ao permitir o cruzamento entre indicadores produtivos, ambientais e sociais em escala nacional.<\/p>\n\n\n\n<p><strong>Rastreabilidade das cadeias produtivas<\/strong><\/p>\n\n\n\n<p>Al\u00e9m de ampliar a transpar\u00eancia, iniciativa surge em meio ao aumento das exig\u00eancias por credenciais socioambientais e rastreabilidade nas cadeias produtivas globais. Pressionados por regula\u00e7\u00f5es internacionais e por compradores mais rigorosos, exportadores brasileiros t\u00eam sido cobrados a demonstrar que sua produ\u00e7\u00e3o n\u00e3o est\u00e1 associada ao desmatamento ou a viola\u00e7\u00f5es de direitos humanos. <\/p>\n\n\n\n<p>Esse movimento tem se intensificado com a ado\u00e7\u00e3o de regras mais restritivas em mercados estrat\u00e9gicos, especialmente na Europa, que ampliam a responsabilidade de empresas sobre toda a cadeia de fornecimento.<\/p>\n\n\n\n<p>N\u00e3o basta mais comprovar a origem imediata do produto. H\u00e1 uma demanda crescente por mecanismos que permitam rastrear a produ\u00e7\u00e3o ao longo de diferentes etapas, identificar fornecedores indiretos e verificar a conformidade ambiental e social das \u00e1reas de origem. Lacunas de informa\u00e7\u00e3o, sobreposi\u00e7\u00e3o de cadastros e aus\u00eancia de integra\u00e7\u00e3o entre bases de dados ainda s\u00e3o entraves recorrentes nesse processo.<\/p>\n\n\n\n\n","protected":false},"excerpt":{"rendered":"<p>Observat\u00f3rio Socioambiental cruza dados in\u00e9ditos e revela a rela\u00e7\u00e3o entre avan\u00e7o das commodities, desmatamento e viol\u00eancia em \u00e1reas rurais<\/p>\n","protected":false},"author":23,"featured_media":502,"comment_status":"closed","ping_status":"open","sticky":false,"template":"","format":"standard","meta":{"_acf_changed":false,"inline_featured_image":false,"footnotes":""},"categories":[2],"tags":[114,245,246,248,247],"class_list":["post-499","post","type-post","status-publish","format-standard","has-post-thumbnail","hentry","category-economia-verde","tag-agronegocio","tag-commodities","tag-conflitos","tag-ispn","tag-observatorio-socioambiental"],"acf":[],"yoast_head":"<!-- This site is optimized with the Yoast SEO plugin v27.3 - https:\/\/yoast.com\/product\/yoast-seo-wordpress\/ -->\n<title>Expans\u00e3o agr\u00edcola intensifica conflitos no campo | Eco Braziliense<\/title>\n<meta name=\"description\" content=\"Observat\u00f3rio Socioambiental cruza dados in\u00e9ditos e revela a rela\u00e7\u00e3o entre avan\u00e7o das commodities, desmatamento e viol\u00eancia em \u00e1reas rurais\" \/>\n<meta name=\"robots\" content=\"index, follow, max-snippet:-1, max-image-preview:large, max-video-preview:-1\" \/>\n<link rel=\"canonical\" href=\"https:\/\/newblogs.correiobraziliense.com.br\/ecobraziliense\/expansao-agricola-intensifica-conflitos-no-campo\/\" \/>\n<meta property=\"og:locale\" content=\"pt_BR\" \/>\n<meta property=\"og:type\" content=\"article\" \/>\n<meta property=\"og:title\" content=\"Expans\u00e3o agr\u00edcola intensifica conflitos no campo | Eco Braziliense\" \/>\n<meta property=\"og:description\" content=\"Observat\u00f3rio Socioambiental cruza dados in\u00e9ditos e revela a rela\u00e7\u00e3o entre avan\u00e7o das commodities, desmatamento e viol\u00eancia em \u00e1reas rurais\" \/>\n<meta property=\"og:url\" content=\"https:\/\/newblogs.correiobraziliense.com.br\/ecobraziliense\/expansao-agricola-intensifica-conflitos-no-campo\/\" \/>\n<meta property=\"og:site_name\" content=\"Eco Braziliense\" \/>\n<meta property=\"article:published_time\" content=\"2026-04-27T18:39:10+00:00\" \/>\n<meta property=\"article:modified_time\" content=\"2026-04-27T18:40:40+00:00\" \/>\n<meta property=\"og:image\" content=\"https:\/\/newblogs.correiobraziliense.com.br\/ecobraziliense\/wp-content\/uploads\/sites\/7\/2026\/04\/Fellipe-Abreu-Correntina-BA-20260424.jpg\" \/>\n\t<meta property=\"og:image:width\" content=\"567\" \/>\n\t<meta property=\"og:image:height\" content=\"423\" \/>\n\t<meta property=\"og:image:type\" content=\"image\/jpeg\" \/>\n<meta name=\"author\" content=\"Rafaela Gon\u00e7alves\" \/>\n<!-- \/ Yoast SEO plugin. -->","yoast_head_json":{"title":"Expans\u00e3o agr\u00edcola intensifica conflitos no campo | Eco Braziliense","description":"Observat\u00f3rio Socioambiental cruza dados in\u00e9ditos e revela a rela\u00e7\u00e3o entre avan\u00e7o das commodities, desmatamento e viol\u00eancia em \u00e1reas rurais","robots":{"index":"index","follow":"follow","max-snippet":"max-snippet:-1","max-image-preview":"max-image-preview:large","max-video-preview":"max-video-preview:-1"},"canonical":"https:\/\/newblogs.correiobraziliense.com.br\/ecobraziliense\/expansao-agricola-intensifica-conflitos-no-campo\/","og_locale":"pt_BR","og_type":"article","og_title":"Expans\u00e3o agr\u00edcola intensifica conflitos no campo | Eco Braziliense","og_description":"Observat\u00f3rio Socioambiental cruza dados in\u00e9ditos e revela a rela\u00e7\u00e3o entre avan\u00e7o das commodities, desmatamento e viol\u00eancia em \u00e1reas rurais","og_url":"https:\/\/newblogs.correiobraziliense.com.br\/ecobraziliense\/expansao-agricola-intensifica-conflitos-no-campo\/","og_site_name":"Eco Braziliense","article_published_time":"2026-04-27T18:39:10+00:00","article_modified_time":"2026-04-27T18:40:40+00:00","og_image":[{"width":567,"height":423,"url":"https:\/\/newblogs.correiobraziliense.com.br\/ecobraziliense\/wp-content\/uploads\/sites\/7\/2026\/04\/Fellipe-Abreu-Correntina-BA-20260424.jpg","type":"image\/jpeg"}],"author":"Rafaela Gon\u00e7alves","schema":{"@context":"https:\/\/schema.org","@graph":[{"@type":"NewsArticle","@id":"https:\/\/newblogs.correiobraziliense.com.br\/ecobraziliense\/expansao-agricola-intensifica-conflitos-no-campo\/#article","isPartOf":{"@id":"https:\/\/newblogs.correiobraziliense.com.br\/ecobraziliense\/expansao-agricola-intensifica-conflitos-no-campo\/"},"author":{"name":"Rafaela Gon\u00e7alves","@id":"https:\/\/newblogs.correiobraziliense.com.br\/ecobraziliense\/#\/schema\/person\/2cae9fb7496bd90af27178d00e4f6683"},"headline":"Expans\u00e3o agr\u00edcola intensifica conflitos no campo","datePublished":"2026-04-27T18:39:10+00:00","dateModified":"2026-04-27T18:40:40+00:00","mainEntityOfPage":{"@id":"https:\/\/newblogs.correiobraziliense.com.br\/ecobraziliense\/expansao-agricola-intensifica-conflitos-no-campo\/"},"wordCount":632,"publisher":{"@id":"https:\/\/newblogs.correiobraziliense.com.br\/ecobraziliense\/#organization"},"image":{"@id":"https:\/\/newblogs.correiobraziliense.com.br\/ecobraziliense\/expansao-agricola-intensifica-conflitos-no-campo\/#primaryimage"},"thumbnailUrl":"https:\/\/newblogs.correiobraziliense.com.br\/ecobraziliense\/wp-content\/uploads\/sites\/7\/2026\/04\/Fellipe-Abreu-Correntina-BA-20260424.jpg","keywords":["agroneg\u00f3cio","commodities","conflitos","ISPN","Observat\u00f3rio Socioambiental"],"articleSection":["Economia verde"],"inLanguage":"pt-BR"},{"@type":"WebPage","@id":"https:\/\/newblogs.correiobraziliense.com.br\/ecobraziliense\/expansao-agricola-intensifica-conflitos-no-campo\/","url":"https:\/\/newblogs.correiobraziliense.com.br\/ecobraziliense\/expansao-agricola-intensifica-conflitos-no-campo\/","name":"Expans\u00e3o agr\u00edcola intensifica conflitos no campo | Eco Braziliense","isPartOf":{"@id":"https:\/\/newblogs.correiobraziliense.com.br\/ecobraziliense\/#website"},"primaryImageOfPage":{"@id":"https:\/\/newblogs.correiobraziliense.com.br\/ecobraziliense\/expansao-agricola-intensifica-conflitos-no-campo\/#primaryimage"},"image":{"@id":"https:\/\/newblogs.correiobraziliense.com.br\/ecobraziliense\/expansao-agricola-intensifica-conflitos-no-campo\/#primaryimage"},"thumbnailUrl":"https:\/\/newblogs.correiobraziliense.com.br\/ecobraziliense\/wp-content\/uploads\/sites\/7\/2026\/04\/Fellipe-Abreu-Correntina-BA-20260424.jpg","datePublished":"2026-04-27T18:39:10+00:00","dateModified":"2026-04-27T18:40:40+00:00","description":"Observat\u00f3rio Socioambiental cruza dados in\u00e9ditos e revela a rela\u00e7\u00e3o entre avan\u00e7o das commodities, desmatamento e viol\u00eancia em \u00e1reas rurais","breadcrumb":{"@id":"https:\/\/newblogs.correiobraziliense.com.br\/ecobraziliense\/expansao-agricola-intensifica-conflitos-no-campo\/#breadcrumb"},"inLanguage":"pt-BR","potentialAction":[{"@type":"ReadAction","target":["https:\/\/newblogs.correiobraziliense.com.br\/ecobraziliense\/expansao-agricola-intensifica-conflitos-no-campo\/"]}]},{"@type":"ImageObject","inLanguage":"pt-BR","@id":"https:\/\/newblogs.correiobraziliense.com.br\/ecobraziliense\/expansao-agricola-intensifica-conflitos-no-campo\/#primaryimage","url":"https:\/\/newblogs.correiobraziliense.com.br\/ecobraziliense\/wp-content\/uploads\/sites\/7\/2026\/04\/Fellipe-Abreu-Correntina-BA-20260424.jpg","contentUrl":"https:\/\/newblogs.correiobraziliense.com.br\/ecobraziliense\/wp-content\/uploads\/sites\/7\/2026\/04\/Fellipe-Abreu-Correntina-BA-20260424.jpg","width":567,"height":423,"caption":"\u00c1rea de desmatamento em Correntina, na Bahia. Foto: Fellipe Abreu\/ ISPN."},{"@type":"BreadcrumbList","@id":"https:\/\/newblogs.correiobraziliense.com.br\/ecobraziliense\/expansao-agricola-intensifica-conflitos-no-campo\/#breadcrumb","itemListElement":[{"@type":"ListItem","position":1,"name":"In\u00edcio","item":"https:\/\/newblogs.correiobraziliense.com.br\/ecobraziliense\/"},{"@type":"ListItem","position":2,"name":"Economia verde","item":"https:\/\/newblogs.correiobraziliense.com.br\/ecobraziliense\/economia-verde\/"},{"@type":"ListItem","position":3,"name":"Expans\u00e3o agr\u00edcola intensifica conflitos no campo"}]},{"@type":"WebSite","@id":"https:\/\/newblogs.correiobraziliense.com.br\/ecobraziliense\/#website","url":"https:\/\/newblogs.correiobraziliense.com.br\/ecobraziliense\/","name":"Eco Braziliense","description":"Espa\u00e7o dedicado \u00e0 cobertura da transi\u00e7\u00e3o ecol\u00f3gica no Brasil e no mundo. Reportagens, an\u00e1lises e entrevistas sobre economia verde, transi\u00e7\u00e3o energ\u00e9tica e neg\u00f3cios sustent\u00e1veis.","publisher":{"@id":"https:\/\/newblogs.correiobraziliense.com.br\/ecobraziliense\/#organization"},"potentialAction":[{"@type":"SearchAction","target":{"@type":"EntryPoint","urlTemplate":"https:\/\/newblogs.correiobraziliense.com.br\/ecobraziliense\/?s={search_term_string}"},"query-input":{"@type":"PropertyValueSpecification","valueRequired":true,"valueName":"search_term_string"}}],"inLanguage":"pt-BR"},{"@type":"Organization","@id":"https:\/\/newblogs.correiobraziliense.com.br\/ecobraziliense\/#organization","name":"Correio Braziliense","url":"https:\/\/newblogs.correiobraziliense.com.br\/ecobraziliense\/","logo":{"@type":"ImageObject","inLanguage":"pt-BR","@id":"https:\/\/newblogs.correiobraziliense.com.br\/ecobraziliense\/#\/schema\/logo\/image\/","url":"https:\/\/newblogs.correiobraziliense.com.br\/ecobraziliense\/wp-content\/uploads\/sites\/7\/2025\/08\/cropped-1.png","contentUrl":"https:\/\/newblogs.correiobraziliense.com.br\/ecobraziliense\/wp-content\/uploads\/sites\/7\/2025\/08\/cropped-1.png","width":1000,"height":250,"caption":"Correio Braziliense"},"image":{"@id":"https:\/\/newblogs.correiobraziliense.com.br\/ecobraziliense\/#\/schema\/logo\/image\/"}},{"@type":"Person","@id":"https:\/\/newblogs.correiobraziliense.com.br\/ecobraziliense\/#\/schema\/person\/2cae9fb7496bd90af27178d00e4f6683","name":"Rafaela Gon\u00e7alves","image":{"@type":"ImageObject","inLanguage":"pt-BR","@id":"https:\/\/secure.gravatar.com\/avatar\/576f01ed42806765a18f53a22440885b3e08ed7db0a264f840ec23b34509b8b1?s=96&d=mm&r=g","url":"https:\/\/secure.gravatar.com\/avatar\/576f01ed42806765a18f53a22440885b3e08ed7db0a264f840ec23b34509b8b1?s=96&d=mm&r=g","contentUrl":"https:\/\/secure.gravatar.com\/avatar\/576f01ed42806765a18f53a22440885b3e08ed7db0a264f840ec23b34509b8b1?s=96&d=mm&r=g","caption":"Rafaela Gon\u00e7alves"},"description":"Jornalista formada pela Universidade Cat\u00f3lica de Bras\u00edlia (UCB), com especializa\u00e7\u00e3o em Economia pela Saint Paul Escola de Neg\u00f3cios e atualmente cursando MBA em Gest\u00e3o Ambiental e Sustentabilidade na Universidade de Uberaba (Uniube). Atua na cobertura pol\u00edtica em Bras\u00edlia desde 2018, com foco em temas de impacto socioambiental e econ\u00f4mico.","url":"https:\/\/newblogs.correiobraziliense.com.br\/ecobraziliense\/author\/rafaelagoncalves\/"}]}},"_links":{"self":[{"href":"https:\/\/newblogs.correiobraziliense.com.br\/ecobraziliense\/wp-json\/wp\/v2\/posts\/499","targetHints":{"allow":["GET"]}}],"collection":[{"href":"https:\/\/newblogs.correiobraziliense.com.br\/ecobraziliense\/wp-json\/wp\/v2\/posts"}],"about":[{"href":"https:\/\/newblogs.correiobraziliense.com.br\/ecobraziliense\/wp-json\/wp\/v2\/types\/post"}],"author":[{"embeddable":true,"href":"https:\/\/newblogs.correiobraziliense.com.br\/ecobraziliense\/wp-json\/wp\/v2\/users\/23"}],"replies":[{"embeddable":true,"href":"https:\/\/newblogs.correiobraziliense.com.br\/ecobraziliense\/wp-json\/wp\/v2\/comments?post=499"}],"version-history":[{"count":3,"href":"https:\/\/newblogs.correiobraziliense.com.br\/ecobraziliense\/wp-json\/wp\/v2\/posts\/499\/revisions"}],"predecessor-version":[{"id":504,"href":"https:\/\/newblogs.correiobraziliense.com.br\/ecobraziliense\/wp-json\/wp\/v2\/posts\/499\/revisions\/504"}],"wp:featuredmedia":[{"embeddable":true,"href":"https:\/\/newblogs.correiobraziliense.com.br\/ecobraziliense\/wp-json\/wp\/v2\/media\/502"}],"wp:attachment":[{"href":"https:\/\/newblogs.correiobraziliense.com.br\/ecobraziliense\/wp-json\/wp\/v2\/media?parent=499"}],"wp:term":[{"taxonomy":"category","embeddable":true,"href":"https:\/\/newblogs.correiobraziliense.com.br\/ecobraziliense\/wp-json\/wp\/v2\/categories?post=499"},{"taxonomy":"post_tag","embeddable":true,"href":"https:\/\/newblogs.correiobraziliense.com.br\/ecobraziliense\/wp-json\/wp\/v2\/tags?post=499"}],"curies":[{"name":"wp","href":"https:\/\/api.w.org\/{rel}","templated":true}]}}