{"id":420,"date":"2026-03-13T13:35:24","date_gmt":"2026-03-13T16:35:24","guid":{"rendered":"https:\/\/newblogs.correiobraziliense.com.br\/ecobraziliense\/?p=420"},"modified":"2026-03-13T13:40:36","modified_gmt":"2026-03-13T16:40:36","slug":"belo-monte-reacende-disputa-sobre-protecao-do-rio-xingu","status":"publish","type":"post","link":"https:\/\/newblogs.correiobraziliense.com.br\/ecobraziliense\/belo-monte-reacende-disputa-sobre-protecao-do-rio-xingu\/","title":{"rendered":"Belo Monte reacende conflito sobre prote\u00e7\u00e3o do rio Xingu"},"content":{"rendered":"\n<p>A opera\u00e7\u00e3o da Usina Hidrel\u00e9trica de Belo Monte voltou ao centro de um impasse no governo que exp\u00f5e um dilema recorrente da pol\u00edtica energ\u00e9tica brasileira entre ampliar a gera\u00e7\u00e3o de eletricidade e preservar o <a href=\"https:\/\/www.correiobraziliense.com.br\/diversao-e-arte\/2025\/09\/7246724-festival-de-brasilia-conta-tragedia-de-ribeirinhos-deslocados-por-hidreletrica.html\">equil\u00edbrio socioambiental do rio Xingu<\/a>. A disputa envolve interesses do setor el\u00e9trico, decis\u00f5es regulat\u00f3rias e press\u00f5es de comunidades ribeirinhas e ind\u00edgenas afetadas pelas mudan\u00e7as no regime h\u00eddrico da regi\u00e3o.<\/p>\n\n\n\n<p>A discuss\u00e3o ganhou novo f\u00f4lego nas \u00faltimas semanas ao entrar na pauta do Conselho Nacional de Pol\u00edtica Energ\u00e9tica (CNPE). O movimento ocorre em meio a uma articula\u00e7\u00e3o do Minist\u00e9rio de Minas e Energia (MME) para refor\u00e7ar o papel de Belo Monte como ativo estrat\u00e9gico para a seguran\u00e7a energ\u00e9tica do pa\u00eds, classifica\u00e7\u00e3o que poderia ampliar a margem para decis\u00f5es voltadas \u00e0 maximiza\u00e7\u00e3o da gera\u00e7\u00e3o.<\/p>\n\n\n\n<p>No centro da controv\u00e9rsia est\u00e1 uma determina\u00e7\u00e3o do Instituto Brasileiro do Meio Ambiente e dos Recursos Naturais Renov\u00e1veis (Ibama), que obrigou a concession\u00e1ria Norte Energia a reduzir temporariamente a gera\u00e7\u00e3o da hidrel\u00e9trica at\u00e9 15 de mar\u00e7o de 2025.&nbsp;<\/p>\n\n\n\n<p>A medida estabeleceu a manuten\u00e7\u00e3o de <a href=\"https:\/\/www.correiobraziliense.com.br\/brasil\/2022\/12\/5059521-belo-monte-alimenta-temores-de-uma-catastrofe-ambiental.html\">maior vaz\u00e3o de \u00e1gua no rio Xingu<\/a>, sobretudo na regi\u00e3o conhecida como Volta Grande, considerada uma das \u00e1reas ambientalmente mais sens\u00edveis associadas ao empreendimento.<\/p>\n\n\n\n<p><strong>Impacto ambiental<\/strong><\/p>\n\n\n\n<p>Segundo o \u00f3rg\u00e3o ambiental, a decis\u00e3o buscou mitigar os efeitos da estiagem sobre o ecossistema local e proteger esp\u00e9cies de peixes durante o per\u00edodo de reprodu\u00e7\u00e3o. A maior libera\u00e7\u00e3o de \u00e1gua tamb\u00e9m teria a fun\u00e7\u00e3o de evitar oscila\u00e7\u00f5es abruptas no n\u00edvel do rio, fen\u00f4meno que pode provocar desequil\u00edbrios ecol\u00f3gicos e afetar diretamente comunidades ribeirinhas e povos ind\u00edgenas que dependem do Xingu para transporte, pesca e subsist\u00eancia.<\/p>\n\n\n\n<p>O setor el\u00e9trico, no entanto, reagiu \u00e0 medida. A Ag\u00eancia Nacional de Energia El\u00e9trica (Aneel) contestou a decis\u00e3o ao apontar que a limita\u00e7\u00e3o da produ\u00e7\u00e3o teria impacto relevante sobre o sistema el\u00e9trico e poderia gerar custos adicionais estimados em cerca de R$ 2,4 bilh\u00f5es.<\/p>\n\n\n\n<p><strong>Justi\u00e7a anula decis\u00e3o do Ibama<\/strong><\/p>\n\n\n\n<p>A disputa ganhou novo cap\u00edtulo quando a Justi\u00e7a Federal no Par\u00e1 concedeu liminar, em fevereiro, suspendendo antecipadamente os efeitos do of\u00edcio do Ibama que determinava a manuten\u00e7\u00e3o da vaz\u00e3o acima do padr\u00e3o operacional da usina. A a\u00e7\u00e3o foi apresentada pela Norte Energia, que sustenta que o aumento da vaz\u00e3o reduz significativamente a capacidade de gera\u00e7\u00e3o el\u00e9trica, j\u00e1 que parte da \u00e1gua deixa de passar pelas turbinas.<\/p>\n\n\n\n<p>No plano local, estudos e monitoramentos indicam que a regi\u00e3o da Volta Grande do Xingu tem enfrentado epis\u00f3dios cada vez mais intensos de seca desde o desvio de parte do fluxo do rio para o sistema de gera\u00e7\u00e3o da usina. Relat\u00f3rios da Iniciativa Amaz\u00f4nia+10 apontam que a altera\u00e7\u00e3o do regime h\u00eddrico tem afetado a navega\u00e7\u00e3o e a seguran\u00e7a alimentar de comunidades que dependem diretamente do rio.<\/p>\n\n\n\n\n","protected":false},"excerpt":{"rendered":"<p>Plano para ampliar a gera\u00e7\u00e3o na usina acirra embate entre o setor el\u00e9trico e o Ibama, enquanto a altera\u00e7\u00e3o do regime h\u00eddrico j\u00e1 afeta o ecossistema e comunidades locais<\/p>\n","protected":false},"author":23,"featured_media":422,"comment_status":"closed","ping_status":"open","sticky":false,"template":"","format":"standard","meta":{"_acf_changed":false,"inline_featured_image":false,"footnotes":""},"categories":[190],"tags":[215,217,68,216],"class_list":["post-420","post","type-post","status-publish","format-standard","has-post-thumbnail","hentry","category-setor-eletrico","tag-hidreletrica-de-belo-monte","tag-ibama","tag-meio-ambiente","tag-rio-xingu"],"acf":[],"yoast_head":"<!-- This site is optimized with the Yoast SEO plugin v27.3 - https:\/\/yoast.com\/product\/yoast-seo-wordpress\/ -->\n<title>Belo Monte reacende conflito sobre prote\u00e7\u00e3o do rio Xingu | Eco Braziliense<\/title>\n<meta name=\"description\" content=\"Plano para ampliar a gera\u00e7\u00e3o na usina acirra embate entre o setor el\u00e9trico e o Ibama, enquanto a altera\u00e7\u00e3o do regime h\u00eddrico j\u00e1 afeta o ecossistema e comunidades locais\" \/>\n<meta name=\"robots\" content=\"index, follow, max-snippet:-1, max-image-preview:large, max-video-preview:-1\" \/>\n<link rel=\"canonical\" href=\"https:\/\/newblogs.correiobraziliense.com.br\/ecobraziliense\/belo-monte-reacende-disputa-sobre-protecao-do-rio-xingu\/\" \/>\n<meta property=\"og:locale\" content=\"pt_BR\" \/>\n<meta property=\"og:type\" content=\"article\" \/>\n<meta property=\"og:title\" content=\"Belo Monte reacende conflito sobre prote\u00e7\u00e3o do rio Xingu | Eco Braziliense\" \/>\n<meta property=\"og:description\" content=\"Plano para ampliar a gera\u00e7\u00e3o na usina acirra embate entre o setor el\u00e9trico e o Ibama, enquanto a altera\u00e7\u00e3o do regime h\u00eddrico j\u00e1 afeta o ecossistema e comunidades locais\" \/>\n<meta property=\"og:url\" content=\"https:\/\/newblogs.correiobraziliense.com.br\/ecobraziliense\/belo-monte-reacende-disputa-sobre-protecao-do-rio-xingu\/\" \/>\n<meta property=\"og:site_name\" content=\"Eco Braziliense\" \/>\n<meta property=\"article:published_time\" content=\"2026-03-13T16:35:24+00:00\" \/>\n<meta property=\"article:modified_time\" content=\"2026-03-13T16:40:36+00:00\" \/>\n<meta property=\"og:image\" content=\"https:\/\/newblogs.correiobraziliense.com.br\/ecobraziliense\/wp-content\/uploads\/sites\/7\/2026\/03\/jaf4349.webp\" \/>\n\t<meta property=\"og:image:width\" content=\"1024\" \/>\n\t<meta property=\"og:image:height\" content=\"768\" \/>\n\t<meta property=\"og:image:type\" content=\"image\/webp\" \/>\n<meta name=\"author\" content=\"Rafaela Gon\u00e7alves\" \/>\n<!-- \/ Yoast SEO plugin. -->","yoast_head_json":{"title":"Belo Monte reacende conflito sobre prote\u00e7\u00e3o do rio Xingu | Eco Braziliense","description":"Plano para ampliar a gera\u00e7\u00e3o na usina acirra embate entre o setor el\u00e9trico e o Ibama, enquanto a altera\u00e7\u00e3o do regime h\u00eddrico j\u00e1 afeta o ecossistema e comunidades locais","robots":{"index":"index","follow":"follow","max-snippet":"max-snippet:-1","max-image-preview":"max-image-preview:large","max-video-preview":"max-video-preview:-1"},"canonical":"https:\/\/newblogs.correiobraziliense.com.br\/ecobraziliense\/belo-monte-reacende-disputa-sobre-protecao-do-rio-xingu\/","og_locale":"pt_BR","og_type":"article","og_title":"Belo Monte reacende conflito sobre prote\u00e7\u00e3o do rio Xingu | Eco Braziliense","og_description":"Plano para ampliar a gera\u00e7\u00e3o na usina acirra embate entre o setor el\u00e9trico e o Ibama, enquanto a altera\u00e7\u00e3o do regime h\u00eddrico j\u00e1 afeta o ecossistema e comunidades locais","og_url":"https:\/\/newblogs.correiobraziliense.com.br\/ecobraziliense\/belo-monte-reacende-disputa-sobre-protecao-do-rio-xingu\/","og_site_name":"Eco Braziliense","article_published_time":"2026-03-13T16:35:24+00:00","article_modified_time":"2026-03-13T16:40:36+00:00","og_image":[{"width":1024,"height":768,"url":"https:\/\/newblogs.correiobraziliense.com.br\/ecobraziliense\/wp-content\/uploads\/sites\/7\/2026\/03\/jaf4349.webp","type":"image\/webp"}],"author":"Rafaela Gon\u00e7alves","schema":{"@context":"https:\/\/schema.org","@graph":[{"@type":"NewsArticle","@id":"https:\/\/newblogs.correiobraziliense.com.br\/ecobraziliense\/belo-monte-reacende-disputa-sobre-protecao-do-rio-xingu\/#article","isPartOf":{"@id":"https:\/\/newblogs.correiobraziliense.com.br\/ecobraziliense\/belo-monte-reacende-disputa-sobre-protecao-do-rio-xingu\/"},"author":{"name":"Rafaela Gon\u00e7alves","@id":"https:\/\/newblogs.correiobraziliense.com.br\/ecobraziliense\/#\/schema\/person\/2cae9fb7496bd90af27178d00e4f6683"},"headline":"Belo Monte reacende conflito sobre prote\u00e7\u00e3o do rio Xingu","datePublished":"2026-03-13T16:35:24+00:00","dateModified":"2026-03-13T16:40:36+00:00","mainEntityOfPage":{"@id":"https:\/\/newblogs.correiobraziliense.com.br\/ecobraziliense\/belo-monte-reacende-disputa-sobre-protecao-do-rio-xingu\/"},"wordCount":534,"publisher":{"@id":"https:\/\/newblogs.correiobraziliense.com.br\/ecobraziliense\/#organization"},"image":{"@id":"https:\/\/newblogs.correiobraziliense.com.br\/ecobraziliense\/belo-monte-reacende-disputa-sobre-protecao-do-rio-xingu\/#primaryimage"},"thumbnailUrl":"https:\/\/newblogs.correiobraziliense.com.br\/ecobraziliense\/wp-content\/uploads\/sites\/7\/2026\/03\/jaf4349.webp","keywords":["Hidrel\u00e9trica de Belo Monte","Ibama","meio ambiente","Rio Xingu"],"articleSection":["Setor el\u00e9trico"],"inLanguage":"pt-BR"},{"@type":"WebPage","@id":"https:\/\/newblogs.correiobraziliense.com.br\/ecobraziliense\/belo-monte-reacende-disputa-sobre-protecao-do-rio-xingu\/","url":"https:\/\/newblogs.correiobraziliense.com.br\/ecobraziliense\/belo-monte-reacende-disputa-sobre-protecao-do-rio-xingu\/","name":"Belo Monte reacende conflito sobre prote\u00e7\u00e3o do rio Xingu | Eco Braziliense","isPartOf":{"@id":"https:\/\/newblogs.correiobraziliense.com.br\/ecobraziliense\/#website"},"primaryImageOfPage":{"@id":"https:\/\/newblogs.correiobraziliense.com.br\/ecobraziliense\/belo-monte-reacende-disputa-sobre-protecao-do-rio-xingu\/#primaryimage"},"image":{"@id":"https:\/\/newblogs.correiobraziliense.com.br\/ecobraziliense\/belo-monte-reacende-disputa-sobre-protecao-do-rio-xingu\/#primaryimage"},"thumbnailUrl":"https:\/\/newblogs.correiobraziliense.com.br\/ecobraziliense\/wp-content\/uploads\/sites\/7\/2026\/03\/jaf4349.webp","datePublished":"2026-03-13T16:35:24+00:00","dateModified":"2026-03-13T16:40:36+00:00","description":"Plano para ampliar a gera\u00e7\u00e3o na usina acirra embate entre o setor el\u00e9trico e o Ibama, enquanto a altera\u00e7\u00e3o do regime h\u00eddrico j\u00e1 afeta o ecossistema e comunidades locais","breadcrumb":{"@id":"https:\/\/newblogs.correiobraziliense.com.br\/ecobraziliense\/belo-monte-reacende-disputa-sobre-protecao-do-rio-xingu\/#breadcrumb"},"inLanguage":"pt-BR","potentialAction":[{"@type":"ReadAction","target":["https:\/\/newblogs.correiobraziliense.com.br\/ecobraziliense\/belo-monte-reacende-disputa-sobre-protecao-do-rio-xingu\/"]}]},{"@type":"ImageObject","inLanguage":"pt-BR","@id":"https:\/\/newblogs.correiobraziliense.com.br\/ecobraziliense\/belo-monte-reacende-disputa-sobre-protecao-do-rio-xingu\/#primaryimage","url":"https:\/\/newblogs.correiobraziliense.com.br\/ecobraziliense\/wp-content\/uploads\/sites\/7\/2026\/03\/jaf4349.webp","contentUrl":"https:\/\/newblogs.correiobraziliense.com.br\/ecobraziliense\/wp-content\/uploads\/sites\/7\/2026\/03\/jaf4349.webp","width":1024,"height":768,"caption":"Usina Hidrel\u00e9trica de Belo Monte, no rio Xingu (PA), com capacidade instalada de 11.233 MW, a maior hidrel\u00e9trica totalmente brasileira. Foto: Jo\u00e9dson Alves\/Ag\u00eancia Brasil."},{"@type":"BreadcrumbList","@id":"https:\/\/newblogs.correiobraziliense.com.br\/ecobraziliense\/belo-monte-reacende-disputa-sobre-protecao-do-rio-xingu\/#breadcrumb","itemListElement":[{"@type":"ListItem","position":1,"name":"In\u00edcio","item":"https:\/\/newblogs.correiobraziliense.com.br\/ecobraziliense\/"},{"@type":"ListItem","position":2,"name":"Setor el\u00e9trico","item":"https:\/\/newblogs.correiobraziliense.com.br\/ecobraziliense\/setor-eletrico\/"},{"@type":"ListItem","position":3,"name":"Belo Monte reacende conflito sobre prote\u00e7\u00e3o do rio Xingu"}]},{"@type":"WebSite","@id":"https:\/\/newblogs.correiobraziliense.com.br\/ecobraziliense\/#website","url":"https:\/\/newblogs.correiobraziliense.com.br\/ecobraziliense\/","name":"Eco Braziliense","description":"Espa\u00e7o dedicado \u00e0 cobertura da transi\u00e7\u00e3o ecol\u00f3gica no Brasil e no mundo. Reportagens, an\u00e1lises e entrevistas sobre economia verde, transi\u00e7\u00e3o energ\u00e9tica e neg\u00f3cios sustent\u00e1veis.","publisher":{"@id":"https:\/\/newblogs.correiobraziliense.com.br\/ecobraziliense\/#organization"},"potentialAction":[{"@type":"SearchAction","target":{"@type":"EntryPoint","urlTemplate":"https:\/\/newblogs.correiobraziliense.com.br\/ecobraziliense\/?s={search_term_string}"},"query-input":{"@type":"PropertyValueSpecification","valueRequired":true,"valueName":"search_term_string"}}],"inLanguage":"pt-BR"},{"@type":"Organization","@id":"https:\/\/newblogs.correiobraziliense.com.br\/ecobraziliense\/#organization","name":"Correio Braziliense","url":"https:\/\/newblogs.correiobraziliense.com.br\/ecobraziliense\/","logo":{"@type":"ImageObject","inLanguage":"pt-BR","@id":"https:\/\/newblogs.correiobraziliense.com.br\/ecobraziliense\/#\/schema\/logo\/image\/","url":"https:\/\/newblogs.correiobraziliense.com.br\/ecobraziliense\/wp-content\/uploads\/sites\/7\/2025\/08\/cropped-1.png","contentUrl":"https:\/\/newblogs.correiobraziliense.com.br\/ecobraziliense\/wp-content\/uploads\/sites\/7\/2025\/08\/cropped-1.png","width":1000,"height":250,"caption":"Correio Braziliense"},"image":{"@id":"https:\/\/newblogs.correiobraziliense.com.br\/ecobraziliense\/#\/schema\/logo\/image\/"}},{"@type":"Person","@id":"https:\/\/newblogs.correiobraziliense.com.br\/ecobraziliense\/#\/schema\/person\/2cae9fb7496bd90af27178d00e4f6683","name":"Rafaela Gon\u00e7alves","image":{"@type":"ImageObject","inLanguage":"pt-BR","@id":"https:\/\/secure.gravatar.com\/avatar\/576f01ed42806765a18f53a22440885b3e08ed7db0a264f840ec23b34509b8b1?s=96&d=mm&r=g","url":"https:\/\/secure.gravatar.com\/avatar\/576f01ed42806765a18f53a22440885b3e08ed7db0a264f840ec23b34509b8b1?s=96&d=mm&r=g","contentUrl":"https:\/\/secure.gravatar.com\/avatar\/576f01ed42806765a18f53a22440885b3e08ed7db0a264f840ec23b34509b8b1?s=96&d=mm&r=g","caption":"Rafaela Gon\u00e7alves"},"description":"Jornalista formada pela Universidade Cat\u00f3lica de Bras\u00edlia (UCB), com especializa\u00e7\u00e3o em Economia pela Saint Paul Escola de Neg\u00f3cios e atualmente cursando MBA em Gest\u00e3o Ambiental e Sustentabilidade na Universidade de Uberaba (Uniube). Atua na cobertura pol\u00edtica em Bras\u00edlia desde 2018, com foco em temas de impacto socioambiental e econ\u00f4mico.","url":"https:\/\/newblogs.correiobraziliense.com.br\/ecobraziliense\/author\/rafaelagoncalves\/"}]}},"_links":{"self":[{"href":"https:\/\/newblogs.correiobraziliense.com.br\/ecobraziliense\/wp-json\/wp\/v2\/posts\/420","targetHints":{"allow":["GET"]}}],"collection":[{"href":"https:\/\/newblogs.correiobraziliense.com.br\/ecobraziliense\/wp-json\/wp\/v2\/posts"}],"about":[{"href":"https:\/\/newblogs.correiobraziliense.com.br\/ecobraziliense\/wp-json\/wp\/v2\/types\/post"}],"author":[{"embeddable":true,"href":"https:\/\/newblogs.correiobraziliense.com.br\/ecobraziliense\/wp-json\/wp\/v2\/users\/23"}],"replies":[{"embeddable":true,"href":"https:\/\/newblogs.correiobraziliense.com.br\/ecobraziliense\/wp-json\/wp\/v2\/comments?post=420"}],"version-history":[{"count":4,"href":"https:\/\/newblogs.correiobraziliense.com.br\/ecobraziliense\/wp-json\/wp\/v2\/posts\/420\/revisions"}],"predecessor-version":[{"id":426,"href":"https:\/\/newblogs.correiobraziliense.com.br\/ecobraziliense\/wp-json\/wp\/v2\/posts\/420\/revisions\/426"}],"wp:featuredmedia":[{"embeddable":true,"href":"https:\/\/newblogs.correiobraziliense.com.br\/ecobraziliense\/wp-json\/wp\/v2\/media\/422"}],"wp:attachment":[{"href":"https:\/\/newblogs.correiobraziliense.com.br\/ecobraziliense\/wp-json\/wp\/v2\/media?parent=420"}],"wp:term":[{"taxonomy":"category","embeddable":true,"href":"https:\/\/newblogs.correiobraziliense.com.br\/ecobraziliense\/wp-json\/wp\/v2\/categories?post=420"},{"taxonomy":"post_tag","embeddable":true,"href":"https:\/\/newblogs.correiobraziliense.com.br\/ecobraziliense\/wp-json\/wp\/v2\/tags?post=420"}],"curies":[{"name":"wp","href":"https:\/\/api.w.org\/{rel}","templated":true}]}}