{"id":414,"date":"2026-03-05T11:31:56","date_gmt":"2026-03-05T14:31:56","guid":{"rendered":"https:\/\/newblogs.correiobraziliense.com.br\/ecobraziliense\/?p=414"},"modified":"2026-03-05T11:31:57","modified_gmt":"2026-03-05T14:31:57","slug":"justica-e-acionada-contra-termicas-a-carvao-em-leilao-de-energia","status":"publish","type":"post","link":"https:\/\/newblogs.correiobraziliense.com.br\/ecobraziliense\/justica-e-acionada-contra-termicas-a-carvao-em-leilao-de-energia\/","title":{"rendered":"Justi\u00e7a \u00e9 acionada contra t\u00e9rmicas a carv\u00e3o em leil\u00e3o de energia"},"content":{"rendered":"\n<p>Uma a\u00e7\u00e3o civil p\u00fablica apresentada \u00e0 13\u00aa Vara Federal de Bras\u00edlia questiona a inclus\u00e3o de usinas termel\u00e9tricas a carv\u00e3o mineral no <a href=\"https:\/\/www.correiobraziliense.com.br\/economia\/2025\/08\/7235355-novo-leilao-de-energia-gera-polemica-ao-incluir-fontes-fosseis.html\">Leil\u00e3o de Reserva de Capacidade de 2026<\/a> (LRCAP), planejado pelo governo para refor\u00e7ar a seguran\u00e7a energ\u00e9tica do pa\u00eds. A iniciativa foi protocolada pelo Instituto Internacional Arayara contra a Uni\u00e3o, o Minist\u00e9rio de Minas e Energia (MME), a Empresa de Pesquisa Energ\u00e9tica (EPE) e a Ag\u00eancia Nacional de Energia El\u00e9trica (Aneel).<\/p>\n\n\n\n<p>Segundo a a\u00e7\u00e3o, a participa\u00e7\u00e3o das t\u00e9rmicas a carv\u00e3o no certame apresenta v\u00edcio de motiva\u00e7\u00e3o, desvio de finalidade e pode contrariar compromissos clim\u00e1ticos assumidos pelo Brasil. O leil\u00e3o tem como objetivo contratar reserva de pot\u00eancia para atender momentos de pico de demanda, sobretudo no in\u00edcio da noite, quando a gera\u00e7\u00e3o solar diminui e a produ\u00e7\u00e3o e\u00f3lica pode oscilar.<\/p>\n\n\n\n<p>O Instituto Arayara argumenta, por\u00e9m, que as usinas a carv\u00e3o n\u00e3o t\u00eam a flexibilidade necess\u00e1ria para cumprir essa fun\u00e7\u00e3o. Dados do Operador Nacional do Sistema El\u00e9trico indicam que o tempo de acionamento dessas unidades, conhecido como partida a frio, pode chegar a at\u00e9 oito horas. No caso da Usina Termel\u00e9trica de Figueira, citada no processo, o tempo para atingir a gera\u00e7\u00e3o m\u00e1xima pode superar dez horas.<\/p>\n\n\n\n<p>Para o diretor do instituto, Juliano Bueno de Ara\u00fajo, a <a href=\"https:\/\/www.correiobraziliense.com.br\/brasil\/2025\/08\/7234970-em-ano-de-cop-no-brasil-governo-lanca-edital-para-contratar-termeletricas-a-carvao.html\">medida contraria a trajet\u00f3ria da matriz energ\u00e9tica brasileira<\/a>. \u201cO Brasil construiu uma matriz energ\u00e9tica reconhecida mundialmente como uma das mais limpas, com forte presen\u00e7a de fontes renov\u00e1veis. Permitir que o carv\u00e3o ganhe sobrevida por meio de um leil\u00e3o de reserva \u00e9 jogar fora esse patrim\u00f4nio\u201d, diz.<\/p>\n\n\n\n<p>A diretora executiva do Arayara, Nicole Figueiredo, diz que a a\u00e7\u00e3o busca chamar aten\u00e7\u00e3o para os rumos da pol\u00edtica energ\u00e9tica. \u201cEssa a\u00e7\u00e3o civil p\u00fablica n\u00e3o \u00e9 apenas um questionamento jur\u00eddico, mas um alerta sobre o futuro que estamos construindo. O Tribunal de Contas da Uni\u00e3o j\u00e1 abriu investiga\u00e7\u00e3o sobre ind\u00edcios de irregularidades nos pre\u00e7os do leil\u00e3o\u201d, afirma.<\/p>\n\n\n\n<p>Segundo o instituto, a exclus\u00e3o das usinas a carv\u00e3o foi defendida por mais de 20 entidades durante a consulta p\u00fablica do leil\u00e3o, mas o Minist\u00e9rio de Minas e Energia manteve a fonte no modelo proposto.<\/p>\n\n\n\n\n","protected":false},"excerpt":{"rendered":"<p>Instituto Arayara questiona na inclus\u00e3o de t\u00e9rmicas a carv\u00e3o no leil\u00e3o de reserva de capacidade de 2026 e aponta risco clim\u00e1tico e operacional<\/p>\n","protected":false},"author":23,"featured_media":416,"comment_status":"closed","ping_status":"open","sticky":false,"template":"","format":"standard","meta":{"_acf_changed":false,"inline_featured_image":false,"footnotes":""},"categories":[190],"tags":[76,213,214],"class_list":["post-414","post","type-post","status-publish","format-standard","has-post-thumbnail","hentry","category-setor-eletrico","tag-energia","tag-leilao-de-reserva-de-capacidade","tag-termicas-a-carvao"],"acf":[],"yoast_head":"<!-- This site is optimized with the Yoast SEO plugin v27.3 - https:\/\/yoast.com\/product\/yoast-seo-wordpress\/ -->\n<title>Justi\u00e7a \u00e9 acionada contra t\u00e9rmicas a carv\u00e3o em leil\u00e3o de energia | Eco Braziliense<\/title>\n<meta name=\"description\" content=\"Instituto Arayara questiona na inclus\u00e3o de t\u00e9rmicas a carv\u00e3o no leil\u00e3o de reserva de capacidade de 2026 e aponta risco clim\u00e1tico e operacional\" \/>\n<meta name=\"robots\" content=\"index, follow, max-snippet:-1, max-image-preview:large, max-video-preview:-1\" \/>\n<link rel=\"canonical\" href=\"https:\/\/newblogs.correiobraziliense.com.br\/ecobraziliense\/justica-e-acionada-contra-termicas-a-carvao-em-leilao-de-energia\/\" \/>\n<meta property=\"og:locale\" content=\"pt_BR\" \/>\n<meta property=\"og:type\" content=\"article\" \/>\n<meta property=\"og:title\" content=\"Justi\u00e7a \u00e9 acionada contra t\u00e9rmicas a carv\u00e3o em leil\u00e3o de energia | Eco Braziliense\" \/>\n<meta property=\"og:description\" content=\"Instituto Arayara questiona na inclus\u00e3o de t\u00e9rmicas a carv\u00e3o no leil\u00e3o de reserva de capacidade de 2026 e aponta risco clim\u00e1tico e operacional\" \/>\n<meta property=\"og:url\" content=\"https:\/\/newblogs.correiobraziliense.com.br\/ecobraziliense\/justica-e-acionada-contra-termicas-a-carvao-em-leilao-de-energia\/\" \/>\n<meta property=\"og:site_name\" content=\"Eco Braziliense\" \/>\n<meta property=\"article:published_time\" content=\"2026-03-05T14:31:56+00:00\" \/>\n<meta property=\"article:modified_time\" content=\"2026-03-05T14:31:57+00:00\" \/>\n<meta property=\"og:image\" content=\"https:\/\/newblogs.correiobraziliense.com.br\/ecobraziliense\/wp-content\/uploads\/sites\/7\/2026\/03\/VVywEz0R-Usina-termica-a-carvao-lancando-grande-volume-de-gases-de-efeito-estufa-GEE-na-atmosfera-Foto-Steve-BuissinnePixabay-1024x576-1.webp\" \/>\n\t<meta property=\"og:image:width\" content=\"1024\" \/>\n\t<meta property=\"og:image:height\" content=\"576\" \/>\n\t<meta property=\"og:image:type\" content=\"image\/webp\" \/>\n<meta name=\"author\" content=\"Rafaela Gon\u00e7alves\" \/>\n<!-- \/ Yoast SEO plugin. -->","yoast_head_json":{"title":"Justi\u00e7a \u00e9 acionada contra t\u00e9rmicas a carv\u00e3o em leil\u00e3o de energia | Eco Braziliense","description":"Instituto Arayara questiona na inclus\u00e3o de t\u00e9rmicas a carv\u00e3o no leil\u00e3o de reserva de capacidade de 2026 e aponta risco clim\u00e1tico e operacional","robots":{"index":"index","follow":"follow","max-snippet":"max-snippet:-1","max-image-preview":"max-image-preview:large","max-video-preview":"max-video-preview:-1"},"canonical":"https:\/\/newblogs.correiobraziliense.com.br\/ecobraziliense\/justica-e-acionada-contra-termicas-a-carvao-em-leilao-de-energia\/","og_locale":"pt_BR","og_type":"article","og_title":"Justi\u00e7a \u00e9 acionada contra t\u00e9rmicas a carv\u00e3o em leil\u00e3o de energia | Eco Braziliense","og_description":"Instituto Arayara questiona na inclus\u00e3o de t\u00e9rmicas a carv\u00e3o no leil\u00e3o de reserva de capacidade de 2026 e aponta risco clim\u00e1tico e operacional","og_url":"https:\/\/newblogs.correiobraziliense.com.br\/ecobraziliense\/justica-e-acionada-contra-termicas-a-carvao-em-leilao-de-energia\/","og_site_name":"Eco Braziliense","article_published_time":"2026-03-05T14:31:56+00:00","article_modified_time":"2026-03-05T14:31:57+00:00","og_image":[{"width":1024,"height":576,"url":"https:\/\/newblogs.correiobraziliense.com.br\/ecobraziliense\/wp-content\/uploads\/sites\/7\/2026\/03\/VVywEz0R-Usina-termica-a-carvao-lancando-grande-volume-de-gases-de-efeito-estufa-GEE-na-atmosfera-Foto-Steve-BuissinnePixabay-1024x576-1.webp","type":"image\/webp"}],"author":"Rafaela Gon\u00e7alves","schema":{"@context":"https:\/\/schema.org","@graph":[{"@type":"NewsArticle","@id":"https:\/\/newblogs.correiobraziliense.com.br\/ecobraziliense\/justica-e-acionada-contra-termicas-a-carvao-em-leilao-de-energia\/#article","isPartOf":{"@id":"https:\/\/newblogs.correiobraziliense.com.br\/ecobraziliense\/justica-e-acionada-contra-termicas-a-carvao-em-leilao-de-energia\/"},"author":{"name":"Rafaela Gon\u00e7alves","@id":"https:\/\/newblogs.correiobraziliense.com.br\/ecobraziliense\/#\/schema\/person\/2cae9fb7496bd90af27178d00e4f6683"},"headline":"Justi\u00e7a \u00e9 acionada contra t\u00e9rmicas a carv\u00e3o em leil\u00e3o de energia","datePublished":"2026-03-05T14:31:56+00:00","dateModified":"2026-03-05T14:31:57+00:00","mainEntityOfPage":{"@id":"https:\/\/newblogs.correiobraziliense.com.br\/ecobraziliense\/justica-e-acionada-contra-termicas-a-carvao-em-leilao-de-energia\/"},"wordCount":417,"publisher":{"@id":"https:\/\/newblogs.correiobraziliense.com.br\/ecobraziliense\/#organization"},"image":{"@id":"https:\/\/newblogs.correiobraziliense.com.br\/ecobraziliense\/justica-e-acionada-contra-termicas-a-carvao-em-leilao-de-energia\/#primaryimage"},"thumbnailUrl":"https:\/\/newblogs.correiobraziliense.com.br\/ecobraziliense\/wp-content\/uploads\/sites\/7\/2026\/03\/VVywEz0R-Usina-termica-a-carvao-lancando-grande-volume-de-gases-de-efeito-estufa-GEE-na-atmosfera-Foto-Steve-BuissinnePixabay-1024x576-1.webp","keywords":["Energia","leil\u00e3o de reserva de capacidade","t\u00e9rmicas a carv\u00e3o"],"articleSection":["Setor el\u00e9trico"],"inLanguage":"pt-BR"},{"@type":"WebPage","@id":"https:\/\/newblogs.correiobraziliense.com.br\/ecobraziliense\/justica-e-acionada-contra-termicas-a-carvao-em-leilao-de-energia\/","url":"https:\/\/newblogs.correiobraziliense.com.br\/ecobraziliense\/justica-e-acionada-contra-termicas-a-carvao-em-leilao-de-energia\/","name":"Justi\u00e7a \u00e9 acionada contra t\u00e9rmicas a carv\u00e3o em leil\u00e3o de energia | Eco Braziliense","isPartOf":{"@id":"https:\/\/newblogs.correiobraziliense.com.br\/ecobraziliense\/#website"},"primaryImageOfPage":{"@id":"https:\/\/newblogs.correiobraziliense.com.br\/ecobraziliense\/justica-e-acionada-contra-termicas-a-carvao-em-leilao-de-energia\/#primaryimage"},"image":{"@id":"https:\/\/newblogs.correiobraziliense.com.br\/ecobraziliense\/justica-e-acionada-contra-termicas-a-carvao-em-leilao-de-energia\/#primaryimage"},"thumbnailUrl":"https:\/\/newblogs.correiobraziliense.com.br\/ecobraziliense\/wp-content\/uploads\/sites\/7\/2026\/03\/VVywEz0R-Usina-termica-a-carvao-lancando-grande-volume-de-gases-de-efeito-estufa-GEE-na-atmosfera-Foto-Steve-BuissinnePixabay-1024x576-1.webp","datePublished":"2026-03-05T14:31:56+00:00","dateModified":"2026-03-05T14:31:57+00:00","description":"Instituto Arayara questiona na inclus\u00e3o de t\u00e9rmicas a carv\u00e3o no leil\u00e3o de reserva de capacidade de 2026 e aponta risco clim\u00e1tico e operacional","breadcrumb":{"@id":"https:\/\/newblogs.correiobraziliense.com.br\/ecobraziliense\/justica-e-acionada-contra-termicas-a-carvao-em-leilao-de-energia\/#breadcrumb"},"inLanguage":"pt-BR","potentialAction":[{"@type":"ReadAction","target":["https:\/\/newblogs.correiobraziliense.com.br\/ecobraziliense\/justica-e-acionada-contra-termicas-a-carvao-em-leilao-de-energia\/"]}]},{"@type":"ImageObject","inLanguage":"pt-BR","@id":"https:\/\/newblogs.correiobraziliense.com.br\/ecobraziliense\/justica-e-acionada-contra-termicas-a-carvao-em-leilao-de-energia\/#primaryimage","url":"https:\/\/newblogs.correiobraziliense.com.br\/ecobraziliense\/wp-content\/uploads\/sites\/7\/2026\/03\/VVywEz0R-Usina-termica-a-carvao-lancando-grande-volume-de-gases-de-efeito-estufa-GEE-na-atmosfera-Foto-Steve-BuissinnePixabay-1024x576-1.webp","contentUrl":"https:\/\/newblogs.correiobraziliense.com.br\/ecobraziliense\/wp-content\/uploads\/sites\/7\/2026\/03\/VVywEz0R-Usina-termica-a-carvao-lancando-grande-volume-de-gases-de-efeito-estufa-GEE-na-atmosfera-Foto-Steve-BuissinnePixabay-1024x576-1.webp","width":1024,"height":576,"caption":"Usina t\u00e9rmica a carv\u00e3o em opera\u00e7\u00e3o. Foto: Steve Buissinne\/Pixabay."},{"@type":"BreadcrumbList","@id":"https:\/\/newblogs.correiobraziliense.com.br\/ecobraziliense\/justica-e-acionada-contra-termicas-a-carvao-em-leilao-de-energia\/#breadcrumb","itemListElement":[{"@type":"ListItem","position":1,"name":"In\u00edcio","item":"https:\/\/newblogs.correiobraziliense.com.br\/ecobraziliense\/"},{"@type":"ListItem","position":2,"name":"Setor el\u00e9trico","item":"https:\/\/newblogs.correiobraziliense.com.br\/ecobraziliense\/setor-eletrico\/"},{"@type":"ListItem","position":3,"name":"Justi\u00e7a \u00e9 acionada contra t\u00e9rmicas a carv\u00e3o em leil\u00e3o de energia"}]},{"@type":"WebSite","@id":"https:\/\/newblogs.correiobraziliense.com.br\/ecobraziliense\/#website","url":"https:\/\/newblogs.correiobraziliense.com.br\/ecobraziliense\/","name":"Eco Braziliense","description":"Espa\u00e7o dedicado \u00e0 cobertura da transi\u00e7\u00e3o ecol\u00f3gica no Brasil e no mundo. Reportagens, an\u00e1lises e entrevistas sobre economia verde, transi\u00e7\u00e3o energ\u00e9tica e neg\u00f3cios sustent\u00e1veis.","publisher":{"@id":"https:\/\/newblogs.correiobraziliense.com.br\/ecobraziliense\/#organization"},"potentialAction":[{"@type":"SearchAction","target":{"@type":"EntryPoint","urlTemplate":"https:\/\/newblogs.correiobraziliense.com.br\/ecobraziliense\/?s={search_term_string}"},"query-input":{"@type":"PropertyValueSpecification","valueRequired":true,"valueName":"search_term_string"}}],"inLanguage":"pt-BR"},{"@type":"Organization","@id":"https:\/\/newblogs.correiobraziliense.com.br\/ecobraziliense\/#organization","name":"Correio Braziliense","url":"https:\/\/newblogs.correiobraziliense.com.br\/ecobraziliense\/","logo":{"@type":"ImageObject","inLanguage":"pt-BR","@id":"https:\/\/newblogs.correiobraziliense.com.br\/ecobraziliense\/#\/schema\/logo\/image\/","url":"https:\/\/newblogs.correiobraziliense.com.br\/ecobraziliense\/wp-content\/uploads\/sites\/7\/2025\/08\/cropped-1.png","contentUrl":"https:\/\/newblogs.correiobraziliense.com.br\/ecobraziliense\/wp-content\/uploads\/sites\/7\/2025\/08\/cropped-1.png","width":1000,"height":250,"caption":"Correio Braziliense"},"image":{"@id":"https:\/\/newblogs.correiobraziliense.com.br\/ecobraziliense\/#\/schema\/logo\/image\/"}},{"@type":"Person","@id":"https:\/\/newblogs.correiobraziliense.com.br\/ecobraziliense\/#\/schema\/person\/2cae9fb7496bd90af27178d00e4f6683","name":"Rafaela Gon\u00e7alves","image":{"@type":"ImageObject","inLanguage":"pt-BR","@id":"https:\/\/secure.gravatar.com\/avatar\/576f01ed42806765a18f53a22440885b3e08ed7db0a264f840ec23b34509b8b1?s=96&d=mm&r=g","url":"https:\/\/secure.gravatar.com\/avatar\/576f01ed42806765a18f53a22440885b3e08ed7db0a264f840ec23b34509b8b1?s=96&d=mm&r=g","contentUrl":"https:\/\/secure.gravatar.com\/avatar\/576f01ed42806765a18f53a22440885b3e08ed7db0a264f840ec23b34509b8b1?s=96&d=mm&r=g","caption":"Rafaela Gon\u00e7alves"},"description":"Jornalista formada pela Universidade Cat\u00f3lica de Bras\u00edlia (UCB), com especializa\u00e7\u00e3o em Economia pela Saint Paul Escola de Neg\u00f3cios e atualmente cursando MBA em Gest\u00e3o Ambiental e Sustentabilidade na Universidade de Uberaba (Uniube). Atua na cobertura pol\u00edtica em Bras\u00edlia desde 2018, com foco em temas de impacto socioambiental e econ\u00f4mico.","url":"https:\/\/newblogs.correiobraziliense.com.br\/ecobraziliense\/author\/rafaelagoncalves\/"}]}},"_links":{"self":[{"href":"https:\/\/newblogs.correiobraziliense.com.br\/ecobraziliense\/wp-json\/wp\/v2\/posts\/414","targetHints":{"allow":["GET"]}}],"collection":[{"href":"https:\/\/newblogs.correiobraziliense.com.br\/ecobraziliense\/wp-json\/wp\/v2\/posts"}],"about":[{"href":"https:\/\/newblogs.correiobraziliense.com.br\/ecobraziliense\/wp-json\/wp\/v2\/types\/post"}],"author":[{"embeddable":true,"href":"https:\/\/newblogs.correiobraziliense.com.br\/ecobraziliense\/wp-json\/wp\/v2\/users\/23"}],"replies":[{"embeddable":true,"href":"https:\/\/newblogs.correiobraziliense.com.br\/ecobraziliense\/wp-json\/wp\/v2\/comments?post=414"}],"version-history":[{"count":2,"href":"https:\/\/newblogs.correiobraziliense.com.br\/ecobraziliense\/wp-json\/wp\/v2\/posts\/414\/revisions"}],"predecessor-version":[{"id":417,"href":"https:\/\/newblogs.correiobraziliense.com.br\/ecobraziliense\/wp-json\/wp\/v2\/posts\/414\/revisions\/417"}],"wp:featuredmedia":[{"embeddable":true,"href":"https:\/\/newblogs.correiobraziliense.com.br\/ecobraziliense\/wp-json\/wp\/v2\/media\/416"}],"wp:attachment":[{"href":"https:\/\/newblogs.correiobraziliense.com.br\/ecobraziliense\/wp-json\/wp\/v2\/media?parent=414"}],"wp:term":[{"taxonomy":"category","embeddable":true,"href":"https:\/\/newblogs.correiobraziliense.com.br\/ecobraziliense\/wp-json\/wp\/v2\/categories?post=414"},{"taxonomy":"post_tag","embeddable":true,"href":"https:\/\/newblogs.correiobraziliense.com.br\/ecobraziliense\/wp-json\/wp\/v2\/tags?post=414"}],"curies":[{"name":"wp","href":"https:\/\/api.w.org\/{rel}","templated":true}]}}