{"id":41,"date":"2025-08-26T19:50:38","date_gmt":"2025-08-26T22:50:38","guid":{"rendered":"https:\/\/newblogs.correiobraziliense.com.br\/ecobraziliense\/?p=41"},"modified":"2025-08-26T19:50:39","modified_gmt":"2025-08-26T22:50:39","slug":"disputa-com-eua-lanca-duvidas-sobre-fundo-florestal-na-cop30","status":"publish","type":"post","link":"https:\/\/newblogs.correiobraziliense.com.br\/ecobraziliense\/disputa-com-eua-lanca-duvidas-sobre-fundo-florestal-na-cop30\/","title":{"rendered":"Disputa com EUA lan\u00e7a d\u00favidas sobre fundo florestal na COP30"},"content":{"rendered":"\n\n\n\n\n<p>O agravamento das tens\u00f5es diplom\u00e1ticas entre Brasil e Estados Unidos amea\u00e7a comprometer um dos principais objetivos do governo brasileiro para a 30\u00aa Confer\u00eancia das Na\u00e7\u00f5es Unidas sobre Mudan\u00e7a do Clima (COP30): a cria\u00e7\u00e3o de um fundo global destinado \u00e0 preserva\u00e7\u00e3o de florestas tropicais.<\/p>\n\n\n\n<p>Batizado de Tropical Forest Finance Facility (TFFF), o mecanismo foi apresentado pela primeira vez na COP28, em Dubai, e atualmente passa por fase de estrutura\u00e7\u00e3o. A proposta \u00e9 criar uma fonte est\u00e1vel de recursos para apoiar pa\u00edses detentores de grandes \u00e1reas de floresta, contribuindo para a conserva\u00e7\u00e3o da biodiversidade e para o cumprimento das metas globais de clima.<\/p>\n\n\n\n<p>Para tornar o fundo operacional, o Brasil negocia com o Banco Mundial, que deve assumir o papel de institui\u00e7\u00e3o financeira respons\u00e1vel pela gest\u00e3o dos aportes e pela coordena\u00e7\u00e3o das iniciativas. A expectativa do governo era dar visibilidade ao TFFF como um dos principais legados da presid\u00eancia brasileira da COP. Entretanto, os desentendimentos com Washington podem impor obst\u00e1culos ao engajamento internacional e \u00e0 capta\u00e7\u00e3o de recursos.<\/p>\n\n\n\n<p>Recentemente, o assessor especial do Minist\u00e9rio do Meio Ambiente (MMA), Andr\u00e9 Aquino, alertou que a forte influ\u00eancia dos Estados Unidos no Banco Mundial pode representar um obst\u00e1culo \u00e0 proposta brasileira. \u201cA institui\u00e7\u00e3o financeira tem seu poder de voto definido pelo volume de recursos aportados, e os Estados Unidos det\u00eam uma fatia significativa, superior a 30%\u201d, explicou. \u201cNa pr\u00e1tica, um veto desse tipo nunca ocorreu. Mas h\u00e1 muitas situa\u00e7\u00f5es que nunca tinham acontecido e que est\u00e3o acontecendo atualmente\u201d, observou.<\/p>\n\n\n\n<p>O TFFF tem potencial de captar US$ 125 bilh\u00f5es e financiar cerca de 1 bilh\u00e3o de hectares de florestas tropicais no mundo, de acordo com o MMA. A expectativa do governo \u00e9 que o fundo contribua para valorizar economicamente as \u00e1reas preservadas, aumentando tamb\u00e9m o custo de oportunidade da remo\u00e7\u00e3o da vegeta\u00e7\u00e3o nativa.<\/p>\n\n\n\n<p>O economista Br\u00e1ulio Borges, diretor da LCA Consultores e pesquisador-associado do FGV Ibre, destacou que a confer\u00eancia ser\u00e1 realizada em um cen\u00e1rio internacional marcado por tens\u00f5es geopol\u00edticas e pela volta do negacionismo clim\u00e1tico em grandes economias. \u201cDaqui a tr\u00eas meses, no Brasil, a expectativa \u00e9 de alguns avan\u00e7os, mesmo em meio a um clima bastante desafiador\u201d, disse a jornalistas durante o evento <em>A Socioeconomia do Clima<\/em>, realizado pelo Instituto Clima e Sociedade (iCS).\u00a0<\/p>\n\n\n\n<p>Borges destacou que a situa\u00e7\u00e3o se torna ainda mais complexa diante do movimento observado pelo governo do presidente Donald Trump. \u201cNo final de julho, o Departamento de Energia norte-americano soltou um relat\u00f3rio claramente coordenado por Trump. O texto afirma que existe aquecimento global, mas que isso n\u00e3o seria problema, e at\u00e9 poderia aumentar a produtividade agr\u00edcola. \u00c9 um relat\u00f3rio feito sob encomenda, sem consultar especialistas, simplesmente um panfleto\u201d, criticou.<\/p>\n\n\n\n<p>Para ele, esse contexto ter\u00e1 impacto direto nas negocia\u00e7\u00f5es multilaterais. \u201cO ambiente que a gente encontra na COP ser\u00e1, no m\u00ednimo, bastante desafiador. Mas come\u00e7amos, como sociedade e como mundo, a agir para evitar os piores cen\u00e1rios.\u201d<\/p>\n\n\n\n<p><strong>Novas alian\u00e7as&nbsp;<\/strong><\/p>\n\n\n\n<p>O TFFF possui alternativas e poderia buscar apoio de outros bancos multilaterais de desenvolvimento, embora nenhum ofere\u00e7a o mesmo peso e alcance que o Banco Mundial proporcionaria. Para o diretor executivo da Climate Ventures e do Nature Investment Lab (NIL), Daniel Contrucci, a aus\u00eancia de apoio dos Estados Unidos ao Acordo de Paris representa um entrave para a agenda global do clima, mas tamb\u00e9m pode abrir espa\u00e7o para novas alian\u00e7as comerciais e oportunidades ao Brasil.<\/p>\n\n\n\n<p>\u201c\u00d3bvio que o melhor cen\u00e1rio seria se a gente tivesse um governo americano apoiando a perman\u00eancia dos Estados Unidos dentro do Acordo de Paris\u201d, disse. \u201cA gente sabe que isso n\u00e3o vai acontecer e que o pa\u00eds n\u00e3o estar\u00e1 jogando em prol da economia global. Sendo um dos principais poluentes, a sa\u00edda dos EUA acaba atrasando, de alguma forma, a agenda como um todo.\u201d<\/p>\n\n\n\n<p>Apesar disso, Contrucci ressaltou que a press\u00e3o internacional contra o negacionismo clim\u00e1tico \u00e9 cada vez maior. \u201cO que est\u00e1 acontecendo hoje \u00e9 t\u00e3o gritante, t\u00e3o diferente do que era no outro governo, que n\u00e3o tem mais como negar. Para ser negacionista, \u00e9 preciso viver em uma bolha muito isolada. O que deve acabar acontecendo \u00e9 os Estados Unidos ficarem de fora de um grande acordo global.\u201d<\/p>\n\n\n\n<p>O economista ponderou que esse cen\u00e1rio pode trazer preju\u00edzos n\u00e3o apenas para outros pa\u00edses, mas principalmente para os pr\u00f3prios norte-americanos. \u201cEntendo que isso vai prejudicar todo mundo, mas vai prejudicar muito mais os Estados Unidos. Se conseguirmos outros compradores e formas de financiamento, certamente vamos contornar essa aus\u00eancia\u201d, afirmou.<\/p>\n\n\n\n<p>Contrucci lembrou, ainda, que a instabilidade j\u00e1 trouxe impactos diretos ao Brasil, atingindo inclusive o NIL. \u201cO Laborat\u00f3rio de Investimentos em Natureza tinha a USAID (Ag\u00eancia dos Estados Unidos para o Desenvolvimento Internacional) como uma das fundadoras e poss\u00edvel financiadora. Est\u00e1vamos h\u00e1 um ano negociando um contrato multimilion\u00e1rio e perdemos isso do dia para a noite com a extin\u00e7\u00e3o praticamente da ag\u00eancia\u201d, relatou.<\/p>\n\n\n\n\n","protected":false},"excerpt":{"rendered":"<p>Iniciativa que busca valorizar \u00e1reas preservadas pode enfrentar resist\u00eancia no Banco Mundial, enquanto especialistas apontam cen\u00e1rio internacional marcado por negacionismo clim\u00e1tico e impasses diplom\u00e1ticos<\/p>\n","protected":false},"author":23,"featured_media":45,"comment_status":"closed","ping_status":"open","sticky":false,"template":"","format":"standard","meta":{"_acf_changed":false,"inline_featured_image":false,"footnotes":""},"categories":[11],"tags":[6,10,9,8,7],"class_list":["post-41","post","type-post","status-publish","format-standard","has-post-thumbnail","hentry","category-cop30","tag-cop30","tag-diplomacia","tag-eua","tag-financiamento-climatico","tag-fundo-de-floestas-tropicais"],"acf":[],"yoast_head":"<!-- This site is optimized with the Yoast SEO plugin v27.3 - https:\/\/yoast.com\/product\/yoast-seo-wordpress\/ -->\n<title>Disputa com EUA lan\u00e7a d\u00favidas sobre fundo florestal na COP30 | Eco Braziliense<\/title>\n<meta name=\"description\" content=\"Iniciativa que busca valorizar \u00e1reas preservadas pode enfrentar resist\u00eancia no Banco Mundial, enquanto especialistas apontam cen\u00e1rio internacional marcado por negacionismo clim\u00e1tico e impasses diplom\u00e1ticos Iniciativa que busca valorizar \u00e1reas preservadas pode enfrentar resist\u00eancia no Banco Mundial, enquanto especialistas apontam cen\u00e1rio internacional marcado por negacionismo clim\u00e1tico e impasses diplom\u00e1ticos\" \/>\n<meta name=\"robots\" content=\"index, follow, max-snippet:-1, max-image-preview:large, max-video-preview:-1\" \/>\n<link rel=\"canonical\" href=\"https:\/\/newblogs.correiobraziliense.com.br\/ecobraziliense\/disputa-com-eua-lanca-duvidas-sobre-fundo-florestal-na-cop30\/\" \/>\n<meta property=\"og:locale\" content=\"pt_BR\" \/>\n<meta property=\"og:type\" content=\"article\" \/>\n<meta property=\"og:title\" content=\"Disputa com EUA lan\u00e7a d\u00favidas sobre fundo florestal na COP30 | Eco Braziliense\" \/>\n<meta property=\"og:description\" content=\"Iniciativa que busca valorizar \u00e1reas preservadas pode enfrentar resist\u00eancia no Banco Mundial, enquanto especialistas apontam cen\u00e1rio internacional marcado por negacionismo clim\u00e1tico e impasses diplom\u00e1ticos Iniciativa que busca valorizar \u00e1reas preservadas pode enfrentar resist\u00eancia no Banco Mundial, enquanto especialistas apontam cen\u00e1rio internacional marcado por negacionismo clim\u00e1tico e impasses diplom\u00e1ticos\" \/>\n<meta property=\"og:url\" content=\"https:\/\/newblogs.correiobraziliense.com.br\/ecobraziliense\/disputa-com-eua-lanca-duvidas-sobre-fundo-florestal-na-cop30\/\" \/>\n<meta property=\"og:site_name\" content=\"Eco Braziliense\" \/>\n<meta property=\"article:published_time\" content=\"2025-08-26T22:50:38+00:00\" \/>\n<meta property=\"article:modified_time\" content=\"2025-08-26T22:50:39+00:00\" \/>\n<meta property=\"og:image\" content=\"https:\/\/newblogs.correiobraziliense.com.br\/ecobraziliense\/wp-content\/uploads\/sites\/7\/2025\/08\/5b07ea98-floresta-amazonica-r4txopwu41fx15nu16q7iktz7wy865e77uxtveefi8.webp\" \/>\n\t<meta property=\"og:image:width\" content=\"675\" \/>\n\t<meta property=\"og:image:height\" content=\"450\" \/>\n\t<meta property=\"og:image:type\" content=\"image\/webp\" \/>\n<meta name=\"author\" content=\"Rafaela Gon\u00e7alves\" \/>\n<!-- \/ Yoast SEO plugin. -->","yoast_head_json":{"title":"Disputa com EUA lan\u00e7a d\u00favidas sobre fundo florestal na COP30 | Eco Braziliense","description":"Iniciativa que busca valorizar \u00e1reas preservadas pode enfrentar resist\u00eancia no Banco Mundial, enquanto especialistas apontam cen\u00e1rio internacional marcado por negacionismo clim\u00e1tico e impasses diplom\u00e1ticos Iniciativa que busca valorizar \u00e1reas preservadas pode enfrentar resist\u00eancia no Banco Mundial, enquanto especialistas apontam cen\u00e1rio internacional marcado por negacionismo clim\u00e1tico e impasses diplom\u00e1ticos","robots":{"index":"index","follow":"follow","max-snippet":"max-snippet:-1","max-image-preview":"max-image-preview:large","max-video-preview":"max-video-preview:-1"},"canonical":"https:\/\/newblogs.correiobraziliense.com.br\/ecobraziliense\/disputa-com-eua-lanca-duvidas-sobre-fundo-florestal-na-cop30\/","og_locale":"pt_BR","og_type":"article","og_title":"Disputa com EUA lan\u00e7a d\u00favidas sobre fundo florestal na COP30 | Eco Braziliense","og_description":"Iniciativa que busca valorizar \u00e1reas preservadas pode enfrentar resist\u00eancia no Banco Mundial, enquanto especialistas apontam cen\u00e1rio internacional marcado por negacionismo clim\u00e1tico e impasses diplom\u00e1ticos Iniciativa que busca valorizar \u00e1reas preservadas pode enfrentar resist\u00eancia no Banco Mundial, enquanto especialistas apontam cen\u00e1rio internacional marcado por negacionismo clim\u00e1tico e impasses diplom\u00e1ticos","og_url":"https:\/\/newblogs.correiobraziliense.com.br\/ecobraziliense\/disputa-com-eua-lanca-duvidas-sobre-fundo-florestal-na-cop30\/","og_site_name":"Eco Braziliense","article_published_time":"2025-08-26T22:50:38+00:00","article_modified_time":"2025-08-26T22:50:39+00:00","og_image":[{"width":675,"height":450,"url":"https:\/\/newblogs.correiobraziliense.com.br\/ecobraziliense\/wp-content\/uploads\/sites\/7\/2025\/08\/5b07ea98-floresta-amazonica-r4txopwu41fx15nu16q7iktz7wy865e77uxtveefi8.webp","type":"image\/webp"}],"author":"Rafaela Gon\u00e7alves","schema":{"@context":"https:\/\/schema.org","@graph":[{"@type":"NewsArticle","@id":"https:\/\/newblogs.correiobraziliense.com.br\/ecobraziliense\/disputa-com-eua-lanca-duvidas-sobre-fundo-florestal-na-cop30\/#article","isPartOf":{"@id":"https:\/\/newblogs.correiobraziliense.com.br\/ecobraziliense\/disputa-com-eua-lanca-duvidas-sobre-fundo-florestal-na-cop30\/"},"author":{"name":"Rafaela Gon\u00e7alves","@id":"https:\/\/newblogs.correiobraziliense.com.br\/ecobraziliense\/#\/schema\/person\/2cae9fb7496bd90af27178d00e4f6683"},"headline":"Disputa com EUA lan\u00e7a d\u00favidas sobre fundo florestal na COP30","datePublished":"2025-08-26T22:50:38+00:00","dateModified":"2025-08-26T22:50:39+00:00","mainEntityOfPage":{"@id":"https:\/\/newblogs.correiobraziliense.com.br\/ecobraziliense\/disputa-com-eua-lanca-duvidas-sobre-fundo-florestal-na-cop30\/"},"wordCount":872,"publisher":{"@id":"https:\/\/newblogs.correiobraziliense.com.br\/ecobraziliense\/#organization"},"image":{"@id":"https:\/\/newblogs.correiobraziliense.com.br\/ecobraziliense\/disputa-com-eua-lanca-duvidas-sobre-fundo-florestal-na-cop30\/#primaryimage"},"thumbnailUrl":"https:\/\/newblogs.correiobraziliense.com.br\/ecobraziliense\/wp-content\/uploads\/sites\/7\/2025\/08\/5b07ea98-floresta-amazonica-r4txopwu41fx15nu16q7iktz7wy865e77uxtveefi8.webp","keywords":["COP30","diplomacia","EUA","financiamento clim\u00e1tico","fundo de floestas tropicais"],"articleSection":["COP30"],"inLanguage":"pt-BR"},{"@type":"WebPage","@id":"https:\/\/newblogs.correiobraziliense.com.br\/ecobraziliense\/disputa-com-eua-lanca-duvidas-sobre-fundo-florestal-na-cop30\/","url":"https:\/\/newblogs.correiobraziliense.com.br\/ecobraziliense\/disputa-com-eua-lanca-duvidas-sobre-fundo-florestal-na-cop30\/","name":"Disputa com EUA lan\u00e7a d\u00favidas sobre fundo florestal na COP30 | Eco Braziliense","isPartOf":{"@id":"https:\/\/newblogs.correiobraziliense.com.br\/ecobraziliense\/#website"},"primaryImageOfPage":{"@id":"https:\/\/newblogs.correiobraziliense.com.br\/ecobraziliense\/disputa-com-eua-lanca-duvidas-sobre-fundo-florestal-na-cop30\/#primaryimage"},"image":{"@id":"https:\/\/newblogs.correiobraziliense.com.br\/ecobraziliense\/disputa-com-eua-lanca-duvidas-sobre-fundo-florestal-na-cop30\/#primaryimage"},"thumbnailUrl":"https:\/\/newblogs.correiobraziliense.com.br\/ecobraziliense\/wp-content\/uploads\/sites\/7\/2025\/08\/5b07ea98-floresta-amazonica-r4txopwu41fx15nu16q7iktz7wy865e77uxtveefi8.webp","datePublished":"2025-08-26T22:50:38+00:00","dateModified":"2025-08-26T22:50:39+00:00","description":"Iniciativa que busca valorizar \u00e1reas preservadas pode enfrentar resist\u00eancia no Banco Mundial, enquanto especialistas apontam cen\u00e1rio internacional marcado por negacionismo clim\u00e1tico e impasses diplom\u00e1ticos Iniciativa que busca valorizar \u00e1reas preservadas pode enfrentar resist\u00eancia no Banco Mundial, enquanto especialistas apontam cen\u00e1rio internacional marcado por negacionismo clim\u00e1tico e impasses diplom\u00e1ticos","breadcrumb":{"@id":"https:\/\/newblogs.correiobraziliense.com.br\/ecobraziliense\/disputa-com-eua-lanca-duvidas-sobre-fundo-florestal-na-cop30\/#breadcrumb"},"inLanguage":"pt-BR","potentialAction":[{"@type":"ReadAction","target":["https:\/\/newblogs.correiobraziliense.com.br\/ecobraziliense\/disputa-com-eua-lanca-duvidas-sobre-fundo-florestal-na-cop30\/"]}]},{"@type":"ImageObject","inLanguage":"pt-BR","@id":"https:\/\/newblogs.correiobraziliense.com.br\/ecobraziliense\/disputa-com-eua-lanca-duvidas-sobre-fundo-florestal-na-cop30\/#primaryimage","url":"https:\/\/newblogs.correiobraziliense.com.br\/ecobraziliense\/wp-content\/uploads\/sites\/7\/2025\/08\/5b07ea98-floresta-amazonica-r4txopwu41fx15nu16q7iktz7wy865e77uxtveefi8.webp","contentUrl":"https:\/\/newblogs.correiobraziliense.com.br\/ecobraziliense\/wp-content\/uploads\/sites\/7\/2025\/08\/5b07ea98-floresta-amazonica-r4txopwu41fx15nu16q7iktz7wy865e77uxtveefi8.webp","width":675,"height":450,"caption":"Floresta Amaz\u00f4nica \/ Foto: Greenpeace"},{"@type":"BreadcrumbList","@id":"https:\/\/newblogs.correiobraziliense.com.br\/ecobraziliense\/disputa-com-eua-lanca-duvidas-sobre-fundo-florestal-na-cop30\/#breadcrumb","itemListElement":[{"@type":"ListItem","position":1,"name":"In\u00edcio","item":"https:\/\/newblogs.correiobraziliense.com.br\/ecobraziliense\/"},{"@type":"ListItem","position":2,"name":"COP30","item":"https:\/\/newblogs.correiobraziliense.com.br\/ecobraziliense\/cop30\/"},{"@type":"ListItem","position":3,"name":"Disputa com EUA lan\u00e7a d\u00favidas sobre fundo florestal na COP30"}]},{"@type":"WebSite","@id":"https:\/\/newblogs.correiobraziliense.com.br\/ecobraziliense\/#website","url":"https:\/\/newblogs.correiobraziliense.com.br\/ecobraziliense\/","name":"Eco Braziliense","description":"Espa\u00e7o dedicado \u00e0 cobertura da transi\u00e7\u00e3o ecol\u00f3gica no Brasil e no mundo. Reportagens, an\u00e1lises e entrevistas sobre economia verde, transi\u00e7\u00e3o energ\u00e9tica e neg\u00f3cios sustent\u00e1veis.","publisher":{"@id":"https:\/\/newblogs.correiobraziliense.com.br\/ecobraziliense\/#organization"},"potentialAction":[{"@type":"SearchAction","target":{"@type":"EntryPoint","urlTemplate":"https:\/\/newblogs.correiobraziliense.com.br\/ecobraziliense\/?s={search_term_string}"},"query-input":{"@type":"PropertyValueSpecification","valueRequired":true,"valueName":"search_term_string"}}],"inLanguage":"pt-BR"},{"@type":"Organization","@id":"https:\/\/newblogs.correiobraziliense.com.br\/ecobraziliense\/#organization","name":"Correio Braziliense","url":"https:\/\/newblogs.correiobraziliense.com.br\/ecobraziliense\/","logo":{"@type":"ImageObject","inLanguage":"pt-BR","@id":"https:\/\/newblogs.correiobraziliense.com.br\/ecobraziliense\/#\/schema\/logo\/image\/","url":"https:\/\/newblogs.correiobraziliense.com.br\/ecobraziliense\/wp-content\/uploads\/sites\/7\/2025\/08\/cropped-1.png","contentUrl":"https:\/\/newblogs.correiobraziliense.com.br\/ecobraziliense\/wp-content\/uploads\/sites\/7\/2025\/08\/cropped-1.png","width":1000,"height":250,"caption":"Correio Braziliense"},"image":{"@id":"https:\/\/newblogs.correiobraziliense.com.br\/ecobraziliense\/#\/schema\/logo\/image\/"}},{"@type":"Person","@id":"https:\/\/newblogs.correiobraziliense.com.br\/ecobraziliense\/#\/schema\/person\/2cae9fb7496bd90af27178d00e4f6683","name":"Rafaela Gon\u00e7alves","image":{"@type":"ImageObject","inLanguage":"pt-BR","@id":"https:\/\/secure.gravatar.com\/avatar\/576f01ed42806765a18f53a22440885b3e08ed7db0a264f840ec23b34509b8b1?s=96&d=mm&r=g","url":"https:\/\/secure.gravatar.com\/avatar\/576f01ed42806765a18f53a22440885b3e08ed7db0a264f840ec23b34509b8b1?s=96&d=mm&r=g","contentUrl":"https:\/\/secure.gravatar.com\/avatar\/576f01ed42806765a18f53a22440885b3e08ed7db0a264f840ec23b34509b8b1?s=96&d=mm&r=g","caption":"Rafaela Gon\u00e7alves"},"description":"Jornalista formada pela Universidade Cat\u00f3lica de Bras\u00edlia (UCB), com especializa\u00e7\u00e3o em Economia pela Saint Paul Escola de Neg\u00f3cios e atualmente cursando MBA em Gest\u00e3o Ambiental e Sustentabilidade na Universidade de Uberaba (Uniube). Atua na cobertura pol\u00edtica em Bras\u00edlia desde 2018, com foco em temas de impacto socioambiental e econ\u00f4mico.","url":"https:\/\/newblogs.correiobraziliense.com.br\/ecobraziliense\/author\/rafaelagoncalves\/"}]}},"_links":{"self":[{"href":"https:\/\/newblogs.correiobraziliense.com.br\/ecobraziliense\/wp-json\/wp\/v2\/posts\/41","targetHints":{"allow":["GET"]}}],"collection":[{"href":"https:\/\/newblogs.correiobraziliense.com.br\/ecobraziliense\/wp-json\/wp\/v2\/posts"}],"about":[{"href":"https:\/\/newblogs.correiobraziliense.com.br\/ecobraziliense\/wp-json\/wp\/v2\/types\/post"}],"author":[{"embeddable":true,"href":"https:\/\/newblogs.correiobraziliense.com.br\/ecobraziliense\/wp-json\/wp\/v2\/users\/23"}],"replies":[{"embeddable":true,"href":"https:\/\/newblogs.correiobraziliense.com.br\/ecobraziliense\/wp-json\/wp\/v2\/comments?post=41"}],"version-history":[{"count":5,"href":"https:\/\/newblogs.correiobraziliense.com.br\/ecobraziliense\/wp-json\/wp\/v2\/posts\/41\/revisions"}],"predecessor-version":[{"id":49,"href":"https:\/\/newblogs.correiobraziliense.com.br\/ecobraziliense\/wp-json\/wp\/v2\/posts\/41\/revisions\/49"}],"wp:featuredmedia":[{"embeddable":true,"href":"https:\/\/newblogs.correiobraziliense.com.br\/ecobraziliense\/wp-json\/wp\/v2\/media\/45"}],"wp:attachment":[{"href":"https:\/\/newblogs.correiobraziliense.com.br\/ecobraziliense\/wp-json\/wp\/v2\/media?parent=41"}],"wp:term":[{"taxonomy":"category","embeddable":true,"href":"https:\/\/newblogs.correiobraziliense.com.br\/ecobraziliense\/wp-json\/wp\/v2\/categories?post=41"},{"taxonomy":"post_tag","embeddable":true,"href":"https:\/\/newblogs.correiobraziliense.com.br\/ecobraziliense\/wp-json\/wp\/v2\/tags?post=41"}],"curies":[{"name":"wp","href":"https:\/\/api.w.org\/{rel}","templated":true}]}}