{"id":400,"date":"2026-03-04T13:56:12","date_gmt":"2026-03-04T16:56:12","guid":{"rendered":"https:\/\/newblogs.correiobraziliense.com.br\/ecobraziliense\/?p=400"},"modified":"2026-03-04T14:45:22","modified_gmt":"2026-03-04T17:45:22","slug":"serrinha-do-paranoa-vira-foco-de-disputa-ambiental-em-meio-a-crise-do-brb","status":"publish","type":"post","link":"https:\/\/newblogs.correiobraziliense.com.br\/ecobraziliense\/serrinha-do-paranoa-vira-foco-de-disputa-ambiental-em-meio-a-crise-do-brb\/","title":{"rendered":"Serrinha do Parano\u00e1 vira foco de disputa ambiental em meio \u00e0 crise do BRB"},"content":{"rendered":"\n<p>A Serrinha do Parano\u00e1, uma das \u00e1reas ambientais mais estrat\u00e9gicas do Distrito Federal, voltou ao centro de uma disputa que re\u00fane interesses imobili\u00e1rios e a situa\u00e7\u00e3o financeira do Banco de Bras\u00edlia (BRB), que pretende utilizar terrenos p\u00fablicos como garantia em meio aos desdobramentos da crise envolvendo o Banco Master.<\/p>\n\n\n\n<p>Localizada nas proximidades do Plano Piloto, a regi\u00e3o concentra mais de <a href=\"https:\/\/www.correiobraziliense.com.br\/cidades-df\/2025\/11\/7292812-secretaria-de-agricultura-alerta-para-degradacao-de-nascentes-no-df.html\">100 nascentes que alimentam o Lago Parano\u00e1<\/a> e integram o sistema respons\u00e1vel pelo abastecimento de \u00e1gua da capital. Especialistas apontam que a \u00e1rea desempenha papel essencial no equil\u00edbrio do DF, funcionando como uma esponja natural que absorve \u00e1gua no per\u00edodo chuvoso e libera gradualmente durante a estiagem, garantindo estabilidade ao fluxo h\u00eddrico.<\/p>\n\n\n\n<ul class=\"wp-block-list\">\n<li><strong>Leia tamb\u00e9m: <a href=\"https:\/\/www.correiobraziliense.com.br\/cidades-df\/2026\/02\/7362329-terreno-da-farmacia-central-vira-garantia-para-salvar-o-brb.html\">Terreno da Farm\u00e1cia Central vira garantia para salvar o BRB<\/a><\/strong><\/li>\n<\/ul>\n\n\n\n<p>Apesar da relev\u00e2ncia ambiental, a Serrinha figura entre os nove terrenos p\u00fablicos inclu\u00eddos no projeto aprovado nesta ter\u00e7a-feira (4\/3) pela C\u00e2mara Legislativa do Distrito Federal (CLDF). A proposta autoriza a destina\u00e7\u00e3o dessas \u00e1reas como forma de compensar preju\u00edzos relacionados ao BRB.<\/p>\n\n\n\n<p>A vota\u00e7\u00e3o ocorreu sob <a href=\"https:\/\/www.correiobraziliense.com.br\/cidades-df\/2026\/03\/7367219-servidores-da-caesb-protestam-contra-usar-terreno-da-companhia-para-salvar-brb.html\">protestos de trabalhadores da Companhia de Saneamento Ambiental do Distrito Federal (Caesb)<\/a> e aprofundou o embate entre a tentativa de equacionar a crise financeira do banco e a preserva\u00e7\u00e3o de \u00e1reas consideradas estrat\u00e9gicas para o equil\u00edbrio ambiental e a seguran\u00e7a h\u00eddrica da capital.<\/p>\n\n\n\n<p>Cr\u00edticos do governo afirmam que a medida abre brecha para explora\u00e7\u00e3o imobili\u00e1ria de \u00e1reas sens\u00edveis e representa a transfer\u00eancia de patrim\u00f4nio p\u00fablico para mitigar perdas financeiras. Segundo opositores ao governador Ibaneis Rocha (MDB), a proposta pode comprometer ativos estrat\u00e9gicos do DF para solucionar problemas de gest\u00e3o do banco.<\/p>\n\n\n\n<p><strong>Seguran\u00e7a h\u00eddrica\u00a0<\/strong><\/p>\n\n\n\n<p>Ambientalistas e movimentos sociais alertam que <a href=\"https:\/\/www.correiobraziliense.com.br\/opiniao\/2025\/10\/7267215-cuidar-da-serrinha-do-paranoa-para-ter-agua-no-df.html\">qualquer flexibiliza\u00e7\u00e3o sobre a Serrinha do Parano\u00e1<\/a> pode comprometer o sistema h\u00eddrico da capital e agravar impactos no Cerrado, bioma j\u00e1 pressionado pela expans\u00e3o urbana. Eles defendem maior fiscaliza\u00e7\u00e3o da C\u00e2mara e a manuten\u00e7\u00e3o do grau de prote\u00e7\u00e3o da \u00e1rea, ressaltando que a preserva\u00e7\u00e3o \u00e9 estrat\u00e9gica n\u00e3o apenas do ponto de vista ambiental, mas tamb\u00e9m para a seguran\u00e7a h\u00eddrica do DF, especialmente diante do aumento da frequ\u00eancia de eventos clim\u00e1ticos extremos.<\/p>\n\n\n\n<p>De acordo com Raphael Sebba, mestre em Planejamento Urbano pela UnB e ativista ambiental, a Serrinha est\u00e1 entre as \u00e1reas remanescentes de cerrado mais importantes do DF e desempenha papel crucial no equil\u00edbrio h\u00eddrico da regi\u00e3o.&nbsp;<\/p>\n\n\n\n<p>&#8220;Ela at\u00e9 tem atividades produtivas, mas muito baseadas em agroecologia, em sistemas regenerativos que respeitam o ciclo natural do cerrado&#8221;, explica. Segundo ele, a \u00e1rea concentra cerca de 100 nascentes, respons\u00e1veis por 20% a 30% da \u00e1gua do Lago Parano\u00e1, que integra o sistema de abastecimento do Distrito Federal.<\/p>\n\n\n\n<p>Al\u00e9m de sua fun\u00e7\u00e3o h\u00eddrica, a Serrinha atua como reguladora ambiental. &#8220;Ela cumpre um papel muito importante de reten\u00e7\u00e3o das \u00e1guas durante o per\u00edodo de chuva e de fornecimento durante a estiagem, al\u00e9m de influenciar o microclima do entorno, equilibrando calor e temperatura&#8221;, afirma Sebba.&nbsp;<\/p>\n\n\n\n<p>Para o ambientalista, a destina\u00e7\u00e3o da \u00e1rea \u00e0 explora\u00e7\u00e3o imobili\u00e1ria \u00e9 alarmante. &#8220;\u00c9 grav\u00edssimo o que a gente est\u00e1 assistindo. N\u00e3o deveria nunca ser entregue para especula\u00e7\u00e3o imobili\u00e1ria ou explora\u00e7\u00e3o econ\u00f4mica que desconsidera toda a sua import\u00e2ncia ambiental, clim\u00e1tica, social e cultural&#8221;, disse Sebba, que ressalta que o contexto financeiro do BRB n\u00e3o justifica comprometer um patrim\u00f4nio estrat\u00e9gico do Distrito Federal.<\/p>\n\n\n\n<p>Com a aprova\u00e7\u00e3o do projeto, a expectativa \u00e9 que o debate se concentre na regulamenta\u00e7\u00e3o e em poss\u00edveis desdobramentos jur\u00eddicos, enquanto aumenta a press\u00e3o popular sobre parlamentares e governo.<\/p>\n\n\n\n\n","protected":false},"excerpt":{"rendered":"<p>\u00c1rea com mais de 100 nascentes que abastecem o Lago Parano\u00e1 est\u00e1 entre terrenos p\u00fablicos inclu\u00eddos no projeto para compensar preju\u00edzos do banco<\/p>\n","protected":false},"author":23,"featured_media":406,"comment_status":"closed","ping_status":"open","sticky":false,"template":"","format":"standard","meta":{"_acf_changed":false,"inline_featured_image":false,"footnotes":""},"categories":[150],"tags":[210,211,212,209],"class_list":["post-400","post","type-post","status-publish","format-standard","has-post-thumbnail","hentry","category-meio-ambiente","tag-brb","tag-caso-master","tag-cldf","tag-serrinha-do-paranoa"],"acf":[],"yoast_head":"<!-- This site is optimized with the Yoast SEO plugin v27.3 - https:\/\/yoast.com\/product\/yoast-seo-wordpress\/ -->\n<title>Serrinha do Parano\u00e1 vira foco de disputa ambiental em meio \u00e0 crise do BRB | Eco Braziliense<\/title>\n<meta name=\"description\" content=\"\u00c1rea com mais de 100 nascentes que abastecem o Lago Parano\u00e1 est\u00e1 entre terrenos p\u00fablicos inclu\u00eddos no projeto para compensar preju\u00edzos do banco\" \/>\n<meta name=\"robots\" content=\"index, follow, max-snippet:-1, max-image-preview:large, max-video-preview:-1\" \/>\n<link rel=\"canonical\" href=\"https:\/\/newblogs.correiobraziliense.com.br\/ecobraziliense\/serrinha-do-paranoa-vira-foco-de-disputa-ambiental-em-meio-a-crise-do-brb\/\" \/>\n<meta property=\"og:locale\" content=\"pt_BR\" \/>\n<meta property=\"og:type\" content=\"article\" \/>\n<meta property=\"og:title\" content=\"Serrinha do Parano\u00e1 vira foco de disputa ambiental em meio \u00e0 crise do BRB | Eco Braziliense\" \/>\n<meta property=\"og:description\" content=\"\u00c1rea com mais de 100 nascentes que abastecem o Lago Parano\u00e1 est\u00e1 entre terrenos p\u00fablicos inclu\u00eddos no projeto para compensar preju\u00edzos do banco\" \/>\n<meta property=\"og:url\" content=\"https:\/\/newblogs.correiobraziliense.com.br\/ecobraziliense\/serrinha-do-paranoa-vira-foco-de-disputa-ambiental-em-meio-a-crise-do-brb\/\" \/>\n<meta property=\"og:site_name\" content=\"Eco Braziliense\" \/>\n<meta property=\"article:published_time\" content=\"2026-03-04T16:56:12+00:00\" \/>\n<meta property=\"article:modified_time\" content=\"2026-03-04T17:45:22+00:00\" \/>\n<meta property=\"og:image\" content=\"https:\/\/newblogs.correiobraziliense.com.br\/ecobraziliense\/wp-content\/uploads\/sites\/7\/2026\/03\/16.12.-Materia-Seagri.-Foto-Valmor-Pazos-Filho-Divulgacao.jpeg\" \/>\n\t<meta property=\"og:image:width\" content=\"800\" \/>\n\t<meta property=\"og:image:height\" content=\"533\" \/>\n\t<meta property=\"og:image:type\" content=\"image\/jpeg\" \/>\n<meta name=\"author\" content=\"Rafaela Gon\u00e7alves\" \/>\n<!-- \/ Yoast SEO plugin. -->","yoast_head_json":{"title":"Serrinha do Parano\u00e1 vira foco de disputa ambiental em meio \u00e0 crise do BRB | Eco Braziliense","description":"\u00c1rea com mais de 100 nascentes que abastecem o Lago Parano\u00e1 est\u00e1 entre terrenos p\u00fablicos inclu\u00eddos no projeto para compensar preju\u00edzos do banco","robots":{"index":"index","follow":"follow","max-snippet":"max-snippet:-1","max-image-preview":"max-image-preview:large","max-video-preview":"max-video-preview:-1"},"canonical":"https:\/\/newblogs.correiobraziliense.com.br\/ecobraziliense\/serrinha-do-paranoa-vira-foco-de-disputa-ambiental-em-meio-a-crise-do-brb\/","og_locale":"pt_BR","og_type":"article","og_title":"Serrinha do Parano\u00e1 vira foco de disputa ambiental em meio \u00e0 crise do BRB | Eco Braziliense","og_description":"\u00c1rea com mais de 100 nascentes que abastecem o Lago Parano\u00e1 est\u00e1 entre terrenos p\u00fablicos inclu\u00eddos no projeto para compensar preju\u00edzos do banco","og_url":"https:\/\/newblogs.correiobraziliense.com.br\/ecobraziliense\/serrinha-do-paranoa-vira-foco-de-disputa-ambiental-em-meio-a-crise-do-brb\/","og_site_name":"Eco Braziliense","article_published_time":"2026-03-04T16:56:12+00:00","article_modified_time":"2026-03-04T17:45:22+00:00","og_image":[{"width":800,"height":533,"url":"https:\/\/newblogs.correiobraziliense.com.br\/ecobraziliense\/wp-content\/uploads\/sites\/7\/2026\/03\/16.12.-Materia-Seagri.-Foto-Valmor-Pazos-Filho-Divulgacao.jpeg","type":"image\/jpeg"}],"author":"Rafaela Gon\u00e7alves","schema":{"@context":"https:\/\/schema.org","@graph":[{"@type":"NewsArticle","@id":"https:\/\/newblogs.correiobraziliense.com.br\/ecobraziliense\/serrinha-do-paranoa-vira-foco-de-disputa-ambiental-em-meio-a-crise-do-brb\/#article","isPartOf":{"@id":"https:\/\/newblogs.correiobraziliense.com.br\/ecobraziliense\/serrinha-do-paranoa-vira-foco-de-disputa-ambiental-em-meio-a-crise-do-brb\/"},"author":{"name":"Rafaela Gon\u00e7alves","@id":"https:\/\/newblogs.correiobraziliense.com.br\/ecobraziliense\/#\/schema\/person\/2cae9fb7496bd90af27178d00e4f6683"},"headline":"Serrinha do Parano\u00e1 vira foco de disputa ambiental em meio \u00e0 crise do BRB","datePublished":"2026-03-04T16:56:12+00:00","dateModified":"2026-03-04T17:45:22+00:00","mainEntityOfPage":{"@id":"https:\/\/newblogs.correiobraziliense.com.br\/ecobraziliense\/serrinha-do-paranoa-vira-foco-de-disputa-ambiental-em-meio-a-crise-do-brb\/"},"wordCount":645,"publisher":{"@id":"https:\/\/newblogs.correiobraziliense.com.br\/ecobraziliense\/#organization"},"image":{"@id":"https:\/\/newblogs.correiobraziliense.com.br\/ecobraziliense\/serrinha-do-paranoa-vira-foco-de-disputa-ambiental-em-meio-a-crise-do-brb\/#primaryimage"},"thumbnailUrl":"https:\/\/newblogs.correiobraziliense.com.br\/ecobraziliense\/wp-content\/uploads\/sites\/7\/2026\/03\/16.12.-Materia-Seagri.-Foto-Valmor-Pazos-Filho-Divulgacao.jpeg","keywords":["BRB","Caso Master","CLDF","Serrinha do Parano\u00e1"],"articleSection":["Meio ambiente"],"inLanguage":"pt-BR"},{"@type":"WebPage","@id":"https:\/\/newblogs.correiobraziliense.com.br\/ecobraziliense\/serrinha-do-paranoa-vira-foco-de-disputa-ambiental-em-meio-a-crise-do-brb\/","url":"https:\/\/newblogs.correiobraziliense.com.br\/ecobraziliense\/serrinha-do-paranoa-vira-foco-de-disputa-ambiental-em-meio-a-crise-do-brb\/","name":"Serrinha do Parano\u00e1 vira foco de disputa ambiental em meio \u00e0 crise do BRB | Eco Braziliense","isPartOf":{"@id":"https:\/\/newblogs.correiobraziliense.com.br\/ecobraziliense\/#website"},"primaryImageOfPage":{"@id":"https:\/\/newblogs.correiobraziliense.com.br\/ecobraziliense\/serrinha-do-paranoa-vira-foco-de-disputa-ambiental-em-meio-a-crise-do-brb\/#primaryimage"},"image":{"@id":"https:\/\/newblogs.correiobraziliense.com.br\/ecobraziliense\/serrinha-do-paranoa-vira-foco-de-disputa-ambiental-em-meio-a-crise-do-brb\/#primaryimage"},"thumbnailUrl":"https:\/\/newblogs.correiobraziliense.com.br\/ecobraziliense\/wp-content\/uploads\/sites\/7\/2026\/03\/16.12.-Materia-Seagri.-Foto-Valmor-Pazos-Filho-Divulgacao.jpeg","datePublished":"2026-03-04T16:56:12+00:00","dateModified":"2026-03-04T17:45:22+00:00","description":"\u00c1rea com mais de 100 nascentes que abastecem o Lago Parano\u00e1 est\u00e1 entre terrenos p\u00fablicos inclu\u00eddos no projeto para compensar preju\u00edzos do banco","breadcrumb":{"@id":"https:\/\/newblogs.correiobraziliense.com.br\/ecobraziliense\/serrinha-do-paranoa-vira-foco-de-disputa-ambiental-em-meio-a-crise-do-brb\/#breadcrumb"},"inLanguage":"pt-BR","potentialAction":[{"@type":"ReadAction","target":["https:\/\/newblogs.correiobraziliense.com.br\/ecobraziliense\/serrinha-do-paranoa-vira-foco-de-disputa-ambiental-em-meio-a-crise-do-brb\/"]}]},{"@type":"ImageObject","inLanguage":"pt-BR","@id":"https:\/\/newblogs.correiobraziliense.com.br\/ecobraziliense\/serrinha-do-paranoa-vira-foco-de-disputa-ambiental-em-meio-a-crise-do-brb\/#primaryimage","url":"https:\/\/newblogs.correiobraziliense.com.br\/ecobraziliense\/wp-content\/uploads\/sites\/7\/2026\/03\/16.12.-Materia-Seagri.-Foto-Valmor-Pazos-Filho-Divulgacao.jpeg","contentUrl":"https:\/\/newblogs.correiobraziliense.com.br\/ecobraziliense\/wp-content\/uploads\/sites\/7\/2026\/03\/16.12.-Materia-Seagri.-Foto-Valmor-Pazos-Filho-Divulgacao.jpeg","width":800,"height":533,"caption":"Projeto autoriza a destina\u00e7\u00e3o da \u00e1rea como forma de compensar preju\u00edzos relacionados ao BRB. Foto: Ag\u00eancia Bras\u00edlia."},{"@type":"BreadcrumbList","@id":"https:\/\/newblogs.correiobraziliense.com.br\/ecobraziliense\/serrinha-do-paranoa-vira-foco-de-disputa-ambiental-em-meio-a-crise-do-brb\/#breadcrumb","itemListElement":[{"@type":"ListItem","position":1,"name":"In\u00edcio","item":"https:\/\/newblogs.correiobraziliense.com.br\/ecobraziliense\/"},{"@type":"ListItem","position":2,"name":"Meio ambiente","item":"https:\/\/newblogs.correiobraziliense.com.br\/ecobraziliense\/meio-ambiente\/"},{"@type":"ListItem","position":3,"name":"Serrinha do Parano\u00e1 vira foco de disputa ambiental em meio \u00e0 crise do BRB"}]},{"@type":"WebSite","@id":"https:\/\/newblogs.correiobraziliense.com.br\/ecobraziliense\/#website","url":"https:\/\/newblogs.correiobraziliense.com.br\/ecobraziliense\/","name":"Eco Braziliense","description":"Espa\u00e7o dedicado \u00e0 cobertura da transi\u00e7\u00e3o ecol\u00f3gica no Brasil e no mundo. Reportagens, an\u00e1lises e entrevistas sobre economia verde, transi\u00e7\u00e3o energ\u00e9tica e neg\u00f3cios sustent\u00e1veis.","publisher":{"@id":"https:\/\/newblogs.correiobraziliense.com.br\/ecobraziliense\/#organization"},"potentialAction":[{"@type":"SearchAction","target":{"@type":"EntryPoint","urlTemplate":"https:\/\/newblogs.correiobraziliense.com.br\/ecobraziliense\/?s={search_term_string}"},"query-input":{"@type":"PropertyValueSpecification","valueRequired":true,"valueName":"search_term_string"}}],"inLanguage":"pt-BR"},{"@type":"Organization","@id":"https:\/\/newblogs.correiobraziliense.com.br\/ecobraziliense\/#organization","name":"Correio Braziliense","url":"https:\/\/newblogs.correiobraziliense.com.br\/ecobraziliense\/","logo":{"@type":"ImageObject","inLanguage":"pt-BR","@id":"https:\/\/newblogs.correiobraziliense.com.br\/ecobraziliense\/#\/schema\/logo\/image\/","url":"https:\/\/newblogs.correiobraziliense.com.br\/ecobraziliense\/wp-content\/uploads\/sites\/7\/2025\/08\/cropped-1.png","contentUrl":"https:\/\/newblogs.correiobraziliense.com.br\/ecobraziliense\/wp-content\/uploads\/sites\/7\/2025\/08\/cropped-1.png","width":1000,"height":250,"caption":"Correio Braziliense"},"image":{"@id":"https:\/\/newblogs.correiobraziliense.com.br\/ecobraziliense\/#\/schema\/logo\/image\/"}},{"@type":"Person","@id":"https:\/\/newblogs.correiobraziliense.com.br\/ecobraziliense\/#\/schema\/person\/2cae9fb7496bd90af27178d00e4f6683","name":"Rafaela Gon\u00e7alves","image":{"@type":"ImageObject","inLanguage":"pt-BR","@id":"https:\/\/secure.gravatar.com\/avatar\/576f01ed42806765a18f53a22440885b3e08ed7db0a264f840ec23b34509b8b1?s=96&d=mm&r=g","url":"https:\/\/secure.gravatar.com\/avatar\/576f01ed42806765a18f53a22440885b3e08ed7db0a264f840ec23b34509b8b1?s=96&d=mm&r=g","contentUrl":"https:\/\/secure.gravatar.com\/avatar\/576f01ed42806765a18f53a22440885b3e08ed7db0a264f840ec23b34509b8b1?s=96&d=mm&r=g","caption":"Rafaela Gon\u00e7alves"},"description":"Jornalista formada pela Universidade Cat\u00f3lica de Bras\u00edlia (UCB), com especializa\u00e7\u00e3o em Economia pela Saint Paul Escola de Neg\u00f3cios e atualmente cursando MBA em Gest\u00e3o Ambiental e Sustentabilidade na Universidade de Uberaba (Uniube). Atua na cobertura pol\u00edtica em Bras\u00edlia desde 2018, com foco em temas de impacto socioambiental e econ\u00f4mico.","url":"https:\/\/newblogs.correiobraziliense.com.br\/ecobraziliense\/author\/rafaelagoncalves\/"}]}},"_links":{"self":[{"href":"https:\/\/newblogs.correiobraziliense.com.br\/ecobraziliense\/wp-json\/wp\/v2\/posts\/400","targetHints":{"allow":["GET"]}}],"collection":[{"href":"https:\/\/newblogs.correiobraziliense.com.br\/ecobraziliense\/wp-json\/wp\/v2\/posts"}],"about":[{"href":"https:\/\/newblogs.correiobraziliense.com.br\/ecobraziliense\/wp-json\/wp\/v2\/types\/post"}],"author":[{"embeddable":true,"href":"https:\/\/newblogs.correiobraziliense.com.br\/ecobraziliense\/wp-json\/wp\/v2\/users\/23"}],"replies":[{"embeddable":true,"href":"https:\/\/newblogs.correiobraziliense.com.br\/ecobraziliense\/wp-json\/wp\/v2\/comments?post=400"}],"version-history":[{"count":7,"href":"https:\/\/newblogs.correiobraziliense.com.br\/ecobraziliense\/wp-json\/wp\/v2\/posts\/400\/revisions"}],"predecessor-version":[{"id":412,"href":"https:\/\/newblogs.correiobraziliense.com.br\/ecobraziliense\/wp-json\/wp\/v2\/posts\/400\/revisions\/412"}],"wp:featuredmedia":[{"embeddable":true,"href":"https:\/\/newblogs.correiobraziliense.com.br\/ecobraziliense\/wp-json\/wp\/v2\/media\/406"}],"wp:attachment":[{"href":"https:\/\/newblogs.correiobraziliense.com.br\/ecobraziliense\/wp-json\/wp\/v2\/media?parent=400"}],"wp:term":[{"taxonomy":"category","embeddable":true,"href":"https:\/\/newblogs.correiobraziliense.com.br\/ecobraziliense\/wp-json\/wp\/v2\/categories?post=400"},{"taxonomy":"post_tag","embeddable":true,"href":"https:\/\/newblogs.correiobraziliense.com.br\/ecobraziliense\/wp-json\/wp\/v2\/tags?post=400"}],"curies":[{"name":"wp","href":"https:\/\/api.w.org\/{rel}","templated":true}]}}