{"id":393,"date":"2026-03-02T15:07:26","date_gmt":"2026-03-02T18:07:26","guid":{"rendered":"https:\/\/newblogs.correiobraziliense.com.br\/ecobraziliense\/?p=393"},"modified":"2026-03-02T15:07:27","modified_gmt":"2026-03-02T18:07:27","slug":"crise-no-oriente-medio-mostra-por-que-o-mundo-precisa-deixar-o-petroleo","status":"publish","type":"post","link":"https:\/\/newblogs.correiobraziliense.com.br\/ecobraziliense\/crise-no-oriente-medio-mostra-por-que-o-mundo-precisa-deixar-o-petroleo\/","title":{"rendered":"Crise no Oriente M\u00e9dio mostra por que o mundo precisa deixar o petr\u00f3leo"},"content":{"rendered":"\n<p>A escalada militar envolvendo Ir\u00e3, Israel e os Estados Unidos voltou a pressionar os mercados internacionais de petr\u00f3leo. Mesmo sem interrup\u00e7\u00e3o formal no abastecimento, o barril do Brent subiu de cerca de US$ 68 para US$ 76 nos \u00faltimos dias, refletindo o aumento do risco geopol\u00edtico.<\/p>\n\n\n\n<p>O principal foco de tens\u00e3o \u00e9 o <a href=\"https:\/\/www.correiobraziliense.com.br\/economia\/2026\/03\/7365530-estreito-de-ormuz-a-importancia-da-regiao-para-o-petroleo-mundial.html\">Estreito de Ormuz, por onde passa aproximadamente 20% do petr\u00f3leo comercializado no mundo.<\/a> A amea\u00e7a de bloqueio da rota, ap\u00f3s ataques na regi\u00e3o e a redu\u00e7\u00e3o do tr\u00e1fego de petroleiros, foi suficiente para elevar os pre\u00e7os. No mercado de energia, a expectativa de escassez pesa tanto quanto a escassez real.<\/p>\n\n\n\n<p>O epis\u00f3dio refor\u00e7a a vulnerabilidade estrutural da economia global. O petr\u00f3leo, al\u00e9m de commodity, \u00e9 instrumento de poder. Cerca de 75% da popula\u00e7\u00e3o mundial vive em pa\u00edses dependentes de importa\u00e7\u00e3o do combust\u00edvel. Crises anteriores, como o embargo de 1973 coordenado pela Organiza\u00e7\u00e3o dos Pa\u00edses Exportadores de Petr\u00f3leo, demonstraram como restri\u00e7\u00f5es de oferta podem gerar recess\u00e3o e infla\u00e7\u00e3o.<\/p>\n\n\n\n<p>A l\u00f3gica permanece. Tens\u00f5es em pontos estrat\u00e9gicos, como o Golfo P\u00e9rsico, elevam o chamado \u201cpr\u00eamio de risco\u201d e afetam cadeias produtivas em escala global. O impacto se espalha rapidamente, com consumidores correndo para abastecer e governos revisando proje\u00e7\u00f5es econ\u00f4micas.<\/p>\n\n\n\n<p>Diante desse cen\u00e1rio, a transi\u00e7\u00e3o energ\u00e9tica deixa de ser apenas uma pauta ambiental para assumir car\u00e1ter estrat\u00e9gico. Pa\u00edses com diferentes perfis econ\u00f4micos, de Cuba \u00e0 Eti\u00f3pia, passando pela pr\u00f3pria Ucr\u00e2nia, aceleram planos para diversificar matrizes, ampliar renov\u00e1veis e reduzir a depend\u00eancia de combust\u00edveis f\u00f3sseis importados. Seguran\u00e7a energ\u00e9tica e descarboniza\u00e7\u00e3o passam a convergir.<\/p>\n\n\n\n<p>O conflito atual evidencia uma realidade persistente. Enquanto o mundo depender fortemente do petr\u00f3leo, sua estabilidade econ\u00f4mica estar\u00e1 sujeita a choques geopol\u00edticos. A volatilidade de pre\u00e7os, o risco de desabastecimento e o uso estrat\u00e9gico da energia como arma diplom\u00e1tica refor\u00e7am a import\u00e2ncia de investimentos em fontes renov\u00e1veis, eletrifica\u00e7\u00e3o de transportes e efici\u00eancia energ\u00e9tica.<\/p>\n\n\n\n<p>Mais do que uma resposta \u00e0 crise clim\u00e1tica, abandonar gradualmente o petr\u00f3leo tornou-se uma quest\u00e3o de soberania e resili\u00eancia econ\u00f4mica. Cada barril menos dependente de rotas vulner\u00e1veis como o Estreito de Ormuz representa n\u00e3o apenas menos emiss\u00f5es, mas tamb\u00e9m menos exposi\u00e7\u00e3o a conflitos que, a qualquer momento, podem sacudir os mercados globais.<\/p>\n","protected":false},"excerpt":{"rendered":"<p>Alta no petr\u00f3leo e tens\u00e3o no Estreito de Ormuz exp\u00f5em vulnerabilidade global e refor\u00e7am a urg\u00eancia da transi\u00e7\u00e3o energ\u00e9tica<\/p>\n","protected":false},"author":23,"featured_media":394,"comment_status":"closed","ping_status":"open","sticky":false,"template":"","format":"standard","meta":{"_acf_changed":false,"inline_featured_image":false,"footnotes":""},"categories":[61],"tags":[206,207,120,24],"class_list":["post-393","post","type-post","status-publish","format-standard","has-post-thumbnail","hentry","category-analise","tag-crise-no-oriente-medio","tag-estreito-de-ormuz","tag-petroleo","tag-transicao-energetica"],"acf":[],"yoast_head":"<!-- This site is optimized with the Yoast SEO plugin v27.3 - https:\/\/yoast.com\/product\/yoast-seo-wordpress\/ -->\n<title>Crise no Oriente M\u00e9dio mostra por que o mundo precisa deixar o petr\u00f3leo | Eco Braziliense<\/title>\n<meta name=\"description\" content=\"Alta no petr\u00f3leo e tens\u00e3o no Estreito de Ormuz exp\u00f5em vulnerabilidade global e refor\u00e7am a urg\u00eancia da transi\u00e7\u00e3o energ\u00e9tica\" \/>\n<meta name=\"robots\" content=\"index, follow, max-snippet:-1, max-image-preview:large, max-video-preview:-1\" \/>\n<link rel=\"canonical\" href=\"https:\/\/newblogs.correiobraziliense.com.br\/ecobraziliense\/crise-no-oriente-medio-mostra-por-que-o-mundo-precisa-deixar-o-petroleo\/\" \/>\n<meta property=\"og:locale\" content=\"pt_BR\" \/>\n<meta property=\"og:type\" content=\"article\" \/>\n<meta property=\"og:title\" content=\"Crise no Oriente M\u00e9dio mostra por que o mundo precisa deixar o petr\u00f3leo | Eco Braziliense\" \/>\n<meta property=\"og:description\" content=\"Alta no petr\u00f3leo e tens\u00e3o no Estreito de Ormuz exp\u00f5em vulnerabilidade global e refor\u00e7am a urg\u00eancia da transi\u00e7\u00e3o energ\u00e9tica\" \/>\n<meta property=\"og:url\" content=\"https:\/\/newblogs.correiobraziliense.com.br\/ecobraziliense\/crise-no-oriente-medio-mostra-por-que-o-mundo-precisa-deixar-o-petroleo\/\" \/>\n<meta property=\"og:site_name\" content=\"Eco Braziliense\" \/>\n<meta property=\"article:published_time\" content=\"2026-03-02T18:07:26+00:00\" \/>\n<meta property=\"article:modified_time\" content=\"2026-03-02T18:07:27+00:00\" \/>\n<meta property=\"og:image\" content=\"https:\/\/newblogs.correiobraziliense.com.br\/ecobraziliense\/wp-content\/uploads\/sites\/7\/2026\/03\/trbr9401-1.webp\" \/>\n\t<meta property=\"og:image:width\" content=\"1024\" \/>\n\t<meta property=\"og:image:height\" content=\"768\" \/>\n\t<meta property=\"og:image:type\" content=\"image\/webp\" \/>\n<meta name=\"author\" content=\"Rafaela Gon\u00e7alves\" \/>\n<!-- \/ Yoast SEO plugin. -->","yoast_head_json":{"title":"Crise no Oriente M\u00e9dio mostra por que o mundo precisa deixar o petr\u00f3leo | Eco Braziliense","description":"Alta no petr\u00f3leo e tens\u00e3o no Estreito de Ormuz exp\u00f5em vulnerabilidade global e refor\u00e7am a urg\u00eancia da transi\u00e7\u00e3o energ\u00e9tica","robots":{"index":"index","follow":"follow","max-snippet":"max-snippet:-1","max-image-preview":"max-image-preview:large","max-video-preview":"max-video-preview:-1"},"canonical":"https:\/\/newblogs.correiobraziliense.com.br\/ecobraziliense\/crise-no-oriente-medio-mostra-por-que-o-mundo-precisa-deixar-o-petroleo\/","og_locale":"pt_BR","og_type":"article","og_title":"Crise no Oriente M\u00e9dio mostra por que o mundo precisa deixar o petr\u00f3leo | Eco Braziliense","og_description":"Alta no petr\u00f3leo e tens\u00e3o no Estreito de Ormuz exp\u00f5em vulnerabilidade global e refor\u00e7am a urg\u00eancia da transi\u00e7\u00e3o energ\u00e9tica","og_url":"https:\/\/newblogs.correiobraziliense.com.br\/ecobraziliense\/crise-no-oriente-medio-mostra-por-que-o-mundo-precisa-deixar-o-petroleo\/","og_site_name":"Eco Braziliense","article_published_time":"2026-03-02T18:07:26+00:00","article_modified_time":"2026-03-02T18:07:27+00:00","og_image":[{"width":1024,"height":768,"url":"https:\/\/newblogs.correiobraziliense.com.br\/ecobraziliense\/wp-content\/uploads\/sites\/7\/2026\/03\/trbr9401-1.webp","type":"image\/webp"}],"author":"Rafaela Gon\u00e7alves","schema":{"@context":"https:\/\/schema.org","@graph":[{"@type":"NewsArticle","@id":"https:\/\/newblogs.correiobraziliense.com.br\/ecobraziliense\/crise-no-oriente-medio-mostra-por-que-o-mundo-precisa-deixar-o-petroleo\/#article","isPartOf":{"@id":"https:\/\/newblogs.correiobraziliense.com.br\/ecobraziliense\/crise-no-oriente-medio-mostra-por-que-o-mundo-precisa-deixar-o-petroleo\/"},"author":{"name":"Rafaela Gon\u00e7alves","@id":"https:\/\/newblogs.correiobraziliense.com.br\/ecobraziliense\/#\/schema\/person\/2cae9fb7496bd90af27178d00e4f6683"},"headline":"Crise no Oriente M\u00e9dio mostra por que o mundo precisa deixar o petr\u00f3leo","datePublished":"2026-03-02T18:07:26+00:00","dateModified":"2026-03-02T18:07:27+00:00","mainEntityOfPage":{"@id":"https:\/\/newblogs.correiobraziliense.com.br\/ecobraziliense\/crise-no-oriente-medio-mostra-por-que-o-mundo-precisa-deixar-o-petroleo\/"},"wordCount":433,"publisher":{"@id":"https:\/\/newblogs.correiobraziliense.com.br\/ecobraziliense\/#organization"},"image":{"@id":"https:\/\/newblogs.correiobraziliense.com.br\/ecobraziliense\/crise-no-oriente-medio-mostra-por-que-o-mundo-precisa-deixar-o-petroleo\/#primaryimage"},"thumbnailUrl":"https:\/\/newblogs.correiobraziliense.com.br\/ecobraziliense\/wp-content\/uploads\/sites\/7\/2026\/03\/trbr9401-1.webp","keywords":["crise no oriente m\u00e9dio","Estreito de Ormuz","petr\u00f3leo","Transi\u00e7\u00e3o energ\u00e9tica"],"articleSection":["An\u00e1lise"],"inLanguage":"pt-BR"},{"@type":"WebPage","@id":"https:\/\/newblogs.correiobraziliense.com.br\/ecobraziliense\/crise-no-oriente-medio-mostra-por-que-o-mundo-precisa-deixar-o-petroleo\/","url":"https:\/\/newblogs.correiobraziliense.com.br\/ecobraziliense\/crise-no-oriente-medio-mostra-por-que-o-mundo-precisa-deixar-o-petroleo\/","name":"Crise no Oriente M\u00e9dio mostra por que o mundo precisa deixar o petr\u00f3leo | Eco Braziliense","isPartOf":{"@id":"https:\/\/newblogs.correiobraziliense.com.br\/ecobraziliense\/#website"},"primaryImageOfPage":{"@id":"https:\/\/newblogs.correiobraziliense.com.br\/ecobraziliense\/crise-no-oriente-medio-mostra-por-que-o-mundo-precisa-deixar-o-petroleo\/#primaryimage"},"image":{"@id":"https:\/\/newblogs.correiobraziliense.com.br\/ecobraziliense\/crise-no-oriente-medio-mostra-por-que-o-mundo-precisa-deixar-o-petroleo\/#primaryimage"},"thumbnailUrl":"https:\/\/newblogs.correiobraziliense.com.br\/ecobraziliense\/wp-content\/uploads\/sites\/7\/2026\/03\/trbr9401-1.webp","datePublished":"2026-03-02T18:07:26+00:00","dateModified":"2026-03-02T18:07:27+00:00","description":"Alta no petr\u00f3leo e tens\u00e3o no Estreito de Ormuz exp\u00f5em vulnerabilidade global e refor\u00e7am a urg\u00eancia da transi\u00e7\u00e3o energ\u00e9tica","breadcrumb":{"@id":"https:\/\/newblogs.correiobraziliense.com.br\/ecobraziliense\/crise-no-oriente-medio-mostra-por-que-o-mundo-precisa-deixar-o-petroleo\/#breadcrumb"},"inLanguage":"pt-BR","potentialAction":[{"@type":"ReadAction","target":["https:\/\/newblogs.correiobraziliense.com.br\/ecobraziliense\/crise-no-oriente-medio-mostra-por-que-o-mundo-precisa-deixar-o-petroleo\/"]}]},{"@type":"ImageObject","inLanguage":"pt-BR","@id":"https:\/\/newblogs.correiobraziliense.com.br\/ecobraziliense\/crise-no-oriente-medio-mostra-por-que-o-mundo-precisa-deixar-o-petroleo\/#primaryimage","url":"https:\/\/newblogs.correiobraziliense.com.br\/ecobraziliense\/wp-content\/uploads\/sites\/7\/2026\/03\/trbr9401-1.webp","contentUrl":"https:\/\/newblogs.correiobraziliense.com.br\/ecobraziliense\/wp-content\/uploads\/sites\/7\/2026\/03\/trbr9401-1.webp","width":1024,"height":768,"caption":"Cerca de 75% da popula\u00e7\u00e3o mundial vive em pa\u00edses dependentes de importa\u00e7\u00e3o do combust\u00edvel. Foto: T\u00e2nia R\u00eago\/Ag\u00eancia Brasil."},{"@type":"BreadcrumbList","@id":"https:\/\/newblogs.correiobraziliense.com.br\/ecobraziliense\/crise-no-oriente-medio-mostra-por-que-o-mundo-precisa-deixar-o-petroleo\/#breadcrumb","itemListElement":[{"@type":"ListItem","position":1,"name":"In\u00edcio","item":"https:\/\/newblogs.correiobraziliense.com.br\/ecobraziliense\/"},{"@type":"ListItem","position":2,"name":"An\u00e1lise","item":"https:\/\/newblogs.correiobraziliense.com.br\/ecobraziliense\/analise\/"},{"@type":"ListItem","position":3,"name":"Crise no Oriente M\u00e9dio mostra por que o mundo precisa deixar o petr\u00f3leo"}]},{"@type":"WebSite","@id":"https:\/\/newblogs.correiobraziliense.com.br\/ecobraziliense\/#website","url":"https:\/\/newblogs.correiobraziliense.com.br\/ecobraziliense\/","name":"Eco Braziliense","description":"Espa\u00e7o dedicado \u00e0 cobertura da transi\u00e7\u00e3o ecol\u00f3gica no Brasil e no mundo. Reportagens, an\u00e1lises e entrevistas sobre economia verde, transi\u00e7\u00e3o energ\u00e9tica e neg\u00f3cios sustent\u00e1veis.","publisher":{"@id":"https:\/\/newblogs.correiobraziliense.com.br\/ecobraziliense\/#organization"},"potentialAction":[{"@type":"SearchAction","target":{"@type":"EntryPoint","urlTemplate":"https:\/\/newblogs.correiobraziliense.com.br\/ecobraziliense\/?s={search_term_string}"},"query-input":{"@type":"PropertyValueSpecification","valueRequired":true,"valueName":"search_term_string"}}],"inLanguage":"pt-BR"},{"@type":"Organization","@id":"https:\/\/newblogs.correiobraziliense.com.br\/ecobraziliense\/#organization","name":"Correio Braziliense","url":"https:\/\/newblogs.correiobraziliense.com.br\/ecobraziliense\/","logo":{"@type":"ImageObject","inLanguage":"pt-BR","@id":"https:\/\/newblogs.correiobraziliense.com.br\/ecobraziliense\/#\/schema\/logo\/image\/","url":"https:\/\/newblogs.correiobraziliense.com.br\/ecobraziliense\/wp-content\/uploads\/sites\/7\/2025\/08\/cropped-1.png","contentUrl":"https:\/\/newblogs.correiobraziliense.com.br\/ecobraziliense\/wp-content\/uploads\/sites\/7\/2025\/08\/cropped-1.png","width":1000,"height":250,"caption":"Correio Braziliense"},"image":{"@id":"https:\/\/newblogs.correiobraziliense.com.br\/ecobraziliense\/#\/schema\/logo\/image\/"}},{"@type":"Person","@id":"https:\/\/newblogs.correiobraziliense.com.br\/ecobraziliense\/#\/schema\/person\/2cae9fb7496bd90af27178d00e4f6683","name":"Rafaela Gon\u00e7alves","image":{"@type":"ImageObject","inLanguage":"pt-BR","@id":"https:\/\/secure.gravatar.com\/avatar\/576f01ed42806765a18f53a22440885b3e08ed7db0a264f840ec23b34509b8b1?s=96&d=mm&r=g","url":"https:\/\/secure.gravatar.com\/avatar\/576f01ed42806765a18f53a22440885b3e08ed7db0a264f840ec23b34509b8b1?s=96&d=mm&r=g","contentUrl":"https:\/\/secure.gravatar.com\/avatar\/576f01ed42806765a18f53a22440885b3e08ed7db0a264f840ec23b34509b8b1?s=96&d=mm&r=g","caption":"Rafaela Gon\u00e7alves"},"description":"Jornalista formada pela Universidade Cat\u00f3lica de Bras\u00edlia (UCB), com especializa\u00e7\u00e3o em Economia pela Saint Paul Escola de Neg\u00f3cios e atualmente cursando MBA em Gest\u00e3o Ambiental e Sustentabilidade na Universidade de Uberaba (Uniube). Atua na cobertura pol\u00edtica em Bras\u00edlia desde 2018, com foco em temas de impacto socioambiental e econ\u00f4mico.","url":"https:\/\/newblogs.correiobraziliense.com.br\/ecobraziliense\/author\/rafaelagoncalves\/"}]}},"_links":{"self":[{"href":"https:\/\/newblogs.correiobraziliense.com.br\/ecobraziliense\/wp-json\/wp\/v2\/posts\/393","targetHints":{"allow":["GET"]}}],"collection":[{"href":"https:\/\/newblogs.correiobraziliense.com.br\/ecobraziliense\/wp-json\/wp\/v2\/posts"}],"about":[{"href":"https:\/\/newblogs.correiobraziliense.com.br\/ecobraziliense\/wp-json\/wp\/v2\/types\/post"}],"author":[{"embeddable":true,"href":"https:\/\/newblogs.correiobraziliense.com.br\/ecobraziliense\/wp-json\/wp\/v2\/users\/23"}],"replies":[{"embeddable":true,"href":"https:\/\/newblogs.correiobraziliense.com.br\/ecobraziliense\/wp-json\/wp\/v2\/comments?post=393"}],"version-history":[{"count":1,"href":"https:\/\/newblogs.correiobraziliense.com.br\/ecobraziliense\/wp-json\/wp\/v2\/posts\/393\/revisions"}],"predecessor-version":[{"id":395,"href":"https:\/\/newblogs.correiobraziliense.com.br\/ecobraziliense\/wp-json\/wp\/v2\/posts\/393\/revisions\/395"}],"wp:featuredmedia":[{"embeddable":true,"href":"https:\/\/newblogs.correiobraziliense.com.br\/ecobraziliense\/wp-json\/wp\/v2\/media\/394"}],"wp:attachment":[{"href":"https:\/\/newblogs.correiobraziliense.com.br\/ecobraziliense\/wp-json\/wp\/v2\/media?parent=393"}],"wp:term":[{"taxonomy":"category","embeddable":true,"href":"https:\/\/newblogs.correiobraziliense.com.br\/ecobraziliense\/wp-json\/wp\/v2\/categories?post=393"},{"taxonomy":"post_tag","embeddable":true,"href":"https:\/\/newblogs.correiobraziliense.com.br\/ecobraziliense\/wp-json\/wp\/v2\/tags?post=393"}],"curies":[{"name":"wp","href":"https:\/\/api.w.org\/{rel}","templated":true}]}}