{"id":388,"date":"2026-02-26T09:37:54","date_gmt":"2026-02-26T12:37:54","guid":{"rendered":"https:\/\/newblogs.correiobraziliense.com.br\/ecobraziliense\/?p=388"},"modified":"2026-02-26T09:37:55","modified_gmt":"2026-02-26T12:37:55","slug":"data-centers-avancam-sem-regras-ambientais","status":"publish","type":"post","link":"https:\/\/newblogs.correiobraziliense.com.br\/ecobraziliense\/data-centers-avancam-sem-regras-ambientais\/","title":{"rendered":"Data centers avan\u00e7am sem regras ambientais"},"content":{"rendered":"\n<p>A C\u00e2mara dos Deputados aprovou nesta quarta-feira (25\/2) o PL 278\/2026, que isenta tributos federais para atrair grandes <a href=\"https:\/\/www.correiobraziliense.com.br\/politica\/2026\/02\/7362349-camara-aprova-regime-tributario-especial-para-atrair-data-centers-ao-brasil.html\">data centers de computa\u00e7\u00e3o em nuvem e intelig\u00eancia artificial<\/a>. O texto segue para o Senado e cria o Regime Especial de Tributa\u00e7\u00e3o para Servi\u00e7os de Datacenter (Redata), mas especialistas alertam que ele n\u00e3o incorporou salvaguardas socioambientais essenciais.<\/p>\n\n\n\n<p>Organiza\u00e7\u00f5es da sociedade civil haviam sugerido medidas para tornar o projeto mais seguro nas \u00e1reas ambiental e energ\u00e9tica. \u201cO texto final n\u00e3o incluiu uma veda\u00e7\u00e3o direta ao uso de combust\u00edveis f\u00f3sseis, n\u00e3o apresentou cl\u00e1usula obrigando um alinhamento com a Pol\u00edtica Nacional sobre Mudan\u00e7a do Clima, n\u00e3o inseriu regras mais r\u00edgidas sobre impactos no sistema el\u00e9trico e parte das obriga\u00e7\u00f5es depender\u00e1 de regulamenta\u00e7\u00e3o posterior, o que pode permitir flexibiliza\u00e7\u00f5es\u201d, afirma Adriana Pinheiro, assessora de Incid\u00eancia Pol\u00edtica e Or\u00e7amento P\u00fablico do Observat\u00f3rio do Clima.<\/p>\n\n\n\n<p>O projeto estabeleceu algumas regras ambientais como meta de efici\u00eancia no uso da \u00e1gua, exig\u00eancia de contrata\u00e7\u00e3o de energia de fontes \u201climpas e renov\u00e1veis\u201d que ainda ser\u00e3o definidas em regulamento e obriga\u00e7\u00e3o de apresentar relat\u00f3rio anual auditado. \u201cOu seja, h\u00e1 regras ambientais, mas com flexibiliza\u00e7\u00f5es importantes\u201d, observa Adriana.&nbsp;<\/p>\n\n\n\n<p>O texto n\u00e3o define o que ser\u00e1 considerado fonte limpa nem exige que a energia seja adicional, ou seja, proveniente de nova capacidade instalada.<\/p>\n\n\n\n<ul class=\"wp-block-list\">\n<li><strong>Leia tamb\u00e9m: <a href=\"https:\/\/www.correiobraziliense.com.br\/economia\/2026\/01\/7323851-expansao-de-data-centers-impoe-novos-desafios-ao-setor-eletrico.html\">Expans\u00e3o de data centers imp\u00f5e novos desafios ao setor el\u00e9trico<\/a><\/strong><\/li>\n<\/ul>\n\n\n\n<p>\u201cCaber\u00e1 agora ao Senado avaliar o equil\u00edbrio entre incentivo industrial, responsabilidade fiscal e seguran\u00e7a energ\u00e9tica, de modo que a atra\u00e7\u00e3o de infraestrutura digital n\u00e3o comprometa a estabilidade do sistema el\u00e9trico nem fragilize a a\u00e7\u00e3o clim\u00e1tica do pa\u00eds\u201d, ressalta Adriana.<\/p>\n\n\n\n<p>O Instituto E+ tamb\u00e9m alertou sobre os riscos. \u201cO Brasil pode crescer como hub digital, mas a expans\u00e3o n\u00e3o pode ocorrer pressionando \u00e1gua e energia, principalmente em locais em que esses recursos j\u00e1 s\u00e3o escassos. Essa situa\u00e7\u00e3o \u00e9 ainda mais preocupante tendo em vista que o pa\u00eds j\u00e1 enfrenta estresse h\u00eddrico regional e eventos clim\u00e1ticos extremos cada vez mais frequentes\u201d, afirma em nota.<\/p>\n\n\n\n<p><strong>Corrida do ouro\u00a0<\/strong><\/p>\n\n\n\n<p>O crescimento de data centers \u00e9 comparado pelo F\u00f3rum Econ\u00f4mico Mundial a uma corrida do ouro. \u201cEconomias em todo o mundo est\u00e3o correndo para atrair investimentos em infraestrutura digital para aumentar a soberania e a competitividade\u201d, explica a organiza\u00e7\u00e3o. Com o avan\u00e7o da IA, a capacidade global desses centros deve quase triplicar at\u00e9 2030.<\/p>\n\n\n\n<p>O Programa das Na\u00e7\u00f5es Unidas para o Meio Ambiente alerta sobre impactos ambientais significativos dos data centers com foco em IA. Eles consomem muita \u00e1gua para resfriamento, com estimativas globais apontando consumo seis vezes maior do que o da Dinamarca, pa\u00eds de 6 milh\u00f5es de habitantes.&nbsp;<\/p>\n\n\n\n<p>O consumo de energia tamb\u00e9m \u00e9 elevado, uma consulta no ChatGPT consome dez vezes mais eletricidade do que uma pesquisa no Google. A extra\u00e7\u00e3o de elementos de terras raras para microchips ocorre de forma destrutiva e a opera\u00e7\u00e3o gera lixo eletr\u00f4nico que pode conter merc\u00fario e chumbo.<\/p>\n\n\n\n\n","protected":false},"excerpt":{"rendered":"<p>PL aprovado na C\u00e2mara suspende tributos para atrair infraestrutura digital e ignora salvaguardas socioambientais, alerta Observat\u00f3rio do Clima<\/p>\n","protected":false},"author":23,"featured_media":390,"comment_status":"closed","ping_status":"open","sticky":false,"template":"","format":"standard","meta":{"_acf_changed":false,"inline_featured_image":false,"footnotes":""},"categories":[190],"tags":[205,204,76,199,203],"class_list":["post-388","post","type-post","status-publish","format-standard","has-post-thumbnail","hentry","category-setor-eletrico","tag-camara-dos-deputados","tag-data-centers","tag-energia","tag-ia","tag-redata"],"acf":[],"yoast_head":"<!-- This site is optimized with the Yoast SEO plugin v27.3 - https:\/\/yoast.com\/product\/yoast-seo-wordpress\/ -->\n<title>Data centers avan\u00e7am sem regras ambientais | Eco Braziliense<\/title>\n<meta name=\"description\" content=\"PL aprovado na C\u00e2mara suspende tributos para atrair infraestrutura digital e ignora salvaguardas socioambientais, alerta Observat\u00f3rio do Clima\" \/>\n<meta name=\"robots\" content=\"index, follow, max-snippet:-1, max-image-preview:large, max-video-preview:-1\" \/>\n<link rel=\"canonical\" href=\"https:\/\/newblogs.correiobraziliense.com.br\/ecobraziliense\/data-centers-avancam-sem-regras-ambientais\/\" \/>\n<meta property=\"og:locale\" content=\"pt_BR\" \/>\n<meta property=\"og:type\" content=\"article\" \/>\n<meta property=\"og:title\" content=\"Data centers avan\u00e7am sem regras ambientais | Eco Braziliense\" \/>\n<meta property=\"og:description\" content=\"PL aprovado na C\u00e2mara suspende tributos para atrair infraestrutura digital e ignora salvaguardas socioambientais, alerta Observat\u00f3rio do Clima\" \/>\n<meta property=\"og:url\" content=\"https:\/\/newblogs.correiobraziliense.com.br\/ecobraziliense\/data-centers-avancam-sem-regras-ambientais\/\" \/>\n<meta property=\"og:site_name\" content=\"Eco Braziliense\" \/>\n<meta property=\"article:published_time\" content=\"2026-02-26T12:37:54+00:00\" \/>\n<meta property=\"article:modified_time\" content=\"2026-02-26T12:37:55+00:00\" \/>\n<meta property=\"og:image\" content=\"https:\/\/newblogs.correiobraziliense.com.br\/ecobraziliense\/wp-content\/uploads\/sites\/7\/2026\/02\/data-center-foto-depositphotos.jpg.webp\" \/>\n\t<meta property=\"og:image:width\" content=\"1280\" \/>\n\t<meta property=\"og:image:height\" content=\"788\" \/>\n\t<meta property=\"og:image:type\" content=\"image\/webp\" \/>\n<meta name=\"author\" content=\"Rafaela Gon\u00e7alves\" \/>\n<!-- \/ Yoast SEO plugin. -->","yoast_head_json":{"title":"Data centers avan\u00e7am sem regras ambientais | Eco Braziliense","description":"PL aprovado na C\u00e2mara suspende tributos para atrair infraestrutura digital e ignora salvaguardas socioambientais, alerta Observat\u00f3rio do Clima","robots":{"index":"index","follow":"follow","max-snippet":"max-snippet:-1","max-image-preview":"max-image-preview:large","max-video-preview":"max-video-preview:-1"},"canonical":"https:\/\/newblogs.correiobraziliense.com.br\/ecobraziliense\/data-centers-avancam-sem-regras-ambientais\/","og_locale":"pt_BR","og_type":"article","og_title":"Data centers avan\u00e7am sem regras ambientais | Eco Braziliense","og_description":"PL aprovado na C\u00e2mara suspende tributos para atrair infraestrutura digital e ignora salvaguardas socioambientais, alerta Observat\u00f3rio do Clima","og_url":"https:\/\/newblogs.correiobraziliense.com.br\/ecobraziliense\/data-centers-avancam-sem-regras-ambientais\/","og_site_name":"Eco Braziliense","article_published_time":"2026-02-26T12:37:54+00:00","article_modified_time":"2026-02-26T12:37:55+00:00","og_image":[{"width":1280,"height":788,"url":"https:\/\/newblogs.correiobraziliense.com.br\/ecobraziliense\/wp-content\/uploads\/sites\/7\/2026\/02\/data-center-foto-depositphotos.jpg.webp","type":"image\/webp"}],"author":"Rafaela Gon\u00e7alves","schema":{"@context":"https:\/\/schema.org","@graph":[{"@type":"NewsArticle","@id":"https:\/\/newblogs.correiobraziliense.com.br\/ecobraziliense\/data-centers-avancam-sem-regras-ambientais\/#article","isPartOf":{"@id":"https:\/\/newblogs.correiobraziliense.com.br\/ecobraziliense\/data-centers-avancam-sem-regras-ambientais\/"},"author":{"name":"Rafaela Gon\u00e7alves","@id":"https:\/\/newblogs.correiobraziliense.com.br\/ecobraziliense\/#\/schema\/person\/2cae9fb7496bd90af27178d00e4f6683"},"headline":"Data centers avan\u00e7am sem regras ambientais","datePublished":"2026-02-26T12:37:54+00:00","dateModified":"2026-02-26T12:37:55+00:00","mainEntityOfPage":{"@id":"https:\/\/newblogs.correiobraziliense.com.br\/ecobraziliense\/data-centers-avancam-sem-regras-ambientais\/"},"wordCount":545,"publisher":{"@id":"https:\/\/newblogs.correiobraziliense.com.br\/ecobraziliense\/#organization"},"image":{"@id":"https:\/\/newblogs.correiobraziliense.com.br\/ecobraziliense\/data-centers-avancam-sem-regras-ambientais\/#primaryimage"},"thumbnailUrl":"https:\/\/newblogs.correiobraziliense.com.br\/ecobraziliense\/wp-content\/uploads\/sites\/7\/2026\/02\/data-center-foto-depositphotos.jpg.webp","keywords":["c\u00e2mara dos deputados","data centers","Energia","IA","redata"],"articleSection":["Setor el\u00e9trico"],"inLanguage":"pt-BR"},{"@type":"WebPage","@id":"https:\/\/newblogs.correiobraziliense.com.br\/ecobraziliense\/data-centers-avancam-sem-regras-ambientais\/","url":"https:\/\/newblogs.correiobraziliense.com.br\/ecobraziliense\/data-centers-avancam-sem-regras-ambientais\/","name":"Data centers avan\u00e7am sem regras ambientais | Eco Braziliense","isPartOf":{"@id":"https:\/\/newblogs.correiobraziliense.com.br\/ecobraziliense\/#website"},"primaryImageOfPage":{"@id":"https:\/\/newblogs.correiobraziliense.com.br\/ecobraziliense\/data-centers-avancam-sem-regras-ambientais\/#primaryimage"},"image":{"@id":"https:\/\/newblogs.correiobraziliense.com.br\/ecobraziliense\/data-centers-avancam-sem-regras-ambientais\/#primaryimage"},"thumbnailUrl":"https:\/\/newblogs.correiobraziliense.com.br\/ecobraziliense\/wp-content\/uploads\/sites\/7\/2026\/02\/data-center-foto-depositphotos.jpg.webp","datePublished":"2026-02-26T12:37:54+00:00","dateModified":"2026-02-26T12:37:55+00:00","description":"PL aprovado na C\u00e2mara suspende tributos para atrair infraestrutura digital e ignora salvaguardas socioambientais, alerta Observat\u00f3rio do Clima","breadcrumb":{"@id":"https:\/\/newblogs.correiobraziliense.com.br\/ecobraziliense\/data-centers-avancam-sem-regras-ambientais\/#breadcrumb"},"inLanguage":"pt-BR","potentialAction":[{"@type":"ReadAction","target":["https:\/\/newblogs.correiobraziliense.com.br\/ecobraziliense\/data-centers-avancam-sem-regras-ambientais\/"]}]},{"@type":"ImageObject","inLanguage":"pt-BR","@id":"https:\/\/newblogs.correiobraziliense.com.br\/ecobraziliense\/data-centers-avancam-sem-regras-ambientais\/#primaryimage","url":"https:\/\/newblogs.correiobraziliense.com.br\/ecobraziliense\/wp-content\/uploads\/sites\/7\/2026\/02\/data-center-foto-depositphotos.jpg.webp","contentUrl":"https:\/\/newblogs.correiobraziliense.com.br\/ecobraziliense\/wp-content\/uploads\/sites\/7\/2026\/02\/data-center-foto-depositphotos.jpg.webp","width":1280,"height":788,"caption":"O texto n\u00e3o define o que ser\u00e1 considerado fonte limpa nem exige que a energia seja adicional. Foto: Dom\u00ednio P\u00fablico\/ Depositphotos"},{"@type":"BreadcrumbList","@id":"https:\/\/newblogs.correiobraziliense.com.br\/ecobraziliense\/data-centers-avancam-sem-regras-ambientais\/#breadcrumb","itemListElement":[{"@type":"ListItem","position":1,"name":"In\u00edcio","item":"https:\/\/newblogs.correiobraziliense.com.br\/ecobraziliense\/"},{"@type":"ListItem","position":2,"name":"Setor el\u00e9trico","item":"https:\/\/newblogs.correiobraziliense.com.br\/ecobraziliense\/setor-eletrico\/"},{"@type":"ListItem","position":3,"name":"Data centers avan\u00e7am sem regras ambientais"}]},{"@type":"WebSite","@id":"https:\/\/newblogs.correiobraziliense.com.br\/ecobraziliense\/#website","url":"https:\/\/newblogs.correiobraziliense.com.br\/ecobraziliense\/","name":"Eco Braziliense","description":"Espa\u00e7o dedicado \u00e0 cobertura da transi\u00e7\u00e3o ecol\u00f3gica no Brasil e no mundo. Reportagens, an\u00e1lises e entrevistas sobre economia verde, transi\u00e7\u00e3o energ\u00e9tica e neg\u00f3cios sustent\u00e1veis.","publisher":{"@id":"https:\/\/newblogs.correiobraziliense.com.br\/ecobraziliense\/#organization"},"potentialAction":[{"@type":"SearchAction","target":{"@type":"EntryPoint","urlTemplate":"https:\/\/newblogs.correiobraziliense.com.br\/ecobraziliense\/?s={search_term_string}"},"query-input":{"@type":"PropertyValueSpecification","valueRequired":true,"valueName":"search_term_string"}}],"inLanguage":"pt-BR"},{"@type":"Organization","@id":"https:\/\/newblogs.correiobraziliense.com.br\/ecobraziliense\/#organization","name":"Correio Braziliense","url":"https:\/\/newblogs.correiobraziliense.com.br\/ecobraziliense\/","logo":{"@type":"ImageObject","inLanguage":"pt-BR","@id":"https:\/\/newblogs.correiobraziliense.com.br\/ecobraziliense\/#\/schema\/logo\/image\/","url":"https:\/\/newblogs.correiobraziliense.com.br\/ecobraziliense\/wp-content\/uploads\/sites\/7\/2025\/08\/cropped-1.png","contentUrl":"https:\/\/newblogs.correiobraziliense.com.br\/ecobraziliense\/wp-content\/uploads\/sites\/7\/2025\/08\/cropped-1.png","width":1000,"height":250,"caption":"Correio Braziliense"},"image":{"@id":"https:\/\/newblogs.correiobraziliense.com.br\/ecobraziliense\/#\/schema\/logo\/image\/"}},{"@type":"Person","@id":"https:\/\/newblogs.correiobraziliense.com.br\/ecobraziliense\/#\/schema\/person\/2cae9fb7496bd90af27178d00e4f6683","name":"Rafaela Gon\u00e7alves","image":{"@type":"ImageObject","inLanguage":"pt-BR","@id":"https:\/\/secure.gravatar.com\/avatar\/576f01ed42806765a18f53a22440885b3e08ed7db0a264f840ec23b34509b8b1?s=96&d=mm&r=g","url":"https:\/\/secure.gravatar.com\/avatar\/576f01ed42806765a18f53a22440885b3e08ed7db0a264f840ec23b34509b8b1?s=96&d=mm&r=g","contentUrl":"https:\/\/secure.gravatar.com\/avatar\/576f01ed42806765a18f53a22440885b3e08ed7db0a264f840ec23b34509b8b1?s=96&d=mm&r=g","caption":"Rafaela Gon\u00e7alves"},"description":"Jornalista formada pela Universidade Cat\u00f3lica de Bras\u00edlia (UCB), com especializa\u00e7\u00e3o em Economia pela Saint Paul Escola de Neg\u00f3cios e atualmente cursando MBA em Gest\u00e3o Ambiental e Sustentabilidade na Universidade de Uberaba (Uniube). Atua na cobertura pol\u00edtica em Bras\u00edlia desde 2018, com foco em temas de impacto socioambiental e econ\u00f4mico.","url":"https:\/\/newblogs.correiobraziliense.com.br\/ecobraziliense\/author\/rafaelagoncalves\/"}]}},"_links":{"self":[{"href":"https:\/\/newblogs.correiobraziliense.com.br\/ecobraziliense\/wp-json\/wp\/v2\/posts\/388","targetHints":{"allow":["GET"]}}],"collection":[{"href":"https:\/\/newblogs.correiobraziliense.com.br\/ecobraziliense\/wp-json\/wp\/v2\/posts"}],"about":[{"href":"https:\/\/newblogs.correiobraziliense.com.br\/ecobraziliense\/wp-json\/wp\/v2\/types\/post"}],"author":[{"embeddable":true,"href":"https:\/\/newblogs.correiobraziliense.com.br\/ecobraziliense\/wp-json\/wp\/v2\/users\/23"}],"replies":[{"embeddable":true,"href":"https:\/\/newblogs.correiobraziliense.com.br\/ecobraziliense\/wp-json\/wp\/v2\/comments?post=388"}],"version-history":[{"count":2,"href":"https:\/\/newblogs.correiobraziliense.com.br\/ecobraziliense\/wp-json\/wp\/v2\/posts\/388\/revisions"}],"predecessor-version":[{"id":391,"href":"https:\/\/newblogs.correiobraziliense.com.br\/ecobraziliense\/wp-json\/wp\/v2\/posts\/388\/revisions\/391"}],"wp:featuredmedia":[{"embeddable":true,"href":"https:\/\/newblogs.correiobraziliense.com.br\/ecobraziliense\/wp-json\/wp\/v2\/media\/390"}],"wp:attachment":[{"href":"https:\/\/newblogs.correiobraziliense.com.br\/ecobraziliense\/wp-json\/wp\/v2\/media?parent=388"}],"wp:term":[{"taxonomy":"category","embeddable":true,"href":"https:\/\/newblogs.correiobraziliense.com.br\/ecobraziliense\/wp-json\/wp\/v2\/categories?post=388"},{"taxonomy":"post_tag","embeddable":true,"href":"https:\/\/newblogs.correiobraziliense.com.br\/ecobraziliense\/wp-json\/wp\/v2\/tags?post=388"}],"curies":[{"name":"wp","href":"https:\/\/api.w.org\/{rel}","templated":true}]}}