{"id":307,"date":"2025-12-05T13:13:51","date_gmt":"2025-12-05T16:13:51","guid":{"rendered":"https:\/\/newblogs.correiobraziliense.com.br\/ecobraziliense\/?p=307"},"modified":"2025-12-05T13:13:52","modified_gmt":"2025-12-05T16:13:52","slug":"soberania-em-disputa-no-pre-sal","status":"publish","type":"post","link":"https:\/\/newblogs.correiobraziliense.com.br\/ecobraziliense\/soberania-em-disputa-no-pre-sal\/","title":{"rendered":"Soberania em disputa no pr\u00e9-sal"},"content":{"rendered":"\n<p>O Primeiro Leil\u00e3o de \u00c1reas N\u00e3o Contratadas do pr\u00e9-sal, promovido pelo governo federal, reacendeu o debate sobre a <a href=\"https:\/\/www.correiobraziliense.com.br\/economia\/2025\/06\/7176136-anp-leiloa-blocos-para-exploracao-de-petroleo-na-foz-do-amazonas.html\">coer\u00eancia da pol\u00edtica energ\u00e9tica brasileira<\/a> em um momento em que o pa\u00eds afirma liderar a transi\u00e7\u00e3o para uma economia de baixo carbono.<\/p>\n\n\n\n<p>Ao colocar \u00e0 venda participa\u00e7\u00f5es da Uni\u00e3o nos campos de Mero, Tupi e Atapu \u2014 alguns dos mais produtivos do pa\u00eds \u2014 o certame \u00e9 visto por organiza\u00e7\u00f5es socioambientais e representantes de trabalhadores como um movimento na contram\u00e3o das metas clim\u00e1ticas anunciadas pelo pr\u00f3prio governo.<\/p>\n\n\n\n<p>Enquanto institui\u00e7\u00f5es internacionais projetam queda estrutural da demanda global por petr\u00f3leo j\u00e1 a partir de 2030, o Brasil opta por ampliar a oferta de ativos petrol\u00edferos a investidores privados, nacionais e estrangeiros.&nbsp;<\/p>\n\n\n\n<p>Especialistas alertam que essa estrat\u00e9gia n\u00e3o apenas prolonga a <a href=\"https:\/\/newblogs.correiobraziliense.com.br\/ecobraziliense\/ongs-recorrem-a-justica-contra-perfuracao-na-margem-equatorial\/\">depend\u00eancia dos combust\u00edveis f\u00f3sseis<\/a>, como tamb\u00e9m fragiliza a soberania energ\u00e9tica ao reduzir o controle p\u00fablico sobre reservas consideradas estrat\u00e9gicas.<\/p>\n\n\n\n<p>\u201cA participa\u00e7\u00e3o da Petrobras na produ\u00e7\u00e3o nacional diminui a cada ano, resultado de privatiza\u00e7\u00f5es e leil\u00f5es que fortalecem o controle estrangeiro sobre o setor. Essa l\u00f3gica privatista e entreguista afasta o pa\u00eds de qualquer projeto de transi\u00e7\u00e3o energ\u00e9tica justa, que exige respeito \u00e0s comunidades e aos trabalhadores do setor f\u00f3ssil\u201d, avalia o Observat\u00f3rio do Clima.&nbsp;<\/p>\n\n\n\n<p>Embora a Petrobras ainda figure entre as petroleiras mais lucrativas do mundo, seus investimentos em energia limpa permanecem modestos, e o novo Plano de Neg\u00f3cios 2026\u20132030 diminuiu a previs\u00e3o de aportes em projetos de baixo carbono. Isso aprofunda o questionamento sobre a capacidade da companhia, e do pa\u00eds, de se preparar para o cen\u00e1rio p\u00f3s-petr\u00f3leo.<\/p>\n\n\n\n<p><strong>Compromissos clim\u00e1ticos&nbsp;<\/strong><\/p>\n\n\n\n<p>Outro ponto de tens\u00e3o envolve os compromissos clim\u00e1ticos assumidos pelo Brasil. O leil\u00e3o ocorre no mesmo momento em que o governo revisa as metas de redu\u00e7\u00e3o de emiss\u00f5es para 2035 e refor\u00e7a compromissos no Acordo de Paris.&nbsp;<\/p>\n\n\n\n<p>Para entidades ambientais, a expans\u00e3o da fronteira f\u00f3ssil \u00e9 incompat\u00edvel com a trajet\u00f3ria necess\u00e1ria para limitar o aquecimento global a 1,5\u00b0C. Tamb\u00e9m vai na contram\u00e3o das diretrizes da Estrat\u00e9gia Nacional de Mitiga\u00e7\u00e3o da Mudan\u00e7a do Clima, que aponta para a substitui\u00e7\u00e3o progressiva dos combust\u00edveis f\u00f3sseis.<\/p>\n\n\n\n<p>No plano econ\u00f4mico, o movimento \u00e9 interpretado como uma aposta de alto risco. Cr\u00edticos afirmam que o pa\u00eds n\u00e3o tem utilizado de forma estrat\u00e9gica royalties e dividendos do setor para financiar a transi\u00e7\u00e3o energ\u00e9tica, objetivo constantemente mencionado no discurso, mas pouco evidente na pr\u00e1tica.<\/p>\n\n\n\n\n","protected":false},"excerpt":{"rendered":"<p>Entrega de participa\u00e7\u00f5es da Uni\u00e3o em Mero, Tupi e Atapu reacende debate sobre controle estatal, transi\u00e7\u00e3o energ\u00e9tica e riscos econ\u00f4micos<\/p>\n","protected":false},"author":23,"featured_media":309,"comment_status":"closed","ping_status":"open","sticky":false,"template":"","format":"standard","meta":{"_acf_changed":false,"inline_featured_image":false,"footnotes":""},"categories":[36],"tags":[156,25,118,165,24],"class_list":["post-307","post","type-post","status-publish","format-standard","has-post-thumbnail","hentry","category-transicao-energetica","tag-combustiveis-fosseis","tag-eco-braziliense","tag-petrobras","tag-pre-sal","tag-transicao-energetica"],"acf":[],"yoast_head":"<!-- This site is optimized with the Yoast SEO plugin v27.3 - https:\/\/yoast.com\/product\/yoast-seo-wordpress\/ -->\n<title>Soberania em disputa no pr\u00e9-sal | Eco Braziliense<\/title>\n<meta name=\"description\" content=\"Entrega de participa\u00e7\u00f5es da Uni\u00e3o em Mero, Tupi e Atapu reacende debate sobre controle estatal, transi\u00e7\u00e3o energ\u00e9tica e riscos econ\u00f4micos\" \/>\n<meta name=\"robots\" content=\"index, follow, max-snippet:-1, max-image-preview:large, max-video-preview:-1\" \/>\n<link rel=\"canonical\" href=\"https:\/\/newblogs.correiobraziliense.com.br\/ecobraziliense\/soberania-em-disputa-no-pre-sal\/\" \/>\n<meta property=\"og:locale\" content=\"pt_BR\" \/>\n<meta property=\"og:type\" content=\"article\" \/>\n<meta property=\"og:title\" content=\"Soberania em disputa no pr\u00e9-sal | Eco Braziliense\" \/>\n<meta property=\"og:description\" content=\"Entrega de participa\u00e7\u00f5es da Uni\u00e3o em Mero, Tupi e Atapu reacende debate sobre controle estatal, transi\u00e7\u00e3o energ\u00e9tica e riscos econ\u00f4micos\" \/>\n<meta property=\"og:url\" content=\"https:\/\/newblogs.correiobraziliense.com.br\/ecobraziliense\/soberania-em-disputa-no-pre-sal\/\" \/>\n<meta property=\"og:site_name\" content=\"Eco Braziliense\" \/>\n<meta property=\"article:published_time\" content=\"2025-12-05T16:13:51+00:00\" \/>\n<meta property=\"article:modified_time\" content=\"2025-12-05T16:13:52+00:00\" \/>\n<meta property=\"og:image\" content=\"https:\/\/newblogs.correiobraziliense.com.br\/ecobraziliense\/wp-content\/uploads\/sites\/7\/2025\/09\/SEO_blog_1200x630px.png\" \/>\n\t<meta property=\"og:image:width\" content=\"1200\" \/>\n\t<meta property=\"og:image:height\" content=\"630\" \/>\n\t<meta property=\"og:image:type\" content=\"image\/png\" \/>\n<meta name=\"author\" content=\"Rafaela Gon\u00e7alves\" \/>\n<!-- \/ Yoast SEO plugin. -->","yoast_head_json":{"title":"Soberania em disputa no pr\u00e9-sal | Eco Braziliense","description":"Entrega de participa\u00e7\u00f5es da Uni\u00e3o em Mero, Tupi e Atapu reacende debate sobre controle estatal, transi\u00e7\u00e3o energ\u00e9tica e riscos econ\u00f4micos","robots":{"index":"index","follow":"follow","max-snippet":"max-snippet:-1","max-image-preview":"max-image-preview:large","max-video-preview":"max-video-preview:-1"},"canonical":"https:\/\/newblogs.correiobraziliense.com.br\/ecobraziliense\/soberania-em-disputa-no-pre-sal\/","og_locale":"pt_BR","og_type":"article","og_title":"Soberania em disputa no pr\u00e9-sal | Eco Braziliense","og_description":"Entrega de participa\u00e7\u00f5es da Uni\u00e3o em Mero, Tupi e Atapu reacende debate sobre controle estatal, transi\u00e7\u00e3o energ\u00e9tica e riscos econ\u00f4micos","og_url":"https:\/\/newblogs.correiobraziliense.com.br\/ecobraziliense\/soberania-em-disputa-no-pre-sal\/","og_site_name":"Eco Braziliense","article_published_time":"2025-12-05T16:13:51+00:00","article_modified_time":"2025-12-05T16:13:52+00:00","og_image":[{"width":1200,"height":630,"url":"https:\/\/newblogs.correiobraziliense.com.br\/ecobraziliense\/wp-content\/uploads\/sites\/7\/2025\/09\/SEO_blog_1200x630px.png","type":"image\/png"}],"author":"Rafaela Gon\u00e7alves","schema":{"@context":"https:\/\/schema.org","@graph":[{"@type":"NewsArticle","@id":"https:\/\/newblogs.correiobraziliense.com.br\/ecobraziliense\/soberania-em-disputa-no-pre-sal\/#article","isPartOf":{"@id":"https:\/\/newblogs.correiobraziliense.com.br\/ecobraziliense\/soberania-em-disputa-no-pre-sal\/"},"author":{"name":"Rafaela Gon\u00e7alves","@id":"https:\/\/newblogs.correiobraziliense.com.br\/ecobraziliense\/#\/schema\/person\/2cae9fb7496bd90af27178d00e4f6683"},"headline":"Soberania em disputa no pr\u00e9-sal","datePublished":"2025-12-05T16:13:51+00:00","dateModified":"2025-12-05T16:13:52+00:00","mainEntityOfPage":{"@id":"https:\/\/newblogs.correiobraziliense.com.br\/ecobraziliense\/soberania-em-disputa-no-pre-sal\/"},"wordCount":455,"publisher":{"@id":"https:\/\/newblogs.correiobraziliense.com.br\/ecobraziliense\/#organization"},"image":{"@id":"https:\/\/newblogs.correiobraziliense.com.br\/ecobraziliense\/soberania-em-disputa-no-pre-sal\/#primaryimage"},"thumbnailUrl":"https:\/\/newblogs.correiobraziliense.com.br\/ecobraziliense\/wp-content\/uploads\/sites\/7\/2025\/12\/IMG_5577-e1762179650582.avif","keywords":["Combust\u00edveis f\u00f3sseis","Eco Braziliense","Petrobras","pr\u00e9-sal","Transi\u00e7\u00e3o energ\u00e9tica"],"articleSection":["Transi\u00e7\u00e3o energ\u00e9tica"],"inLanguage":"pt-BR"},{"@type":"WebPage","@id":"https:\/\/newblogs.correiobraziliense.com.br\/ecobraziliense\/soberania-em-disputa-no-pre-sal\/","url":"https:\/\/newblogs.correiobraziliense.com.br\/ecobraziliense\/soberania-em-disputa-no-pre-sal\/","name":"Soberania em disputa no pr\u00e9-sal | Eco Braziliense","isPartOf":{"@id":"https:\/\/newblogs.correiobraziliense.com.br\/ecobraziliense\/#website"},"primaryImageOfPage":{"@id":"https:\/\/newblogs.correiobraziliense.com.br\/ecobraziliense\/soberania-em-disputa-no-pre-sal\/#primaryimage"},"image":{"@id":"https:\/\/newblogs.correiobraziliense.com.br\/ecobraziliense\/soberania-em-disputa-no-pre-sal\/#primaryimage"},"thumbnailUrl":"https:\/\/newblogs.correiobraziliense.com.br\/ecobraziliense\/wp-content\/uploads\/sites\/7\/2025\/12\/IMG_5577-e1762179650582.avif","datePublished":"2025-12-05T16:13:51+00:00","dateModified":"2025-12-05T16:13:52+00:00","description":"Entrega de participa\u00e7\u00f5es da Uni\u00e3o em Mero, Tupi e Atapu reacende debate sobre controle estatal, transi\u00e7\u00e3o energ\u00e9tica e riscos econ\u00f4micos","breadcrumb":{"@id":"https:\/\/newblogs.correiobraziliense.com.br\/ecobraziliense\/soberania-em-disputa-no-pre-sal\/#breadcrumb"},"inLanguage":"pt-BR","potentialAction":[{"@type":"ReadAction","target":["https:\/\/newblogs.correiobraziliense.com.br\/ecobraziliense\/soberania-em-disputa-no-pre-sal\/"]}]},{"@type":"ImageObject","inLanguage":"pt-BR","@id":"https:\/\/newblogs.correiobraziliense.com.br\/ecobraziliense\/soberania-em-disputa-no-pre-sal\/#primaryimage","url":"https:\/\/newblogs.correiobraziliense.com.br\/ecobraziliense\/wp-content\/uploads\/sites\/7\/2025\/12\/IMG_5577-e1762179650582.avif","contentUrl":"https:\/\/newblogs.correiobraziliense.com.br\/ecobraziliense\/wp-content\/uploads\/sites\/7\/2025\/12\/IMG_5577-e1762179650582.avif","width":1200,"height":797,"caption":"Plataforma em opera\u00e7\u00e3o no Brasil. Foto: MME."},{"@type":"BreadcrumbList","@id":"https:\/\/newblogs.correiobraziliense.com.br\/ecobraziliense\/soberania-em-disputa-no-pre-sal\/#breadcrumb","itemListElement":[{"@type":"ListItem","position":1,"name":"In\u00edcio","item":"https:\/\/newblogs.correiobraziliense.com.br\/ecobraziliense\/"},{"@type":"ListItem","position":2,"name":"Transi\u00e7\u00e3o energ\u00e9tica","item":"https:\/\/newblogs.correiobraziliense.com.br\/ecobraziliense\/transicao-energetica\/"},{"@type":"ListItem","position":3,"name":"Soberania em disputa no pr\u00e9-sal"}]},{"@type":"WebSite","@id":"https:\/\/newblogs.correiobraziliense.com.br\/ecobraziliense\/#website","url":"https:\/\/newblogs.correiobraziliense.com.br\/ecobraziliense\/","name":"Eco Braziliense","description":"Espa\u00e7o dedicado \u00e0 cobertura da transi\u00e7\u00e3o ecol\u00f3gica no Brasil e no mundo. Reportagens, an\u00e1lises e entrevistas sobre economia verde, transi\u00e7\u00e3o energ\u00e9tica e neg\u00f3cios sustent\u00e1veis.","publisher":{"@id":"https:\/\/newblogs.correiobraziliense.com.br\/ecobraziliense\/#organization"},"potentialAction":[{"@type":"SearchAction","target":{"@type":"EntryPoint","urlTemplate":"https:\/\/newblogs.correiobraziliense.com.br\/ecobraziliense\/?s={search_term_string}"},"query-input":{"@type":"PropertyValueSpecification","valueRequired":true,"valueName":"search_term_string"}}],"inLanguage":"pt-BR"},{"@type":"Organization","@id":"https:\/\/newblogs.correiobraziliense.com.br\/ecobraziliense\/#organization","name":"Correio Braziliense","url":"https:\/\/newblogs.correiobraziliense.com.br\/ecobraziliense\/","logo":{"@type":"ImageObject","inLanguage":"pt-BR","@id":"https:\/\/newblogs.correiobraziliense.com.br\/ecobraziliense\/#\/schema\/logo\/image\/","url":"https:\/\/newblogs.correiobraziliense.com.br\/ecobraziliense\/wp-content\/uploads\/sites\/7\/2025\/08\/cropped-1.png","contentUrl":"https:\/\/newblogs.correiobraziliense.com.br\/ecobraziliense\/wp-content\/uploads\/sites\/7\/2025\/08\/cropped-1.png","width":1000,"height":250,"caption":"Correio Braziliense"},"image":{"@id":"https:\/\/newblogs.correiobraziliense.com.br\/ecobraziliense\/#\/schema\/logo\/image\/"}},{"@type":"Person","@id":"https:\/\/newblogs.correiobraziliense.com.br\/ecobraziliense\/#\/schema\/person\/2cae9fb7496bd90af27178d00e4f6683","name":"Rafaela Gon\u00e7alves","image":{"@type":"ImageObject","inLanguage":"pt-BR","@id":"https:\/\/secure.gravatar.com\/avatar\/576f01ed42806765a18f53a22440885b3e08ed7db0a264f840ec23b34509b8b1?s=96&d=mm&r=g","url":"https:\/\/secure.gravatar.com\/avatar\/576f01ed42806765a18f53a22440885b3e08ed7db0a264f840ec23b34509b8b1?s=96&d=mm&r=g","contentUrl":"https:\/\/secure.gravatar.com\/avatar\/576f01ed42806765a18f53a22440885b3e08ed7db0a264f840ec23b34509b8b1?s=96&d=mm&r=g","caption":"Rafaela Gon\u00e7alves"},"description":"Jornalista formada pela Universidade Cat\u00f3lica de Bras\u00edlia (UCB), com especializa\u00e7\u00e3o em Economia pela Saint Paul Escola de Neg\u00f3cios e atualmente cursando MBA em Gest\u00e3o Ambiental e Sustentabilidade na Universidade de Uberaba (Uniube). Atua na cobertura pol\u00edtica em Bras\u00edlia desde 2018, com foco em temas de impacto socioambiental e econ\u00f4mico.","url":"https:\/\/newblogs.correiobraziliense.com.br\/ecobraziliense\/author\/rafaelagoncalves\/"}]}},"_links":{"self":[{"href":"https:\/\/newblogs.correiobraziliense.com.br\/ecobraziliense\/wp-json\/wp\/v2\/posts\/307","targetHints":{"allow":["GET"]}}],"collection":[{"href":"https:\/\/newblogs.correiobraziliense.com.br\/ecobraziliense\/wp-json\/wp\/v2\/posts"}],"about":[{"href":"https:\/\/newblogs.correiobraziliense.com.br\/ecobraziliense\/wp-json\/wp\/v2\/types\/post"}],"author":[{"embeddable":true,"href":"https:\/\/newblogs.correiobraziliense.com.br\/ecobraziliense\/wp-json\/wp\/v2\/users\/23"}],"replies":[{"embeddable":true,"href":"https:\/\/newblogs.correiobraziliense.com.br\/ecobraziliense\/wp-json\/wp\/v2\/comments?post=307"}],"version-history":[{"count":3,"href":"https:\/\/newblogs.correiobraziliense.com.br\/ecobraziliense\/wp-json\/wp\/v2\/posts\/307\/revisions"}],"predecessor-version":[{"id":311,"href":"https:\/\/newblogs.correiobraziliense.com.br\/ecobraziliense\/wp-json\/wp\/v2\/posts\/307\/revisions\/311"}],"wp:featuredmedia":[{"embeddable":true,"href":"https:\/\/newblogs.correiobraziliense.com.br\/ecobraziliense\/wp-json\/wp\/v2\/media\/309"}],"wp:attachment":[{"href":"https:\/\/newblogs.correiobraziliense.com.br\/ecobraziliense\/wp-json\/wp\/v2\/media?parent=307"}],"wp:term":[{"taxonomy":"category","embeddable":true,"href":"https:\/\/newblogs.correiobraziliense.com.br\/ecobraziliense\/wp-json\/wp\/v2\/categories?post=307"},{"taxonomy":"post_tag","embeddable":true,"href":"https:\/\/newblogs.correiobraziliense.com.br\/ecobraziliense\/wp-json\/wp\/v2\/tags?post=307"}],"curies":[{"name":"wp","href":"https:\/\/api.w.org\/{rel}","templated":true}]}}