{"id":291,"date":"2025-11-28T15:37:24","date_gmt":"2025-11-28T18:37:24","guid":{"rendered":"https:\/\/newblogs.correiobraziliense.com.br\/ecobraziliense\/?p=291"},"modified":"2025-11-28T15:37:26","modified_gmt":"2025-11-28T18:37:26","slug":"governo-prepara-virada-no-mercado-de-carbono","status":"publish","type":"post","link":"https:\/\/newblogs.correiobraziliense.com.br\/ecobraziliense\/governo-prepara-virada-no-mercado-de-carbono\/","title":{"rendered":"Governo prepara virada no mercado de carbono"},"content":{"rendered":"\n<p>O governo federal pretende concluir, at\u00e9 dezembro de 2026, toda a regulamenta\u00e7\u00e3o infralegal necess\u00e1ria para viabilizar o <a href=\"https:\/\/newblogs.correiobraziliense.com.br\/ecobraziliense\/brasil-inaugura-nova-fase-da-economia-climatica\/\">mercado regulado de carbono<\/a> no Brasil, um passo decisivo para que o Sistema Brasileiro de Com\u00e9rcio de Emiss\u00f5es (SBCE) entre em opera\u00e7\u00e3o em 2030.\u00a0<\/p>\n\n\n\n<p>A diretriz est\u00e1 a cargo da rec\u00e9m-criada Secretaria Extraordin\u00e1ria do Mercado de Carbono do Minist\u00e9rio da Fazenda, institu\u00edda em outubro para estruturar a nova engrenagem clim\u00e1tica do pa\u00eds.<\/p>\n\n\n\n<p>\u00c0 frente da secretaria, Cristina Reis afirma que o mercado de carbono pode se tornar um vetor de oportunidades econ\u00f4micas, gera\u00e7\u00e3o de renda e redu\u00e7\u00e3o de desigualdades, mas alerta que, apesar do potencial transformador, o instrumento n\u00e3o \u00e9 uma \u201cbala de prata\u201d para enfrentar a crise clim\u00e1tica.&nbsp;<\/p>\n\n\n\n<blockquote class=\"wp-block-quote is-layout-flow wp-block-quote-is-layout-flow\">\n<p>\u201cEssa jornada \u00e9 de quase tr\u00eas anos no governo atual, mas \u00e9 tamb\u00e9m de muitos anos de espera pela aprova\u00e7\u00e3o da lei do mercado regulado\u201d, lembra.<\/p>\n<\/blockquote>\n\n\n\n<p>Reis destaca que a constru\u00e7\u00e3o do SBCE envolve um ecossistema amplo, que conecta governo, empresas, setor financeiro, comunidades tradicionais e povos ind\u00edgenas. Ela afirma que a secretaria tem car\u00e1ter tempor\u00e1rio, com in\u00edcio, meio e fim definidos, e funcionar\u00e1 at\u00e9 que o Executivo institua um \u00f3rg\u00e3o gestor permanente para o sistema.<\/p>\n\n\n\n<p>As proje\u00e7\u00f5es apresentadas pela secret\u00e1ria refor\u00e7am a <a href=\"https:\/\/www.correiobraziliense.com.br\/economia\/2024\/12\/7003856-carbono-e-a-nova-commodity-diz-helder-barbalho-em-evento-do-lide.html\">ambi\u00e7\u00e3o econ\u00f4mica do projeto<\/a>. O mercado regulado de carbono pode acrescentar quase 6% ao crescimento adicional da economia at\u00e9 2040 e 8,5% at\u00e9 2050.\u00a0<\/p>\n\n\n\n<p>Estimativas do Banco Mundial apontam que as emiss\u00f5es dos setores regulados poderiam cair 21% at\u00e9 2040 e 27% at\u00e9 2050. No mesmo horizonte, o pre\u00e7o da tonelada de carbono deve partir de US$ 30 e avan\u00e7ar para US$ 60 em uma segunda fase do sistema.<\/p>\n\n\n\n<p>Em meio ao avan\u00e7o das exig\u00eancias globais por descarboniza\u00e7\u00e3o, o governo aposta que o SBCE ser\u00e1 um dos pilares da competitividade brasileira na nova economia clim\u00e1tica.<\/p>\n\n\n\n\n","protected":false},"excerpt":{"rendered":"<p>Secretaria extraordin\u00e1ria quer concluir regras at\u00e9 2026 e mira opera\u00e7\u00e3o do SBCE em 2030, com proje\u00e7\u00f5es de impacto econ\u00f4mico e queda de emiss\u00f5es<\/p>\n","protected":false},"author":23,"featured_media":294,"comment_status":"closed","ping_status":"open","sticky":false,"template":"","format":"standard","meta":{"_acf_changed":false,"inline_featured_image":false,"footnotes":""},"categories":[2],"tags":[25,158,21,24],"class_list":["post-291","post","type-post","status-publish","format-standard","has-post-thumbnail","hentry","category-economia-verde","tag-eco-braziliense","tag-mercado-regulado-de-carbono","tag-ministerio-da-fazenda","tag-transicao-energetica"],"acf":[],"yoast_head":"<!-- This site is optimized with the Yoast SEO plugin v27.3 - https:\/\/yoast.com\/product\/yoast-seo-wordpress\/ -->\n<title>Governo prepara virada no mercado de carbono | Eco Braziliense<\/title>\n<meta name=\"description\" content=\"Secretaria extraordin\u00e1ria quer concluir regras at\u00e9 2026 e mira opera\u00e7\u00e3o do SBCE em 2030, com proje\u00e7\u00f5es de impacto econ\u00f4mico e queda de emiss\u00f5es\" \/>\n<meta name=\"robots\" content=\"index, follow, max-snippet:-1, max-image-preview:large, max-video-preview:-1\" \/>\n<link rel=\"canonical\" href=\"https:\/\/newblogs.correiobraziliense.com.br\/ecobraziliense\/governo-prepara-virada-no-mercado-de-carbono\/\" \/>\n<meta property=\"og:locale\" content=\"pt_BR\" \/>\n<meta property=\"og:type\" content=\"article\" \/>\n<meta property=\"og:title\" content=\"Governo prepara virada no mercado de carbono | Eco Braziliense\" \/>\n<meta property=\"og:description\" content=\"Secretaria extraordin\u00e1ria quer concluir regras at\u00e9 2026 e mira opera\u00e7\u00e3o do SBCE em 2030, com proje\u00e7\u00f5es de impacto econ\u00f4mico e queda de emiss\u00f5es\" \/>\n<meta property=\"og:url\" content=\"https:\/\/newblogs.correiobraziliense.com.br\/ecobraziliense\/governo-prepara-virada-no-mercado-de-carbono\/\" \/>\n<meta property=\"og:site_name\" content=\"Eco Braziliense\" \/>\n<meta property=\"article:published_time\" content=\"2025-11-28T18:37:24+00:00\" \/>\n<meta property=\"article:modified_time\" content=\"2025-11-28T18:37:26+00:00\" \/>\n<meta property=\"og:image\" content=\"https:\/\/newblogs.correiobraziliense.com.br\/ecobraziliense\/wp-content\/uploads\/sites\/7\/2025\/11\/Canal-Solar-Mercado-de-carbono-o-que-falta-para-se-tornar-uma-realidade-no-Brasil.jpg\" \/>\n\t<meta property=\"og:image:width\" content=\"850\" \/>\n\t<meta property=\"og:image:height\" content=\"566\" \/>\n\t<meta property=\"og:image:type\" content=\"image\/jpeg\" \/>\n<meta name=\"author\" content=\"Rafaela Gon\u00e7alves\" \/>\n<!-- \/ Yoast SEO plugin. -->","yoast_head_json":{"title":"Governo prepara virada no mercado de carbono | Eco Braziliense","description":"Secretaria extraordin\u00e1ria quer concluir regras at\u00e9 2026 e mira opera\u00e7\u00e3o do SBCE em 2030, com proje\u00e7\u00f5es de impacto econ\u00f4mico e queda de emiss\u00f5es","robots":{"index":"index","follow":"follow","max-snippet":"max-snippet:-1","max-image-preview":"max-image-preview:large","max-video-preview":"max-video-preview:-1"},"canonical":"https:\/\/newblogs.correiobraziliense.com.br\/ecobraziliense\/governo-prepara-virada-no-mercado-de-carbono\/","og_locale":"pt_BR","og_type":"article","og_title":"Governo prepara virada no mercado de carbono | Eco Braziliense","og_description":"Secretaria extraordin\u00e1ria quer concluir regras at\u00e9 2026 e mira opera\u00e7\u00e3o do SBCE em 2030, com proje\u00e7\u00f5es de impacto econ\u00f4mico e queda de emiss\u00f5es","og_url":"https:\/\/newblogs.correiobraziliense.com.br\/ecobraziliense\/governo-prepara-virada-no-mercado-de-carbono\/","og_site_name":"Eco Braziliense","article_published_time":"2025-11-28T18:37:24+00:00","article_modified_time":"2025-11-28T18:37:26+00:00","og_image":[{"width":850,"height":566,"url":"https:\/\/newblogs.correiobraziliense.com.br\/ecobraziliense\/wp-content\/uploads\/sites\/7\/2025\/11\/Canal-Solar-Mercado-de-carbono-o-que-falta-para-se-tornar-uma-realidade-no-Brasil.jpg","type":"image\/jpeg"}],"author":"Rafaela Gon\u00e7alves","schema":{"@context":"https:\/\/schema.org","@graph":[{"@type":"NewsArticle","@id":"https:\/\/newblogs.correiobraziliense.com.br\/ecobraziliense\/governo-prepara-virada-no-mercado-de-carbono\/#article","isPartOf":{"@id":"https:\/\/newblogs.correiobraziliense.com.br\/ecobraziliense\/governo-prepara-virada-no-mercado-de-carbono\/"},"author":{"name":"Rafaela Gon\u00e7alves","@id":"https:\/\/newblogs.correiobraziliense.com.br\/ecobraziliense\/#\/schema\/person\/2cae9fb7496bd90af27178d00e4f6683"},"headline":"Governo prepara virada no mercado de carbono","datePublished":"2025-11-28T18:37:24+00:00","dateModified":"2025-11-28T18:37:26+00:00","mainEntityOfPage":{"@id":"https:\/\/newblogs.correiobraziliense.com.br\/ecobraziliense\/governo-prepara-virada-no-mercado-de-carbono\/"},"wordCount":323,"publisher":{"@id":"https:\/\/newblogs.correiobraziliense.com.br\/ecobraziliense\/#organization"},"image":{"@id":"https:\/\/newblogs.correiobraziliense.com.br\/ecobraziliense\/governo-prepara-virada-no-mercado-de-carbono\/#primaryimage"},"thumbnailUrl":"https:\/\/newblogs.correiobraziliense.com.br\/ecobraziliense\/wp-content\/uploads\/sites\/7\/2025\/11\/Canal-Solar-Mercado-de-carbono-o-que-falta-para-se-tornar-uma-realidade-no-Brasil.jpg","keywords":["Eco Braziliense","mercado regulado de carbono","Minist\u00e9rio da Fazenda","Transi\u00e7\u00e3o energ\u00e9tica"],"articleSection":["Economia verde"],"inLanguage":"pt-BR"},{"@type":"WebPage","@id":"https:\/\/newblogs.correiobraziliense.com.br\/ecobraziliense\/governo-prepara-virada-no-mercado-de-carbono\/","url":"https:\/\/newblogs.correiobraziliense.com.br\/ecobraziliense\/governo-prepara-virada-no-mercado-de-carbono\/","name":"Governo prepara virada no mercado de carbono | Eco Braziliense","isPartOf":{"@id":"https:\/\/newblogs.correiobraziliense.com.br\/ecobraziliense\/#website"},"primaryImageOfPage":{"@id":"https:\/\/newblogs.correiobraziliense.com.br\/ecobraziliense\/governo-prepara-virada-no-mercado-de-carbono\/#primaryimage"},"image":{"@id":"https:\/\/newblogs.correiobraziliense.com.br\/ecobraziliense\/governo-prepara-virada-no-mercado-de-carbono\/#primaryimage"},"thumbnailUrl":"https:\/\/newblogs.correiobraziliense.com.br\/ecobraziliense\/wp-content\/uploads\/sites\/7\/2025\/11\/Canal-Solar-Mercado-de-carbono-o-que-falta-para-se-tornar-uma-realidade-no-Brasil.jpg","datePublished":"2025-11-28T18:37:24+00:00","dateModified":"2025-11-28T18:37:26+00:00","description":"Secretaria extraordin\u00e1ria quer concluir regras at\u00e9 2026 e mira opera\u00e7\u00e3o do SBCE em 2030, com proje\u00e7\u00f5es de impacto econ\u00f4mico e queda de emiss\u00f5es","breadcrumb":{"@id":"https:\/\/newblogs.correiobraziliense.com.br\/ecobraziliense\/governo-prepara-virada-no-mercado-de-carbono\/#breadcrumb"},"inLanguage":"pt-BR","potentialAction":[{"@type":"ReadAction","target":["https:\/\/newblogs.correiobraziliense.com.br\/ecobraziliense\/governo-prepara-virada-no-mercado-de-carbono\/"]}]},{"@type":"ImageObject","inLanguage":"pt-BR","@id":"https:\/\/newblogs.correiobraziliense.com.br\/ecobraziliense\/governo-prepara-virada-no-mercado-de-carbono\/#primaryimage","url":"https:\/\/newblogs.correiobraziliense.com.br\/ecobraziliense\/wp-content\/uploads\/sites\/7\/2025\/11\/Canal-Solar-Mercado-de-carbono-o-que-falta-para-se-tornar-uma-realidade-no-Brasil.jpg","contentUrl":"https:\/\/newblogs.correiobraziliense.com.br\/ecobraziliense\/wp-content\/uploads\/sites\/7\/2025\/11\/Canal-Solar-Mercado-de-carbono-o-que-falta-para-se-tornar-uma-realidade-no-Brasil.jpg","width":850,"height":566,"caption":"xr:d:DAD7r65-7FU:8971,j:449627467066161434,t:23061412"},{"@type":"BreadcrumbList","@id":"https:\/\/newblogs.correiobraziliense.com.br\/ecobraziliense\/governo-prepara-virada-no-mercado-de-carbono\/#breadcrumb","itemListElement":[{"@type":"ListItem","position":1,"name":"In\u00edcio","item":"https:\/\/newblogs.correiobraziliense.com.br\/ecobraziliense\/"},{"@type":"ListItem","position":2,"name":"Economia verde","item":"https:\/\/newblogs.correiobraziliense.com.br\/ecobraziliense\/economia-verde\/"},{"@type":"ListItem","position":3,"name":"Governo prepara virada no mercado de carbono"}]},{"@type":"WebSite","@id":"https:\/\/newblogs.correiobraziliense.com.br\/ecobraziliense\/#website","url":"https:\/\/newblogs.correiobraziliense.com.br\/ecobraziliense\/","name":"Eco Braziliense","description":"Espa\u00e7o dedicado \u00e0 cobertura da transi\u00e7\u00e3o ecol\u00f3gica no Brasil e no mundo. Reportagens, an\u00e1lises e entrevistas sobre economia verde, transi\u00e7\u00e3o energ\u00e9tica e neg\u00f3cios sustent\u00e1veis.","publisher":{"@id":"https:\/\/newblogs.correiobraziliense.com.br\/ecobraziliense\/#organization"},"potentialAction":[{"@type":"SearchAction","target":{"@type":"EntryPoint","urlTemplate":"https:\/\/newblogs.correiobraziliense.com.br\/ecobraziliense\/?s={search_term_string}"},"query-input":{"@type":"PropertyValueSpecification","valueRequired":true,"valueName":"search_term_string"}}],"inLanguage":"pt-BR"},{"@type":"Organization","@id":"https:\/\/newblogs.correiobraziliense.com.br\/ecobraziliense\/#organization","name":"Correio Braziliense","url":"https:\/\/newblogs.correiobraziliense.com.br\/ecobraziliense\/","logo":{"@type":"ImageObject","inLanguage":"pt-BR","@id":"https:\/\/newblogs.correiobraziliense.com.br\/ecobraziliense\/#\/schema\/logo\/image\/","url":"https:\/\/newblogs.correiobraziliense.com.br\/ecobraziliense\/wp-content\/uploads\/sites\/7\/2025\/08\/cropped-1.png","contentUrl":"https:\/\/newblogs.correiobraziliense.com.br\/ecobraziliense\/wp-content\/uploads\/sites\/7\/2025\/08\/cropped-1.png","width":1000,"height":250,"caption":"Correio Braziliense"},"image":{"@id":"https:\/\/newblogs.correiobraziliense.com.br\/ecobraziliense\/#\/schema\/logo\/image\/"}},{"@type":"Person","@id":"https:\/\/newblogs.correiobraziliense.com.br\/ecobraziliense\/#\/schema\/person\/2cae9fb7496bd90af27178d00e4f6683","name":"Rafaela Gon\u00e7alves","image":{"@type":"ImageObject","inLanguage":"pt-BR","@id":"https:\/\/secure.gravatar.com\/avatar\/576f01ed42806765a18f53a22440885b3e08ed7db0a264f840ec23b34509b8b1?s=96&d=mm&r=g","url":"https:\/\/secure.gravatar.com\/avatar\/576f01ed42806765a18f53a22440885b3e08ed7db0a264f840ec23b34509b8b1?s=96&d=mm&r=g","contentUrl":"https:\/\/secure.gravatar.com\/avatar\/576f01ed42806765a18f53a22440885b3e08ed7db0a264f840ec23b34509b8b1?s=96&d=mm&r=g","caption":"Rafaela Gon\u00e7alves"},"description":"Jornalista formada pela Universidade Cat\u00f3lica de Bras\u00edlia (UCB), com especializa\u00e7\u00e3o em Economia pela Saint Paul Escola de Neg\u00f3cios e atualmente cursando MBA em Gest\u00e3o Ambiental e Sustentabilidade na Universidade de Uberaba (Uniube). Atua na cobertura pol\u00edtica em Bras\u00edlia desde 2018, com foco em temas de impacto socioambiental e econ\u00f4mico.","url":"https:\/\/newblogs.correiobraziliense.com.br\/ecobraziliense\/author\/rafaelagoncalves\/"}]}},"_links":{"self":[{"href":"https:\/\/newblogs.correiobraziliense.com.br\/ecobraziliense\/wp-json\/wp\/v2\/posts\/291","targetHints":{"allow":["GET"]}}],"collection":[{"href":"https:\/\/newblogs.correiobraziliense.com.br\/ecobraziliense\/wp-json\/wp\/v2\/posts"}],"about":[{"href":"https:\/\/newblogs.correiobraziliense.com.br\/ecobraziliense\/wp-json\/wp\/v2\/types\/post"}],"author":[{"embeddable":true,"href":"https:\/\/newblogs.correiobraziliense.com.br\/ecobraziliense\/wp-json\/wp\/v2\/users\/23"}],"replies":[{"embeddable":true,"href":"https:\/\/newblogs.correiobraziliense.com.br\/ecobraziliense\/wp-json\/wp\/v2\/comments?post=291"}],"version-history":[{"count":2,"href":"https:\/\/newblogs.correiobraziliense.com.br\/ecobraziliense\/wp-json\/wp\/v2\/posts\/291\/revisions"}],"predecessor-version":[{"id":293,"href":"https:\/\/newblogs.correiobraziliense.com.br\/ecobraziliense\/wp-json\/wp\/v2\/posts\/291\/revisions\/293"}],"wp:featuredmedia":[{"embeddable":true,"href":"https:\/\/newblogs.correiobraziliense.com.br\/ecobraziliense\/wp-json\/wp\/v2\/media\/294"}],"wp:attachment":[{"href":"https:\/\/newblogs.correiobraziliense.com.br\/ecobraziliense\/wp-json\/wp\/v2\/media?parent=291"}],"wp:term":[{"taxonomy":"category","embeddable":true,"href":"https:\/\/newblogs.correiobraziliense.com.br\/ecobraziliense\/wp-json\/wp\/v2\/categories?post=291"},{"taxonomy":"post_tag","embeddable":true,"href":"https:\/\/newblogs.correiobraziliense.com.br\/ecobraziliense\/wp-json\/wp\/v2\/tags?post=291"}],"curies":[{"name":"wp","href":"https:\/\/api.w.org\/{rel}","templated":true}]}}