{"id":286,"date":"2025-11-26T12:08:11","date_gmt":"2025-11-26T15:08:11","guid":{"rendered":"https:\/\/newblogs.correiobraziliense.com.br\/ecobraziliense\/?p=286"},"modified":"2025-11-26T12:08:12","modified_gmt":"2025-11-26T15:08:12","slug":"brasil-inaugura-nova-fase-da-economia-climatica","status":"publish","type":"post","link":"https:\/\/newblogs.correiobraziliense.com.br\/ecobraziliense\/brasil-inaugura-nova-fase-da-economia-climatica\/","title":{"rendered":"Brasil inaugura nova fase da economia clim\u00e1tica"},"content":{"rendered":"\n<p>A COP30 confirmou que a agenda clim\u00e1tica deixou de ser perif\u00e9rica e passou a orientar decis\u00f5es centrais do mundo dos neg\u00f3cios, consolidando o Brasil como um dos principais articuladores desse novo ciclo. As discuss\u00f5es em Bel\u00e9m expuseram <a href=\"https:\/\/newblogs.correiobraziliense.com.br\/ecobraziliense\/cop30-entre-lacunas-e-vitorias-discretas\/\">tr\u00eas movimentos estruturais<\/a> que podem redesenhar pol\u00edticas p\u00fablicas, destravar novos modelos de financiamento e redefinir a competitividade dos setores produtivos nos pr\u00f3ximos anos.<\/p>\n\n\n\n<p>No campo dos mercados de carbono, o pa\u00eds apresentou a <em>Open Coalition for Carbon Market <\/em>Integration, iniciativa apoiada pela Uni\u00e3o Europeia e pela China que busca harmonizar padr\u00f5es e conectar sistemas regulados hoje fragmentados. Embora cerca de 80 pa\u00edses j\u00e1 precifiquem carbono, a aus\u00eancia de regras convergentes limita o potencial de com\u00e9rcio e o acesso a financiamento internacional.\u00a0<\/p>\n\n\n\n<p>A proposta brasileira tende a reduzir barreiras comerciais, ampliar a competitividade de produtos de menor intensidade de carbono e destravar fluxos internacionais de recursos, abrindo espa\u00e7o para que setores exportadores se reposicionem diante das novas exig\u00eancias globais.<\/p>\n\n\n\n<p>O <a href=\"https:\/\/www.correiobraziliense.com.br\/economia\/2025\/10\/7279321-lider-do-wwf-brasil-o-financiamento-climatico-e-desigual.html\">financiamento clim\u00e1tico<\/a> tamb\u00e9m entrou em uma nova fase com o lan\u00e7amento do Roadmap Baku\u2013Bel\u00e9m, que prev\u00ea mobilizar US$ 1,3 trilh\u00e3o anuais at\u00e9 2035. O objetivo \u00e9 oferecer escala e previsibilidade ao apoio destinado a pa\u00edses em desenvolvimento, uma lacuna hist\u00f3rica das negocia\u00e7\u00f5es.\u00a0<\/p>\n\n\n\n<p>Paralelamente, o Fundo Florestas Tropicais para Sempre (TFFF na sigla em ingl\u00eas) chamou aten\u00e7\u00e3o por seu desenho inovador, remunera\u00e7\u00e3o baseada em monitoramento por sat\u00e9lite e destina\u00e7\u00e3o de 20% dos recursos a povos ind\u00edgenas e comunidades tradicionais. O modelo \u00e9 visto como refer\u00eancia emergente para atrair capital privado e garantir resultados mensur\u00e1veis em conserva\u00e7\u00e3o.<\/p>\n\n\n\n<p><strong>Justi\u00e7a clim\u00e1tica<\/strong><\/p>\n\n\n\n<p>Ao mesmo tempo, a filantropia e a <a href=\"https:\/\/www.correiobraziliense.com.br\/brasil\/2025\/06\/7187046-racismo-ambiental-crise-climatica-aprofunda-desigualdades.html\">justi\u00e7a clim\u00e1tica ganharam novo protagonismo<\/a> na COP30, fortalecendo iniciativas que aproximam clima, direitos humanos e inclus\u00e3o social. Organiza\u00e7\u00f5es da sociedade civil e investidores sociais ressaltaram que adapta\u00e7\u00e3o, resili\u00eancia e coopera\u00e7\u00e3o com territ\u00f3rios vulner\u00e1veis precisam entrar no n\u00facleo das estrat\u00e9gias corporativas, e n\u00e3o ser tratadas como anexos do ESG.<\/p>\n\n\n\n<p>A converg\u00eancia desses tr\u00eas vetores \u2014 integra\u00e7\u00e3o de mercados, novos mecanismos de financiamento e fortalecimento da justi\u00e7a clim\u00e1tica \u2014 sinaliza mudan\u00e7as aceleradas no ambiente regulat\u00f3rio e no posicionamento das empresas.&nbsp;<\/p>\n\n\n\n<p>Esse movimento refor\u00e7a a aproxima\u00e7\u00e3o entre agenda clim\u00e1tica e agenda social, elevando o patamar de responsabilidade e transpar\u00eancia exigido das organiza\u00e7\u00f5es que buscam se manter alinhadas aos novos padr\u00f5es globais.<\/p>\n","protected":false},"excerpt":{"rendered":"<p>Pa\u00eds assume papel central na integra\u00e7\u00e3o de mercados de carbono, no novo ciclo de financiamento clim\u00e1tico e na consolida\u00e7\u00e3o da justi\u00e7a clim\u00e1tica<\/p>\n","protected":false},"author":23,"featured_media":287,"comment_status":"closed","ping_status":"open","sticky":false,"template":"","format":"standard","meta":{"_acf_changed":false,"inline_featured_image":false,"footnotes":""},"categories":[2],"tags":[6,25,107,157,8,106],"class_list":["post-286","post","type-post","status-publish","format-standard","has-post-thumbnail","hentry","category-economia-verde","tag-cop30","tag-eco-braziliense","tag-empresas","tag-esg","tag-financiamento-climatico","tag-mercado-de-carbono"],"acf":[],"yoast_head":"<!-- This site is optimized with the Yoast SEO plugin v27.3 - https:\/\/yoast.com\/product\/yoast-seo-wordpress\/ -->\n<title>Brasil inaugura nova fase da economia clim\u00e1tica | Eco Braziliense<\/title>\n<meta name=\"description\" content=\"Pa\u00eds assume papel central na integra\u00e7\u00e3o de mercados de carbono, no novo ciclo de financiamento clim\u00e1tico e na consolida\u00e7\u00e3o da justi\u00e7a clim\u00e1tica\" \/>\n<meta name=\"robots\" content=\"index, follow, max-snippet:-1, max-image-preview:large, max-video-preview:-1\" \/>\n<link rel=\"canonical\" href=\"https:\/\/newblogs.correiobraziliense.com.br\/ecobraziliense\/brasil-inaugura-nova-fase-da-economia-climatica\/\" \/>\n<meta property=\"og:locale\" content=\"pt_BR\" \/>\n<meta property=\"og:type\" content=\"article\" \/>\n<meta property=\"og:title\" content=\"Brasil inaugura nova fase da economia clim\u00e1tica | Eco Braziliense\" \/>\n<meta property=\"og:description\" content=\"Pa\u00eds assume papel central na integra\u00e7\u00e3o de mercados de carbono, no novo ciclo de financiamento clim\u00e1tico e na consolida\u00e7\u00e3o da justi\u00e7a clim\u00e1tica\" \/>\n<meta property=\"og:url\" content=\"https:\/\/newblogs.correiobraziliense.com.br\/ecobraziliense\/brasil-inaugura-nova-fase-da-economia-climatica\/\" \/>\n<meta property=\"og:site_name\" content=\"Eco Braziliense\" \/>\n<meta property=\"article:published_time\" content=\"2025-11-26T15:08:11+00:00\" \/>\n<meta property=\"article:modified_time\" content=\"2025-11-26T15:08:12+00:00\" \/>\n<meta property=\"og:image\" content=\"https:\/\/newblogs.correiobraziliense.com.br\/ecobraziliense\/wp-content\/uploads\/sites\/7\/2025\/11\/mercado-fianceiro-e-a-preoucupacao-ambiental.jpeg.webp\" \/>\n\t<meta property=\"og:image:width\" content=\"960\" \/>\n\t<meta property=\"og:image:height\" content=\"540\" \/>\n\t<meta property=\"og:image:type\" content=\"image\/webp\" \/>\n<meta name=\"author\" content=\"Rafaela Gon\u00e7alves\" \/>\n<!-- \/ Yoast SEO plugin. -->","yoast_head_json":{"title":"Brasil inaugura nova fase da economia clim\u00e1tica | Eco Braziliense","description":"Pa\u00eds assume papel central na integra\u00e7\u00e3o de mercados de carbono, no novo ciclo de financiamento clim\u00e1tico e na consolida\u00e7\u00e3o da justi\u00e7a clim\u00e1tica","robots":{"index":"index","follow":"follow","max-snippet":"max-snippet:-1","max-image-preview":"max-image-preview:large","max-video-preview":"max-video-preview:-1"},"canonical":"https:\/\/newblogs.correiobraziliense.com.br\/ecobraziliense\/brasil-inaugura-nova-fase-da-economia-climatica\/","og_locale":"pt_BR","og_type":"article","og_title":"Brasil inaugura nova fase da economia clim\u00e1tica | Eco Braziliense","og_description":"Pa\u00eds assume papel central na integra\u00e7\u00e3o de mercados de carbono, no novo ciclo de financiamento clim\u00e1tico e na consolida\u00e7\u00e3o da justi\u00e7a clim\u00e1tica","og_url":"https:\/\/newblogs.correiobraziliense.com.br\/ecobraziliense\/brasil-inaugura-nova-fase-da-economia-climatica\/","og_site_name":"Eco Braziliense","article_published_time":"2025-11-26T15:08:11+00:00","article_modified_time":"2025-11-26T15:08:12+00:00","og_image":[{"width":960,"height":540,"url":"https:\/\/newblogs.correiobraziliense.com.br\/ecobraziliense\/wp-content\/uploads\/sites\/7\/2025\/11\/mercado-fianceiro-e-a-preoucupacao-ambiental.jpeg.webp","type":"image\/webp"}],"author":"Rafaela Gon\u00e7alves","schema":{"@context":"https:\/\/schema.org","@graph":[{"@type":"NewsArticle","@id":"https:\/\/newblogs.correiobraziliense.com.br\/ecobraziliense\/brasil-inaugura-nova-fase-da-economia-climatica\/#article","isPartOf":{"@id":"https:\/\/newblogs.correiobraziliense.com.br\/ecobraziliense\/brasil-inaugura-nova-fase-da-economia-climatica\/"},"author":{"name":"Rafaela Gon\u00e7alves","@id":"https:\/\/newblogs.correiobraziliense.com.br\/ecobraziliense\/#\/schema\/person\/2cae9fb7496bd90af27178d00e4f6683"},"headline":"Brasil inaugura nova fase da economia clim\u00e1tica","datePublished":"2025-11-26T15:08:11+00:00","dateModified":"2025-11-26T15:08:12+00:00","mainEntityOfPage":{"@id":"https:\/\/newblogs.correiobraziliense.com.br\/ecobraziliense\/brasil-inaugura-nova-fase-da-economia-climatica\/"},"wordCount":432,"publisher":{"@id":"https:\/\/newblogs.correiobraziliense.com.br\/ecobraziliense\/#organization"},"image":{"@id":"https:\/\/newblogs.correiobraziliense.com.br\/ecobraziliense\/brasil-inaugura-nova-fase-da-economia-climatica\/#primaryimage"},"thumbnailUrl":"https:\/\/newblogs.correiobraziliense.com.br\/ecobraziliense\/wp-content\/uploads\/sites\/7\/2025\/11\/mercado-fianceiro-e-a-preoucupacao-ambiental.jpeg.webp","keywords":["COP30","Eco Braziliense","empresas","ESG","financiamento clim\u00e1tico","mercado de carbono"],"articleSection":["Economia verde"],"inLanguage":"pt-BR"},{"@type":"WebPage","@id":"https:\/\/newblogs.correiobraziliense.com.br\/ecobraziliense\/brasil-inaugura-nova-fase-da-economia-climatica\/","url":"https:\/\/newblogs.correiobraziliense.com.br\/ecobraziliense\/brasil-inaugura-nova-fase-da-economia-climatica\/","name":"Brasil inaugura nova fase da economia clim\u00e1tica | Eco Braziliense","isPartOf":{"@id":"https:\/\/newblogs.correiobraziliense.com.br\/ecobraziliense\/#website"},"primaryImageOfPage":{"@id":"https:\/\/newblogs.correiobraziliense.com.br\/ecobraziliense\/brasil-inaugura-nova-fase-da-economia-climatica\/#primaryimage"},"image":{"@id":"https:\/\/newblogs.correiobraziliense.com.br\/ecobraziliense\/brasil-inaugura-nova-fase-da-economia-climatica\/#primaryimage"},"thumbnailUrl":"https:\/\/newblogs.correiobraziliense.com.br\/ecobraziliense\/wp-content\/uploads\/sites\/7\/2025\/11\/mercado-fianceiro-e-a-preoucupacao-ambiental.jpeg.webp","datePublished":"2025-11-26T15:08:11+00:00","dateModified":"2025-11-26T15:08:12+00:00","description":"Pa\u00eds assume papel central na integra\u00e7\u00e3o de mercados de carbono, no novo ciclo de financiamento clim\u00e1tico e na consolida\u00e7\u00e3o da justi\u00e7a clim\u00e1tica","breadcrumb":{"@id":"https:\/\/newblogs.correiobraziliense.com.br\/ecobraziliense\/brasil-inaugura-nova-fase-da-economia-climatica\/#breadcrumb"},"inLanguage":"pt-BR","potentialAction":[{"@type":"ReadAction","target":["https:\/\/newblogs.correiobraziliense.com.br\/ecobraziliense\/brasil-inaugura-nova-fase-da-economia-climatica\/"]}]},{"@type":"ImageObject","inLanguage":"pt-BR","@id":"https:\/\/newblogs.correiobraziliense.com.br\/ecobraziliense\/brasil-inaugura-nova-fase-da-economia-climatica\/#primaryimage","url":"https:\/\/newblogs.correiobraziliense.com.br\/ecobraziliense\/wp-content\/uploads\/sites\/7\/2025\/11\/mercado-fianceiro-e-a-preoucupacao-ambiental.jpeg.webp","contentUrl":"https:\/\/newblogs.correiobraziliense.com.br\/ecobraziliense\/wp-content\/uploads\/sites\/7\/2025\/11\/mercado-fianceiro-e-a-preoucupacao-ambiental.jpeg.webp","width":960,"height":540,"caption":"Tend\u00eancias pressionam por ajustes r\u00e1pidos na regula\u00e7\u00e3o e na atua\u00e7\u00e3o das empresas Foto: Adobe Stock."},{"@type":"BreadcrumbList","@id":"https:\/\/newblogs.correiobraziliense.com.br\/ecobraziliense\/brasil-inaugura-nova-fase-da-economia-climatica\/#breadcrumb","itemListElement":[{"@type":"ListItem","position":1,"name":"In\u00edcio","item":"https:\/\/newblogs.correiobraziliense.com.br\/ecobraziliense\/"},{"@type":"ListItem","position":2,"name":"Economia verde","item":"https:\/\/newblogs.correiobraziliense.com.br\/ecobraziliense\/economia-verde\/"},{"@type":"ListItem","position":3,"name":"Brasil inaugura nova fase da economia clim\u00e1tica"}]},{"@type":"WebSite","@id":"https:\/\/newblogs.correiobraziliense.com.br\/ecobraziliense\/#website","url":"https:\/\/newblogs.correiobraziliense.com.br\/ecobraziliense\/","name":"Eco Braziliense","description":"Espa\u00e7o dedicado \u00e0 cobertura da transi\u00e7\u00e3o ecol\u00f3gica no Brasil e no mundo. Reportagens, an\u00e1lises e entrevistas sobre economia verde, transi\u00e7\u00e3o energ\u00e9tica e neg\u00f3cios sustent\u00e1veis.","publisher":{"@id":"https:\/\/newblogs.correiobraziliense.com.br\/ecobraziliense\/#organization"},"potentialAction":[{"@type":"SearchAction","target":{"@type":"EntryPoint","urlTemplate":"https:\/\/newblogs.correiobraziliense.com.br\/ecobraziliense\/?s={search_term_string}"},"query-input":{"@type":"PropertyValueSpecification","valueRequired":true,"valueName":"search_term_string"}}],"inLanguage":"pt-BR"},{"@type":"Organization","@id":"https:\/\/newblogs.correiobraziliense.com.br\/ecobraziliense\/#organization","name":"Correio Braziliense","url":"https:\/\/newblogs.correiobraziliense.com.br\/ecobraziliense\/","logo":{"@type":"ImageObject","inLanguage":"pt-BR","@id":"https:\/\/newblogs.correiobraziliense.com.br\/ecobraziliense\/#\/schema\/logo\/image\/","url":"https:\/\/newblogs.correiobraziliense.com.br\/ecobraziliense\/wp-content\/uploads\/sites\/7\/2025\/08\/cropped-1.png","contentUrl":"https:\/\/newblogs.correiobraziliense.com.br\/ecobraziliense\/wp-content\/uploads\/sites\/7\/2025\/08\/cropped-1.png","width":1000,"height":250,"caption":"Correio Braziliense"},"image":{"@id":"https:\/\/newblogs.correiobraziliense.com.br\/ecobraziliense\/#\/schema\/logo\/image\/"}},{"@type":"Person","@id":"https:\/\/newblogs.correiobraziliense.com.br\/ecobraziliense\/#\/schema\/person\/2cae9fb7496bd90af27178d00e4f6683","name":"Rafaela Gon\u00e7alves","image":{"@type":"ImageObject","inLanguage":"pt-BR","@id":"https:\/\/secure.gravatar.com\/avatar\/576f01ed42806765a18f53a22440885b3e08ed7db0a264f840ec23b34509b8b1?s=96&d=mm&r=g","url":"https:\/\/secure.gravatar.com\/avatar\/576f01ed42806765a18f53a22440885b3e08ed7db0a264f840ec23b34509b8b1?s=96&d=mm&r=g","contentUrl":"https:\/\/secure.gravatar.com\/avatar\/576f01ed42806765a18f53a22440885b3e08ed7db0a264f840ec23b34509b8b1?s=96&d=mm&r=g","caption":"Rafaela Gon\u00e7alves"},"description":"Jornalista formada pela Universidade Cat\u00f3lica de Bras\u00edlia (UCB), com especializa\u00e7\u00e3o em Economia pela Saint Paul Escola de Neg\u00f3cios e atualmente cursando MBA em Gest\u00e3o Ambiental e Sustentabilidade na Universidade de Uberaba (Uniube). Atua na cobertura pol\u00edtica em Bras\u00edlia desde 2018, com foco em temas de impacto socioambiental e econ\u00f4mico.","url":"https:\/\/newblogs.correiobraziliense.com.br\/ecobraziliense\/author\/rafaelagoncalves\/"}]}},"_links":{"self":[{"href":"https:\/\/newblogs.correiobraziliense.com.br\/ecobraziliense\/wp-json\/wp\/v2\/posts\/286","targetHints":{"allow":["GET"]}}],"collection":[{"href":"https:\/\/newblogs.correiobraziliense.com.br\/ecobraziliense\/wp-json\/wp\/v2\/posts"}],"about":[{"href":"https:\/\/newblogs.correiobraziliense.com.br\/ecobraziliense\/wp-json\/wp\/v2\/types\/post"}],"author":[{"embeddable":true,"href":"https:\/\/newblogs.correiobraziliense.com.br\/ecobraziliense\/wp-json\/wp\/v2\/users\/23"}],"replies":[{"embeddable":true,"href":"https:\/\/newblogs.correiobraziliense.com.br\/ecobraziliense\/wp-json\/wp\/v2\/comments?post=286"}],"version-history":[{"count":2,"href":"https:\/\/newblogs.correiobraziliense.com.br\/ecobraziliense\/wp-json\/wp\/v2\/posts\/286\/revisions"}],"predecessor-version":[{"id":289,"href":"https:\/\/newblogs.correiobraziliense.com.br\/ecobraziliense\/wp-json\/wp\/v2\/posts\/286\/revisions\/289"}],"wp:featuredmedia":[{"embeddable":true,"href":"https:\/\/newblogs.correiobraziliense.com.br\/ecobraziliense\/wp-json\/wp\/v2\/media\/287"}],"wp:attachment":[{"href":"https:\/\/newblogs.correiobraziliense.com.br\/ecobraziliense\/wp-json\/wp\/v2\/media?parent=286"}],"wp:term":[{"taxonomy":"category","embeddable":true,"href":"https:\/\/newblogs.correiobraziliense.com.br\/ecobraziliense\/wp-json\/wp\/v2\/categories?post=286"},{"taxonomy":"post_tag","embeddable":true,"href":"https:\/\/newblogs.correiobraziliense.com.br\/ecobraziliense\/wp-json\/wp\/v2\/tags?post=286"}],"curies":[{"name":"wp","href":"https:\/\/api.w.org\/{rel}","templated":true}]}}