{"id":271,"date":"2025-11-19T13:50:44","date_gmt":"2025-11-19T16:50:44","guid":{"rendered":"https:\/\/newblogs.correiobraziliense.com.br\/ecobraziliense\/?p=271"},"modified":"2025-11-19T14:09:53","modified_gmt":"2025-11-19T17:09:53","slug":"impacto-do-desmatamento-pode-custar-us-279-bi-as-empresas","status":"publish","type":"post","link":"https:\/\/newblogs.correiobraziliense.com.br\/ecobraziliense\/impacto-do-desmatamento-pode-custar-us-279-bi-as-empresas\/","title":{"rendered":"Desmatamento pode custar US$ 279 bi \u00e0s empresas"},"content":{"rendered":"\n<p>O desmatamento saiu definitivamente da esfera ambiental e entrou no centro do <a href=\"https:\/\/newblogs.correiobraziliense.com.br\/ecobraziliense\/cimes-ambientais-sob-o-radar-financeiro\/\">risco financeiro global<\/a>. \u00c9 o que mostra o <em>Forest Risk Brief 2025<\/em>, apresentado pelo CDP durante a COP30. Segundo a plataforma internacional de divulga\u00e7\u00e3o ambiental, as empresas podem enfrentar at\u00e9 US$ 279 bilh\u00f5es em perdas associadas ao desmatamento, um valor quase quatro vezes superior ao que elas mesmas reportam hoje.<\/p>\n\n\n\n<p>O diagn\u00f3stico exp\u00f5e uma distor\u00e7\u00e3o estrutural, companhias diretamente expostas a commodities de risco florestal \u2014 como soja, carne, \u00f3leo de palma, borracha e madeira \u2014 ainda n\u00e3o conseguem mensurar o tamanho real da amea\u00e7a econ\u00f4mica que correm.&nbsp;<\/p>\n\n\n\n<p>De acordo com o CDP, metade dessas empresas sequer quantifica financeiramente sua exposi\u00e7\u00e3o, apesar de anos de compromissos p\u00fablicos de sustentabilidade e metas de desmatamento zero.<\/p>\n\n\n\n<p>A lacuna tamb\u00e9m se estende ao sistema financeiro. O relat\u00f3rio aponta que 129 grandes institui\u00e7\u00f5es financeiras, respons\u00e1veis pela gest\u00e3o de trilh\u00f5es de d\u00f3lares, afirmam n\u00e3o ter clareza sobre se financiam ou n\u00e3o empresas ligadas a cadeias produtivas associadas ao desmatamento. Na pr\u00e1tica, operam \u00e0s cegas, sem ferramentas adequadas para identificar riscos socioambientais que podem comprometer retorno, reputa\u00e7\u00e3o e solv\u00eancia.<\/p>\n\n\n\n<p><strong>Reguladores apertam o cerco\u00a0<\/strong><\/p>\n\n\n\n<p>A entrada em vigor de <a href=\"https:\/\/newblogs.correiobraziliense.com.br\/ecobraziliense\/brasil-amplia-transparencia-de-dados-climaticos-antes-da-cop30\/\">normas mais r\u00edgidas<\/a>, como o Regulamento de Desmatamento da Uni\u00e3o Europeia (EUDR), transforma rapidamente essa falta de transpar\u00eancia em um risco palp\u00e1vel de mercado. Empresas que n\u00e3o comprovarem que seus produtos s\u00e3o livres de desmatamento podem perder acesso a mercados estrat\u00e9gicos, sofrer rebaixamentos de classifica\u00e7\u00e3o de cr\u00e9dito e enfrentar maior desconfian\u00e7a de investidores.<\/p>\n\n\n\n<p>Em setores como alimentos, bebidas e agroneg\u00f3cio, a vulnerabilidade \u00e9 ainda mais evidente, 76% da receita m\u00e9dia dessas empresas depende diretamente de commodities vinculadas a risco florestal, aponta o CDP. Ou seja, n\u00e3o se trata de um problema perif\u00e9rico, mas de um risco material que pode redefinir modelos de neg\u00f3cios inteiros.<\/p>\n\n\n\n<p><strong>N\u00fameros acendem o alerta<\/strong><\/p>\n\n\n\n<p>Entre os principais dados do <em>Forest Risk Brief 2025<\/em>, destacam-se:<\/p>\n\n\n\n<ul class=\"wp-block-list\">\n<li>US$ 279 bilh\u00f5es em potenciais impactos financeiros \u2014 3,6 vezes o que as empresas reportam hoje;<\/li>\n\n\n\n<li>M\u00e9dia de US$ 227 milh\u00f5es em risco por empresa;<\/li>\n\n\n\n<li>Metade das companhias expostas n\u00e3o quantifica financeiramente seus riscos florestais;<\/li>\n\n\n\n<li>Institui\u00e7\u00f5es financeiras seguem sem dados suficientes para avaliar sua pr\u00f3pria exposi\u00e7\u00e3o ao desmatamento.<\/li>\n<\/ul>\n\n\n\n<p><strong>A conta da natureza chegou<\/strong><\/p>\n\n\n\n<p>A an\u00e1lise refor\u00e7a como o mercado global segue subprecificando o custo econ\u00f4mico da perda de natureza. Se o carbono foi o risco invis\u00edvel da \u00faltima d\u00e9cada, o desmatamento tende a ocupar esse papel agora, mas com impactos potencialmente mais amplos sobre cadeias produtivas inteiras.<\/p>\n\n\n\n<p>Para o CDP, empresas que investirem desde j\u00e1 em rastreabilidade, transpar\u00eancia e cadeias produtivas livres de desmatamento n\u00e3o apenas reduzir\u00e3o riscos regulat\u00f3rios e financeiros, como estar\u00e3o melhor posicionadas para liderar a pr\u00f3xima fase das finan\u00e7as sustent\u00e1veis e do com\u00e9rcio global.<\/p>\n\n\n\n<p>A mensagem que emerge da COP30 \u00e9 inequ\u00edvoca: ignorar o desmatamento custa caro, e o mercado come\u00e7a a cobrar.<\/p>\n\n\n\n\n","protected":false},"excerpt":{"rendered":"<p>Relat\u00f3rio do CDP revela que companhias seguem subestimando riscos florestais e podem enfrentar impactos quatro vezes maiores que os reportados<\/p>\n","protected":false},"author":23,"featured_media":274,"comment_status":"closed","ping_status":"open","sticky":false,"template":"","format":"standard","meta":{"_acf_changed":false,"inline_featured_image":false,"footnotes":""},"categories":[2],"tags":[105,151,25,107,68,154],"class_list":["post-271","post","type-post","status-publish","format-standard","has-post-thumbnail","hentry","category-economia-verde","tag-cdp","tag-desmatamento","tag-eco-braziliense","tag-empresas","tag-meio-ambiente","tag-perdas-financeiras"],"acf":[],"yoast_head":"<!-- This site is optimized with the Yoast SEO plugin v27.3 - https:\/\/yoast.com\/product\/yoast-seo-wordpress\/ -->\n<title>Desmatamento pode custar US$ 279 bi \u00e0s empresas | Eco Braziliense<\/title>\n<meta name=\"description\" content=\"Relat\u00f3rio do CDP revela que companhias seguem subestimando riscos florestais e podem enfrentar impactos quatro vezes maiores que os reportados\" \/>\n<meta name=\"robots\" content=\"index, follow, max-snippet:-1, max-image-preview:large, max-video-preview:-1\" \/>\n<link rel=\"canonical\" href=\"https:\/\/newblogs.correiobraziliense.com.br\/ecobraziliense\/impacto-do-desmatamento-pode-custar-us-279-bi-as-empresas\/\" \/>\n<meta property=\"og:locale\" content=\"pt_BR\" \/>\n<meta property=\"og:type\" content=\"article\" \/>\n<meta property=\"og:title\" content=\"Desmatamento pode custar US$ 279 bi \u00e0s empresas | Eco Braziliense\" \/>\n<meta property=\"og:description\" content=\"Relat\u00f3rio do CDP revela que companhias seguem subestimando riscos florestais e podem enfrentar impactos quatro vezes maiores que os reportados\" \/>\n<meta property=\"og:url\" content=\"https:\/\/newblogs.correiobraziliense.com.br\/ecobraziliense\/impacto-do-desmatamento-pode-custar-us-279-bi-as-empresas\/\" \/>\n<meta property=\"og:site_name\" content=\"Eco Braziliense\" \/>\n<meta property=\"article:published_time\" content=\"2025-11-19T16:50:44+00:00\" \/>\n<meta property=\"article:modified_time\" content=\"2025-11-19T17:09:53+00:00\" \/>\n<meta property=\"og:image\" content=\"https:\/\/newblogs.correiobraziliense.com.br\/ecobraziliense\/wp-content\/uploads\/sites\/7\/2025\/11\/68a272af-c0be-4663-b63b-60fdc7292a38.webp\" \/>\n\t<meta property=\"og:image:width\" content=\"1170\" \/>\n\t<meta property=\"og:image:height\" content=\"700\" \/>\n\t<meta property=\"og:image:type\" content=\"image\/webp\" \/>\n<meta name=\"author\" content=\"Rafaela Gon\u00e7alves\" \/>\n<!-- \/ Yoast SEO plugin. -->","yoast_head_json":{"title":"Desmatamento pode custar US$ 279 bi \u00e0s empresas | Eco Braziliense","description":"Relat\u00f3rio do CDP revela que companhias seguem subestimando riscos florestais e podem enfrentar impactos quatro vezes maiores que os reportados","robots":{"index":"index","follow":"follow","max-snippet":"max-snippet:-1","max-image-preview":"max-image-preview:large","max-video-preview":"max-video-preview:-1"},"canonical":"https:\/\/newblogs.correiobraziliense.com.br\/ecobraziliense\/impacto-do-desmatamento-pode-custar-us-279-bi-as-empresas\/","og_locale":"pt_BR","og_type":"article","og_title":"Desmatamento pode custar US$ 279 bi \u00e0s empresas | Eco Braziliense","og_description":"Relat\u00f3rio do CDP revela que companhias seguem subestimando riscos florestais e podem enfrentar impactos quatro vezes maiores que os reportados","og_url":"https:\/\/newblogs.correiobraziliense.com.br\/ecobraziliense\/impacto-do-desmatamento-pode-custar-us-279-bi-as-empresas\/","og_site_name":"Eco Braziliense","article_published_time":"2025-11-19T16:50:44+00:00","article_modified_time":"2025-11-19T17:09:53+00:00","og_image":[{"width":1170,"height":700,"url":"https:\/\/newblogs.correiobraziliense.com.br\/ecobraziliense\/wp-content\/uploads\/sites\/7\/2025\/11\/68a272af-c0be-4663-b63b-60fdc7292a38.webp","type":"image\/webp"}],"author":"Rafaela Gon\u00e7alves","schema":{"@context":"https:\/\/schema.org","@graph":[{"@type":"NewsArticle","@id":"https:\/\/newblogs.correiobraziliense.com.br\/ecobraziliense\/impacto-do-desmatamento-pode-custar-us-279-bi-as-empresas\/#article","isPartOf":{"@id":"https:\/\/newblogs.correiobraziliense.com.br\/ecobraziliense\/impacto-do-desmatamento-pode-custar-us-279-bi-as-empresas\/"},"author":{"name":"Rafaela Gon\u00e7alves","@id":"https:\/\/newblogs.correiobraziliense.com.br\/ecobraziliense\/#\/schema\/person\/2cae9fb7496bd90af27178d00e4f6683"},"headline":"Desmatamento pode custar US$ 279 bi \u00e0s empresas","datePublished":"2025-11-19T16:50:44+00:00","dateModified":"2025-11-19T17:09:53+00:00","mainEntityOfPage":{"@id":"https:\/\/newblogs.correiobraziliense.com.br\/ecobraziliense\/impacto-do-desmatamento-pode-custar-us-279-bi-as-empresas\/"},"wordCount":522,"publisher":{"@id":"https:\/\/newblogs.correiobraziliense.com.br\/ecobraziliense\/#organization"},"image":{"@id":"https:\/\/newblogs.correiobraziliense.com.br\/ecobraziliense\/impacto-do-desmatamento-pode-custar-us-279-bi-as-empresas\/#primaryimage"},"thumbnailUrl":"https:\/\/newblogs.correiobraziliense.com.br\/ecobraziliense\/wp-content\/uploads\/sites\/7\/2025\/11\/68a272af-c0be-4663-b63b-60fdc7292a38.webp","keywords":["CDP","desmatamento","Eco Braziliense","empresas","meio ambiente","perdas financeiras"],"articleSection":["Economia verde"],"inLanguage":"pt-BR"},{"@type":"WebPage","@id":"https:\/\/newblogs.correiobraziliense.com.br\/ecobraziliense\/impacto-do-desmatamento-pode-custar-us-279-bi-as-empresas\/","url":"https:\/\/newblogs.correiobraziliense.com.br\/ecobraziliense\/impacto-do-desmatamento-pode-custar-us-279-bi-as-empresas\/","name":"Desmatamento pode custar US$ 279 bi \u00e0s empresas | Eco Braziliense","isPartOf":{"@id":"https:\/\/newblogs.correiobraziliense.com.br\/ecobraziliense\/#website"},"primaryImageOfPage":{"@id":"https:\/\/newblogs.correiobraziliense.com.br\/ecobraziliense\/impacto-do-desmatamento-pode-custar-us-279-bi-as-empresas\/#primaryimage"},"image":{"@id":"https:\/\/newblogs.correiobraziliense.com.br\/ecobraziliense\/impacto-do-desmatamento-pode-custar-us-279-bi-as-empresas\/#primaryimage"},"thumbnailUrl":"https:\/\/newblogs.correiobraziliense.com.br\/ecobraziliense\/wp-content\/uploads\/sites\/7\/2025\/11\/68a272af-c0be-4663-b63b-60fdc7292a38.webp","datePublished":"2025-11-19T16:50:44+00:00","dateModified":"2025-11-19T17:09:53+00:00","description":"Relat\u00f3rio do CDP revela que companhias seguem subestimando riscos florestais e podem enfrentar impactos quatro vezes maiores que os reportados","breadcrumb":{"@id":"https:\/\/newblogs.correiobraziliense.com.br\/ecobraziliense\/impacto-do-desmatamento-pode-custar-us-279-bi-as-empresas\/#breadcrumb"},"inLanguage":"pt-BR","potentialAction":[{"@type":"ReadAction","target":["https:\/\/newblogs.correiobraziliense.com.br\/ecobraziliense\/impacto-do-desmatamento-pode-custar-us-279-bi-as-empresas\/"]}]},{"@type":"ImageObject","inLanguage":"pt-BR","@id":"https:\/\/newblogs.correiobraziliense.com.br\/ecobraziliense\/impacto-do-desmatamento-pode-custar-us-279-bi-as-empresas\/#primaryimage","url":"https:\/\/newblogs.correiobraziliense.com.br\/ecobraziliense\/wp-content\/uploads\/sites\/7\/2025\/11\/68a272af-c0be-4663-b63b-60fdc7292a38.webp","contentUrl":"https:\/\/newblogs.correiobraziliense.com.br\/ecobraziliense\/wp-content\/uploads\/sites\/7\/2025\/11\/68a272af-c0be-4663-b63b-60fdc7292a38.webp","width":1170,"height":700,"caption":"Foto: Pol\u00edcia Federal."},{"@type":"BreadcrumbList","@id":"https:\/\/newblogs.correiobraziliense.com.br\/ecobraziliense\/impacto-do-desmatamento-pode-custar-us-279-bi-as-empresas\/#breadcrumb","itemListElement":[{"@type":"ListItem","position":1,"name":"In\u00edcio","item":"https:\/\/newblogs.correiobraziliense.com.br\/ecobraziliense\/"},{"@type":"ListItem","position":2,"name":"Economia verde","item":"https:\/\/newblogs.correiobraziliense.com.br\/ecobraziliense\/economia-verde\/"},{"@type":"ListItem","position":3,"name":"Desmatamento pode custar US$ 279 bi \u00e0s empresas"}]},{"@type":"WebSite","@id":"https:\/\/newblogs.correiobraziliense.com.br\/ecobraziliense\/#website","url":"https:\/\/newblogs.correiobraziliense.com.br\/ecobraziliense\/","name":"Eco Braziliense","description":"Espa\u00e7o dedicado \u00e0 cobertura da transi\u00e7\u00e3o ecol\u00f3gica no Brasil e no mundo. Reportagens, an\u00e1lises e entrevistas sobre economia verde, transi\u00e7\u00e3o energ\u00e9tica e neg\u00f3cios sustent\u00e1veis.","publisher":{"@id":"https:\/\/newblogs.correiobraziliense.com.br\/ecobraziliense\/#organization"},"potentialAction":[{"@type":"SearchAction","target":{"@type":"EntryPoint","urlTemplate":"https:\/\/newblogs.correiobraziliense.com.br\/ecobraziliense\/?s={search_term_string}"},"query-input":{"@type":"PropertyValueSpecification","valueRequired":true,"valueName":"search_term_string"}}],"inLanguage":"pt-BR"},{"@type":"Organization","@id":"https:\/\/newblogs.correiobraziliense.com.br\/ecobraziliense\/#organization","name":"Correio Braziliense","url":"https:\/\/newblogs.correiobraziliense.com.br\/ecobraziliense\/","logo":{"@type":"ImageObject","inLanguage":"pt-BR","@id":"https:\/\/newblogs.correiobraziliense.com.br\/ecobraziliense\/#\/schema\/logo\/image\/","url":"https:\/\/newblogs.correiobraziliense.com.br\/ecobraziliense\/wp-content\/uploads\/sites\/7\/2025\/08\/cropped-1.png","contentUrl":"https:\/\/newblogs.correiobraziliense.com.br\/ecobraziliense\/wp-content\/uploads\/sites\/7\/2025\/08\/cropped-1.png","width":1000,"height":250,"caption":"Correio Braziliense"},"image":{"@id":"https:\/\/newblogs.correiobraziliense.com.br\/ecobraziliense\/#\/schema\/logo\/image\/"}},{"@type":"Person","@id":"https:\/\/newblogs.correiobraziliense.com.br\/ecobraziliense\/#\/schema\/person\/2cae9fb7496bd90af27178d00e4f6683","name":"Rafaela Gon\u00e7alves","image":{"@type":"ImageObject","inLanguage":"pt-BR","@id":"https:\/\/secure.gravatar.com\/avatar\/576f01ed42806765a18f53a22440885b3e08ed7db0a264f840ec23b34509b8b1?s=96&d=mm&r=g","url":"https:\/\/secure.gravatar.com\/avatar\/576f01ed42806765a18f53a22440885b3e08ed7db0a264f840ec23b34509b8b1?s=96&d=mm&r=g","contentUrl":"https:\/\/secure.gravatar.com\/avatar\/576f01ed42806765a18f53a22440885b3e08ed7db0a264f840ec23b34509b8b1?s=96&d=mm&r=g","caption":"Rafaela Gon\u00e7alves"},"description":"Jornalista formada pela Universidade Cat\u00f3lica de Bras\u00edlia (UCB), com especializa\u00e7\u00e3o em Economia pela Saint Paul Escola de Neg\u00f3cios e atualmente cursando MBA em Gest\u00e3o Ambiental e Sustentabilidade na Universidade de Uberaba (Uniube). Atua na cobertura pol\u00edtica em Bras\u00edlia desde 2018, com foco em temas de impacto socioambiental e econ\u00f4mico.","url":"https:\/\/newblogs.correiobraziliense.com.br\/ecobraziliense\/author\/rafaelagoncalves\/"}]}},"_links":{"self":[{"href":"https:\/\/newblogs.correiobraziliense.com.br\/ecobraziliense\/wp-json\/wp\/v2\/posts\/271","targetHints":{"allow":["GET"]}}],"collection":[{"href":"https:\/\/newblogs.correiobraziliense.com.br\/ecobraziliense\/wp-json\/wp\/v2\/posts"}],"about":[{"href":"https:\/\/newblogs.correiobraziliense.com.br\/ecobraziliense\/wp-json\/wp\/v2\/types\/post"}],"author":[{"embeddable":true,"href":"https:\/\/newblogs.correiobraziliense.com.br\/ecobraziliense\/wp-json\/wp\/v2\/users\/23"}],"replies":[{"embeddable":true,"href":"https:\/\/newblogs.correiobraziliense.com.br\/ecobraziliense\/wp-json\/wp\/v2\/comments?post=271"}],"version-history":[{"count":4,"href":"https:\/\/newblogs.correiobraziliense.com.br\/ecobraziliense\/wp-json\/wp\/v2\/posts\/271\/revisions"}],"predecessor-version":[{"id":276,"href":"https:\/\/newblogs.correiobraziliense.com.br\/ecobraziliense\/wp-json\/wp\/v2\/posts\/271\/revisions\/276"}],"wp:featuredmedia":[{"embeddable":true,"href":"https:\/\/newblogs.correiobraziliense.com.br\/ecobraziliense\/wp-json\/wp\/v2\/media\/274"}],"wp:attachment":[{"href":"https:\/\/newblogs.correiobraziliense.com.br\/ecobraziliense\/wp-json\/wp\/v2\/media?parent=271"}],"wp:term":[{"taxonomy":"category","embeddable":true,"href":"https:\/\/newblogs.correiobraziliense.com.br\/ecobraziliense\/wp-json\/wp\/v2\/categories?post=271"},{"taxonomy":"post_tag","embeddable":true,"href":"https:\/\/newblogs.correiobraziliense.com.br\/ecobraziliense\/wp-json\/wp\/v2\/tags?post=271"}],"curies":[{"name":"wp","href":"https:\/\/api.w.org\/{rel}","templated":true}]}}