{"id":263,"date":"2025-11-18T16:18:38","date_gmt":"2025-11-18T19:18:38","guid":{"rendered":"https:\/\/newblogs.correiobraziliense.com.br\/ecobraziliense\/?p=263"},"modified":"2025-11-18T20:19:31","modified_gmt":"2025-11-18T23:19:31","slug":"cimes-ambientais-sob-o-radar-financeiro","status":"publish","type":"post","link":"https:\/\/newblogs.correiobraziliense.com.br\/ecobraziliense\/cimes-ambientais-sob-o-radar-financeiro\/","title":{"rendered":"Crimes ambientais sob o radar financeiro"},"content":{"rendered":"\n<p>O combate aos crimes ambientais, como aqueles que financiam o desmatamento, passa cada vez mais pelo controle financeiro das cadeias produtivas. Um estudo in\u00e9dito do Instituto Esfera de Estudos e Inova\u00e7\u00e3o, frente acad\u00eamica da Esfera Brasil, aponta que ser\u00e1 necess\u00e1rio ampliar o rol de \u201csujeitos obrigados\u201d pela Lei de Lavagem de Dinheiro (Lei 9.613\/98) para incluir frigor\u00edficos, serrarias e exportadoras, al\u00e9m de mapear toda a cadeia de suprimentos em setores como pecu\u00e1ria, ouro e madeira.<\/p>\n\n\n\n<p>A pesquisa, intitulada <em>Lavagem de Dinheiro e Crimes Ambientais: Elabora\u00e7\u00e3o de Propostas para o Aprimoramento Normativo dos Controles de Preven\u00e7\u00e3o Impostos aos Setores Vinculados \u00e0 Minera\u00e7\u00e3o de Ouro, Extra\u00e7\u00e3o de Madeira e Pecu\u00e1ria<\/em>, foi conduzida pela advogada e mestre em Direito Penal pela USP Marina Brecht. O estudo defende que empresas n\u00e3o s\u00f3 conhe\u00e7am seus clientes, mas tamb\u00e9m monitorem fornecedores, mantenham registros detalhados e reportem opera\u00e7\u00f5es suspeitas ao Coaf.<\/p>\n\n\n\n<p>\u201cNosso diagn\u00f3stico aponta para uma defasagem entre o perfil da criminalidade e o desenho regulat\u00f3rio atual\u201d, afirma Camila Funaro Camargo Dantas, CEO do Instituto Esfera. Segundo ela, a criminalidade ambiental \u00e9 cada vez mais sofisticada, infiltrando-se de forma estruturada nas cadeias produtivas, e o combate precisa acompanhar essa evolu\u00e7\u00e3o.<\/p>\n\n\n\n<p>O relat\u00f3rio evidencia que a criminalidade ambiental se organiza por meio de estruturas comerciais e log\u00edsticas complexas, aproveitando-se de lacunas regulat\u00f3rias e da aus\u00eancia de fiscaliza\u00e7\u00e3o sobre fornecedores. Em setores como ouro, madeira e pecu\u00e1ria, o sistema atual concentra-se principalmente na an\u00e1lise de clientes e transa\u00e7\u00f5es financeiras, sem atingir a contamina\u00e7\u00e3o da cadeia desde a primeira venda. No caso da pecu\u00e1ria, por exemplo, os frigor\u00edficos ainda n\u00e3o s\u00e3o formalmente obrigados a adotar controles abrangentes, o que limita a efic\u00e1cia das medidas de preven\u00e7\u00e3o.<\/p>\n\n\n\n<p><strong>US$ 1 trilh\u00e3o em crimes ambientais<\/strong><\/p>\n\n\n\n<p>Segundo estimativas do Banco Mundial, os crimes ambientais movimentam cerca de US$ 1 trilh\u00e3o por ano. Para o estudo, essa criminalidade deixou de ser apenas uma quest\u00e3o ecol\u00f3gica e se tornou parte de um sistema financeiro il\u00edcito global, de \u201calto retorno e baixo risco\u201d, que fragiliza institui\u00e7\u00f5es democr\u00e1ticas e opera de forma transnacional. O Brasil funciona simultaneamente como origem, rota e destino desses fluxos il\u00edcitos.<\/p>\n\n\n\n<p>Entre os avan\u00e7os regulat\u00f3rios citados pelo relat\u00f3rio, est\u00e3o a decis\u00e3o do Supremo Tribunal Federal (STF) que derrubou a presun\u00e7\u00e3o de boa-f\u00e9 na compra de ouro e as normas do Banco Central que definem opera\u00e7\u00f5es suspeitas j\u00e1 na primeira aquisi\u00e7\u00e3o do metal. No setor da pecu\u00e1ria, o programa Boi na Linha, que concentra nos frigor\u00edficos a obriga\u00e7\u00e3o de bloquear fornecedores suspeitos, \u00e9 apontado como um exemplo de regula\u00e7\u00e3o baseada em toda a cadeia de suprimentos.<\/p>\n\n\n\n<p>O estudo refor\u00e7a que, diante da impossibilidade de fiscaliza\u00e7\u00e3o puramente presencial, o asfixiamento financeiro das redes criminosas \u00e9 cada vez mais crucial para proteger o meio ambiente e desmantelar o modelo econ\u00f4mico do desmatamento.<\/p>\n","protected":false},"excerpt":{"rendered":"<p>Pesquisa mostra que criminalidade ambiental se sofisticou e s\u00f3 o asfixia financeira pode romper o modelo econ\u00f4mico do desmatamento<\/p>\n","protected":false},"author":23,"featured_media":264,"comment_status":"closed","ping_status":"open","sticky":false,"template":"","format":"standard","meta":{"_acf_changed":false,"inline_featured_image":false,"footnotes":""},"categories":[150],"tags":[152,151,25,153],"class_list":["post-263","post","type-post","status-publish","format-standard","has-post-thumbnail","hentry","category-meio-ambiente","tag-crimes-ambientais","tag-desmatamento","tag-eco-braziliense","tag-lavagem-de-dinheiro"],"acf":[],"yoast_head":"<!-- This site is optimized with the Yoast SEO plugin v27.3 - https:\/\/yoast.com\/product\/yoast-seo-wordpress\/ -->\n<title>Crimes ambientais sob o radar financeiro | Eco Braziliense<\/title>\n<meta name=\"description\" content=\"Pesquisa mostra que criminalidade ambiental se sofisticou e s\u00f3 o asfixia financeira pode romper o modelo econ\u00f4mico do desmatamento\" \/>\n<meta name=\"robots\" content=\"index, follow, max-snippet:-1, max-image-preview:large, max-video-preview:-1\" \/>\n<link rel=\"canonical\" href=\"https:\/\/newblogs.correiobraziliense.com.br\/ecobraziliense\/cimes-ambientais-sob-o-radar-financeiro\/\" \/>\n<meta property=\"og:locale\" content=\"pt_BR\" \/>\n<meta property=\"og:type\" content=\"article\" \/>\n<meta property=\"og:title\" content=\"Crimes ambientais sob o radar financeiro | Eco Braziliense\" \/>\n<meta property=\"og:description\" content=\"Pesquisa mostra que criminalidade ambiental se sofisticou e s\u00f3 o asfixia financeira pode romper o modelo econ\u00f4mico do desmatamento\" \/>\n<meta property=\"og:url\" content=\"https:\/\/newblogs.correiobraziliense.com.br\/ecobraziliense\/cimes-ambientais-sob-o-radar-financeiro\/\" \/>\n<meta property=\"og:site_name\" content=\"Eco Braziliense\" \/>\n<meta property=\"article:published_time\" content=\"2025-11-18T19:18:38+00:00\" \/>\n<meta property=\"article:modified_time\" content=\"2025-11-18T23:19:31+00:00\" \/>\n<meta property=\"og:image\" content=\"https:\/\/newblogs.correiobraziliense.com.br\/ecobraziliense\/wp-content\/uploads\/sites\/7\/2025\/11\/floresta.webp\" \/>\n\t<meta property=\"og:image:width\" content=\"1170\" \/>\n\t<meta property=\"og:image:height\" content=\"700\" \/>\n\t<meta property=\"og:image:type\" content=\"image\/webp\" \/>\n<meta name=\"author\" content=\"Rafaela Gon\u00e7alves\" \/>\n<!-- \/ Yoast SEO plugin. -->","yoast_head_json":{"title":"Crimes ambientais sob o radar financeiro | Eco Braziliense","description":"Pesquisa mostra que criminalidade ambiental se sofisticou e s\u00f3 o asfixia financeira pode romper o modelo econ\u00f4mico do desmatamento","robots":{"index":"index","follow":"follow","max-snippet":"max-snippet:-1","max-image-preview":"max-image-preview:large","max-video-preview":"max-video-preview:-1"},"canonical":"https:\/\/newblogs.correiobraziliense.com.br\/ecobraziliense\/cimes-ambientais-sob-o-radar-financeiro\/","og_locale":"pt_BR","og_type":"article","og_title":"Crimes ambientais sob o radar financeiro | Eco Braziliense","og_description":"Pesquisa mostra que criminalidade ambiental se sofisticou e s\u00f3 o asfixia financeira pode romper o modelo econ\u00f4mico do desmatamento","og_url":"https:\/\/newblogs.correiobraziliense.com.br\/ecobraziliense\/cimes-ambientais-sob-o-radar-financeiro\/","og_site_name":"Eco Braziliense","article_published_time":"2025-11-18T19:18:38+00:00","article_modified_time":"2025-11-18T23:19:31+00:00","og_image":[{"width":1170,"height":700,"url":"https:\/\/newblogs.correiobraziliense.com.br\/ecobraziliense\/wp-content\/uploads\/sites\/7\/2025\/11\/floresta.webp","type":"image\/webp"}],"author":"Rafaela Gon\u00e7alves","schema":{"@context":"https:\/\/schema.org","@graph":[{"@type":"NewsArticle","@id":"https:\/\/newblogs.correiobraziliense.com.br\/ecobraziliense\/cimes-ambientais-sob-o-radar-financeiro\/#article","isPartOf":{"@id":"https:\/\/newblogs.correiobraziliense.com.br\/ecobraziliense\/cimes-ambientais-sob-o-radar-financeiro\/"},"author":{"name":"Rafaela Gon\u00e7alves","@id":"https:\/\/newblogs.correiobraziliense.com.br\/ecobraziliense\/#\/schema\/person\/2cae9fb7496bd90af27178d00e4f6683"},"headline":"Crimes ambientais sob o radar financeiro","datePublished":"2025-11-18T19:18:38+00:00","dateModified":"2025-11-18T23:19:31+00:00","mainEntityOfPage":{"@id":"https:\/\/newblogs.correiobraziliense.com.br\/ecobraziliense\/cimes-ambientais-sob-o-radar-financeiro\/"},"wordCount":511,"publisher":{"@id":"https:\/\/newblogs.correiobraziliense.com.br\/ecobraziliense\/#organization"},"image":{"@id":"https:\/\/newblogs.correiobraziliense.com.br\/ecobraziliense\/cimes-ambientais-sob-o-radar-financeiro\/#primaryimage"},"thumbnailUrl":"https:\/\/newblogs.correiobraziliense.com.br\/ecobraziliense\/wp-content\/uploads\/sites\/7\/2025\/11\/floresta.webp","keywords":["crimes ambientais","desmatamento","Eco Braziliense","lavagem de dinheiro"],"articleSection":["Meio ambiente"],"inLanguage":"pt-BR"},{"@type":"WebPage","@id":"https:\/\/newblogs.correiobraziliense.com.br\/ecobraziliense\/cimes-ambientais-sob-o-radar-financeiro\/","url":"https:\/\/newblogs.correiobraziliense.com.br\/ecobraziliense\/cimes-ambientais-sob-o-radar-financeiro\/","name":"Crimes ambientais sob o radar financeiro | Eco Braziliense","isPartOf":{"@id":"https:\/\/newblogs.correiobraziliense.com.br\/ecobraziliense\/#website"},"primaryImageOfPage":{"@id":"https:\/\/newblogs.correiobraziliense.com.br\/ecobraziliense\/cimes-ambientais-sob-o-radar-financeiro\/#primaryimage"},"image":{"@id":"https:\/\/newblogs.correiobraziliense.com.br\/ecobraziliense\/cimes-ambientais-sob-o-radar-financeiro\/#primaryimage"},"thumbnailUrl":"https:\/\/newblogs.correiobraziliense.com.br\/ecobraziliense\/wp-content\/uploads\/sites\/7\/2025\/11\/floresta.webp","datePublished":"2025-11-18T19:18:38+00:00","dateModified":"2025-11-18T23:19:31+00:00","description":"Pesquisa mostra que criminalidade ambiental se sofisticou e s\u00f3 o asfixia financeira pode romper o modelo econ\u00f4mico do desmatamento","breadcrumb":{"@id":"https:\/\/newblogs.correiobraziliense.com.br\/ecobraziliense\/cimes-ambientais-sob-o-radar-financeiro\/#breadcrumb"},"inLanguage":"pt-BR","potentialAction":[{"@type":"ReadAction","target":["https:\/\/newblogs.correiobraziliense.com.br\/ecobraziliense\/cimes-ambientais-sob-o-radar-financeiro\/"]}]},{"@type":"ImageObject","inLanguage":"pt-BR","@id":"https:\/\/newblogs.correiobraziliense.com.br\/ecobraziliense\/cimes-ambientais-sob-o-radar-financeiro\/#primaryimage","url":"https:\/\/newblogs.correiobraziliense.com.br\/ecobraziliense\/wp-content\/uploads\/sites\/7\/2025\/11\/floresta.webp","contentUrl":"https:\/\/newblogs.correiobraziliense.com.br\/ecobraziliense\/wp-content\/uploads\/sites\/7\/2025\/11\/floresta.webp","width":1170,"height":700,"caption":"No Brasil, a perda de florestas prim\u00e1rias caiu 42,4%, somando 1,63 milh\u00e3o de hectares, cerca de 2,8 vezes o DF. Foto: Fernando Fraz\u00e3o\/Ag\u00eancia Brasil."},{"@type":"BreadcrumbList","@id":"https:\/\/newblogs.correiobraziliense.com.br\/ecobraziliense\/cimes-ambientais-sob-o-radar-financeiro\/#breadcrumb","itemListElement":[{"@type":"ListItem","position":1,"name":"In\u00edcio","item":"https:\/\/newblogs.correiobraziliense.com.br\/ecobraziliense\/"},{"@type":"ListItem","position":2,"name":"Meio ambiente","item":"https:\/\/newblogs.correiobraziliense.com.br\/ecobraziliense\/meio-ambiente\/"},{"@type":"ListItem","position":3,"name":"Crimes ambientais sob o radar financeiro"}]},{"@type":"WebSite","@id":"https:\/\/newblogs.correiobraziliense.com.br\/ecobraziliense\/#website","url":"https:\/\/newblogs.correiobraziliense.com.br\/ecobraziliense\/","name":"Eco Braziliense","description":"Espa\u00e7o dedicado \u00e0 cobertura da transi\u00e7\u00e3o ecol\u00f3gica no Brasil e no mundo. Reportagens, an\u00e1lises e entrevistas sobre economia verde, transi\u00e7\u00e3o energ\u00e9tica e neg\u00f3cios sustent\u00e1veis.","publisher":{"@id":"https:\/\/newblogs.correiobraziliense.com.br\/ecobraziliense\/#organization"},"potentialAction":[{"@type":"SearchAction","target":{"@type":"EntryPoint","urlTemplate":"https:\/\/newblogs.correiobraziliense.com.br\/ecobraziliense\/?s={search_term_string}"},"query-input":{"@type":"PropertyValueSpecification","valueRequired":true,"valueName":"search_term_string"}}],"inLanguage":"pt-BR"},{"@type":"Organization","@id":"https:\/\/newblogs.correiobraziliense.com.br\/ecobraziliense\/#organization","name":"Correio Braziliense","url":"https:\/\/newblogs.correiobraziliense.com.br\/ecobraziliense\/","logo":{"@type":"ImageObject","inLanguage":"pt-BR","@id":"https:\/\/newblogs.correiobraziliense.com.br\/ecobraziliense\/#\/schema\/logo\/image\/","url":"https:\/\/newblogs.correiobraziliense.com.br\/ecobraziliense\/wp-content\/uploads\/sites\/7\/2025\/08\/cropped-1.png","contentUrl":"https:\/\/newblogs.correiobraziliense.com.br\/ecobraziliense\/wp-content\/uploads\/sites\/7\/2025\/08\/cropped-1.png","width":1000,"height":250,"caption":"Correio Braziliense"},"image":{"@id":"https:\/\/newblogs.correiobraziliense.com.br\/ecobraziliense\/#\/schema\/logo\/image\/"}},{"@type":"Person","@id":"https:\/\/newblogs.correiobraziliense.com.br\/ecobraziliense\/#\/schema\/person\/2cae9fb7496bd90af27178d00e4f6683","name":"Rafaela Gon\u00e7alves","image":{"@type":"ImageObject","inLanguage":"pt-BR","@id":"https:\/\/secure.gravatar.com\/avatar\/576f01ed42806765a18f53a22440885b3e08ed7db0a264f840ec23b34509b8b1?s=96&d=mm&r=g","url":"https:\/\/secure.gravatar.com\/avatar\/576f01ed42806765a18f53a22440885b3e08ed7db0a264f840ec23b34509b8b1?s=96&d=mm&r=g","contentUrl":"https:\/\/secure.gravatar.com\/avatar\/576f01ed42806765a18f53a22440885b3e08ed7db0a264f840ec23b34509b8b1?s=96&d=mm&r=g","caption":"Rafaela Gon\u00e7alves"},"description":"Jornalista formada pela Universidade Cat\u00f3lica de Bras\u00edlia (UCB), com especializa\u00e7\u00e3o em Economia pela Saint Paul Escola de Neg\u00f3cios e atualmente cursando MBA em Gest\u00e3o Ambiental e Sustentabilidade na Universidade de Uberaba (Uniube). Atua na cobertura pol\u00edtica em Bras\u00edlia desde 2018, com foco em temas de impacto socioambiental e econ\u00f4mico.","url":"https:\/\/newblogs.correiobraziliense.com.br\/ecobraziliense\/author\/rafaelagoncalves\/"}]}},"_links":{"self":[{"href":"https:\/\/newblogs.correiobraziliense.com.br\/ecobraziliense\/wp-json\/wp\/v2\/posts\/263","targetHints":{"allow":["GET"]}}],"collection":[{"href":"https:\/\/newblogs.correiobraziliense.com.br\/ecobraziliense\/wp-json\/wp\/v2\/posts"}],"about":[{"href":"https:\/\/newblogs.correiobraziliense.com.br\/ecobraziliense\/wp-json\/wp\/v2\/types\/post"}],"author":[{"embeddable":true,"href":"https:\/\/newblogs.correiobraziliense.com.br\/ecobraziliense\/wp-json\/wp\/v2\/users\/23"}],"replies":[{"embeddable":true,"href":"https:\/\/newblogs.correiobraziliense.com.br\/ecobraziliense\/wp-json\/wp\/v2\/comments?post=263"}],"version-history":[{"count":5,"href":"https:\/\/newblogs.correiobraziliense.com.br\/ecobraziliense\/wp-json\/wp\/v2\/posts\/263\/revisions"}],"predecessor-version":[{"id":270,"href":"https:\/\/newblogs.correiobraziliense.com.br\/ecobraziliense\/wp-json\/wp\/v2\/posts\/263\/revisions\/270"}],"wp:featuredmedia":[{"embeddable":true,"href":"https:\/\/newblogs.correiobraziliense.com.br\/ecobraziliense\/wp-json\/wp\/v2\/media\/264"}],"wp:attachment":[{"href":"https:\/\/newblogs.correiobraziliense.com.br\/ecobraziliense\/wp-json\/wp\/v2\/media?parent=263"}],"wp:term":[{"taxonomy":"category","embeddable":true,"href":"https:\/\/newblogs.correiobraziliense.com.br\/ecobraziliense\/wp-json\/wp\/v2\/categories?post=263"},{"taxonomy":"post_tag","embeddable":true,"href":"https:\/\/newblogs.correiobraziliense.com.br\/ecobraziliense\/wp-json\/wp\/v2\/tags?post=263"}],"curies":[{"name":"wp","href":"https:\/\/api.w.org\/{rel}","templated":true}]}}