{"id":259,"date":"2025-11-05T20:42:33","date_gmt":"2025-11-05T23:42:33","guid":{"rendered":"https:\/\/newblogs.correiobraziliense.com.br\/ecobraziliense\/?p=259"},"modified":"2025-11-05T20:42:33","modified_gmt":"2025-11-05T23:42:33","slug":"setor-de-hidrogenio-verde-pede-veto-a-adicionalidade","status":"publish","type":"post","link":"https:\/\/newblogs.correiobraziliense.com.br\/ecobraziliense\/setor-de-hidrogenio-verde-pede-veto-a-adicionalidade\/","title":{"rendered":"Setor de hidrog\u00eanio verde pede veto \u00e0 \u201cadicionalidade\u201d"},"content":{"rendered":"\n<p>A Associa\u00e7\u00e3o Brasileira da Ind\u00fastria de Hidrog\u00eanio Verde (ABIHV) encaminhou um of\u00edcio ao ministro da Fazenda, Fernando Haddad, pedindo o veto ao dispositivo que inclui o conceito de \u201cadicionalidade\u201d na Medida Provis\u00f3ria 1304\/2025 (convertida no PLV 10\/2025), que altera <a href=\"https:\/\/www.correiobraziliense.com.br\/economia\/2025\/10\/7282584-mp-do-setor-eletrico-e-aprovada-com-jabuti.html\">regras do setor el\u00e9trico<\/a> e de g\u00e1s natural.\u00a0<\/p>\n\n\n\n<p>Segundo a entidade, que re\u00fane 38 empresas com investimentos ao longo de toda a cadeia do hidrog\u00eanio, am\u00f4nia, metanol e fertilizantes verdes, a exig\u00eancia \u2014 inserida de \u00faltima hora no texto aprovado pelo Congresso \u2014 pode inviabilizar projetos estrat\u00e9gicos e comprometer o avan\u00e7o da transi\u00e7\u00e3o energ\u00e9tica no pa\u00eds.<\/p>\n\n\n\n<p>A \u201cadicionalidade\u201d obriga que novos arranjos de autoprodu\u00e7\u00e3o de energia sejam firmados exclusivamente com parques geradores rec\u00e9m-implantados. A regra, segundo a ABIHV, \u00e9 desnecess\u00e1ria no contexto brasileiro, cuja matriz el\u00e9trica j\u00e1 \u00e9 90% limpa, e poderia agravar o desequil\u00edbrio atual entre oferta e demanda, ampliando o problema do curtailment (desperd\u00edcio de energia gerada que n\u00e3o \u00e9 escoada).<\/p>\n\n\n\n<p>\u201cSob o pretexto de promover energia limpa, a adicionalidade prejudica de forma ampla e profunda o sistema el\u00e9trico nacional\u201d, alerta o documento. \u201cN\u00e3o precisamos adicionar nova energia renov\u00e1vel, pois j\u00e1 a possu\u00edmos em fartura e a pre\u00e7os competitivos.\u201d<\/p>\n\n\n\n<p>A associa\u00e7\u00e3o argumenta ainda que a medida afasta potenciais investidores em setores eletrointensivos, como o <a href=\"https:\/\/www.correiobraziliense.com.br\/economia\/2024\/09\/6950007-oportunidades-e-desafios-na-corrida-do-hidrogenio-verde.html\">hidrog\u00eanio verde e os data centers<\/a>, ao elevar custos e criar inseguran\u00e7a regulat\u00f3ria. A mudan\u00e7a, avalia a ABIHV, representa \u201crisco concreto e irrevers\u00edvel\u201d de paralisa\u00e7\u00e3o de projetos que somam mais de R$ 110 bilh\u00f5es em investimentos previstos at\u00e9 2029.<\/p>\n\n\n\n<p>Al\u00e9m do veto ao artigo sobre a adicionalidade, a entidade apoia a san\u00e7\u00e3o do dispositivo que adia o in\u00edcio do Programa de Hidrog\u00eanio de Baixo Carbono (PHBC) para 2030. O novo cronograma, segundo a associa\u00e7\u00e3o, \u00e9 \u201cpertinente diante dos gargalos de transmiss\u00e3o de energia\u201d e permitiria a matura\u00e7\u00e3o da infraestrutura necess\u00e1ria para o sucesso do programa.<\/p>\n\n\n\n<p>O of\u00edcio \u00e9 assinado pelo presidente do Conselho da ABIHV, Luis Viga, e pela diretora-executiva, Fernanda Delgado, e refor\u00e7a o apelo ao governo para preservar \u201ca pol\u00edtica industrial, energ\u00e9tica e clim\u00e1tica nacional, em alinhamento com as metas de descarboniza\u00e7\u00e3o e competitividade do Brasil\u201d.<\/p>\n\n\n\n\n","protected":false},"excerpt":{"rendered":"<p>Entidade alerta que exig\u00eancia pode travar R$ 110 bilh\u00f5es em investimentos e amea\u00e7ar projetos estrat\u00e9gicos da transi\u00e7\u00e3o energ\u00e9tica<\/p>\n","protected":false},"author":23,"featured_media":261,"comment_status":"closed","ping_status":"open","sticky":false,"template":"","format":"standard","meta":{"_acf_changed":false,"inline_featured_image":false,"footnotes":""},"categories":[36],"tags":[148,52,149,147,24],"class_list":["post-259","post","type-post","status-publish","format-standard","has-post-thumbnail","hentry","category-transicao-energetica","tag-adicionalidade","tag-eco-brazileinse","tag-hidrogenio-verde","tag-mp-do-setor-eletrico","tag-transicao-energetica"],"acf":[],"yoast_head":"<!-- This site is optimized with the Yoast SEO plugin v27.3 - https:\/\/yoast.com\/product\/yoast-seo-wordpress\/ -->\n<title>Setor de hidrog\u00eanio verde pede veto \u00e0 \u201cadicionalidade\u201d | Eco Braziliense<\/title>\n<meta name=\"description\" content=\"Entidade alerta que exig\u00eancia pode travar R$ 110 bilh\u00f5es em investimentos e amea\u00e7ar projetos estrat\u00e9gicos da transi\u00e7\u00e3o energ\u00e9tica\" \/>\n<meta name=\"robots\" content=\"index, follow, max-snippet:-1, max-image-preview:large, max-video-preview:-1\" \/>\n<link rel=\"canonical\" href=\"https:\/\/newblogs.correiobraziliense.com.br\/ecobraziliense\/setor-de-hidrogenio-verde-pede-veto-a-adicionalidade\/\" \/>\n<meta property=\"og:locale\" content=\"pt_BR\" \/>\n<meta property=\"og:type\" content=\"article\" \/>\n<meta property=\"og:title\" content=\"Setor de hidrog\u00eanio verde pede veto \u00e0 \u201cadicionalidade\u201d | Eco Braziliense\" \/>\n<meta property=\"og:description\" content=\"Entidade alerta que exig\u00eancia pode travar R$ 110 bilh\u00f5es em investimentos e amea\u00e7ar projetos estrat\u00e9gicos da transi\u00e7\u00e3o energ\u00e9tica\" \/>\n<meta property=\"og:url\" content=\"https:\/\/newblogs.correiobraziliense.com.br\/ecobraziliense\/setor-de-hidrogenio-verde-pede-veto-a-adicionalidade\/\" \/>\n<meta property=\"og:site_name\" content=\"Eco Braziliense\" \/>\n<meta property=\"article:published_time\" content=\"2025-11-05T23:42:33+00:00\" \/>\n<meta property=\"og:image\" content=\"https:\/\/newblogs.correiobraziliense.com.br\/ecobraziliense\/wp-content\/uploads\/sites\/7\/2025\/11\/Brasil-se-prepara-para-liderar-a-industria-global-do-hidrogenio-de-baixo-carbono-INFORMAQ.jpg\" \/>\n\t<meta property=\"og:image:width\" content=\"800\" \/>\n\t<meta property=\"og:image:height\" content=\"450\" \/>\n\t<meta property=\"og:image:type\" content=\"image\/jpeg\" \/>\n<meta name=\"author\" content=\"Rafaela Gon\u00e7alves\" \/>\n<!-- \/ Yoast SEO plugin. -->","yoast_head_json":{"title":"Setor de hidrog\u00eanio verde pede veto \u00e0 \u201cadicionalidade\u201d | Eco Braziliense","description":"Entidade alerta que exig\u00eancia pode travar R$ 110 bilh\u00f5es em investimentos e amea\u00e7ar projetos estrat\u00e9gicos da transi\u00e7\u00e3o energ\u00e9tica","robots":{"index":"index","follow":"follow","max-snippet":"max-snippet:-1","max-image-preview":"max-image-preview:large","max-video-preview":"max-video-preview:-1"},"canonical":"https:\/\/newblogs.correiobraziliense.com.br\/ecobraziliense\/setor-de-hidrogenio-verde-pede-veto-a-adicionalidade\/","og_locale":"pt_BR","og_type":"article","og_title":"Setor de hidrog\u00eanio verde pede veto \u00e0 \u201cadicionalidade\u201d | Eco Braziliense","og_description":"Entidade alerta que exig\u00eancia pode travar R$ 110 bilh\u00f5es em investimentos e amea\u00e7ar projetos estrat\u00e9gicos da transi\u00e7\u00e3o energ\u00e9tica","og_url":"https:\/\/newblogs.correiobraziliense.com.br\/ecobraziliense\/setor-de-hidrogenio-verde-pede-veto-a-adicionalidade\/","og_site_name":"Eco Braziliense","article_published_time":"2025-11-05T23:42:33+00:00","og_image":[{"width":800,"height":450,"url":"https:\/\/newblogs.correiobraziliense.com.br\/ecobraziliense\/wp-content\/uploads\/sites\/7\/2025\/11\/Brasil-se-prepara-para-liderar-a-industria-global-do-hidrogenio-de-baixo-carbono-INFORMAQ.jpg","type":"image\/jpeg"}],"author":"Rafaela Gon\u00e7alves","schema":{"@context":"https:\/\/schema.org","@graph":[{"@type":"NewsArticle","@id":"https:\/\/newblogs.correiobraziliense.com.br\/ecobraziliense\/setor-de-hidrogenio-verde-pede-veto-a-adicionalidade\/#article","isPartOf":{"@id":"https:\/\/newblogs.correiobraziliense.com.br\/ecobraziliense\/setor-de-hidrogenio-verde-pede-veto-a-adicionalidade\/"},"author":{"name":"Rafaela Gon\u00e7alves","@id":"https:\/\/newblogs.correiobraziliense.com.br\/ecobraziliense\/#\/schema\/person\/2cae9fb7496bd90af27178d00e4f6683"},"headline":"Setor de hidrog\u00eanio verde pede veto \u00e0 \u201cadicionalidade\u201d","datePublished":"2025-11-05T23:42:33+00:00","mainEntityOfPage":{"@id":"https:\/\/newblogs.correiobraziliense.com.br\/ecobraziliense\/setor-de-hidrogenio-verde-pede-veto-a-adicionalidade\/"},"wordCount":387,"publisher":{"@id":"https:\/\/newblogs.correiobraziliense.com.br\/ecobraziliense\/#organization"},"image":{"@id":"https:\/\/newblogs.correiobraziliense.com.br\/ecobraziliense\/setor-de-hidrogenio-verde-pede-veto-a-adicionalidade\/#primaryimage"},"thumbnailUrl":"https:\/\/newblogs.correiobraziliense.com.br\/ecobraziliense\/wp-content\/uploads\/sites\/7\/2025\/11\/Brasil-se-prepara-para-liderar-a-industria-global-do-hidrogenio-de-baixo-carbono-INFORMAQ.jpg","keywords":["adicionalidade","Eco Brazileinse","hidrog\u00eanio verde","MP do setor el\u00e9trico","Transi\u00e7\u00e3o energ\u00e9tica"],"articleSection":["Transi\u00e7\u00e3o energ\u00e9tica"],"inLanguage":"pt-BR"},{"@type":"WebPage","@id":"https:\/\/newblogs.correiobraziliense.com.br\/ecobraziliense\/setor-de-hidrogenio-verde-pede-veto-a-adicionalidade\/","url":"https:\/\/newblogs.correiobraziliense.com.br\/ecobraziliense\/setor-de-hidrogenio-verde-pede-veto-a-adicionalidade\/","name":"Setor de hidrog\u00eanio verde pede veto \u00e0 \u201cadicionalidade\u201d | Eco Braziliense","isPartOf":{"@id":"https:\/\/newblogs.correiobraziliense.com.br\/ecobraziliense\/#website"},"primaryImageOfPage":{"@id":"https:\/\/newblogs.correiobraziliense.com.br\/ecobraziliense\/setor-de-hidrogenio-verde-pede-veto-a-adicionalidade\/#primaryimage"},"image":{"@id":"https:\/\/newblogs.correiobraziliense.com.br\/ecobraziliense\/setor-de-hidrogenio-verde-pede-veto-a-adicionalidade\/#primaryimage"},"thumbnailUrl":"https:\/\/newblogs.correiobraziliense.com.br\/ecobraziliense\/wp-content\/uploads\/sites\/7\/2025\/11\/Brasil-se-prepara-para-liderar-a-industria-global-do-hidrogenio-de-baixo-carbono-INFORMAQ.jpg","datePublished":"2025-11-05T23:42:33+00:00","description":"Entidade alerta que exig\u00eancia pode travar R$ 110 bilh\u00f5es em investimentos e amea\u00e7ar projetos estrat\u00e9gicos da transi\u00e7\u00e3o energ\u00e9tica","breadcrumb":{"@id":"https:\/\/newblogs.correiobraziliense.com.br\/ecobraziliense\/setor-de-hidrogenio-verde-pede-veto-a-adicionalidade\/#breadcrumb"},"inLanguage":"pt-BR","potentialAction":[{"@type":"ReadAction","target":["https:\/\/newblogs.correiobraziliense.com.br\/ecobraziliense\/setor-de-hidrogenio-verde-pede-veto-a-adicionalidade\/"]}]},{"@type":"ImageObject","inLanguage":"pt-BR","@id":"https:\/\/newblogs.correiobraziliense.com.br\/ecobraziliense\/setor-de-hidrogenio-verde-pede-veto-a-adicionalidade\/#primaryimage","url":"https:\/\/newblogs.correiobraziliense.com.br\/ecobraziliense\/wp-content\/uploads\/sites\/7\/2025\/11\/Brasil-se-prepara-para-liderar-a-industria-global-do-hidrogenio-de-baixo-carbono-INFORMAQ.jpg","contentUrl":"https:\/\/newblogs.correiobraziliense.com.br\/ecobraziliense\/wp-content\/uploads\/sites\/7\/2025\/11\/Brasil-se-prepara-para-liderar-a-industria-global-do-hidrogenio-de-baixo-carbono-INFORMAQ.jpg","width":800,"height":450,"caption":"A \u201cadicionalidade\u201d obriga que novos arranjos de autoprodu\u00e7\u00e3o de energia sejam firmados exclusivamente com parques geradores rec\u00e9m-implantados. Fonte: ApexBrasil."},{"@type":"BreadcrumbList","@id":"https:\/\/newblogs.correiobraziliense.com.br\/ecobraziliense\/setor-de-hidrogenio-verde-pede-veto-a-adicionalidade\/#breadcrumb","itemListElement":[{"@type":"ListItem","position":1,"name":"In\u00edcio","item":"https:\/\/newblogs.correiobraziliense.com.br\/ecobraziliense\/"},{"@type":"ListItem","position":2,"name":"Transi\u00e7\u00e3o energ\u00e9tica","item":"https:\/\/newblogs.correiobraziliense.com.br\/ecobraziliense\/transicao-energetica\/"},{"@type":"ListItem","position":3,"name":"Setor de hidrog\u00eanio verde pede veto \u00e0 \u201cadicionalidade\u201d"}]},{"@type":"WebSite","@id":"https:\/\/newblogs.correiobraziliense.com.br\/ecobraziliense\/#website","url":"https:\/\/newblogs.correiobraziliense.com.br\/ecobraziliense\/","name":"Eco Braziliense","description":"Espa\u00e7o dedicado \u00e0 cobertura da transi\u00e7\u00e3o ecol\u00f3gica no Brasil e no mundo. Reportagens, an\u00e1lises e entrevistas sobre economia verde, transi\u00e7\u00e3o energ\u00e9tica e neg\u00f3cios sustent\u00e1veis.","publisher":{"@id":"https:\/\/newblogs.correiobraziliense.com.br\/ecobraziliense\/#organization"},"potentialAction":[{"@type":"SearchAction","target":{"@type":"EntryPoint","urlTemplate":"https:\/\/newblogs.correiobraziliense.com.br\/ecobraziliense\/?s={search_term_string}"},"query-input":{"@type":"PropertyValueSpecification","valueRequired":true,"valueName":"search_term_string"}}],"inLanguage":"pt-BR"},{"@type":"Organization","@id":"https:\/\/newblogs.correiobraziliense.com.br\/ecobraziliense\/#organization","name":"Correio Braziliense","url":"https:\/\/newblogs.correiobraziliense.com.br\/ecobraziliense\/","logo":{"@type":"ImageObject","inLanguage":"pt-BR","@id":"https:\/\/newblogs.correiobraziliense.com.br\/ecobraziliense\/#\/schema\/logo\/image\/","url":"https:\/\/newblogs.correiobraziliense.com.br\/ecobraziliense\/wp-content\/uploads\/sites\/7\/2025\/08\/cropped-1.png","contentUrl":"https:\/\/newblogs.correiobraziliense.com.br\/ecobraziliense\/wp-content\/uploads\/sites\/7\/2025\/08\/cropped-1.png","width":1000,"height":250,"caption":"Correio Braziliense"},"image":{"@id":"https:\/\/newblogs.correiobraziliense.com.br\/ecobraziliense\/#\/schema\/logo\/image\/"}},{"@type":"Person","@id":"https:\/\/newblogs.correiobraziliense.com.br\/ecobraziliense\/#\/schema\/person\/2cae9fb7496bd90af27178d00e4f6683","name":"Rafaela Gon\u00e7alves","image":{"@type":"ImageObject","inLanguage":"pt-BR","@id":"https:\/\/secure.gravatar.com\/avatar\/576f01ed42806765a18f53a22440885b3e08ed7db0a264f840ec23b34509b8b1?s=96&d=mm&r=g","url":"https:\/\/secure.gravatar.com\/avatar\/576f01ed42806765a18f53a22440885b3e08ed7db0a264f840ec23b34509b8b1?s=96&d=mm&r=g","contentUrl":"https:\/\/secure.gravatar.com\/avatar\/576f01ed42806765a18f53a22440885b3e08ed7db0a264f840ec23b34509b8b1?s=96&d=mm&r=g","caption":"Rafaela Gon\u00e7alves"},"description":"Jornalista formada pela Universidade Cat\u00f3lica de Bras\u00edlia (UCB), com especializa\u00e7\u00e3o em Economia pela Saint Paul Escola de Neg\u00f3cios e atualmente cursando MBA em Gest\u00e3o Ambiental e Sustentabilidade na Universidade de Uberaba (Uniube). Atua na cobertura pol\u00edtica em Bras\u00edlia desde 2018, com foco em temas de impacto socioambiental e econ\u00f4mico.","url":"https:\/\/newblogs.correiobraziliense.com.br\/ecobraziliense\/author\/rafaelagoncalves\/"}]}},"_links":{"self":[{"href":"https:\/\/newblogs.correiobraziliense.com.br\/ecobraziliense\/wp-json\/wp\/v2\/posts\/259","targetHints":{"allow":["GET"]}}],"collection":[{"href":"https:\/\/newblogs.correiobraziliense.com.br\/ecobraziliense\/wp-json\/wp\/v2\/posts"}],"about":[{"href":"https:\/\/newblogs.correiobraziliense.com.br\/ecobraziliense\/wp-json\/wp\/v2\/types\/post"}],"author":[{"embeddable":true,"href":"https:\/\/newblogs.correiobraziliense.com.br\/ecobraziliense\/wp-json\/wp\/v2\/users\/23"}],"replies":[{"embeddable":true,"href":"https:\/\/newblogs.correiobraziliense.com.br\/ecobraziliense\/wp-json\/wp\/v2\/comments?post=259"}],"version-history":[{"count":1,"href":"https:\/\/newblogs.correiobraziliense.com.br\/ecobraziliense\/wp-json\/wp\/v2\/posts\/259\/revisions"}],"predecessor-version":[{"id":260,"href":"https:\/\/newblogs.correiobraziliense.com.br\/ecobraziliense\/wp-json\/wp\/v2\/posts\/259\/revisions\/260"}],"wp:featuredmedia":[{"embeddable":true,"href":"https:\/\/newblogs.correiobraziliense.com.br\/ecobraziliense\/wp-json\/wp\/v2\/media\/261"}],"wp:attachment":[{"href":"https:\/\/newblogs.correiobraziliense.com.br\/ecobraziliense\/wp-json\/wp\/v2\/media?parent=259"}],"wp:term":[{"taxonomy":"category","embeddable":true,"href":"https:\/\/newblogs.correiobraziliense.com.br\/ecobraziliense\/wp-json\/wp\/v2\/categories?post=259"},{"taxonomy":"post_tag","embeddable":true,"href":"https:\/\/newblogs.correiobraziliense.com.br\/ecobraziliense\/wp-json\/wp\/v2\/tags?post=259"}],"curies":[{"name":"wp","href":"https:\/\/api.w.org\/{rel}","templated":true}]}}