{"id":188,"date":"2025-10-15T14:08:59","date_gmt":"2025-10-15T17:08:59","guid":{"rendered":"https:\/\/newblogs.correiobraziliense.com.br\/ecobraziliense\/?p=188"},"modified":"2025-10-15T14:09:00","modified_gmt":"2025-10-15T17:09:00","slug":"caixa-e-azul-neocarbon-firmam-parceria-no-mercado-de-carbono","status":"publish","type":"post","link":"https:\/\/newblogs.correiobraziliense.com.br\/ecobraziliense\/caixa-e-azul-neocarbon-firmam-parceria-no-mercado-de-carbono\/","title":{"rendered":"Caixa e Azul NeoCarbon firmam parceria no mercado de carbono"},"content":{"rendered":"\n<p>A Caixa Econ\u00f4mica Federal tornou-se o primeiro banco a se unir \u00e0 Azul NeoCarbon, unidade da Azul Linhas A\u00e9reas voltada \u00e0 consultoria sobre compra e <strong><a href=\"https:\/\/www.correiobraziliense.com.br\/economia\/2025\/03\/7091657-nova-aposta-de-concessao-florestal-visa-a-recuperacao-de-areas-degradadas.html\">venda de cr\u00e9ditos de carbono<\/a><\/strong>. O acordo pretende ampliar o acesso de empresas de diferentes setores a um mercado estrat\u00e9gico para o cumprimento da agenda clim\u00e1tica nacional.\u00a0<\/p>\n\n\n\n<p>A compra de cr\u00e9ditos de carbono envolve investimentos em projetos que evitam ou removem gases de efeito estufa, como a gera\u00e7\u00e3o de energia a partir da queima de metano em aterros sanit\u00e1rios. Esse tipo de estrat\u00e9gia ajuda a equilibrar os efeitos das emiss\u00f5es de CO\u2082 e contribui para o enfrentamento das mudan\u00e7as clim\u00e1ticas.<\/p>\n\n\n\n<p>Na pr\u00e1tica, a parceria oferecer\u00e1 solu\u00e7\u00f5es para <a href=\"https:\/\/www.correiobraziliense.com.br\/economia\/2025\/08\/7222607-parques-hibridos-moldam-o-futuro-da-energia-renovavel.html\">empresas que queiram compensar suas emiss\u00f5es<\/a>, com cr\u00e9ditos certificados por padr\u00f5es internacionais como VCS, CDM e Gold Standard. A Caixa tamb\u00e9m aplicar\u00e1 seu Programa de Atividades (PoA) certificado pela ONU, o primeiro do Brasil voltado ao gerenciamento de res\u00edduos s\u00f3lidos e financiamento de carbono.<\/p>\n\n\n\n<p>Segundo Filipe Alvarez, gerente da Azul respons\u00e1vel pela NeoCarbon, a parceiria combina o know-how da companhia, primeira no mundo a ter metas de redu\u00e7\u00e3o de carbono aprovadas pelo Science Based Targets initiative (SBTi), com a experi\u00eancia financeira da Caixa. \u201cQueremos apoiar e orientar organiza\u00e7\u00f5es de todos os setores no processo de transi\u00e7\u00e3o energ\u00e9tica e descarboniza\u00e7\u00e3o\u201d, destacou.\u00a0<\/p>\n\n\n\n<p>Para Paulo Rodrigo de Lemos Lopes, vice-presidente de Sustentabilidade da Caixa, a colabora\u00e7\u00e3o representa \u201cum avan\u00e7o concreto na atua\u00e7\u00e3o do banco para ampliar o acesso ao mercado de carbono, com solu\u00e7\u00f5es confi\u00e1veis e alinhadas a padr\u00f5es internacionais\u201d.<\/p>\n\n\n\n\n\n\n\n\n","protected":false},"excerpt":{"rendered":"<p>Colaboa\u00e7\u00e3o oferece solu\u00e7\u00f5es para empresas compensarem emiss\u00f5es e amplia o acesso ao mercado de cr\u00e9ditos de carbono no Brasil<\/p>\n","protected":false},"author":23,"featured_media":189,"comment_status":"closed","ping_status":"open","sticky":false,"template":"","format":"standard","meta":{"_acf_changed":false,"inline_featured_image":false,"footnotes":""},"categories":[2],"tags":[110,109,108,25,111],"class_list":["post-188","post","type-post","status-publish","format-standard","has-post-thumbnail","hentry","category-economia-verde","tag-azul-neocarbon","tag-caixa-economica","tag-creditos-de-carbono","tag-eco-braziliense","tag-sustentabilidade"],"acf":[],"yoast_head":"<!-- This site is optimized with the Yoast SEO plugin v27.3 - https:\/\/yoast.com\/product\/yoast-seo-wordpress\/ -->\n<title>Caixa e Azul NeoCarbon firmam parceria no mercado de carbono | Eco Braziliense<\/title>\n<meta name=\"description\" content=\"Colaboa\u00e7\u00e3o oferece solu\u00e7\u00f5es para empresas compensarem emiss\u00f5es e amplia o acesso ao mercado de cr\u00e9ditos de carbono no Brasil\" \/>\n<meta name=\"robots\" content=\"index, follow, max-snippet:-1, max-image-preview:large, max-video-preview:-1\" \/>\n<link rel=\"canonical\" href=\"https:\/\/newblogs.correiobraziliense.com.br\/ecobraziliense\/caixa-e-azul-neocarbon-firmam-parceria-no-mercado-de-carbono\/\" \/>\n<meta property=\"og:locale\" content=\"pt_BR\" \/>\n<meta property=\"og:type\" content=\"article\" \/>\n<meta property=\"og:title\" content=\"Caixa e Azul NeoCarbon firmam parceria no mercado de carbono | Eco Braziliense\" \/>\n<meta property=\"og:description\" content=\"Colaboa\u00e7\u00e3o oferece solu\u00e7\u00f5es para empresas compensarem emiss\u00f5es e amplia o acesso ao mercado de cr\u00e9ditos de carbono no Brasil\" \/>\n<meta property=\"og:url\" content=\"https:\/\/newblogs.correiobraziliense.com.br\/ecobraziliense\/caixa-e-azul-neocarbon-firmam-parceria-no-mercado-de-carbono\/\" \/>\n<meta property=\"og:site_name\" content=\"Eco Braziliense\" \/>\n<meta property=\"article:published_time\" content=\"2025-10-15T17:08:59+00:00\" \/>\n<meta property=\"article:modified_time\" content=\"2025-10-15T17:09:00+00:00\" \/>\n<meta property=\"og:image\" content=\"https:\/\/newblogs.correiobraziliense.com.br\/ecobraziliense\/wp-content\/uploads\/sites\/7\/2025\/09\/SEO_blog_1200x630px.png\" \/>\n\t<meta property=\"og:image:width\" content=\"1200\" \/>\n\t<meta property=\"og:image:height\" content=\"630\" \/>\n\t<meta property=\"og:image:type\" content=\"image\/png\" \/>\n<meta name=\"author\" content=\"Rafaela Gon\u00e7alves\" \/>\n<!-- \/ Yoast SEO plugin. -->","yoast_head_json":{"title":"Caixa e Azul NeoCarbon firmam parceria no mercado de carbono | Eco Braziliense","description":"Colaboa\u00e7\u00e3o oferece solu\u00e7\u00f5es para empresas compensarem emiss\u00f5es e amplia o acesso ao mercado de cr\u00e9ditos de carbono no Brasil","robots":{"index":"index","follow":"follow","max-snippet":"max-snippet:-1","max-image-preview":"max-image-preview:large","max-video-preview":"max-video-preview:-1"},"canonical":"https:\/\/newblogs.correiobraziliense.com.br\/ecobraziliense\/caixa-e-azul-neocarbon-firmam-parceria-no-mercado-de-carbono\/","og_locale":"pt_BR","og_type":"article","og_title":"Caixa e Azul NeoCarbon firmam parceria no mercado de carbono | Eco Braziliense","og_description":"Colaboa\u00e7\u00e3o oferece solu\u00e7\u00f5es para empresas compensarem emiss\u00f5es e amplia o acesso ao mercado de cr\u00e9ditos de carbono no Brasil","og_url":"https:\/\/newblogs.correiobraziliense.com.br\/ecobraziliense\/caixa-e-azul-neocarbon-firmam-parceria-no-mercado-de-carbono\/","og_site_name":"Eco Braziliense","article_published_time":"2025-10-15T17:08:59+00:00","article_modified_time":"2025-10-15T17:09:00+00:00","og_image":[{"width":1200,"height":630,"url":"https:\/\/newblogs.correiobraziliense.com.br\/ecobraziliense\/wp-content\/uploads\/sites\/7\/2025\/09\/SEO_blog_1200x630px.png","type":"image\/png"}],"author":"Rafaela Gon\u00e7alves","schema":{"@context":"https:\/\/schema.org","@graph":[{"@type":"NewsArticle","@id":"https:\/\/newblogs.correiobraziliense.com.br\/ecobraziliense\/caixa-e-azul-neocarbon-firmam-parceria-no-mercado-de-carbono\/#article","isPartOf":{"@id":"https:\/\/newblogs.correiobraziliense.com.br\/ecobraziliense\/caixa-e-azul-neocarbon-firmam-parceria-no-mercado-de-carbono\/"},"author":{"name":"Rafaela Gon\u00e7alves","@id":"https:\/\/newblogs.correiobraziliense.com.br\/ecobraziliense\/#\/schema\/person\/2cae9fb7496bd90af27178d00e4f6683"},"headline":"Caixa e Azul NeoCarbon firmam parceria no mercado de carbono","datePublished":"2025-10-15T17:08:59+00:00","dateModified":"2025-10-15T17:09:00+00:00","mainEntityOfPage":{"@id":"https:\/\/newblogs.correiobraziliense.com.br\/ecobraziliense\/caixa-e-azul-neocarbon-firmam-parceria-no-mercado-de-carbono\/"},"wordCount":290,"publisher":{"@id":"https:\/\/newblogs.correiobraziliense.com.br\/ecobraziliense\/#organization"},"image":{"@id":"https:\/\/newblogs.correiobraziliense.com.br\/ecobraziliense\/caixa-e-azul-neocarbon-firmam-parceria-no-mercado-de-carbono\/#primaryimage"},"thumbnailUrl":"https:\/\/newblogs.correiobraziliense.com.br\/ecobraziliense\/wp-content\/uploads\/sites\/7\/2025\/10\/credito-de-carbono.avif","keywords":["Azul NeoCarbon","Caixa Econ\u00f4mica","cr\u00e9ditos de carbono","Eco Braziliense","sustentabilidade"],"articleSection":["Economia verde"],"inLanguage":"pt-BR"},{"@type":"WebPage","@id":"https:\/\/newblogs.correiobraziliense.com.br\/ecobraziliense\/caixa-e-azul-neocarbon-firmam-parceria-no-mercado-de-carbono\/","url":"https:\/\/newblogs.correiobraziliense.com.br\/ecobraziliense\/caixa-e-azul-neocarbon-firmam-parceria-no-mercado-de-carbono\/","name":"Caixa e Azul NeoCarbon firmam parceria no mercado de carbono | Eco Braziliense","isPartOf":{"@id":"https:\/\/newblogs.correiobraziliense.com.br\/ecobraziliense\/#website"},"primaryImageOfPage":{"@id":"https:\/\/newblogs.correiobraziliense.com.br\/ecobraziliense\/caixa-e-azul-neocarbon-firmam-parceria-no-mercado-de-carbono\/#primaryimage"},"image":{"@id":"https:\/\/newblogs.correiobraziliense.com.br\/ecobraziliense\/caixa-e-azul-neocarbon-firmam-parceria-no-mercado-de-carbono\/#primaryimage"},"thumbnailUrl":"https:\/\/newblogs.correiobraziliense.com.br\/ecobraziliense\/wp-content\/uploads\/sites\/7\/2025\/10\/credito-de-carbono.avif","datePublished":"2025-10-15T17:08:59+00:00","dateModified":"2025-10-15T17:09:00+00:00","description":"Colaboa\u00e7\u00e3o oferece solu\u00e7\u00f5es para empresas compensarem emiss\u00f5es e amplia o acesso ao mercado de cr\u00e9ditos de carbono no Brasil","breadcrumb":{"@id":"https:\/\/newblogs.correiobraziliense.com.br\/ecobraziliense\/caixa-e-azul-neocarbon-firmam-parceria-no-mercado-de-carbono\/#breadcrumb"},"inLanguage":"pt-BR","potentialAction":[{"@type":"ReadAction","target":["https:\/\/newblogs.correiobraziliense.com.br\/ecobraziliense\/caixa-e-azul-neocarbon-firmam-parceria-no-mercado-de-carbono\/"]}]},{"@type":"ImageObject","inLanguage":"pt-BR","@id":"https:\/\/newblogs.correiobraziliense.com.br\/ecobraziliense\/caixa-e-azul-neocarbon-firmam-parceria-no-mercado-de-carbono\/#primaryimage","url":"https:\/\/newblogs.correiobraziliense.com.br\/ecobraziliense\/wp-content\/uploads\/sites\/7\/2025\/10\/credito-de-carbono.avif","contentUrl":"https:\/\/newblogs.correiobraziliense.com.br\/ecobraziliense\/wp-content\/uploads\/sites\/7\/2025\/10\/credito-de-carbono.avif","width":740,"height":485,"caption":"Parceria oferece solu\u00e7\u00f5es para empresas compensarem emiss\u00f5es com cr\u00e9ditos certificados internacionalmente. Foto: Freepik."},{"@type":"BreadcrumbList","@id":"https:\/\/newblogs.correiobraziliense.com.br\/ecobraziliense\/caixa-e-azul-neocarbon-firmam-parceria-no-mercado-de-carbono\/#breadcrumb","itemListElement":[{"@type":"ListItem","position":1,"name":"In\u00edcio","item":"https:\/\/newblogs.correiobraziliense.com.br\/ecobraziliense\/"},{"@type":"ListItem","position":2,"name":"Economia verde","item":"https:\/\/newblogs.correiobraziliense.com.br\/ecobraziliense\/economia-verde\/"},{"@type":"ListItem","position":3,"name":"Caixa e Azul NeoCarbon firmam parceria no mercado de carbono"}]},{"@type":"WebSite","@id":"https:\/\/newblogs.correiobraziliense.com.br\/ecobraziliense\/#website","url":"https:\/\/newblogs.correiobraziliense.com.br\/ecobraziliense\/","name":"Eco Braziliense","description":"Espa\u00e7o dedicado \u00e0 cobertura da transi\u00e7\u00e3o ecol\u00f3gica no Brasil e no mundo. Reportagens, an\u00e1lises e entrevistas sobre economia verde, transi\u00e7\u00e3o energ\u00e9tica e neg\u00f3cios sustent\u00e1veis.","publisher":{"@id":"https:\/\/newblogs.correiobraziliense.com.br\/ecobraziliense\/#organization"},"potentialAction":[{"@type":"SearchAction","target":{"@type":"EntryPoint","urlTemplate":"https:\/\/newblogs.correiobraziliense.com.br\/ecobraziliense\/?s={search_term_string}"},"query-input":{"@type":"PropertyValueSpecification","valueRequired":true,"valueName":"search_term_string"}}],"inLanguage":"pt-BR"},{"@type":"Organization","@id":"https:\/\/newblogs.correiobraziliense.com.br\/ecobraziliense\/#organization","name":"Correio Braziliense","url":"https:\/\/newblogs.correiobraziliense.com.br\/ecobraziliense\/","logo":{"@type":"ImageObject","inLanguage":"pt-BR","@id":"https:\/\/newblogs.correiobraziliense.com.br\/ecobraziliense\/#\/schema\/logo\/image\/","url":"https:\/\/newblogs.correiobraziliense.com.br\/ecobraziliense\/wp-content\/uploads\/sites\/7\/2025\/08\/cropped-1.png","contentUrl":"https:\/\/newblogs.correiobraziliense.com.br\/ecobraziliense\/wp-content\/uploads\/sites\/7\/2025\/08\/cropped-1.png","width":1000,"height":250,"caption":"Correio Braziliense"},"image":{"@id":"https:\/\/newblogs.correiobraziliense.com.br\/ecobraziliense\/#\/schema\/logo\/image\/"}},{"@type":"Person","@id":"https:\/\/newblogs.correiobraziliense.com.br\/ecobraziliense\/#\/schema\/person\/2cae9fb7496bd90af27178d00e4f6683","name":"Rafaela Gon\u00e7alves","image":{"@type":"ImageObject","inLanguage":"pt-BR","@id":"https:\/\/secure.gravatar.com\/avatar\/576f01ed42806765a18f53a22440885b3e08ed7db0a264f840ec23b34509b8b1?s=96&d=mm&r=g","url":"https:\/\/secure.gravatar.com\/avatar\/576f01ed42806765a18f53a22440885b3e08ed7db0a264f840ec23b34509b8b1?s=96&d=mm&r=g","contentUrl":"https:\/\/secure.gravatar.com\/avatar\/576f01ed42806765a18f53a22440885b3e08ed7db0a264f840ec23b34509b8b1?s=96&d=mm&r=g","caption":"Rafaela Gon\u00e7alves"},"description":"Jornalista formada pela Universidade Cat\u00f3lica de Bras\u00edlia (UCB), com especializa\u00e7\u00e3o em Economia pela Saint Paul Escola de Neg\u00f3cios e atualmente cursando MBA em Gest\u00e3o Ambiental e Sustentabilidade na Universidade de Uberaba (Uniube). Atua na cobertura pol\u00edtica em Bras\u00edlia desde 2018, com foco em temas de impacto socioambiental e econ\u00f4mico.","url":"https:\/\/newblogs.correiobraziliense.com.br\/ecobraziliense\/author\/rafaelagoncalves\/"}]}},"_links":{"self":[{"href":"https:\/\/newblogs.correiobraziliense.com.br\/ecobraziliense\/wp-json\/wp\/v2\/posts\/188","targetHints":{"allow":["GET"]}}],"collection":[{"href":"https:\/\/newblogs.correiobraziliense.com.br\/ecobraziliense\/wp-json\/wp\/v2\/posts"}],"about":[{"href":"https:\/\/newblogs.correiobraziliense.com.br\/ecobraziliense\/wp-json\/wp\/v2\/types\/post"}],"author":[{"embeddable":true,"href":"https:\/\/newblogs.correiobraziliense.com.br\/ecobraziliense\/wp-json\/wp\/v2\/users\/23"}],"replies":[{"embeddable":true,"href":"https:\/\/newblogs.correiobraziliense.com.br\/ecobraziliense\/wp-json\/wp\/v2\/comments?post=188"}],"version-history":[{"count":3,"href":"https:\/\/newblogs.correiobraziliense.com.br\/ecobraziliense\/wp-json\/wp\/v2\/posts\/188\/revisions"}],"predecessor-version":[{"id":192,"href":"https:\/\/newblogs.correiobraziliense.com.br\/ecobraziliense\/wp-json\/wp\/v2\/posts\/188\/revisions\/192"}],"wp:featuredmedia":[{"embeddable":true,"href":"https:\/\/newblogs.correiobraziliense.com.br\/ecobraziliense\/wp-json\/wp\/v2\/media\/189"}],"wp:attachment":[{"href":"https:\/\/newblogs.correiobraziliense.com.br\/ecobraziliense\/wp-json\/wp\/v2\/media?parent=188"}],"wp:term":[{"taxonomy":"category","embeddable":true,"href":"https:\/\/newblogs.correiobraziliense.com.br\/ecobraziliense\/wp-json\/wp\/v2\/categories?post=188"},{"taxonomy":"post_tag","embeddable":true,"href":"https:\/\/newblogs.correiobraziliense.com.br\/ecobraziliense\/wp-json\/wp\/v2\/tags?post=188"}],"curies":[{"name":"wp","href":"https:\/\/api.w.org\/{rel}","templated":true}]}}