{"id":182,"date":"2025-10-15T13:33:17","date_gmt":"2025-10-15T16:33:17","guid":{"rendered":"https:\/\/newblogs.correiobraziliense.com.br\/ecobraziliense\/?p=182"},"modified":"2025-10-15T13:33:18","modified_gmt":"2025-10-15T16:33:18","slug":"brasil-amplia-transparencia-de-dados-climaticos-antes-da-cop30","status":"publish","type":"post","link":"https:\/\/newblogs.correiobraziliense.com.br\/ecobraziliense\/brasil-amplia-transparencia-de-dados-climaticos-antes-da-cop30\/","title":{"rendered":"Brasil amplia transpar\u00eancia de dados clim\u00e1ticos antes da COP30"},"content":{"rendered":"\n<p>\u00c0s v\u00e9speras da 30\u00aa Confer\u00eancia das Na\u00e7\u00f5es Unidas sobre Mudan\u00e7a do Clima (COP30), o Brasil acelera os esfor\u00e7os para se consolidar como refer\u00eancia global em transpar\u00eancia e governan\u00e7a clim\u00e1tica. O Minist\u00e9rio da Ci\u00eancia, Tecnologia e Inova\u00e7\u00e3o (MCTI) renovou um acordo de coopera\u00e7\u00e3o t\u00e9cnica com o Carbon Disclosure Project (CDP) \u2014 principal plataforma independente de divulga\u00e7\u00e3o ambiental do mundo \u2014 para ampliar a transpar\u00eancia e o acesso a dados sobre <a href=\"https:\/\/www.correiobraziliense.com.br\/cidades-df\/2025\/08\/7227499-recuperar-pastagens-reduz-emissao-de-gases-de-efeito-estufa-diz-especialista.html\">emiss\u00f5es de gases de efeito estufa<\/a> no pa\u00eds, a partir de informa\u00e7\u00f5es da iniciativa privada.<\/p>\n\n\n\n<p>Com validade de quatro anos, a parceria permitir\u00e1, pela primeira vez, a integra\u00e7\u00e3o dos dados de empresas que reportam suas emiss\u00f5es ao CDP, incluindo grandes corpora\u00e7\u00f5es brasileiras. Essas informa\u00e7\u00f5es ser\u00e3o incorporadas aos sistemas p\u00fablicos de acompanhamento, como o SIRENE Organizacionais e o DataClima, ambos mantidos pelo MCTI.<\/p>\n\n\n\n<p>Divulgada em primeira m\u00e3o ao <strong>Correio<\/strong>, a iniciativa fortalece a parceria firmada em 2021. Na pr\u00e1tica, a integra\u00e7\u00e3o dos dados possibilita a melhora no monitoramento das Contribui\u00e7\u00f5es Nacionalmente Determinadas (NDCs) \u2014 metas assumidas pelo Brasil no \u00e2mbito do <a href=\"https:\/\/www.correiobraziliense.com.br\/brasil\/2025\/05\/7143391-cop30-sera-marcada-pelos-10-anos-do-acordo-de-paris.html\">Acordo de Paris<\/a>.<\/p>\n\n\n\n<p>\u201cTemos a convic\u00e7\u00e3o de que esses esfor\u00e7os v\u00e3o apoiar diferentes iniciativas e estrat\u00e9gias para a redu\u00e7\u00e3o das emiss\u00f5es de gases de efeito estufa no Brasil, al\u00e9m de servir de inspira\u00e7\u00e3o para que outros pa\u00edses avancem na ambi\u00e7\u00e3o clim\u00e1tica\u201d, afirmou a ministra do MCTI, Luciana Santos.<\/p>\n\n\n\n<p>Para a CEO do CDP, Sherry Madera, o Brasil demonstra vis\u00e3o de longo prazo. &#8220;Ao alinhar as plataformas governamentais com as divulga\u00e7\u00f5es ambientais corporativas, podemos construir o retrato completo que tantas vezes tem faltado, um que apoie uma abordagem de crescimento e prosperidade para toda a economia&#8221;, disse.<\/p>\n\n\n\n<p>O acordo tamb\u00e9m prev\u00ea coopera\u00e7\u00e3o t\u00e9cnica e cient\u00edfica, produ\u00e7\u00e3o de estudos conjuntos e capacita\u00e7\u00e3o de empresas e organiza\u00e7\u00f5es da sociedade civil, refor\u00e7ando a aproxima\u00e7\u00e3o entre Estado e setor privado na agenda de transi\u00e7\u00e3o ecol\u00f3gica. Segundo o coordenador-geral de Ci\u00eancia do Clima do MCTI, M\u00e1rcio Rojas, o interc\u00e2mbio com o CDP deve &#8220;melhorar a qualidade dos relatos corporativos e ampliar o engajamento das empresas nessa pauta&#8221;.<\/p>\n\n\n\n<p>Sem envolver repasse financeiro, a colabora\u00e7\u00e3o seguir\u00e1 as diretrizes da Lei Geral de Prote\u00e7\u00e3o de Dados (LGPD). Al\u00e9m disso, o MCTI passar\u00e1 a endossar o ciclo anual de divulga\u00e7\u00e3o do CDP, estimulando mais companhias brasileiras a aderirem ao reporte ambiental.<\/p>\n\n\n\n<p>Com a nova parceria, o Brasil pretende usar a transpar\u00eancia como <a href=\"https:\/\/newblogs.correiobraziliense.com.br\/ecobraziliense\/pre-cop-traca-linhas-vermelhas-para-negociacoes\/\">instrumento de credibilidade internacional<\/a>, mostrando avan\u00e7os no monitoramento das emiss\u00f5es e na implementa\u00e7\u00e3o das metas do Acordo de Paris.\u00a0<\/p>\n\n\n\n\n","protected":false},"excerpt":{"rendered":"<p>MCTI renova parceria com CDP para integrar dados corporativos e fortalecer monitoramento das emiss\u00f5es antes da confer\u00eancia em Bel\u00e9m<\/p>\n","protected":false},"author":23,"featured_media":186,"comment_status":"closed","ping_status":"open","sticky":false,"template":"","format":"standard","meta":{"_acf_changed":false,"inline_featured_image":false,"footnotes":""},"categories":[11],"tags":[105,6,104,25,107],"class_list":["post-182","post","type-post","status-publish","format-standard","has-post-thumbnail","hentry","category-cop30","tag-cdp","tag-cop30","tag-dados-ambientais","tag-eco-braziliense","tag-empresas"],"acf":[],"yoast_head":"<!-- This site is optimized with the Yoast SEO plugin v27.3 - https:\/\/yoast.com\/product\/yoast-seo-wordpress\/ -->\n<title>Brasil amplia transpar\u00eancia de dados clim\u00e1ticos antes da COP30 | Eco Braziliense<\/title>\n<meta name=\"description\" content=\"MCTI renova parceria com CDP para integrar dados corporativos e fortalecer monitoramento das emiss\u00f5es antes da confer\u00eancia em Bel\u00e9m\" \/>\n<meta name=\"robots\" content=\"index, follow, max-snippet:-1, max-image-preview:large, max-video-preview:-1\" \/>\n<link rel=\"canonical\" href=\"https:\/\/newblogs.correiobraziliense.com.br\/ecobraziliense\/brasil-amplia-transparencia-de-dados-climaticos-antes-da-cop30\/\" \/>\n<meta property=\"og:locale\" content=\"pt_BR\" \/>\n<meta property=\"og:type\" content=\"article\" \/>\n<meta property=\"og:title\" content=\"Brasil amplia transpar\u00eancia de dados clim\u00e1ticos antes da COP30 | Eco Braziliense\" \/>\n<meta property=\"og:description\" content=\"MCTI renova parceria com CDP para integrar dados corporativos e fortalecer monitoramento das emiss\u00f5es antes da confer\u00eancia em Bel\u00e9m\" \/>\n<meta property=\"og:url\" content=\"https:\/\/newblogs.correiobraziliense.com.br\/ecobraziliense\/brasil-amplia-transparencia-de-dados-climaticos-antes-da-cop30\/\" \/>\n<meta property=\"og:site_name\" content=\"Eco Braziliense\" \/>\n<meta property=\"article:published_time\" content=\"2025-10-15T16:33:17+00:00\" \/>\n<meta property=\"article:modified_time\" content=\"2025-10-15T16:33:18+00:00\" \/>\n<meta property=\"og:image\" content=\"https:\/\/newblogs.correiobraziliense.com.br\/ecobraziliense\/wp-content\/uploads\/sites\/7\/2025\/10\/industria-poluicao-carbono-ambie.jpeg\" \/>\n\t<meta property=\"og:image:width\" content=\"1000\" \/>\n\t<meta property=\"og:image:height\" content=\"667\" \/>\n\t<meta property=\"og:image:type\" content=\"image\/jpeg\" \/>\n<meta name=\"author\" content=\"Rafaela Gon\u00e7alves\" \/>\n<!-- \/ Yoast SEO plugin. -->","yoast_head_json":{"title":"Brasil amplia transpar\u00eancia de dados clim\u00e1ticos antes da COP30 | Eco Braziliense","description":"MCTI renova parceria com CDP para integrar dados corporativos e fortalecer monitoramento das emiss\u00f5es antes da confer\u00eancia em Bel\u00e9m","robots":{"index":"index","follow":"follow","max-snippet":"max-snippet:-1","max-image-preview":"max-image-preview:large","max-video-preview":"max-video-preview:-1"},"canonical":"https:\/\/newblogs.correiobraziliense.com.br\/ecobraziliense\/brasil-amplia-transparencia-de-dados-climaticos-antes-da-cop30\/","og_locale":"pt_BR","og_type":"article","og_title":"Brasil amplia transpar\u00eancia de dados clim\u00e1ticos antes da COP30 | Eco Braziliense","og_description":"MCTI renova parceria com CDP para integrar dados corporativos e fortalecer monitoramento das emiss\u00f5es antes da confer\u00eancia em Bel\u00e9m","og_url":"https:\/\/newblogs.correiobraziliense.com.br\/ecobraziliense\/brasil-amplia-transparencia-de-dados-climaticos-antes-da-cop30\/","og_site_name":"Eco Braziliense","article_published_time":"2025-10-15T16:33:17+00:00","article_modified_time":"2025-10-15T16:33:18+00:00","og_image":[{"width":1000,"height":667,"url":"https:\/\/newblogs.correiobraziliense.com.br\/ecobraziliense\/wp-content\/uploads\/sites\/7\/2025\/10\/industria-poluicao-carbono-ambie.jpeg","type":"image\/jpeg"}],"author":"Rafaela Gon\u00e7alves","schema":{"@context":"https:\/\/schema.org","@graph":[{"@type":"NewsArticle","@id":"https:\/\/newblogs.correiobraziliense.com.br\/ecobraziliense\/brasil-amplia-transparencia-de-dados-climaticos-antes-da-cop30\/#article","isPartOf":{"@id":"https:\/\/newblogs.correiobraziliense.com.br\/ecobraziliense\/brasil-amplia-transparencia-de-dados-climaticos-antes-da-cop30\/"},"author":{"name":"Rafaela Gon\u00e7alves","@id":"https:\/\/newblogs.correiobraziliense.com.br\/ecobraziliense\/#\/schema\/person\/2cae9fb7496bd90af27178d00e4f6683"},"headline":"Brasil amplia transpar\u00eancia de dados clim\u00e1ticos antes da COP30","datePublished":"2025-10-15T16:33:17+00:00","dateModified":"2025-10-15T16:33:18+00:00","mainEntityOfPage":{"@id":"https:\/\/newblogs.correiobraziliense.com.br\/ecobraziliense\/brasil-amplia-transparencia-de-dados-climaticos-antes-da-cop30\/"},"wordCount":470,"publisher":{"@id":"https:\/\/newblogs.correiobraziliense.com.br\/ecobraziliense\/#organization"},"image":{"@id":"https:\/\/newblogs.correiobraziliense.com.br\/ecobraziliense\/brasil-amplia-transparencia-de-dados-climaticos-antes-da-cop30\/#primaryimage"},"thumbnailUrl":"https:\/\/newblogs.correiobraziliense.com.br\/ecobraziliense\/wp-content\/uploads\/sites\/7\/2025\/10\/industria-poluicao-carbono-ambie.jpeg","keywords":["CDP","COP30","dados ambientais","Eco Braziliense","empresas"],"articleSection":["COP30"],"inLanguage":"pt-BR"},{"@type":"WebPage","@id":"https:\/\/newblogs.correiobraziliense.com.br\/ecobraziliense\/brasil-amplia-transparencia-de-dados-climaticos-antes-da-cop30\/","url":"https:\/\/newblogs.correiobraziliense.com.br\/ecobraziliense\/brasil-amplia-transparencia-de-dados-climaticos-antes-da-cop30\/","name":"Brasil amplia transpar\u00eancia de dados clim\u00e1ticos antes da COP30 | Eco Braziliense","isPartOf":{"@id":"https:\/\/newblogs.correiobraziliense.com.br\/ecobraziliense\/#website"},"primaryImageOfPage":{"@id":"https:\/\/newblogs.correiobraziliense.com.br\/ecobraziliense\/brasil-amplia-transparencia-de-dados-climaticos-antes-da-cop30\/#primaryimage"},"image":{"@id":"https:\/\/newblogs.correiobraziliense.com.br\/ecobraziliense\/brasil-amplia-transparencia-de-dados-climaticos-antes-da-cop30\/#primaryimage"},"thumbnailUrl":"https:\/\/newblogs.correiobraziliense.com.br\/ecobraziliense\/wp-content\/uploads\/sites\/7\/2025\/10\/industria-poluicao-carbono-ambie.jpeg","datePublished":"2025-10-15T16:33:17+00:00","dateModified":"2025-10-15T16:33:18+00:00","description":"MCTI renova parceria com CDP para integrar dados corporativos e fortalecer monitoramento das emiss\u00f5es antes da confer\u00eancia em Bel\u00e9m","breadcrumb":{"@id":"https:\/\/newblogs.correiobraziliense.com.br\/ecobraziliense\/brasil-amplia-transparencia-de-dados-climaticos-antes-da-cop30\/#breadcrumb"},"inLanguage":"pt-BR","potentialAction":[{"@type":"ReadAction","target":["https:\/\/newblogs.correiobraziliense.com.br\/ecobraziliense\/brasil-amplia-transparencia-de-dados-climaticos-antes-da-cop30\/"]}]},{"@type":"ImageObject","inLanguage":"pt-BR","@id":"https:\/\/newblogs.correiobraziliense.com.br\/ecobraziliense\/brasil-amplia-transparencia-de-dados-climaticos-antes-da-cop30\/#primaryimage","url":"https:\/\/newblogs.correiobraziliense.com.br\/ecobraziliense\/wp-content\/uploads\/sites\/7\/2025\/10\/industria-poluicao-carbono-ambie.jpeg","contentUrl":"https:\/\/newblogs.correiobraziliense.com.br\/ecobraziliense\/wp-content\/uploads\/sites\/7\/2025\/10\/industria-poluicao-carbono-ambie.jpeg","width":1000,"height":667,"caption":"Pela primeira vez, os dados de emiss\u00f5es das empresas no CDP ser\u00e3o integrados gra\u00e7as \u00e0 parceria. Foto: Freepik."},{"@type":"BreadcrumbList","@id":"https:\/\/newblogs.correiobraziliense.com.br\/ecobraziliense\/brasil-amplia-transparencia-de-dados-climaticos-antes-da-cop30\/#breadcrumb","itemListElement":[{"@type":"ListItem","position":1,"name":"In\u00edcio","item":"https:\/\/newblogs.correiobraziliense.com.br\/ecobraziliense\/"},{"@type":"ListItem","position":2,"name":"COP30","item":"https:\/\/newblogs.correiobraziliense.com.br\/ecobraziliense\/cop30\/"},{"@type":"ListItem","position":3,"name":"Brasil amplia transpar\u00eancia de dados clim\u00e1ticos antes da COP30"}]},{"@type":"WebSite","@id":"https:\/\/newblogs.correiobraziliense.com.br\/ecobraziliense\/#website","url":"https:\/\/newblogs.correiobraziliense.com.br\/ecobraziliense\/","name":"Eco Braziliense","description":"Espa\u00e7o dedicado \u00e0 cobertura da transi\u00e7\u00e3o ecol\u00f3gica no Brasil e no mundo. Reportagens, an\u00e1lises e entrevistas sobre economia verde, transi\u00e7\u00e3o energ\u00e9tica e neg\u00f3cios sustent\u00e1veis.","publisher":{"@id":"https:\/\/newblogs.correiobraziliense.com.br\/ecobraziliense\/#organization"},"potentialAction":[{"@type":"SearchAction","target":{"@type":"EntryPoint","urlTemplate":"https:\/\/newblogs.correiobraziliense.com.br\/ecobraziliense\/?s={search_term_string}"},"query-input":{"@type":"PropertyValueSpecification","valueRequired":true,"valueName":"search_term_string"}}],"inLanguage":"pt-BR"},{"@type":"Organization","@id":"https:\/\/newblogs.correiobraziliense.com.br\/ecobraziliense\/#organization","name":"Correio Braziliense","url":"https:\/\/newblogs.correiobraziliense.com.br\/ecobraziliense\/","logo":{"@type":"ImageObject","inLanguage":"pt-BR","@id":"https:\/\/newblogs.correiobraziliense.com.br\/ecobraziliense\/#\/schema\/logo\/image\/","url":"https:\/\/newblogs.correiobraziliense.com.br\/ecobraziliense\/wp-content\/uploads\/sites\/7\/2025\/08\/cropped-1.png","contentUrl":"https:\/\/newblogs.correiobraziliense.com.br\/ecobraziliense\/wp-content\/uploads\/sites\/7\/2025\/08\/cropped-1.png","width":1000,"height":250,"caption":"Correio Braziliense"},"image":{"@id":"https:\/\/newblogs.correiobraziliense.com.br\/ecobraziliense\/#\/schema\/logo\/image\/"}},{"@type":"Person","@id":"https:\/\/newblogs.correiobraziliense.com.br\/ecobraziliense\/#\/schema\/person\/2cae9fb7496bd90af27178d00e4f6683","name":"Rafaela Gon\u00e7alves","image":{"@type":"ImageObject","inLanguage":"pt-BR","@id":"https:\/\/secure.gravatar.com\/avatar\/576f01ed42806765a18f53a22440885b3e08ed7db0a264f840ec23b34509b8b1?s=96&d=mm&r=g","url":"https:\/\/secure.gravatar.com\/avatar\/576f01ed42806765a18f53a22440885b3e08ed7db0a264f840ec23b34509b8b1?s=96&d=mm&r=g","contentUrl":"https:\/\/secure.gravatar.com\/avatar\/576f01ed42806765a18f53a22440885b3e08ed7db0a264f840ec23b34509b8b1?s=96&d=mm&r=g","caption":"Rafaela Gon\u00e7alves"},"description":"Jornalista formada pela Universidade Cat\u00f3lica de Bras\u00edlia (UCB), com especializa\u00e7\u00e3o em Economia pela Saint Paul Escola de Neg\u00f3cios e atualmente cursando MBA em Gest\u00e3o Ambiental e Sustentabilidade na Universidade de Uberaba (Uniube). Atua na cobertura pol\u00edtica em Bras\u00edlia desde 2018, com foco em temas de impacto socioambiental e econ\u00f4mico.","url":"https:\/\/newblogs.correiobraziliense.com.br\/ecobraziliense\/author\/rafaelagoncalves\/"}]}},"_links":{"self":[{"href":"https:\/\/newblogs.correiobraziliense.com.br\/ecobraziliense\/wp-json\/wp\/v2\/posts\/182","targetHints":{"allow":["GET"]}}],"collection":[{"href":"https:\/\/newblogs.correiobraziliense.com.br\/ecobraziliense\/wp-json\/wp\/v2\/posts"}],"about":[{"href":"https:\/\/newblogs.correiobraziliense.com.br\/ecobraziliense\/wp-json\/wp\/v2\/types\/post"}],"author":[{"embeddable":true,"href":"https:\/\/newblogs.correiobraziliense.com.br\/ecobraziliense\/wp-json\/wp\/v2\/users\/23"}],"replies":[{"embeddable":true,"href":"https:\/\/newblogs.correiobraziliense.com.br\/ecobraziliense\/wp-json\/wp\/v2\/comments?post=182"}],"version-history":[{"count":4,"href":"https:\/\/newblogs.correiobraziliense.com.br\/ecobraziliense\/wp-json\/wp\/v2\/posts\/182\/revisions"}],"predecessor-version":[{"id":187,"href":"https:\/\/newblogs.correiobraziliense.com.br\/ecobraziliense\/wp-json\/wp\/v2\/posts\/182\/revisions\/187"}],"wp:featuredmedia":[{"embeddable":true,"href":"https:\/\/newblogs.correiobraziliense.com.br\/ecobraziliense\/wp-json\/wp\/v2\/media\/186"}],"wp:attachment":[{"href":"https:\/\/newblogs.correiobraziliense.com.br\/ecobraziliense\/wp-json\/wp\/v2\/media?parent=182"}],"wp:term":[{"taxonomy":"category","embeddable":true,"href":"https:\/\/newblogs.correiobraziliense.com.br\/ecobraziliense\/wp-json\/wp\/v2\/categories?post=182"},{"taxonomy":"post_tag","embeddable":true,"href":"https:\/\/newblogs.correiobraziliense.com.br\/ecobraziliense\/wp-json\/wp\/v2\/tags?post=182"}],"curies":[{"name":"wp","href":"https:\/\/api.w.org\/{rel}","templated":true}]}}