{"id":171,"date":"2025-10-13T16:41:27","date_gmt":"2025-10-13T19:41:27","guid":{"rendered":"https:\/\/newblogs.correiobraziliense.com.br\/ecobraziliense\/?p=171"},"modified":"2025-10-13T16:41:28","modified_gmt":"2025-10-13T19:41:28","slug":"brasil-investe-mais-em-poluentes-do-que-em-protecao-ambiental","status":"publish","type":"post","link":"https:\/\/newblogs.correiobraziliense.com.br\/ecobraziliense\/brasil-investe-mais-em-poluentes-do-que-em-protecao-ambiental\/","title":{"rendered":"Brasil investe mais em poluentes do que em prote\u00e7\u00e3o ambiental"},"content":{"rendered":"\n<p>Um novo relat\u00f3rio da Oxfam Brasil revela que o <a href=\"https:\/\/newblogs.correiobraziliense.com.br\/ecobraziliense\/colonialismo-climatico-molda-a-transicao-energetica-mundial\/\">pa\u00eds ainda falha em proteger ambiental e socialmente suas popula\u00e7\u00f5es mais vulner\u00e1veis<\/a>. O documento \u201cEncruzilhada Clim\u00e1tica \u2013 Um Retrato das Desigualdades Brasileiras\u201d, lan\u00e7ado nesta segunda-feira (13\/10), mostra que apenas 0,34% do or\u00e7amento federal em 2023 foi destinado \u00e0 gest\u00e3o ambiental, enquanto setores poluentes receberam investimentos muito superiores. O resultado \u00e9 um modelo de financiamento clim\u00e1tico que aprofunda desigualdades raciais, de g\u00eanero e territoriais.<\/p>\n\n\n\n<p>Em n\u00fameros concretos, a disparidade \u00e9 grande. A fun\u00e7\u00e3o gest\u00e3o ambiental recebeu menos de R$ 1 a cada R$ 300 do or\u00e7amento federal. Por outro lado, agricultura e transporte, setores com elevado impacto sobre as emiss\u00f5es de carbono, receberam R$ 90,25 bilh\u00f5es e R$ 43,91 bilh\u00f5es, respectivamente. O Fundo Clima, principal mecanismo de fomento \u00e0 mitiga\u00e7\u00e3o e adapta\u00e7\u00e3o, recebeu R$ 10,4 bilh\u00f5es, enquanto o Plano Safra 2024\/2025 contou com R$ 400 bilh\u00f5es.<\/p>\n\n\n\n<p>\u201cEssa escolha or\u00e7ament\u00e1ria revela uma prioridade perversa: privilegia setores que intensificam a crise clim\u00e1tica em detrimento da prote\u00e7\u00e3o das pessoas e territ\u00f3rios em maior vulnerabilidade\u201d, afirma Viviana Santiago, diretora-executiva da Oxfam Brasil.<\/p>\n\n\n\n<p>O relat\u00f3rio destaca que os impactos da crise n\u00e3o s\u00e3o distribu\u00eddos de forma igualit\u00e1ria. Mulheres negras, popula\u00e7\u00f5es do Norte e Nordeste e comunidades tradicionais est\u00e3o entre as mais afetadas.&nbsp;<\/p>\n\n\n\n<p>No aspecto socioecon\u00f4mico, mulheres negras recebem em m\u00e9dia R$ 1.281, menos da metade do rendimento de homens brancos, que \u00e9 de R$ 2.598. Regi\u00f5es historicamente mais pobres concentram tamb\u00e9m os piores indicadores de sa\u00fade, educa\u00e7\u00e3o e infraestrutura, aumentando sua vulnerabilidade a eventos clim\u00e1ticos extremos, como secas e enchentes.<\/p>\n\n\n\n<p>Nas grandes cidades, favelas e periferias, onde 73% da popula\u00e7\u00e3o \u00e9 negra, enfrentam falta de infraestrutura adequada para suportar chuvas intensas ou ondas de calor. \u201cEstamos diante de um racismo ambiental evidente. A crise clim\u00e1tica escancara e aprofunda injusti\u00e7as hist\u00f3ricas. N\u00e3o haver\u00e1 transi\u00e7\u00e3o justa sem enfrentar o racismo, a desigualdade de g\u00eanero e a concentra\u00e7\u00e3o de terras\u201d, afirma Viviana Santiago.<\/p>\n\n\n\n<p>O estudo tamb\u00e9m evidencia lacunas nas pol\u00edticas p\u00fablicas. O Estado ainda reage a desastres com cr\u00e9ditos extraordin\u00e1rios, como os R$ 111,6 bilh\u00f5es destinados \u00e0s enchentes do Rio Grande do Sul em 2024, em vez de investir preventivamente. Apenas 12% dos R$ 185 bilh\u00f5es previstos no Plano Plurianual (PPA) 2024-2027 para a\u00e7\u00f5es clim\u00e1ticas s\u00e3o voltados \u00e0 adapta\u00e7\u00e3o, essencial para proteger comunidades vulner\u00e1veis.<\/p>\n\n\n\n<p><strong>Caminhos para uma transi\u00e7\u00e3o justa<\/strong><\/p>\n\n\n\n<p>A Oxfam defende mudan\u00e7as estruturais no financiamento clim\u00e1tico, incluindo a incorpora\u00e7\u00e3o de recortes de ra\u00e7a, g\u00eanero e territ\u00f3rio em todas as pol\u00edticas; participa\u00e7\u00e3o vinculante de povos ind\u00edgenas, quilombolas e comunidades tradicionais nas decis\u00f5es; direcionamento de recursos para adapta\u00e7\u00e3o nos territ\u00f3rios mais vulner\u00e1veis; e condicionamento do cr\u00e9dito rural \u00e0 ado\u00e7\u00e3o de pr\u00e1ticas sustent\u00e1veis e redu\u00e7\u00e3o de emiss\u00f5es.<\/p>\n\n\n\n<p>Segundo o relat\u00f3rio, sem esses ajustes, o Brasil corre o risco de ampliar desigualdades hist\u00f3ricas e deixar grande parte da popula\u00e7\u00e3o \u00e0 merc\u00ea dos impactos da crise clim\u00e1tica.<\/p>\n","protected":false},"excerpt":{"rendered":"<p>Relat\u00f3rio da Oxfam aponta que o pa\u00eds destina apenas 0,34% do or\u00e7amento \u00e0 gest\u00e3o ambiental, enquanto financia atividades que ampliam a crise clim\u00e1tica<\/p>\n","protected":false},"author":23,"featured_media":93,"comment_status":"closed","ping_status":"open","sticky":false,"template":"","format":"standard","meta":{"_acf_changed":false,"inline_featured_image":false,"footnotes":""},"categories":[2],"tags":[72,25,8,101,102],"class_list":["post-171","post","type-post","status-publish","format-standard","has-post-thumbnail","hentry","category-economia-verde","tag-desigualdade","tag-eco-braziliense","tag-financiamento-climatico","tag-oxfam-brasil","tag-racismo-ambiental"],"acf":[],"yoast_head":"<!-- This site is optimized with the Yoast SEO plugin v27.3 - https:\/\/yoast.com\/product\/yoast-seo-wordpress\/ -->\n<title>Brasil investe mais em poluentes do que em prote\u00e7\u00e3o ambiental | Eco Braziliense<\/title>\n<meta name=\"description\" content=\"Relat\u00f3rio da Oxfam aponta que o pa\u00eds destina apenas 0,34% do or\u00e7amento \u00e0 gest\u00e3o ambiental, enquanto financia atividades que ampliam a crise clim\u00e1tica\" \/>\n<meta name=\"robots\" content=\"index, follow, max-snippet:-1, max-image-preview:large, max-video-preview:-1\" \/>\n<link rel=\"canonical\" href=\"https:\/\/newblogs.correiobraziliense.com.br\/ecobraziliense\/brasil-investe-mais-em-poluentes-do-que-em-protecao-ambiental\/\" \/>\n<meta property=\"og:locale\" content=\"pt_BR\" \/>\n<meta property=\"og:type\" content=\"article\" \/>\n<meta property=\"og:title\" content=\"Brasil investe mais em poluentes do que em prote\u00e7\u00e3o ambiental | Eco Braziliense\" \/>\n<meta property=\"og:description\" content=\"Relat\u00f3rio da Oxfam aponta que o pa\u00eds destina apenas 0,34% do or\u00e7amento \u00e0 gest\u00e3o ambiental, enquanto financia atividades que ampliam a crise clim\u00e1tica\" \/>\n<meta property=\"og:url\" content=\"https:\/\/newblogs.correiobraziliense.com.br\/ecobraziliense\/brasil-investe-mais-em-poluentes-do-que-em-protecao-ambiental\/\" \/>\n<meta property=\"og:site_name\" content=\"Eco Braziliense\" \/>\n<meta property=\"article:published_time\" content=\"2025-10-13T19:41:27+00:00\" \/>\n<meta property=\"article:modified_time\" content=\"2025-10-13T19:41:28+00:00\" \/>\n<meta property=\"og:image\" content=\"https:\/\/newblogs.correiobraziliense.com.br\/ecobraziliense\/wp-content\/uploads\/sites\/7\/2025\/09\/money-2724241-1920_050620202541-710x473-1.jpg\" \/>\n\t<meta property=\"og:image:width\" content=\"710\" \/>\n\t<meta property=\"og:image:height\" content=\"473\" \/>\n\t<meta property=\"og:image:type\" content=\"image\/jpeg\" \/>\n<meta name=\"author\" content=\"Rafaela Gon\u00e7alves\" \/>\n<!-- \/ Yoast SEO plugin. -->","yoast_head_json":{"title":"Brasil investe mais em poluentes do que em prote\u00e7\u00e3o ambiental | Eco Braziliense","description":"Relat\u00f3rio da Oxfam aponta que o pa\u00eds destina apenas 0,34% do or\u00e7amento \u00e0 gest\u00e3o ambiental, enquanto financia atividades que ampliam a crise clim\u00e1tica","robots":{"index":"index","follow":"follow","max-snippet":"max-snippet:-1","max-image-preview":"max-image-preview:large","max-video-preview":"max-video-preview:-1"},"canonical":"https:\/\/newblogs.correiobraziliense.com.br\/ecobraziliense\/brasil-investe-mais-em-poluentes-do-que-em-protecao-ambiental\/","og_locale":"pt_BR","og_type":"article","og_title":"Brasil investe mais em poluentes do que em prote\u00e7\u00e3o ambiental | Eco Braziliense","og_description":"Relat\u00f3rio da Oxfam aponta que o pa\u00eds destina apenas 0,34% do or\u00e7amento \u00e0 gest\u00e3o ambiental, enquanto financia atividades que ampliam a crise clim\u00e1tica","og_url":"https:\/\/newblogs.correiobraziliense.com.br\/ecobraziliense\/brasil-investe-mais-em-poluentes-do-que-em-protecao-ambiental\/","og_site_name":"Eco Braziliense","article_published_time":"2025-10-13T19:41:27+00:00","article_modified_time":"2025-10-13T19:41:28+00:00","og_image":[{"width":710,"height":473,"url":"https:\/\/newblogs.correiobraziliense.com.br\/ecobraziliense\/wp-content\/uploads\/sites\/7\/2025\/09\/money-2724241-1920_050620202541-710x473-1.jpg","type":"image\/jpeg"}],"author":"Rafaela Gon\u00e7alves","schema":{"@context":"https:\/\/schema.org","@graph":[{"@type":"NewsArticle","@id":"https:\/\/newblogs.correiobraziliense.com.br\/ecobraziliense\/brasil-investe-mais-em-poluentes-do-que-em-protecao-ambiental\/#article","isPartOf":{"@id":"https:\/\/newblogs.correiobraziliense.com.br\/ecobraziliense\/brasil-investe-mais-em-poluentes-do-que-em-protecao-ambiental\/"},"author":{"name":"Rafaela Gon\u00e7alves","@id":"https:\/\/newblogs.correiobraziliense.com.br\/ecobraziliense\/#\/schema\/person\/2cae9fb7496bd90af27178d00e4f6683"},"headline":"Brasil investe mais em poluentes do que em prote\u00e7\u00e3o ambiental","datePublished":"2025-10-13T19:41:27+00:00","dateModified":"2025-10-13T19:41:28+00:00","mainEntityOfPage":{"@id":"https:\/\/newblogs.correiobraziliense.com.br\/ecobraziliense\/brasil-investe-mais-em-poluentes-do-que-em-protecao-ambiental\/"},"wordCount":532,"publisher":{"@id":"https:\/\/newblogs.correiobraziliense.com.br\/ecobraziliense\/#organization"},"image":{"@id":"https:\/\/newblogs.correiobraziliense.com.br\/ecobraziliense\/brasil-investe-mais-em-poluentes-do-que-em-protecao-ambiental\/#primaryimage"},"thumbnailUrl":"https:\/\/newblogs.correiobraziliense.com.br\/ecobraziliense\/wp-content\/uploads\/sites\/7\/2025\/09\/money-2724241-1920_050620202541-710x473-1.jpg","keywords":["desigualdade","Eco Braziliense","financiamento clim\u00e1tico","Oxfam Brasil","racismo ambiental"],"articleSection":["Economia verde"],"inLanguage":"pt-BR"},{"@type":"WebPage","@id":"https:\/\/newblogs.correiobraziliense.com.br\/ecobraziliense\/brasil-investe-mais-em-poluentes-do-que-em-protecao-ambiental\/","url":"https:\/\/newblogs.correiobraziliense.com.br\/ecobraziliense\/brasil-investe-mais-em-poluentes-do-que-em-protecao-ambiental\/","name":"Brasil investe mais em poluentes do que em prote\u00e7\u00e3o ambiental | Eco Braziliense","isPartOf":{"@id":"https:\/\/newblogs.correiobraziliense.com.br\/ecobraziliense\/#website"},"primaryImageOfPage":{"@id":"https:\/\/newblogs.correiobraziliense.com.br\/ecobraziliense\/brasil-investe-mais-em-poluentes-do-que-em-protecao-ambiental\/#primaryimage"},"image":{"@id":"https:\/\/newblogs.correiobraziliense.com.br\/ecobraziliense\/brasil-investe-mais-em-poluentes-do-que-em-protecao-ambiental\/#primaryimage"},"thumbnailUrl":"https:\/\/newblogs.correiobraziliense.com.br\/ecobraziliense\/wp-content\/uploads\/sites\/7\/2025\/09\/money-2724241-1920_050620202541-710x473-1.jpg","datePublished":"2025-10-13T19:41:27+00:00","dateModified":"2025-10-13T19:41:28+00:00","description":"Relat\u00f3rio da Oxfam aponta que o pa\u00eds destina apenas 0,34% do or\u00e7amento \u00e0 gest\u00e3o ambiental, enquanto financia atividades que ampliam a crise clim\u00e1tica","breadcrumb":{"@id":"https:\/\/newblogs.correiobraziliense.com.br\/ecobraziliense\/brasil-investe-mais-em-poluentes-do-que-em-protecao-ambiental\/#breadcrumb"},"inLanguage":"pt-BR","potentialAction":[{"@type":"ReadAction","target":["https:\/\/newblogs.correiobraziliense.com.br\/ecobraziliense\/brasil-investe-mais-em-poluentes-do-que-em-protecao-ambiental\/"]}]},{"@type":"ImageObject","inLanguage":"pt-BR","@id":"https:\/\/newblogs.correiobraziliense.com.br\/ecobraziliense\/brasil-investe-mais-em-poluentes-do-que-em-protecao-ambiental\/#primaryimage","url":"https:\/\/newblogs.correiobraziliense.com.br\/ecobraziliense\/wp-content\/uploads\/sites\/7\/2025\/09\/money-2724241-1920_050620202541-710x473-1.jpg","contentUrl":"https:\/\/newblogs.correiobraziliense.com.br\/ecobraziliense\/wp-content\/uploads\/sites\/7\/2025\/09\/money-2724241-1920_050620202541-710x473-1.jpg","width":710,"height":473,"caption":"Em julho de 2025, fundos IS somaram R$ 36,8 bi, alta de 89% em 12 meses. Foto: Pixabay"},{"@type":"BreadcrumbList","@id":"https:\/\/newblogs.correiobraziliense.com.br\/ecobraziliense\/brasil-investe-mais-em-poluentes-do-que-em-protecao-ambiental\/#breadcrumb","itemListElement":[{"@type":"ListItem","position":1,"name":"In\u00edcio","item":"https:\/\/newblogs.correiobraziliense.com.br\/ecobraziliense\/"},{"@type":"ListItem","position":2,"name":"Economia verde","item":"https:\/\/newblogs.correiobraziliense.com.br\/ecobraziliense\/economia-verde\/"},{"@type":"ListItem","position":3,"name":"Brasil investe mais em poluentes do que em prote\u00e7\u00e3o ambiental"}]},{"@type":"WebSite","@id":"https:\/\/newblogs.correiobraziliense.com.br\/ecobraziliense\/#website","url":"https:\/\/newblogs.correiobraziliense.com.br\/ecobraziliense\/","name":"Eco Braziliense","description":"Espa\u00e7o dedicado \u00e0 cobertura da transi\u00e7\u00e3o ecol\u00f3gica no Brasil e no mundo. Reportagens, an\u00e1lises e entrevistas sobre economia verde, transi\u00e7\u00e3o energ\u00e9tica e neg\u00f3cios sustent\u00e1veis.","publisher":{"@id":"https:\/\/newblogs.correiobraziliense.com.br\/ecobraziliense\/#organization"},"potentialAction":[{"@type":"SearchAction","target":{"@type":"EntryPoint","urlTemplate":"https:\/\/newblogs.correiobraziliense.com.br\/ecobraziliense\/?s={search_term_string}"},"query-input":{"@type":"PropertyValueSpecification","valueRequired":true,"valueName":"search_term_string"}}],"inLanguage":"pt-BR"},{"@type":"Organization","@id":"https:\/\/newblogs.correiobraziliense.com.br\/ecobraziliense\/#organization","name":"Correio Braziliense","url":"https:\/\/newblogs.correiobraziliense.com.br\/ecobraziliense\/","logo":{"@type":"ImageObject","inLanguage":"pt-BR","@id":"https:\/\/newblogs.correiobraziliense.com.br\/ecobraziliense\/#\/schema\/logo\/image\/","url":"https:\/\/newblogs.correiobraziliense.com.br\/ecobraziliense\/wp-content\/uploads\/sites\/7\/2025\/08\/cropped-1.png","contentUrl":"https:\/\/newblogs.correiobraziliense.com.br\/ecobraziliense\/wp-content\/uploads\/sites\/7\/2025\/08\/cropped-1.png","width":1000,"height":250,"caption":"Correio Braziliense"},"image":{"@id":"https:\/\/newblogs.correiobraziliense.com.br\/ecobraziliense\/#\/schema\/logo\/image\/"}},{"@type":"Person","@id":"https:\/\/newblogs.correiobraziliense.com.br\/ecobraziliense\/#\/schema\/person\/2cae9fb7496bd90af27178d00e4f6683","name":"Rafaela Gon\u00e7alves","image":{"@type":"ImageObject","inLanguage":"pt-BR","@id":"https:\/\/secure.gravatar.com\/avatar\/576f01ed42806765a18f53a22440885b3e08ed7db0a264f840ec23b34509b8b1?s=96&d=mm&r=g","url":"https:\/\/secure.gravatar.com\/avatar\/576f01ed42806765a18f53a22440885b3e08ed7db0a264f840ec23b34509b8b1?s=96&d=mm&r=g","contentUrl":"https:\/\/secure.gravatar.com\/avatar\/576f01ed42806765a18f53a22440885b3e08ed7db0a264f840ec23b34509b8b1?s=96&d=mm&r=g","caption":"Rafaela Gon\u00e7alves"},"description":"Jornalista formada pela Universidade Cat\u00f3lica de Bras\u00edlia (UCB), com especializa\u00e7\u00e3o em Economia pela Saint Paul Escola de Neg\u00f3cios e atualmente cursando MBA em Gest\u00e3o Ambiental e Sustentabilidade na Universidade de Uberaba (Uniube). Atua na cobertura pol\u00edtica em Bras\u00edlia desde 2018, com foco em temas de impacto socioambiental e econ\u00f4mico.","url":"https:\/\/newblogs.correiobraziliense.com.br\/ecobraziliense\/author\/rafaelagoncalves\/"}]}},"_links":{"self":[{"href":"https:\/\/newblogs.correiobraziliense.com.br\/ecobraziliense\/wp-json\/wp\/v2\/posts\/171","targetHints":{"allow":["GET"]}}],"collection":[{"href":"https:\/\/newblogs.correiobraziliense.com.br\/ecobraziliense\/wp-json\/wp\/v2\/posts"}],"about":[{"href":"https:\/\/newblogs.correiobraziliense.com.br\/ecobraziliense\/wp-json\/wp\/v2\/types\/post"}],"author":[{"embeddable":true,"href":"https:\/\/newblogs.correiobraziliense.com.br\/ecobraziliense\/wp-json\/wp\/v2\/users\/23"}],"replies":[{"embeddable":true,"href":"https:\/\/newblogs.correiobraziliense.com.br\/ecobraziliense\/wp-json\/wp\/v2\/comments?post=171"}],"version-history":[{"count":2,"href":"https:\/\/newblogs.correiobraziliense.com.br\/ecobraziliense\/wp-json\/wp\/v2\/posts\/171\/revisions"}],"predecessor-version":[{"id":174,"href":"https:\/\/newblogs.correiobraziliense.com.br\/ecobraziliense\/wp-json\/wp\/v2\/posts\/171\/revisions\/174"}],"wp:featuredmedia":[{"embeddable":true,"href":"https:\/\/newblogs.correiobraziliense.com.br\/ecobraziliense\/wp-json\/wp\/v2\/media\/93"}],"wp:attachment":[{"href":"https:\/\/newblogs.correiobraziliense.com.br\/ecobraziliense\/wp-json\/wp\/v2\/media?parent=171"}],"wp:term":[{"taxonomy":"category","embeddable":true,"href":"https:\/\/newblogs.correiobraziliense.com.br\/ecobraziliense\/wp-json\/wp\/v2\/categories?post=171"},{"taxonomy":"post_tag","embeddable":true,"href":"https:\/\/newblogs.correiobraziliense.com.br\/ecobraziliense\/wp-json\/wp\/v2\/tags?post=171"}],"curies":[{"name":"wp","href":"https:\/\/api.w.org\/{rel}","templated":true}]}}